{"id":12447,"date":"2024-05-24T15:40:34","date_gmt":"2024-05-24T18:40:34","guid":{"rendered":"https:\/\/sulsc.com\/?p=12447"},"modified":"2024-05-24T15:43:08","modified_gmt":"2024-05-24T18:43:08","slug":"pesquisa-nacional-aponta-que-sc-reduziu-em-86-o-desmatamento-da-mata-atlantica","status":"publish","type":"post","link":"https:\/\/sulsc.com\/index.php\/2024\/05\/24\/pesquisa-nacional-aponta-que-sc-reduziu-em-86-o-desmatamento-da-mata-atlantica\/","title":{"rendered":"Pesquisa nacional aponta que SC reduziu em 86% o desmatamento da Mata Atl\u00e2ntica"},"content":{"rendered":"<p>O desmatamento do bioma em Santa Catarina apresentou queda de 86%, percentual mais expressivo do que o registrado em todo o Brasil que foi de 27%. A informa\u00e7\u00e3o foi divulgada no Atlas da Mata Atl\u00e2ntica, coordenado pela Funda\u00e7\u00e3o SOS Mata Atl\u00e2ntica, pelo Instituto Nacional de Pesquisas Espaciais (INPE), e pelo Sistema de Alertas de Desmatamento (SAD) Mata Atl\u00e2ntica, em parceria entre a SOS Mata Atl\u00e2ntica e o MapBiomas,<\/p>\n<p>Segundo a pesquisa, Santa Catarina foi o estado que mais reduziu o desmatamento da Mata Atl\u00e2ntica entre 2022 e 2023, seguido pelos estados do Paran\u00e1 e Minas Gerais com com 78% e 57%, respectivamente. \u201cSanta Catarina \u00e9 um estado diferenciado. Nosso povo sabe a import\u00e2ncia de preservar as nossas riquezas naturais. O Meio Ambiente \u00e9 mais uma \u00e1rea em que o trabalho dos catarinenses se destaca, assim como acontece no nosso agroneg\u00f3cio, no com\u00e9rcio exterior e na produ\u00e7\u00e3o das nossas ind\u00fastrias. Atuamos com um equil\u00edbrio que garante o desenvolvimento sustent\u00e1vel\u201d, disse o governador Jorginho Mello.<\/p>\n<p>Esses dois principais mecanismos de monitoramento da Mata Atl\u00e2ntica trazem boas not\u00edcias para o meio ambiente no estado em pleno m\u00eas de celebra\u00e7\u00e3o do Dia Nacional da Mata Atl\u00e2ntica, que ser\u00e1 comemorado na segunda-feira (27). Para a presidente do IMA, Sheila Meirelles, os n\u00fameros conquistados est\u00e3o ligados \u00e0 intensifica\u00e7\u00e3o das fiscaliza\u00e7\u00f5es e investimentos em tecnologias de alto padr\u00e3o como o Sistema Integrado de Monitoramento e Alertas de Desmatamento (Simad), desenvolvido pelos t\u00e9cnicos do Instituto para auxiliar na fiscaliza\u00e7\u00e3o.<\/p>\n<p>\u201cO fato da fiscaliza\u00e7\u00e3o estar mais efetiva em Santa Catarina contribui para esse resultado expressivo em rela\u00e7\u00e3o a preserva\u00e7\u00e3o da Mata Atl\u00e2ntica em nosso territ\u00f3rio, e o Simad, um dos programas mais inovadores do pa\u00eds, tem contribu\u00eddo atrav\u00e9s dos seus alertas para que o servi\u00e7o de fiscaliza\u00e7\u00e3o possa combater de forma efetiva os crimes de desmatamento ilegal no estado\u201d, enfatiza Sheila.<\/p>\n<p><img fetchpriority=\"high\" decoding=\"async\" class=\"alignnone size-full wp-image-12448\" src=\"http:\/\/sulsc.com\/wp-content\/uploads\/2024\/05\/Pesquisa-nacional-aponta-que-Estado-de-Santa-Catarina-reduziu-em-86-o-desmatamento-da-Mata-Atlantica.jpg\" alt=\"\" width=\"1212\" height=\"919\" srcset=\"https:\/\/sulsc.com\/wp-content\/uploads\/2024\/05\/Pesquisa-nacional-aponta-que-Estado-de-Santa-Catarina-reduziu-em-86-o-desmatamento-da-Mata-Atlantica.jpg 1212w, https:\/\/sulsc.com\/wp-content\/uploads\/2024\/05\/Pesquisa-nacional-aponta-que-Estado-de-Santa-Catarina-reduziu-em-86-o-desmatamento-da-Mata-Atlantica-300x227.jpg 300w, https:\/\/sulsc.com\/wp-content\/uploads\/2024\/05\/Pesquisa-nacional-aponta-que-Estado-de-Santa-Catarina-reduziu-em-86-o-desmatamento-da-Mata-Atlantica-1024x776.jpg 1024w, https:\/\/sulsc.com\/wp-content\/uploads\/2024\/05\/Pesquisa-nacional-aponta-que-Estado-de-Santa-Catarina-reduziu-em-86-o-desmatamento-da-Mata-Atlantica-768x582.jpg 768w\" sizes=\"(max-width: 1212px) 100vw, 1212px\" \/><\/p>\n<p>O Simad utiliza imagens de sat\u00e9lite para comparar locais em diferentes per\u00edodos, mostrando o hist\u00f3rico da vegeta\u00e7\u00e3o. Se h\u00e1 supress\u00e3o de vegeta\u00e7\u00e3o, por exemplo, o pr\u00f3prio sistema verifica se aquela supress\u00e3o possui autoriza\u00e7\u00e3o de corte ou se foi clandestina.\u00a0O sistema identifica, por meio de imagens orbitais de alta resolu\u00e7\u00e3o, a diferen\u00e7a de cobertura vegetal ocorrida de forma peri\u00f3dica em todo territ\u00f3rio catarinense.<\/p>\n<p>S\u00e3o avaliados mosaicos com at\u00e9 4,7 cent\u00edmetros de resolu\u00e7\u00e3o espacial disponibilizados pelo programa NICFI, em parceria com ao governo da Noruega. O alerta \u00e9 gerado por meio de programas computacionais de c\u00f3digo aberto e portanto sem custos para o Estado. S\u00e3o analisados se houve autoriza\u00e7\u00e3o para supress\u00e3o incluindo informa\u00e7\u00f5es de responsabilidade do IMA e as disponibilizadas pelo SINAFLOR por meio do IBAMA, al\u00e9m de outras informa\u00e7\u00f5es da \u00e1rea, como hist\u00f3rico de uso do solo, informa\u00e7\u00f5es do Cadastro Ambiental Rural, entre outros.<\/p>\n<p>\u201cNosso estado possui 38% de floresta nativa do Bioma Mata Atl\u00e2ntica, um ativo ambiental valios\u00edssimo do ponto de vista de biodiversidade e servi\u00e7os ecossist\u00eamicos. Sua prote\u00e7\u00e3o \u00e9 meta para o governo do Estado, e por isso h\u00e1 tantos investimentos em ferramentas tecnol\u00f3gicas que nos trazem informa\u00e7\u00f5es que baseiam as tomadas de decis\u00f5es e formula\u00e7\u00e3o de pol\u00edticas p\u00fablicas de conserva\u00e7\u00e3o e uso sustent\u00e1vel das florestas. S\u00f3 preservamos aquilo que conhecemos, ent\u00e3o, a gera\u00e7\u00e3o de informa\u00e7\u00f5es \u00e9 fato primordial na conserva\u00e7\u00e3o do Bioma Mata Atl\u00e2ntica em SC\u201d, afirma o secret\u00e1rio de Meio Ambiente e Economia Verde, Ricardo Guidi.<\/p>\n","protected":false},"excerpt":{"rendered":"<p>O desmatamento do bioma em Santa Catarina apresentou queda de 86%, percentual mais expressivo do que o registrado em todo o Brasil que foi de 27%. A informa\u00e7\u00e3o foi divulgada no Atlas da Mata Atl\u00e2ntica, coordenado pela Funda\u00e7\u00e3o SOS Mata Atl\u00e2ntica, pelo Instituto Nacional de Pesquisas Espaciais (INPE), e pelo Sistema de Alertas de Desmatamento &hellip;<\/p>\n<p class=\"read-more\"> <a class=\"\" href=\"https:\/\/sulsc.com\/index.php\/2024\/05\/24\/pesquisa-nacional-aponta-que-sc-reduziu-em-86-o-desmatamento-da-mata-atlantica\/\"> <span class=\"screen-reader-text\">Pesquisa nacional aponta que SC reduziu em 86% o desmatamento da Mata Atl\u00e2ntica<\/span> Read More &raquo;<\/a><\/p>\n","protected":false},"author":3,"featured_media":12448,"comment_status":"open","ping_status":"open","sticky":false,"template":"","format":"standard","meta":{"site-sidebar-layout":"default","site-content-layout":"","ast-site-content-layout":"default","site-content-style":"default","site-sidebar-style":"default","ast-global-header-display":"","ast-banner-title-visibility":"","ast-main-header-display":"","ast-hfb-above-header-display":"","ast-hfb-below-header-display":"","ast-hfb-mobile-header-display":"","site-post-title":"","ast-breadcrumbs-content":"","ast-featured-img":"","footer-sml-layout":"","theme-transparent-header-meta":"default","adv-header-id-meta":"","stick-header-meta":"","header-above-stick-meta":"","header-main-stick-meta":"","header-below-stick-meta":"","astra-migrate-meta-layouts":"set","footnotes":""},"categories":[17],"tags":[1878,753,80],"yoast_head":"<!-- This site is optimized with the Yoast SEO plugin v21.4 - https:\/\/yoast.com\/wordpress\/plugins\/seo\/ -->\n<title>Pesquisa nacional aponta que SC reduziu em 86% o desmatamento da Mata Atl\u00e2ntica -<\/title>\n<meta name=\"robots\" content=\"index, follow, max-snippet:-1, max-image-preview:large, max-video-preview:-1\" \/>\n<link rel=\"canonical\" href=\"https:\/\/sulsc.com\/index.php\/2024\/05\/24\/pesquisa-nacional-aponta-que-sc-reduziu-em-86-o-desmatamento-da-mata-atlantica\/\" \/>\n<meta property=\"og:locale\" content=\"en_US\" \/>\n<meta property=\"og:type\" content=\"article\" \/>\n<meta property=\"og:title\" content=\"Pesquisa nacional aponta que SC reduziu em 86% o desmatamento da Mata Atl\u00e2ntica -\" \/>\n<meta property=\"og:description\" content=\"O desmatamento do bioma em Santa Catarina apresentou queda de 86%, percentual mais expressivo do que o registrado em todo o Brasil que foi de 27%. A informa\u00e7\u00e3o foi divulgada no Atlas da Mata Atl\u00e2ntica, coordenado pela Funda\u00e7\u00e3o SOS Mata Atl\u00e2ntica, pelo Instituto Nacional de Pesquisas Espaciais (INPE), e pelo Sistema de Alertas de Desmatamento &hellip; Pesquisa nacional aponta que SC reduziu em 86% o desmatamento da Mata Atl\u00e2ntica Read More &raquo;\" \/>\n<meta property=\"og:url\" content=\"https:\/\/sulsc.com\/index.php\/2024\/05\/24\/pesquisa-nacional-aponta-que-sc-reduziu-em-86-o-desmatamento-da-mata-atlantica\/\" \/>\n<meta property=\"article:author\" content=\"https:\/\/www.facebook.com\/profile.php?id=61559278119680\" \/>\n<meta property=\"article:published_time\" content=\"2024-05-24T18:40:34+00:00\" \/>\n<meta property=\"article:modified_time\" content=\"2024-05-24T18:43:08+00:00\" \/>\n<meta property=\"og:image\" content=\"http:\/\/sulsc.com\/wp-content\/uploads\/2024\/05\/Pesquisa-nacional-aponta-que-Estado-de-Santa-Catarina-reduziu-em-86-o-desmatamento-da-Mata-Atlantica.jpg\" \/>\n\t<meta property=\"og:image:width\" content=\"1212\" \/>\n\t<meta property=\"og:image:height\" content=\"919\" \/>\n\t<meta property=\"og:image:type\" content=\"image\/jpeg\" \/>\n<meta name=\"author\" content=\"Reda\u00e7\u00e3o Sul SC\" \/>\n<meta name=\"twitter:card\" content=\"summary_large_image\" \/>\n<meta name=\"twitter:creator\" content=\"@https:\/\/twitter.com\/PortalSulSC\" \/>\n<meta name=\"twitter:label1\" content=\"Written by\" \/>\n\t<meta name=\"twitter:data1\" content=\"Reda\u00e7\u00e3o Sul SC\" \/>\n\t<meta name=\"twitter:label2\" content=\"Est. reading time\" \/>\n\t<meta name=\"twitter:data2\" content=\"3 minutes\" \/>\n<script type=\"application\/ld+json\" class=\"yoast-schema-graph\">{\"@context\":\"https:\/\/schema.org\",\"@graph\":[{\"@type\":\"WebPage\",\"@id\":\"https:\/\/sulsc.com\/index.php\/2024\/05\/24\/pesquisa-nacional-aponta-que-sc-reduziu-em-86-o-desmatamento-da-mata-atlantica\/\",\"url\":\"https:\/\/sulsc.com\/index.php\/2024\/05\/24\/pesquisa-nacional-aponta-que-sc-reduziu-em-86-o-desmatamento-da-mata-atlantica\/\",\"name\":\"Pesquisa nacional aponta que SC reduziu em 86% o desmatamento da Mata Atl\u00e2ntica -\",\"isPartOf\":{\"@id\":\"https:\/\/sulsc.com\/#website\"},\"datePublished\":\"2024-05-24T18:40:34+00:00\",\"dateModified\":\"2024-05-24T18:43:08+00:00\",\"author\":{\"@id\":\"https:\/\/sulsc.com\/#\/schema\/person\/84d2fc571684f6248ba83092f07750a3\"},\"breadcrumb\":{\"@id\":\"https:\/\/sulsc.com\/index.php\/2024\/05\/24\/pesquisa-nacional-aponta-que-sc-reduziu-em-86-o-desmatamento-da-mata-atlantica\/#breadcrumb\"},\"inLanguage\":\"en-US\",\"potentialAction\":[{\"@type\":\"ReadAction\",\"target\":[\"https:\/\/sulsc.com\/index.php\/2024\/05\/24\/pesquisa-nacional-aponta-que-sc-reduziu-em-86-o-desmatamento-da-mata-atlantica\/\"]}]},{\"@type\":\"BreadcrumbList\",\"@id\":\"https:\/\/sulsc.com\/index.php\/2024\/05\/24\/pesquisa-nacional-aponta-que-sc-reduziu-em-86-o-desmatamento-da-mata-atlantica\/#breadcrumb\",\"itemListElement\":[{\"@type\":\"ListItem\",\"position\":1,\"name\":\"In\u00edcio\",\"item\":\"https:\/\/sulsc.com\/\"},{\"@type\":\"ListItem\",\"position\":2,\"name\":\"Pesquisa nacional aponta que SC reduziu em 86% o desmatamento da Mata Atl\u00e2ntica\"}]},{\"@type\":\"WebSite\",\"@id\":\"https:\/\/sulsc.com\/#website\",\"url\":\"https:\/\/sulsc.com\/\",\"name\":\"\",\"description\":\"\",\"potentialAction\":[{\"@type\":\"SearchAction\",\"target\":{\"@type\":\"EntryPoint\",\"urlTemplate\":\"https:\/\/sulsc.com\/?s={search_term_string}\"},\"query-input\":\"required name=search_term_string\"}],\"inLanguage\":\"en-US\"},{\"@type\":\"Person\",\"@id\":\"https:\/\/sulsc.com\/#\/schema\/person\/84d2fc571684f6248ba83092f07750a3\",\"name\":\"Reda\u00e7\u00e3o Sul SC\",\"image\":{\"@type\":\"ImageObject\",\"inLanguage\":\"en-US\",\"@id\":\"https:\/\/sulsc.com\/#\/schema\/person\/image\/e08d7fe2cc4ed596372063bbe852b8d0\",\"url\":\"https:\/\/sulsc.com\/wp-content\/uploads\/2023\/09\/redacao.png\",\"contentUrl\":\"https:\/\/sulsc.com\/wp-content\/uploads\/2023\/09\/redacao.png\",\"caption\":\"Reda\u00e7\u00e3o Sul SC\"},\"description\":\"Foco em um jornalismo imparcial, voltado \u00e0 qualidade dos seus conte\u00fados e, assim, levar informa\u00e7\u00e3o de valor que agregue \u00e0 vida dos leitores. Esta \u00e9 grande miss\u00e3o do Portal de Not\u00edcias Sul SC. N\u00e3o \u00e9 quantidade que muda o mundo, sempre foi e seguir\u00e1 sendo qualidade!\",\"sameAs\":[\"https:\/\/sulsc.com\/\",\"https:\/\/www.facebook.com\/profile.php?id=61559278119680\",\"https:\/\/www.instagram.com\/sulscportal\/?hl=pt-br\",\"https:\/\/twitter.com\/https:\/\/twitter.com\/PortalSulSC\",\"https:\/\/www.youtube.com\/channel\/UCv_BE8GeySluDov2n8qhVmw\"],\"url\":\"https:\/\/sulsc.com\/index.php\/author\/redacao\/\"}]}<\/script>\n<!-- \/ Yoast SEO plugin. -->","yoast_head_json":{"title":"Pesquisa nacional aponta que SC reduziu em 86% o desmatamento da Mata Atl\u00e2ntica -","robots":{"index":"index","follow":"follow","max-snippet":"max-snippet:-1","max-image-preview":"max-image-preview:large","max-video-preview":"max-video-preview:-1"},"canonical":"https:\/\/sulsc.com\/index.php\/2024\/05\/24\/pesquisa-nacional-aponta-que-sc-reduziu-em-86-o-desmatamento-da-mata-atlantica\/","og_locale":"en_US","og_type":"article","og_title":"Pesquisa nacional aponta que SC reduziu em 86% o desmatamento da Mata Atl\u00e2ntica -","og_description":"O desmatamento do bioma em Santa Catarina apresentou queda de 86%, percentual mais expressivo do que o registrado em todo o Brasil que foi de 27%. A informa\u00e7\u00e3o foi divulgada no Atlas da Mata Atl\u00e2ntica, coordenado pela Funda\u00e7\u00e3o SOS Mata Atl\u00e2ntica, pelo Instituto Nacional de Pesquisas Espaciais (INPE), e pelo Sistema de Alertas de Desmatamento &hellip; Pesquisa nacional aponta que SC reduziu em 86% o desmatamento da Mata Atl\u00e2ntica Read More &raquo;","og_url":"https:\/\/sulsc.com\/index.php\/2024\/05\/24\/pesquisa-nacional-aponta-que-sc-reduziu-em-86-o-desmatamento-da-mata-atlantica\/","article_author":"https:\/\/www.facebook.com\/profile.php?id=61559278119680","article_published_time":"2024-05-24T18:40:34+00:00","article_modified_time":"2024-05-24T18:43:08+00:00","og_image":[{"width":1212,"height":919,"url":"http:\/\/sulsc.com\/wp-content\/uploads\/2024\/05\/Pesquisa-nacional-aponta-que-Estado-de-Santa-Catarina-reduziu-em-86-o-desmatamento-da-Mata-Atlantica.jpg","type":"image\/jpeg"}],"author":"Reda\u00e7\u00e3o Sul SC","twitter_card":"summary_large_image","twitter_creator":"@https:\/\/twitter.com\/PortalSulSC","twitter_misc":{"Written by":"Reda\u00e7\u00e3o Sul SC","Est. reading time":"3 minutes"},"schema":{"@context":"https:\/\/schema.org","@graph":[{"@type":"WebPage","@id":"https:\/\/sulsc.com\/index.php\/2024\/05\/24\/pesquisa-nacional-aponta-que-sc-reduziu-em-86-o-desmatamento-da-mata-atlantica\/","url":"https:\/\/sulsc.com\/index.php\/2024\/05\/24\/pesquisa-nacional-aponta-que-sc-reduziu-em-86-o-desmatamento-da-mata-atlantica\/","name":"Pesquisa nacional aponta que SC reduziu em 86% o desmatamento da Mata Atl\u00e2ntica -","isPartOf":{"@id":"https:\/\/sulsc.com\/#website"},"datePublished":"2024-05-24T18:40:34+00:00","dateModified":"2024-05-24T18:43:08+00:00","author":{"@id":"https:\/\/sulsc.com\/#\/schema\/person\/84d2fc571684f6248ba83092f07750a3"},"breadcrumb":{"@id":"https:\/\/sulsc.com\/index.php\/2024\/05\/24\/pesquisa-nacional-aponta-que-sc-reduziu-em-86-o-desmatamento-da-mata-atlantica\/#breadcrumb"},"inLanguage":"en-US","potentialAction":[{"@type":"ReadAction","target":["https:\/\/sulsc.com\/index.php\/2024\/05\/24\/pesquisa-nacional-aponta-que-sc-reduziu-em-86-o-desmatamento-da-mata-atlantica\/"]}]},{"@type":"BreadcrumbList","@id":"https:\/\/sulsc.com\/index.php\/2024\/05\/24\/pesquisa-nacional-aponta-que-sc-reduziu-em-86-o-desmatamento-da-mata-atlantica\/#breadcrumb","itemListElement":[{"@type":"ListItem","position":1,"name":"In\u00edcio","item":"https:\/\/sulsc.com\/"},{"@type":"ListItem","position":2,"name":"Pesquisa nacional aponta que SC reduziu em 86% o desmatamento da Mata Atl\u00e2ntica"}]},{"@type":"WebSite","@id":"https:\/\/sulsc.com\/#website","url":"https:\/\/sulsc.com\/","name":"","description":"","potentialAction":[{"@type":"SearchAction","target":{"@type":"EntryPoint","urlTemplate":"https:\/\/sulsc.com\/?s={search_term_string}"},"query-input":"required name=search_term_string"}],"inLanguage":"en-US"},{"@type":"Person","@id":"https:\/\/sulsc.com\/#\/schema\/person\/84d2fc571684f6248ba83092f07750a3","name":"Reda\u00e7\u00e3o Sul SC","image":{"@type":"ImageObject","inLanguage":"en-US","@id":"https:\/\/sulsc.com\/#\/schema\/person\/image\/e08d7fe2cc4ed596372063bbe852b8d0","url":"https:\/\/sulsc.com\/wp-content\/uploads\/2023\/09\/redacao.png","contentUrl":"https:\/\/sulsc.com\/wp-content\/uploads\/2023\/09\/redacao.png","caption":"Reda\u00e7\u00e3o Sul SC"},"description":"Foco em um jornalismo imparcial, voltado \u00e0 qualidade dos seus conte\u00fados e, assim, levar informa\u00e7\u00e3o de valor que agregue \u00e0 vida dos leitores. Esta \u00e9 grande miss\u00e3o do Portal de Not\u00edcias Sul SC. N\u00e3o \u00e9 quantidade que muda o mundo, sempre foi e seguir\u00e1 sendo qualidade!","sameAs":["https:\/\/sulsc.com\/","https:\/\/www.facebook.com\/profile.php?id=61559278119680","https:\/\/www.instagram.com\/sulscportal\/?hl=pt-br","https:\/\/twitter.com\/https:\/\/twitter.com\/PortalSulSC","https:\/\/www.youtube.com\/channel\/UCv_BE8GeySluDov2n8qhVmw"],"url":"https:\/\/sulsc.com\/index.php\/author\/redacao\/"}]}},"authors":[],"_links":{"self":[{"href":"https:\/\/sulsc.com\/index.php\/wp-json\/wp\/v2\/posts\/12447"}],"collection":[{"href":"https:\/\/sulsc.com\/index.php\/wp-json\/wp\/v2\/posts"}],"about":[{"href":"https:\/\/sulsc.com\/index.php\/wp-json\/wp\/v2\/types\/post"}],"author":[{"embeddable":true,"href":"https:\/\/sulsc.com\/index.php\/wp-json\/wp\/v2\/users\/3"}],"replies":[{"embeddable":true,"href":"https:\/\/sulsc.com\/index.php\/wp-json\/wp\/v2\/comments?post=12447"}],"version-history":[{"count":1,"href":"https:\/\/sulsc.com\/index.php\/wp-json\/wp\/v2\/posts\/12447\/revisions"}],"predecessor-version":[{"id":12449,"href":"https:\/\/sulsc.com\/index.php\/wp-json\/wp\/v2\/posts\/12447\/revisions\/12449"}],"wp:featuredmedia":[{"embeddable":true,"href":"https:\/\/sulsc.com\/index.php\/wp-json\/wp\/v2\/media\/12448"}],"wp:attachment":[{"href":"https:\/\/sulsc.com\/index.php\/wp-json\/wp\/v2\/media?parent=12447"}],"wp:term":[{"taxonomy":"category","embeddable":true,"href":"https:\/\/sulsc.com\/index.php\/wp-json\/wp\/v2\/categories?post=12447"},{"taxonomy":"post_tag","embeddable":true,"href":"https:\/\/sulsc.com\/index.php\/wp-json\/wp\/v2\/tags?post=12447"}],"curies":[{"name":"wp","href":"https:\/\/api.w.org\/{rel}","templated":true}]}}