{"id":1250,"date":"2023-09-20T08:30:57","date_gmt":"2023-09-20T11:30:57","guid":{"rendered":"https:\/\/sulsc.com\/?p=1250"},"modified":"2023-09-20T07:55:36","modified_gmt":"2023-09-20T10:55:36","slug":"serra-do-rio-do-rastro-fica-interrompida-apos-carro-colidir-em-caminhao","status":"publish","type":"post","link":"https:\/\/sulsc.com\/index.php\/2023\/09\/20\/serra-do-rio-do-rastro-fica-interrompida-apos-carro-colidir-em-caminhao\/","title":{"rendered":"Serra do Rio do Rastro fica interrompida ap\u00f3s carro colidir em caminh\u00e3o"},"content":{"rendered":"<p>Um acidente foi registrado na SC-390, Km 408, em Lauro M\u00fcller. Por conta do incidente o tr\u00e2nsito na Serra do Rio do Rastro ficou interrompido na tarde desta ter\u00e7a-feira (19).<\/p>\n<p>Uma motorista perdeu o controle do Ford\/KA, colidiu em um caminh\u00e3o e ficou presa entre o ve\u00edculo de carga e o pared\u00e3o de pedras. O acidente ocorreu quando a motorista freou bruscamente.<\/p>\n<p>Ao enfrentar uma curva fechada em uma pista de concreto molhada em declive, fez com que o carro derrapasse e atingisse o caminh\u00e3o que subia a serra no sentido oposto. Ambos os condutores, do Ka e do caminh\u00e3o, de 34 e 41 anos respectivamente, sa\u00edram ilesos do incidente.<\/p>\n<p>As autoridades interditaram o tr\u00e2nsito na Serra do Rio do Rastro por aproximadamente uma hora para a remo\u00e7\u00e3o dos ve\u00edculos envolvidos no acidente. Um boletim de ocorr\u00eancia foi registrado para documentar o incidente.<\/p>\n<p>&nbsp;<\/p>\n<p>Fonte: OPC News<\/p>\n","protected":false},"excerpt":{"rendered":"<p>Um acidente foi registrado na SC-390, Km 408, em Lauro M\u00fcller. Por conta do incidente o tr\u00e2nsito na Serra do Rio do Rastro ficou interrompido na tarde desta ter\u00e7a-feira (19). Uma motorista perdeu o controle do Ford\/KA, colidiu em um caminh\u00e3o e ficou presa entre o ve\u00edculo de carga e o pared\u00e3o de pedras. O &hellip;<\/p>\n<p class=\"read-more\"> <a class=\"\" href=\"https:\/\/sulsc.com\/index.php\/2023\/09\/20\/serra-do-rio-do-rastro-fica-interrompida-apos-carro-colidir-em-caminhao\/\"> <span class=\"screen-reader-text\">Serra do Rio do Rastro fica interrompida ap\u00f3s carro colidir em caminh\u00e3o<\/span> Read More &raquo;<\/a><\/p>\n","protected":false},"author":3,"featured_media":1251,"comment_status":"open","ping_status":"open","sticky":false,"template":"","format":"standard","meta":{"site-sidebar-layout":"default","site-content-layout":"default","ast-site-content-layout":"","site-content-style":"default","site-sidebar-style":"default","ast-global-header-display":"","ast-banner-title-visibility":"","ast-main-header-display":"","ast-hfb-above-header-display":"","ast-hfb-below-header-display":"","ast-hfb-mobile-header-display":"","site-post-title":"","ast-breadcrumbs-content":"","ast-featured-img":"","footer-sml-layout":"","theme-transparent-header-meta":"default","adv-header-id-meta":"","stick-header-meta":"","header-above-stick-meta":"","header-main-stick-meta":"","header-below-stick-meta":"","astra-migrate-meta-layouts":"","footnotes":""},"categories":[8],"tags":[],"yoast_head":"<!-- This site is optimized with the Yoast SEO plugin v21.4 - https:\/\/yoast.com\/wordpress\/plugins\/seo\/ -->\n<title>Serra do Rio do Rastro fica interrompida ap\u00f3s carro colidir em caminh\u00e3o -<\/title>\n<meta name=\"robots\" content=\"index, follow, max-snippet:-1, max-image-preview:large, max-video-preview:-1\" \/>\n<link rel=\"canonical\" href=\"https:\/\/sulsc.com\/index.php\/2023\/09\/20\/serra-do-rio-do-rastro-fica-interrompida-apos-carro-colidir-em-caminhao\/\" \/>\n<meta property=\"og:locale\" content=\"en_US\" \/>\n<meta property=\"og:type\" content=\"article\" \/>\n<meta property=\"og:title\" content=\"Serra do Rio do Rastro fica interrompida ap\u00f3s carro colidir em caminh\u00e3o -\" \/>\n<meta property=\"og:description\" content=\"Um acidente foi registrado na SC-390, Km 408, em Lauro M\u00fcller. Por conta do incidente o tr\u00e2nsito na Serra do Rio do Rastro ficou interrompido na tarde desta ter\u00e7a-feira (19). Uma motorista perdeu o controle do Ford\/KA, colidiu em um caminh\u00e3o e ficou presa entre o ve\u00edculo de carga e o pared\u00e3o de pedras. O &hellip; Serra do Rio do Rastro fica interrompida ap\u00f3s carro colidir em caminh\u00e3o Read More &raquo;\" \/>\n<meta property=\"og:url\" content=\"https:\/\/sulsc.com\/index.php\/2023\/09\/20\/serra-do-rio-do-rastro-fica-interrompida-apos-carro-colidir-em-caminhao\/\" \/>\n<meta property=\"article:author\" content=\"https:\/\/www.facebook.com\/profile.php?id=61559278119680\" \/>\n<meta property=\"article:published_time\" content=\"2023-09-20T11:30:57+00:00\" \/>\n<meta property=\"article:modified_time\" content=\"2023-09-20T10:55:36+00:00\" \/>\n<meta property=\"og:image\" content=\"https:\/\/sulsc.com\/wp-content\/uploads\/2023\/09\/colisao-serra.png\" \/>\n\t<meta property=\"og:image:width\" content=\"1130\" \/>\n\t<meta property=\"og:image:height\" content=\"580\" \/>\n\t<meta property=\"og:image:type\" content=\"image\/png\" \/>\n<meta name=\"author\" content=\"Reda\u00e7\u00e3o Sul SC\" \/>\n<meta name=\"twitter:card\" content=\"summary_large_image\" \/>\n<meta name=\"twitter:creator\" content=\"@https:\/\/twitter.com\/PortalSulSC\" \/>\n<meta name=\"twitter:label1\" content=\"Written by\" \/>\n\t<meta name=\"twitter:data1\" content=\"Reda\u00e7\u00e3o Sul SC\" \/>\n\t<meta name=\"twitter:label2\" content=\"Est. reading time\" \/>\n\t<meta name=\"twitter:data2\" content=\"1 minute\" \/>\n<script type=\"application\/ld+json\" class=\"yoast-schema-graph\">{\"@context\":\"https:\/\/schema.org\",\"@graph\":[{\"@type\":\"WebPage\",\"@id\":\"https:\/\/sulsc.com\/index.php\/2023\/09\/20\/serra-do-rio-do-rastro-fica-interrompida-apos-carro-colidir-em-caminhao\/\",\"url\":\"https:\/\/sulsc.com\/index.php\/2023\/09\/20\/serra-do-rio-do-rastro-fica-interrompida-apos-carro-colidir-em-caminhao\/\",\"name\":\"Serra do Rio do Rastro fica interrompida ap\u00f3s carro colidir em caminh\u00e3o -\",\"isPartOf\":{\"@id\":\"https:\/\/sulsc.com\/#website\"},\"datePublished\":\"2023-09-20T11:30:57+00:00\",\"dateModified\":\"2023-09-20T10:55:36+00:00\",\"author\":{\"@id\":\"https:\/\/sulsc.com\/#\/schema\/person\/84d2fc571684f6248ba83092f07750a3\"},\"breadcrumb\":{\"@id\":\"https:\/\/sulsc.com\/index.php\/2023\/09\/20\/serra-do-rio-do-rastro-fica-interrompida-apos-carro-colidir-em-caminhao\/#breadcrumb\"},\"inLanguage\":\"en-US\",\"potentialAction\":[{\"@type\":\"ReadAction\",\"target\":[\"https:\/\/sulsc.com\/index.php\/2023\/09\/20\/serra-do-rio-do-rastro-fica-interrompida-apos-carro-colidir-em-caminhao\/\"]}]},{\"@type\":\"BreadcrumbList\",\"@id\":\"https:\/\/sulsc.com\/index.php\/2023\/09\/20\/serra-do-rio-do-rastro-fica-interrompida-apos-carro-colidir-em-caminhao\/#breadcrumb\",\"itemListElement\":[{\"@type\":\"ListItem\",\"position\":1,\"name\":\"In\u00edcio\",\"item\":\"https:\/\/sulsc.com\/\"},{\"@type\":\"ListItem\",\"position\":2,\"name\":\"Serra do Rio do Rastro fica interrompida ap\u00f3s carro colidir em caminh\u00e3o\"}]},{\"@type\":\"WebSite\",\"@id\":\"https:\/\/sulsc.com\/#website\",\"url\":\"https:\/\/sulsc.com\/\",\"name\":\"\",\"description\":\"\",\"potentialAction\":[{\"@type\":\"SearchAction\",\"target\":{\"@type\":\"EntryPoint\",\"urlTemplate\":\"https:\/\/sulsc.com\/?s={search_term_string}\"},\"query-input\":\"required name=search_term_string\"}],\"inLanguage\":\"en-US\"},{\"@type\":\"Person\",\"@id\":\"https:\/\/sulsc.com\/#\/schema\/person\/84d2fc571684f6248ba83092f07750a3\",\"name\":\"Reda\u00e7\u00e3o Sul SC\",\"image\":{\"@type\":\"ImageObject\",\"inLanguage\":\"en-US\",\"@id\":\"https:\/\/sulsc.com\/#\/schema\/person\/image\/e08d7fe2cc4ed596372063bbe852b8d0\",\"url\":\"https:\/\/sulsc.com\/wp-content\/uploads\/2023\/09\/redacao.png\",\"contentUrl\":\"https:\/\/sulsc.com\/wp-content\/uploads\/2023\/09\/redacao.png\",\"caption\":\"Reda\u00e7\u00e3o Sul SC\"},\"description\":\"Foco em um jornalismo imparcial, voltado \u00e0 qualidade dos seus conte\u00fados e, assim, levar informa\u00e7\u00e3o de valor que agregue \u00e0 vida dos leitores. Esta \u00e9 grande miss\u00e3o do Portal de Not\u00edcias Sul SC. N\u00e3o \u00e9 quantidade que muda o mundo, sempre foi e seguir\u00e1 sendo qualidade!\",\"sameAs\":[\"https:\/\/sulsc.com\/\",\"https:\/\/www.facebook.com\/profile.php?id=61559278119680\",\"https:\/\/www.instagram.com\/sulscportal\/?hl=pt-br\",\"https:\/\/twitter.com\/https:\/\/twitter.com\/PortalSulSC\",\"https:\/\/www.youtube.com\/channel\/UCv_BE8GeySluDov2n8qhVmw\"],\"url\":\"https:\/\/sulsc.com\/index.php\/author\/redacao\/\"}]}<\/script>\n<!-- \/ Yoast SEO plugin. -->","yoast_head_json":{"title":"Serra do Rio do Rastro fica interrompida ap\u00f3s carro colidir em caminh\u00e3o -","robots":{"index":"index","follow":"follow","max-snippet":"max-snippet:-1","max-image-preview":"max-image-preview:large","max-video-preview":"max-video-preview:-1"},"canonical":"https:\/\/sulsc.com\/index.php\/2023\/09\/20\/serra-do-rio-do-rastro-fica-interrompida-apos-carro-colidir-em-caminhao\/","og_locale":"en_US","og_type":"article","og_title":"Serra do Rio do Rastro fica interrompida ap\u00f3s carro colidir em caminh\u00e3o -","og_description":"Um acidente foi registrado na SC-390, Km 408, em Lauro M\u00fcller. Por conta do incidente o tr\u00e2nsito na Serra do Rio do Rastro ficou interrompido na tarde desta ter\u00e7a-feira (19). Uma motorista perdeu o controle do Ford\/KA, colidiu em um caminh\u00e3o e ficou presa entre o ve\u00edculo de carga e o pared\u00e3o de pedras. O &hellip; Serra do Rio do Rastro fica interrompida ap\u00f3s carro colidir em caminh\u00e3o Read More &raquo;","og_url":"https:\/\/sulsc.com\/index.php\/2023\/09\/20\/serra-do-rio-do-rastro-fica-interrompida-apos-carro-colidir-em-caminhao\/","article_author":"https:\/\/www.facebook.com\/profile.php?id=61559278119680","article_published_time":"2023-09-20T11:30:57+00:00","article_modified_time":"2023-09-20T10:55:36+00:00","og_image":[{"width":1130,"height":580,"url":"https:\/\/sulsc.com\/wp-content\/uploads\/2023\/09\/colisao-serra.png","type":"image\/png"}],"author":"Reda\u00e7\u00e3o Sul SC","twitter_card":"summary_large_image","twitter_creator":"@https:\/\/twitter.com\/PortalSulSC","twitter_misc":{"Written by":"Reda\u00e7\u00e3o Sul SC","Est. reading time":"1 minute"},"schema":{"@context":"https:\/\/schema.org","@graph":[{"@type":"WebPage","@id":"https:\/\/sulsc.com\/index.php\/2023\/09\/20\/serra-do-rio-do-rastro-fica-interrompida-apos-carro-colidir-em-caminhao\/","url":"https:\/\/sulsc.com\/index.php\/2023\/09\/20\/serra-do-rio-do-rastro-fica-interrompida-apos-carro-colidir-em-caminhao\/","name":"Serra do Rio do Rastro fica interrompida ap\u00f3s carro colidir em caminh\u00e3o -","isPartOf":{"@id":"https:\/\/sulsc.com\/#website"},"datePublished":"2023-09-20T11:30:57+00:00","dateModified":"2023-09-20T10:55:36+00:00","author":{"@id":"https:\/\/sulsc.com\/#\/schema\/person\/84d2fc571684f6248ba83092f07750a3"},"breadcrumb":{"@id":"https:\/\/sulsc.com\/index.php\/2023\/09\/20\/serra-do-rio-do-rastro-fica-interrompida-apos-carro-colidir-em-caminhao\/#breadcrumb"},"inLanguage":"en-US","potentialAction":[{"@type":"ReadAction","target":["https:\/\/sulsc.com\/index.php\/2023\/09\/20\/serra-do-rio-do-rastro-fica-interrompida-apos-carro-colidir-em-caminhao\/"]}]},{"@type":"BreadcrumbList","@id":"https:\/\/sulsc.com\/index.php\/2023\/09\/20\/serra-do-rio-do-rastro-fica-interrompida-apos-carro-colidir-em-caminhao\/#breadcrumb","itemListElement":[{"@type":"ListItem","position":1,"name":"In\u00edcio","item":"https:\/\/sulsc.com\/"},{"@type":"ListItem","position":2,"name":"Serra do Rio do Rastro fica interrompida ap\u00f3s carro colidir em caminh\u00e3o"}]},{"@type":"WebSite","@id":"https:\/\/sulsc.com\/#website","url":"https:\/\/sulsc.com\/","name":"","description":"","potentialAction":[{"@type":"SearchAction","target":{"@type":"EntryPoint","urlTemplate":"https:\/\/sulsc.com\/?s={search_term_string}"},"query-input":"required name=search_term_string"}],"inLanguage":"en-US"},{"@type":"Person","@id":"https:\/\/sulsc.com\/#\/schema\/person\/84d2fc571684f6248ba83092f07750a3","name":"Reda\u00e7\u00e3o Sul SC","image":{"@type":"ImageObject","inLanguage":"en-US","@id":"https:\/\/sulsc.com\/#\/schema\/person\/image\/e08d7fe2cc4ed596372063bbe852b8d0","url":"https:\/\/sulsc.com\/wp-content\/uploads\/2023\/09\/redacao.png","contentUrl":"https:\/\/sulsc.com\/wp-content\/uploads\/2023\/09\/redacao.png","caption":"Reda\u00e7\u00e3o Sul SC"},"description":"Foco em um jornalismo imparcial, voltado \u00e0 qualidade dos seus conte\u00fados e, assim, levar informa\u00e7\u00e3o de valor que agregue \u00e0 vida dos leitores. Esta \u00e9 grande miss\u00e3o do Portal de Not\u00edcias Sul SC. N\u00e3o \u00e9 quantidade que muda o mundo, sempre foi e seguir\u00e1 sendo qualidade!","sameAs":["https:\/\/sulsc.com\/","https:\/\/www.facebook.com\/profile.php?id=61559278119680","https:\/\/www.instagram.com\/sulscportal\/?hl=pt-br","https:\/\/twitter.com\/https:\/\/twitter.com\/PortalSulSC","https:\/\/www.youtube.com\/channel\/UCv_BE8GeySluDov2n8qhVmw"],"url":"https:\/\/sulsc.com\/index.php\/author\/redacao\/"}]}},"authors":[],"_links":{"self":[{"href":"https:\/\/sulsc.com\/index.php\/wp-json\/wp\/v2\/posts\/1250"}],"collection":[{"href":"https:\/\/sulsc.com\/index.php\/wp-json\/wp\/v2\/posts"}],"about":[{"href":"https:\/\/sulsc.com\/index.php\/wp-json\/wp\/v2\/types\/post"}],"author":[{"embeddable":true,"href":"https:\/\/sulsc.com\/index.php\/wp-json\/wp\/v2\/users\/3"}],"replies":[{"embeddable":true,"href":"https:\/\/sulsc.com\/index.php\/wp-json\/wp\/v2\/comments?post=1250"}],"version-history":[{"count":2,"href":"https:\/\/sulsc.com\/index.php\/wp-json\/wp\/v2\/posts\/1250\/revisions"}],"predecessor-version":[{"id":1253,"href":"https:\/\/sulsc.com\/index.php\/wp-json\/wp\/v2\/posts\/1250\/revisions\/1253"}],"wp:featuredmedia":[{"embeddable":true,"href":"https:\/\/sulsc.com\/index.php\/wp-json\/wp\/v2\/media\/1251"}],"wp:attachment":[{"href":"https:\/\/sulsc.com\/index.php\/wp-json\/wp\/v2\/media?parent=1250"}],"wp:term":[{"taxonomy":"category","embeddable":true,"href":"https:\/\/sulsc.com\/index.php\/wp-json\/wp\/v2\/categories?post=1250"},{"taxonomy":"post_tag","embeddable":true,"href":"https:\/\/sulsc.com\/index.php\/wp-json\/wp\/v2\/tags?post=1250"}],"curies":[{"name":"wp","href":"https:\/\/api.w.org\/{rel}","templated":true}]}}