{"id":1254,"date":"2023-09-20T09:30:03","date_gmt":"2023-09-20T12:30:03","guid":{"rendered":"https:\/\/sulsc.com\/?p=1254"},"modified":"2023-09-20T08:13:03","modified_gmt":"2023-09-20T11:13:03","slug":"postos-de-combustiveis-de-tubarao-sao-fiscalizados-por-procon-em-conjunto-com-a-agencia-nacional-do-petroleo","status":"publish","type":"post","link":"https:\/\/sulsc.com\/index.php\/2023\/09\/20\/postos-de-combustiveis-de-tubarao-sao-fiscalizados-por-procon-em-conjunto-com-a-agencia-nacional-do-petroleo\/","title":{"rendered":"Postos de combust\u00edveis de Tubar\u00e3o s\u00e3o fiscalizados por Procon em conjunto com a Ag\u00eancia Nacional do Petr\u00f3leo"},"content":{"rendered":"<p>O Procon e a Ag\u00eancia Nacional do Petr\u00f3leo (ANP) fiscalizam, de forma conjunta, postos de combust\u00edveis de Tubar\u00e3o. A a\u00e7\u00e3o ocorre devido a den\u00fancias de consumidores.\u00a0Na \u00faltima fiscaliza\u00e7\u00e3o ocorreu na segunda-feira (18).<\/p>\n<p><img fetchpriority=\"high\" decoding=\"async\" class=\"alignnone size-full wp-image-1256\" src=\"http:\/\/sulsc.com\/wp-content\/uploads\/2023\/09\/procon-fiscalizacao-postos.jpg\" alt=\"\" width=\"1024\" height=\"570\" srcset=\"https:\/\/sulsc.com\/wp-content\/uploads\/2023\/09\/procon-fiscalizacao-postos.jpg 1024w, https:\/\/sulsc.com\/wp-content\/uploads\/2023\/09\/procon-fiscalizacao-postos-300x167.jpg 300w, https:\/\/sulsc.com\/wp-content\/uploads\/2023\/09\/procon-fiscalizacao-postos-768x428.jpg 768w\" sizes=\"(max-width: 1024px) 100vw, 1024px\" \/><\/p>\n<p>Foram verificadas a qualidade dos combust\u00edveis, o fornecimento do volume correto pelas bombas medidoras, a adequa\u00e7\u00e3o dos equipamentos e dos instrumentos necess\u00e1rios ao correto manuseio dos produtos.\u00a0Al\u00e9m disso, s\u00e3o averiguadas tamb\u00e9m as documenta\u00e7\u00f5es de autoriza\u00e7\u00e3o de funcionamento das empresas e as notas fiscais de aquisi\u00e7\u00e3o dos combust\u00edveis.<\/p>\n<p>N\u00e3o foram identificadas irregularidades na qualidade e nem na quantidade dos combust\u00edveis.\u00a0Em caso de d\u00favidas ou den\u00fancias, o consumidor pode entrar em contato com o Procon pelo telefone 3621-9818 ou no e-mail: procon@tubarao.sc.gov.br<\/p>\n<p>&nbsp;<\/p>\n<p>Fonte: Pref. Tubar\u00e3o<\/p>\n","protected":false},"excerpt":{"rendered":"<p>O Procon e a Ag\u00eancia Nacional do Petr\u00f3leo (ANP) fiscalizam, de forma conjunta, postos de combust\u00edveis de Tubar\u00e3o. A a\u00e7\u00e3o ocorre devido a den\u00fancias de consumidores.\u00a0Na \u00faltima fiscaliza\u00e7\u00e3o ocorreu na segunda-feira (18). Foram verificadas a qualidade dos combust\u00edveis, o fornecimento do volume correto pelas bombas medidoras, a adequa\u00e7\u00e3o dos equipamentos e dos instrumentos necess\u00e1rios ao &hellip;<\/p>\n<p class=\"read-more\"> <a class=\"\" href=\"https:\/\/sulsc.com\/index.php\/2023\/09\/20\/postos-de-combustiveis-de-tubarao-sao-fiscalizados-por-procon-em-conjunto-com-a-agencia-nacional-do-petroleo\/\"> <span class=\"screen-reader-text\">Postos de combust\u00edveis de Tubar\u00e3o s\u00e3o fiscalizados por Procon em conjunto com a Ag\u00eancia Nacional do Petr\u00f3leo<\/span> Read More &raquo;<\/a><\/p>\n","protected":false},"author":3,"featured_media":1255,"comment_status":"open","ping_status":"open","sticky":false,"template":"","format":"standard","meta":{"site-sidebar-layout":"default","site-content-layout":"default","ast-site-content-layout":"","site-content-style":"default","site-sidebar-style":"default","ast-global-header-display":"","ast-banner-title-visibility":"","ast-main-header-display":"","ast-hfb-above-header-display":"","ast-hfb-below-header-display":"","ast-hfb-mobile-header-display":"","site-post-title":"","ast-breadcrumbs-content":"","ast-featured-img":"","footer-sml-layout":"","theme-transparent-header-meta":"default","adv-header-id-meta":"","stick-header-meta":"","header-above-stick-meta":"","header-main-stick-meta":"","header-below-stick-meta":"","astra-migrate-meta-layouts":"","footnotes":""},"categories":[1,21],"tags":[],"yoast_head":"<!-- This site is optimized with the Yoast SEO plugin v21.4 - https:\/\/yoast.com\/wordpress\/plugins\/seo\/ -->\n<title>Postos de combust\u00edveis de Tubar\u00e3o s\u00e3o fiscalizados por Procon em conjunto com a Ag\u00eancia Nacional do Petr\u00f3leo -<\/title>\n<meta name=\"robots\" content=\"index, follow, max-snippet:-1, max-image-preview:large, max-video-preview:-1\" \/>\n<link rel=\"canonical\" href=\"https:\/\/sulsc.com\/index.php\/2023\/09\/20\/postos-de-combustiveis-de-tubarao-sao-fiscalizados-por-procon-em-conjunto-com-a-agencia-nacional-do-petroleo\/\" \/>\n<meta property=\"og:locale\" content=\"en_US\" \/>\n<meta property=\"og:type\" content=\"article\" \/>\n<meta property=\"og:title\" content=\"Postos de combust\u00edveis de Tubar\u00e3o s\u00e3o fiscalizados por Procon em conjunto com a Ag\u00eancia Nacional do Petr\u00f3leo -\" \/>\n<meta property=\"og:description\" content=\"O Procon e a Ag\u00eancia Nacional do Petr\u00f3leo (ANP) fiscalizam, de forma conjunta, postos de combust\u00edveis de Tubar\u00e3o. A a\u00e7\u00e3o ocorre devido a den\u00fancias de consumidores.\u00a0Na \u00faltima fiscaliza\u00e7\u00e3o ocorreu na segunda-feira (18). Foram verificadas a qualidade dos combust\u00edveis, o fornecimento do volume correto pelas bombas medidoras, a adequa\u00e7\u00e3o dos equipamentos e dos instrumentos necess\u00e1rios ao &hellip; Postos de combust\u00edveis de Tubar\u00e3o s\u00e3o fiscalizados por Procon em conjunto com a Ag\u00eancia Nacional do Petr\u00f3leo Read More &raquo;\" \/>\n<meta property=\"og:url\" content=\"https:\/\/sulsc.com\/index.php\/2023\/09\/20\/postos-de-combustiveis-de-tubarao-sao-fiscalizados-por-procon-em-conjunto-com-a-agencia-nacional-do-petroleo\/\" \/>\n<meta property=\"article:author\" content=\"https:\/\/www.facebook.com\/profile.php?id=61559278119680\" \/>\n<meta property=\"article:published_time\" content=\"2023-09-20T12:30:03+00:00\" \/>\n<meta property=\"article:modified_time\" content=\"2023-09-20T11:13:03+00:00\" \/>\n<meta property=\"og:image\" content=\"https:\/\/sulsc.com\/wp-content\/uploads\/2023\/09\/procon-fiscalizacao-postos02.jpg\" \/>\n\t<meta property=\"og:image:width\" content=\"768\" \/>\n\t<meta property=\"og:image:height\" content=\"1145\" \/>\n\t<meta property=\"og:image:type\" content=\"image\/jpeg\" \/>\n<meta name=\"author\" content=\"Reda\u00e7\u00e3o Sul SC\" \/>\n<meta name=\"twitter:card\" content=\"summary_large_image\" \/>\n<meta name=\"twitter:creator\" content=\"@https:\/\/twitter.com\/PortalSulSC\" \/>\n<meta name=\"twitter:label1\" content=\"Written by\" \/>\n\t<meta name=\"twitter:data1\" content=\"Reda\u00e7\u00e3o Sul SC\" \/>\n\t<meta name=\"twitter:label2\" content=\"Est. reading time\" \/>\n\t<meta name=\"twitter:data2\" content=\"1 minute\" \/>\n<script type=\"application\/ld+json\" class=\"yoast-schema-graph\">{\"@context\":\"https:\/\/schema.org\",\"@graph\":[{\"@type\":\"WebPage\",\"@id\":\"https:\/\/sulsc.com\/index.php\/2023\/09\/20\/postos-de-combustiveis-de-tubarao-sao-fiscalizados-por-procon-em-conjunto-com-a-agencia-nacional-do-petroleo\/\",\"url\":\"https:\/\/sulsc.com\/index.php\/2023\/09\/20\/postos-de-combustiveis-de-tubarao-sao-fiscalizados-por-procon-em-conjunto-com-a-agencia-nacional-do-petroleo\/\",\"name\":\"Postos de combust\u00edveis de Tubar\u00e3o s\u00e3o fiscalizados por Procon em conjunto com a Ag\u00eancia Nacional do Petr\u00f3leo -\",\"isPartOf\":{\"@id\":\"https:\/\/sulsc.com\/#website\"},\"datePublished\":\"2023-09-20T12:30:03+00:00\",\"dateModified\":\"2023-09-20T11:13:03+00:00\",\"author\":{\"@id\":\"https:\/\/sulsc.com\/#\/schema\/person\/84d2fc571684f6248ba83092f07750a3\"},\"breadcrumb\":{\"@id\":\"https:\/\/sulsc.com\/index.php\/2023\/09\/20\/postos-de-combustiveis-de-tubarao-sao-fiscalizados-por-procon-em-conjunto-com-a-agencia-nacional-do-petroleo\/#breadcrumb\"},\"inLanguage\":\"en-US\",\"potentialAction\":[{\"@type\":\"ReadAction\",\"target\":[\"https:\/\/sulsc.com\/index.php\/2023\/09\/20\/postos-de-combustiveis-de-tubarao-sao-fiscalizados-por-procon-em-conjunto-com-a-agencia-nacional-do-petroleo\/\"]}]},{\"@type\":\"BreadcrumbList\",\"@id\":\"https:\/\/sulsc.com\/index.php\/2023\/09\/20\/postos-de-combustiveis-de-tubarao-sao-fiscalizados-por-procon-em-conjunto-com-a-agencia-nacional-do-petroleo\/#breadcrumb\",\"itemListElement\":[{\"@type\":\"ListItem\",\"position\":1,\"name\":\"In\u00edcio\",\"item\":\"https:\/\/sulsc.com\/\"},{\"@type\":\"ListItem\",\"position\":2,\"name\":\"Postos de combust\u00edveis de Tubar\u00e3o s\u00e3o fiscalizados por Procon em conjunto com a Ag\u00eancia Nacional do Petr\u00f3leo\"}]},{\"@type\":\"WebSite\",\"@id\":\"https:\/\/sulsc.com\/#website\",\"url\":\"https:\/\/sulsc.com\/\",\"name\":\"\",\"description\":\"\",\"potentialAction\":[{\"@type\":\"SearchAction\",\"target\":{\"@type\":\"EntryPoint\",\"urlTemplate\":\"https:\/\/sulsc.com\/?s={search_term_string}\"},\"query-input\":\"required name=search_term_string\"}],\"inLanguage\":\"en-US\"},{\"@type\":\"Person\",\"@id\":\"https:\/\/sulsc.com\/#\/schema\/person\/84d2fc571684f6248ba83092f07750a3\",\"name\":\"Reda\u00e7\u00e3o Sul SC\",\"image\":{\"@type\":\"ImageObject\",\"inLanguage\":\"en-US\",\"@id\":\"https:\/\/sulsc.com\/#\/schema\/person\/image\/e08d7fe2cc4ed596372063bbe852b8d0\",\"url\":\"https:\/\/sulsc.com\/wp-content\/uploads\/2023\/09\/redacao.png\",\"contentUrl\":\"https:\/\/sulsc.com\/wp-content\/uploads\/2023\/09\/redacao.png\",\"caption\":\"Reda\u00e7\u00e3o Sul SC\"},\"description\":\"Foco em um jornalismo imparcial, voltado \u00e0 qualidade dos seus conte\u00fados e, assim, levar informa\u00e7\u00e3o de valor que agregue \u00e0 vida dos leitores. Esta \u00e9 grande miss\u00e3o do Portal de Not\u00edcias Sul SC. N\u00e3o \u00e9 quantidade que muda o mundo, sempre foi e seguir\u00e1 sendo qualidade!\",\"sameAs\":[\"https:\/\/sulsc.com\/\",\"https:\/\/www.facebook.com\/profile.php?id=61559278119680\",\"https:\/\/www.instagram.com\/sulscportal\/?hl=pt-br\",\"https:\/\/twitter.com\/https:\/\/twitter.com\/PortalSulSC\",\"https:\/\/www.youtube.com\/channel\/UCv_BE8GeySluDov2n8qhVmw\"],\"url\":\"https:\/\/sulsc.com\/index.php\/author\/redacao\/\"}]}<\/script>\n<!-- \/ Yoast SEO plugin. -->","yoast_head_json":{"title":"Postos de combust\u00edveis de Tubar\u00e3o s\u00e3o fiscalizados por Procon em conjunto com a Ag\u00eancia Nacional do Petr\u00f3leo -","robots":{"index":"index","follow":"follow","max-snippet":"max-snippet:-1","max-image-preview":"max-image-preview:large","max-video-preview":"max-video-preview:-1"},"canonical":"https:\/\/sulsc.com\/index.php\/2023\/09\/20\/postos-de-combustiveis-de-tubarao-sao-fiscalizados-por-procon-em-conjunto-com-a-agencia-nacional-do-petroleo\/","og_locale":"en_US","og_type":"article","og_title":"Postos de combust\u00edveis de Tubar\u00e3o s\u00e3o fiscalizados por Procon em conjunto com a Ag\u00eancia Nacional do Petr\u00f3leo -","og_description":"O Procon e a Ag\u00eancia Nacional do Petr\u00f3leo (ANP) fiscalizam, de forma conjunta, postos de combust\u00edveis de Tubar\u00e3o. A a\u00e7\u00e3o ocorre devido a den\u00fancias de consumidores.\u00a0Na \u00faltima fiscaliza\u00e7\u00e3o ocorreu na segunda-feira (18). Foram verificadas a qualidade dos combust\u00edveis, o fornecimento do volume correto pelas bombas medidoras, a adequa\u00e7\u00e3o dos equipamentos e dos instrumentos necess\u00e1rios ao &hellip; Postos de combust\u00edveis de Tubar\u00e3o s\u00e3o fiscalizados por Procon em conjunto com a Ag\u00eancia Nacional do Petr\u00f3leo Read More &raquo;","og_url":"https:\/\/sulsc.com\/index.php\/2023\/09\/20\/postos-de-combustiveis-de-tubarao-sao-fiscalizados-por-procon-em-conjunto-com-a-agencia-nacional-do-petroleo\/","article_author":"https:\/\/www.facebook.com\/profile.php?id=61559278119680","article_published_time":"2023-09-20T12:30:03+00:00","article_modified_time":"2023-09-20T11:13:03+00:00","og_image":[{"width":768,"height":1145,"url":"https:\/\/sulsc.com\/wp-content\/uploads\/2023\/09\/procon-fiscalizacao-postos02.jpg","type":"image\/jpeg"}],"author":"Reda\u00e7\u00e3o Sul SC","twitter_card":"summary_large_image","twitter_creator":"@https:\/\/twitter.com\/PortalSulSC","twitter_misc":{"Written by":"Reda\u00e7\u00e3o Sul SC","Est. reading time":"1 minute"},"schema":{"@context":"https:\/\/schema.org","@graph":[{"@type":"WebPage","@id":"https:\/\/sulsc.com\/index.php\/2023\/09\/20\/postos-de-combustiveis-de-tubarao-sao-fiscalizados-por-procon-em-conjunto-com-a-agencia-nacional-do-petroleo\/","url":"https:\/\/sulsc.com\/index.php\/2023\/09\/20\/postos-de-combustiveis-de-tubarao-sao-fiscalizados-por-procon-em-conjunto-com-a-agencia-nacional-do-petroleo\/","name":"Postos de combust\u00edveis de Tubar\u00e3o s\u00e3o fiscalizados por Procon em conjunto com a Ag\u00eancia Nacional do Petr\u00f3leo -","isPartOf":{"@id":"https:\/\/sulsc.com\/#website"},"datePublished":"2023-09-20T12:30:03+00:00","dateModified":"2023-09-20T11:13:03+00:00","author":{"@id":"https:\/\/sulsc.com\/#\/schema\/person\/84d2fc571684f6248ba83092f07750a3"},"breadcrumb":{"@id":"https:\/\/sulsc.com\/index.php\/2023\/09\/20\/postos-de-combustiveis-de-tubarao-sao-fiscalizados-por-procon-em-conjunto-com-a-agencia-nacional-do-petroleo\/#breadcrumb"},"inLanguage":"en-US","potentialAction":[{"@type":"ReadAction","target":["https:\/\/sulsc.com\/index.php\/2023\/09\/20\/postos-de-combustiveis-de-tubarao-sao-fiscalizados-por-procon-em-conjunto-com-a-agencia-nacional-do-petroleo\/"]}]},{"@type":"BreadcrumbList","@id":"https:\/\/sulsc.com\/index.php\/2023\/09\/20\/postos-de-combustiveis-de-tubarao-sao-fiscalizados-por-procon-em-conjunto-com-a-agencia-nacional-do-petroleo\/#breadcrumb","itemListElement":[{"@type":"ListItem","position":1,"name":"In\u00edcio","item":"https:\/\/sulsc.com\/"},{"@type":"ListItem","position":2,"name":"Postos de combust\u00edveis de Tubar\u00e3o s\u00e3o fiscalizados por Procon em conjunto com a Ag\u00eancia Nacional do Petr\u00f3leo"}]},{"@type":"WebSite","@id":"https:\/\/sulsc.com\/#website","url":"https:\/\/sulsc.com\/","name":"","description":"","potentialAction":[{"@type":"SearchAction","target":{"@type":"EntryPoint","urlTemplate":"https:\/\/sulsc.com\/?s={search_term_string}"},"query-input":"required name=search_term_string"}],"inLanguage":"en-US"},{"@type":"Person","@id":"https:\/\/sulsc.com\/#\/schema\/person\/84d2fc571684f6248ba83092f07750a3","name":"Reda\u00e7\u00e3o Sul SC","image":{"@type":"ImageObject","inLanguage":"en-US","@id":"https:\/\/sulsc.com\/#\/schema\/person\/image\/e08d7fe2cc4ed596372063bbe852b8d0","url":"https:\/\/sulsc.com\/wp-content\/uploads\/2023\/09\/redacao.png","contentUrl":"https:\/\/sulsc.com\/wp-content\/uploads\/2023\/09\/redacao.png","caption":"Reda\u00e7\u00e3o Sul SC"},"description":"Foco em um jornalismo imparcial, voltado \u00e0 qualidade dos seus conte\u00fados e, assim, levar informa\u00e7\u00e3o de valor que agregue \u00e0 vida dos leitores. Esta \u00e9 grande miss\u00e3o do Portal de Not\u00edcias Sul SC. N\u00e3o \u00e9 quantidade que muda o mundo, sempre foi e seguir\u00e1 sendo qualidade!","sameAs":["https:\/\/sulsc.com\/","https:\/\/www.facebook.com\/profile.php?id=61559278119680","https:\/\/www.instagram.com\/sulscportal\/?hl=pt-br","https:\/\/twitter.com\/https:\/\/twitter.com\/PortalSulSC","https:\/\/www.youtube.com\/channel\/UCv_BE8GeySluDov2n8qhVmw"],"url":"https:\/\/sulsc.com\/index.php\/author\/redacao\/"}]}},"authors":[],"_links":{"self":[{"href":"https:\/\/sulsc.com\/index.php\/wp-json\/wp\/v2\/posts\/1254"}],"collection":[{"href":"https:\/\/sulsc.com\/index.php\/wp-json\/wp\/v2\/posts"}],"about":[{"href":"https:\/\/sulsc.com\/index.php\/wp-json\/wp\/v2\/types\/post"}],"author":[{"embeddable":true,"href":"https:\/\/sulsc.com\/index.php\/wp-json\/wp\/v2\/users\/3"}],"replies":[{"embeddable":true,"href":"https:\/\/sulsc.com\/index.php\/wp-json\/wp\/v2\/comments?post=1254"}],"version-history":[{"count":1,"href":"https:\/\/sulsc.com\/index.php\/wp-json\/wp\/v2\/posts\/1254\/revisions"}],"predecessor-version":[{"id":1257,"href":"https:\/\/sulsc.com\/index.php\/wp-json\/wp\/v2\/posts\/1254\/revisions\/1257"}],"wp:featuredmedia":[{"embeddable":true,"href":"https:\/\/sulsc.com\/index.php\/wp-json\/wp\/v2\/media\/1255"}],"wp:attachment":[{"href":"https:\/\/sulsc.com\/index.php\/wp-json\/wp\/v2\/media?parent=1254"}],"wp:term":[{"taxonomy":"category","embeddable":true,"href":"https:\/\/sulsc.com\/index.php\/wp-json\/wp\/v2\/categories?post=1254"},{"taxonomy":"post_tag","embeddable":true,"href":"https:\/\/sulsc.com\/index.php\/wp-json\/wp\/v2\/tags?post=1254"}],"curies":[{"name":"wp","href":"https:\/\/api.w.org\/{rel}","templated":true}]}}