{"id":12548,"date":"2024-05-27T16:30:20","date_gmt":"2024-05-27T19:30:20","guid":{"rendered":"https:\/\/sulsc.com\/?p=12548"},"modified":"2024-05-27T16:31:47","modified_gmt":"2024-05-27T19:31:47","slug":"tubarao-154-anos-de-historia-identidade-e-progresso","status":"publish","type":"post","link":"https:\/\/sulsc.com\/index.php\/2024\/05\/27\/tubarao-154-anos-de-historia-identidade-e-progresso\/","title":{"rendered":"Tubar\u00e3o: 154 anos de hist\u00f3ria, identidade e progresso"},"content":{"rendered":"<p>Neste dia especial, Tubar\u00e3o celebra 154 anos de uma trajet\u00f3ria marcada por desafios superados, conquistas alcan\u00e7adas e um potencial imenso para um futuro ainda mais promissor. Fundada em 27 de maio de 1870, nossa cidade, situada \u00e0s margens do rio que lhe empresta o nome, \u00e9 muito mais do que um ponto no mapa de Santa Catarina. Tubar\u00e3o \u00e9 uma comunidade vibrante, um centro de cultura, economia e inova\u00e7\u00e3o que merece ser celebrado e reconhecido em toda a sua grandeza.<\/p>\n<p>&nbsp;<\/p>\n<p><strong>Ra\u00edzes Culturais Profundas<\/strong><\/p>\n<p>O passado \u00e9 um tesouro que se carrega com orgulho. Desde os primeiros colonizadores que desbravaram as terras f\u00e9rteis \u00e0s margens do rio Tubar\u00e3o, at\u00e9 os imigrantes que deixaram sua marca na cultura e arquitetura do munic\u00edpio, cada peda\u00e7o de hist\u00f3ria contribui para a riqueza e constru\u00e7\u00e3o da identidade. O Museu Willy Zumblick, com sua cole\u00e7\u00e3o diversificada e suas exposi\u00e7\u00f5es envolventes, \u00e9 um testemunho vivo do legado cultural preservado e compartilhado com as gera\u00e7\u00f5es futuras.<\/p>\n<p><img fetchpriority=\"high\" decoding=\"async\" class=\"alignnone size-full wp-image-12554\" src=\"http:\/\/sulsc.com\/wp-content\/uploads\/2024\/05\/Centro-Municipal-de-Cultura-scaled-1.jpg\" alt=\"\" width=\"2560\" height=\"1714\" srcset=\"https:\/\/sulsc.com\/wp-content\/uploads\/2024\/05\/Centro-Municipal-de-Cultura-scaled-1.jpg 2560w, https:\/\/sulsc.com\/wp-content\/uploads\/2024\/05\/Centro-Municipal-de-Cultura-scaled-1-300x201.jpg 300w, https:\/\/sulsc.com\/wp-content\/uploads\/2024\/05\/Centro-Municipal-de-Cultura-scaled-1-1024x686.jpg 1024w, https:\/\/sulsc.com\/wp-content\/uploads\/2024\/05\/Centro-Municipal-de-Cultura-scaled-1-768x514.jpg 768w, https:\/\/sulsc.com\/wp-content\/uploads\/2024\/05\/Centro-Municipal-de-Cultura-scaled-1-1536x1028.jpg 1536w, https:\/\/sulsc.com\/wp-content\/uploads\/2024\/05\/Centro-Municipal-de-Cultura-scaled-1-2048x1371.jpg 2048w\" sizes=\"(max-width: 2560px) 100vw, 2560px\" \/><\/p>\n<p>&nbsp;<\/p>\n<p><strong>Com\u00e9rcio e Ind\u00fastria Din\u00e2micos<\/strong><\/p>\n<p>A economia de Tubar\u00e3o \u00e9 um exemplo de diversifica\u00e7\u00e3o e robustez. Tubar\u00e3o \u00e9 um polo com ind\u00fastrias de cer\u00e2mica, metalurgia, t\u00eaxtil, aliment\u00edcia, madeireiro e moveleiro imenso. O com\u00e9rcio \u00e9 din\u00e2mico com shoppings, lojas especializadas e um mercado diversificado que atende tanto aos moradores quanto aos visitantes, al\u00e9m \u00e9 um verdadeiro caldeir\u00e3o de oportunidades, onde lojas tradicionais e empreendimentos inovadores se unem para oferecer uma experi\u00eancia \u00fanica aos moradores e visitantes. Do Centro Hist\u00f3rico \u00e0s modernas galerias comerciais, o com\u00e9rcio local \u00e9 um reflexo da diversidade e da vitalidade da cidade. Essa vitalidade econ\u00f4mica \u00e9 um reflexo do esp\u00edrito empreendedor e trabalhador dos tubaronenses.<\/p>\n<p>&nbsp;<\/p>\n<p>&nbsp;<\/p>\n<p><strong>Agricultura e Pecu\u00e1ria: A Base de Nossa Prosperidade<\/strong><\/p>\n<p>O campo \u00e9 t\u00e3o rico quanto a cidade. A agricultura e a pecu\u00e1ria desempenham pap\u00e9is fundamentais na economia, fornecendo alimentos para a popula\u00e7\u00e3o e gerando empregos em toda a cadeia produtiva. Al\u00e9m da ind\u00fastria e do com\u00e9rcio, a agricultura e a pecu\u00e1ria desempenham pap\u00e9is cruciais na economia de Tubar\u00e3o. A produ\u00e7\u00e3o agr\u00edcola inclui culturas como arroz, milho e fumo, enquanto a pecu\u00e1ria se destaca pela cria\u00e7\u00e3o de gado leiteiro e de corte. A combina\u00e7\u00e3o dessas atividades econ\u00f4micas diversificadas contribui para a resili\u00eancia econ\u00f4mica da cidade. Os produtores rurais de Tubar\u00e3o s\u00e3o verdadeiros guardi\u00f5es da terra, cultivando com amor e dedica\u00e7\u00e3o os alimentos que nos alimentam e nos conectam com nossa ess\u00eancia mais profunda.<\/p>\n<p>&nbsp;<\/p>\n<p><strong>Um Farol de Desenvolvimento Regional<\/strong><\/p>\n<p>Tubar\u00e3o \u00e9 muito mais do que uma cidade: \u00e9 um farol de desenvolvimento regional. Como membro ativo da Associa\u00e7\u00e3o de Munic\u00edpios da Regi\u00e3o de Laguna (AMUREL), o munic\u00edpio desempenha um papel crucial na promo\u00e7\u00e3o do desenvolvimento econ\u00f4mico, social e cultural de toda a regi\u00e3o. Com localiza\u00e7\u00e3o estrat\u00e9gica, no cora\u00e7\u00e3o de Santa Catarina, Tubar\u00e3o fica em uma posi\u00e7\u00e3o privilegiada para liderar iniciativas que beneficiam n\u00e3o apenas os cidad\u00e3os locais, mas tamb\u00e9m os vizinhos e parceiros.<\/p>\n<p>&nbsp;<\/p>\n<p><strong>Sa\u00fade e qualidade de Vida<\/strong><\/p>\n<p>A sa\u00fade \u00e9 prioridade. Com dois hospitais de renome: Hospital Nossa Senhora da Concei\u00e7\u00e3o e Hospital Unimed, al\u00e9m do Complexo M\u00e9dico ProVida, a cidade oferece uma gama de servi\u00e7os m\u00e9dicos de alta qualidade. Com m\u00e9dicos especializados, enfermeiros dedicados e uma variedade de cl\u00ednicas especializadas tamb\u00e9m em fisioterapia e odontologia, Tubar\u00e3o garante cuidados abrangentes para toda a comunidade. Essa infraestrutura m\u00e9dica robusta reflete o compromisso da cidade com o bem-estar e a qualidade de vida de seus habitantes, garantindo um futuro mais saud\u00e1vel e pr\u00f3spero para todos.<\/p>\n<p><img decoding=\"async\" class=\"alignnone size-full wp-image-12555\" src=\"http:\/\/sulsc.com\/wp-content\/uploads\/2024\/05\/Rio-Tubarao.jpg\" alt=\"\" width=\"2560\" height=\"1707\" srcset=\"https:\/\/sulsc.com\/wp-content\/uploads\/2024\/05\/Rio-Tubarao.jpg 2560w, https:\/\/sulsc.com\/wp-content\/uploads\/2024\/05\/Rio-Tubarao-300x200.jpg 300w, https:\/\/sulsc.com\/wp-content\/uploads\/2024\/05\/Rio-Tubarao-1024x683.jpg 1024w, https:\/\/sulsc.com\/wp-content\/uploads\/2024\/05\/Rio-Tubarao-768x512.jpg 768w, https:\/\/sulsc.com\/wp-content\/uploads\/2024\/05\/Rio-Tubarao-1536x1024.jpg 1536w, https:\/\/sulsc.com\/wp-content\/uploads\/2024\/05\/Rio-Tubarao-2048x1366.jpg 2048w\" sizes=\"(max-width: 2560px) 100vw, 2560px\" \/><\/p>\n<p><strong>Um Futuro Promissor<\/strong><\/p>\n<p>\u00c0 medida que se celebra 154 anos de hist\u00f3ria, \u00e9 imposs\u00edvel n\u00e3o olhar para o futuro com entusiasmo e otimismo. Tubar\u00e3o tem um potencial imenso para se tornar ainda mais pr\u00f3spera e inclusiva nos pr\u00f3ximos anos. Com investimentos em infraestrutura, tecnologia e educa\u00e7\u00e3o, pode criar um ambiente onde todos tenham a oportunidade de prosperar e contribuir para o bem-estar de comunidade.<\/p>\n<p>Ao passo que avan\u00e7a em dire\u00e7\u00e3o ao futuro, \u00e9 v\u00e1lido lembrar sempre das li\u00e7\u00f5es do passado como a for\u00e7a, identidade dos tubaronenses. Unidos, s\u00e3o capazes de superar qualquer desafio e alcan\u00e7ar os sonhos mais ambiciosos. Que os pr\u00f3ximos 154 anos sejam de ainda mais sucesso, prosperidade e felicidade para todos.<\/p>\n<p>Parab\u00e9ns, Tubar\u00e3o, pelos seus 154 anos de hist\u00f3ria! Que esta data seja n\u00e3o apenas uma celebra\u00e7\u00e3o do passado, mas tamb\u00e9m uma inspira\u00e7\u00e3o para o futuro. Com determina\u00e7\u00e3o, coragem e trabalho duro, construindo uma cidade melhor para todos. Que se possa continuar trilhando este caminho de progresso e realiza\u00e7\u00e3o por muitos e muitos anos. Viva Tubar\u00e3o!<\/p>\n<p><img decoding=\"async\" class=\"alignnone size-full wp-image-12556\" src=\"http:\/\/sulsc.com\/wp-content\/uploads\/2024\/05\/Casario-Historico-Centro-scaled-1.jpg\" alt=\"\" width=\"2560\" height=\"1714\" srcset=\"https:\/\/sulsc.com\/wp-content\/uploads\/2024\/05\/Casario-Historico-Centro-scaled-1.jpg 2560w, https:\/\/sulsc.com\/wp-content\/uploads\/2024\/05\/Casario-Historico-Centro-scaled-1-300x201.jpg 300w, https:\/\/sulsc.com\/wp-content\/uploads\/2024\/05\/Casario-Historico-Centro-scaled-1-1024x686.jpg 1024w, https:\/\/sulsc.com\/wp-content\/uploads\/2024\/05\/Casario-Historico-Centro-scaled-1-768x514.jpg 768w, https:\/\/sulsc.com\/wp-content\/uploads\/2024\/05\/Casario-Historico-Centro-scaled-1-1536x1028.jpg 1536w, https:\/\/sulsc.com\/wp-content\/uploads\/2024\/05\/Casario-Historico-Centro-scaled-1-2048x1371.jpg 2048w\" sizes=\"(max-width: 2560px) 100vw, 2560px\" \/><\/p>\n","protected":false},"excerpt":{"rendered":"<p>Neste dia especial, Tubar\u00e3o celebra 154 anos de uma trajet\u00f3ria marcada por desafios superados, conquistas alcan\u00e7adas e um potencial imenso para um futuro ainda mais promissor. Fundada em 27 de maio de 1870, nossa cidade, situada \u00e0s margens do rio que lhe empresta o nome, \u00e9 muito mais do que um ponto no mapa de &hellip;<\/p>\n<p class=\"read-more\"> <a class=\"\" href=\"https:\/\/sulsc.com\/index.php\/2024\/05\/27\/tubarao-154-anos-de-historia-identidade-e-progresso\/\"> <span class=\"screen-reader-text\">Tubar\u00e3o: 154 anos de hist\u00f3ria, identidade e progresso<\/span> Read More &raquo;<\/a><\/p>\n","protected":false},"author":3,"featured_media":12555,"comment_status":"open","ping_status":"open","sticky":false,"template":"","format":"standard","meta":{"site-sidebar-layout":"default","site-content-layout":"","ast-site-content-layout":"default","site-content-style":"default","site-sidebar-style":"default","ast-global-header-display":"","ast-banner-title-visibility":"","ast-main-header-display":"","ast-hfb-above-header-display":"","ast-hfb-below-header-display":"","ast-hfb-mobile-header-display":"","site-post-title":"","ast-breadcrumbs-content":"","ast-featured-img":"","footer-sml-layout":"","theme-transparent-header-meta":"default","adv-header-id-meta":"","stick-header-meta":"","header-above-stick-meta":"","header-main-stick-meta":"","header-below-stick-meta":"","astra-migrate-meta-layouts":"set","footnotes":""},"categories":[21],"tags":[1549,281,72],"yoast_head":"<!-- This site is optimized with the Yoast SEO plugin v21.4 - https:\/\/yoast.com\/wordpress\/plugins\/seo\/ -->\n<title>Tubar\u00e3o: 154 anos de hist\u00f3ria, identidade e progresso -<\/title>\n<meta name=\"description\" content=\"Equipe Sul SC\" \/>\n<meta name=\"robots\" content=\"index, follow, max-snippet:-1, max-image-preview:large, max-video-preview:-1\" \/>\n<link rel=\"canonical\" href=\"https:\/\/sulsc.com\/index.php\/2024\/05\/27\/tubarao-154-anos-de-historia-identidade-e-progresso\/\" \/>\n<meta property=\"og:locale\" content=\"en_US\" \/>\n<meta property=\"og:type\" content=\"article\" \/>\n<meta property=\"og:title\" content=\"Tubar\u00e3o: 154 anos de hist\u00f3ria, identidade e progresso -\" \/>\n<meta property=\"og:description\" content=\"Equipe Sul SC\" \/>\n<meta property=\"og:url\" content=\"https:\/\/sulsc.com\/index.php\/2024\/05\/27\/tubarao-154-anos-de-historia-identidade-e-progresso\/\" \/>\n<meta property=\"article:author\" content=\"https:\/\/www.facebook.com\/profile.php?id=61559278119680\" \/>\n<meta property=\"article:published_time\" content=\"2024-05-27T19:30:20+00:00\" \/>\n<meta property=\"article:modified_time\" content=\"2024-05-27T19:31:47+00:00\" \/>\n<meta property=\"og:image\" content=\"http:\/\/sulsc.com\/wp-content\/uploads\/2024\/05\/Rio-Tubarao.jpg\" \/>\n\t<meta property=\"og:image:width\" content=\"2560\" \/>\n\t<meta property=\"og:image:height\" content=\"1707\" \/>\n\t<meta property=\"og:image:type\" content=\"image\/jpeg\" \/>\n<meta name=\"author\" content=\"Reda\u00e7\u00e3o Sul SC\" \/>\n<meta name=\"twitter:card\" content=\"summary_large_image\" \/>\n<meta name=\"twitter:creator\" content=\"@https:\/\/twitter.com\/PortalSulSC\" \/>\n<meta name=\"twitter:label1\" content=\"Written by\" \/>\n\t<meta name=\"twitter:data1\" content=\"Reda\u00e7\u00e3o Sul SC\" \/>\n\t<meta name=\"twitter:label2\" content=\"Est. reading time\" \/>\n\t<meta name=\"twitter:data2\" content=\"4 minutes\" \/>\n<script type=\"application\/ld+json\" class=\"yoast-schema-graph\">{\"@context\":\"https:\/\/schema.org\",\"@graph\":[{\"@type\":\"WebPage\",\"@id\":\"https:\/\/sulsc.com\/index.php\/2024\/05\/27\/tubarao-154-anos-de-historia-identidade-e-progresso\/\",\"url\":\"https:\/\/sulsc.com\/index.php\/2024\/05\/27\/tubarao-154-anos-de-historia-identidade-e-progresso\/\",\"name\":\"Tubar\u00e3o: 154 anos de hist\u00f3ria, identidade e progresso -\",\"isPartOf\":{\"@id\":\"https:\/\/sulsc.com\/#website\"},\"datePublished\":\"2024-05-27T19:30:20+00:00\",\"dateModified\":\"2024-05-27T19:31:47+00:00\",\"author\":{\"@id\":\"https:\/\/sulsc.com\/#\/schema\/person\/84d2fc571684f6248ba83092f07750a3\"},\"description\":\"Equipe Sul SC\",\"breadcrumb\":{\"@id\":\"https:\/\/sulsc.com\/index.php\/2024\/05\/27\/tubarao-154-anos-de-historia-identidade-e-progresso\/#breadcrumb\"},\"inLanguage\":\"en-US\",\"potentialAction\":[{\"@type\":\"ReadAction\",\"target\":[\"https:\/\/sulsc.com\/index.php\/2024\/05\/27\/tubarao-154-anos-de-historia-identidade-e-progresso\/\"]}]},{\"@type\":\"BreadcrumbList\",\"@id\":\"https:\/\/sulsc.com\/index.php\/2024\/05\/27\/tubarao-154-anos-de-historia-identidade-e-progresso\/#breadcrumb\",\"itemListElement\":[{\"@type\":\"ListItem\",\"position\":1,\"name\":\"In\u00edcio\",\"item\":\"https:\/\/sulsc.com\/\"},{\"@type\":\"ListItem\",\"position\":2,\"name\":\"Tubar\u00e3o: 154 anos de hist\u00f3ria, identidade e progresso\"}]},{\"@type\":\"WebSite\",\"@id\":\"https:\/\/sulsc.com\/#website\",\"url\":\"https:\/\/sulsc.com\/\",\"name\":\"\",\"description\":\"\",\"potentialAction\":[{\"@type\":\"SearchAction\",\"target\":{\"@type\":\"EntryPoint\",\"urlTemplate\":\"https:\/\/sulsc.com\/?s={search_term_string}\"},\"query-input\":\"required name=search_term_string\"}],\"inLanguage\":\"en-US\"},{\"@type\":\"Person\",\"@id\":\"https:\/\/sulsc.com\/#\/schema\/person\/84d2fc571684f6248ba83092f07750a3\",\"name\":\"Reda\u00e7\u00e3o Sul SC\",\"image\":{\"@type\":\"ImageObject\",\"inLanguage\":\"en-US\",\"@id\":\"https:\/\/sulsc.com\/#\/schema\/person\/image\/e08d7fe2cc4ed596372063bbe852b8d0\",\"url\":\"https:\/\/sulsc.com\/wp-content\/uploads\/2023\/09\/redacao.png\",\"contentUrl\":\"https:\/\/sulsc.com\/wp-content\/uploads\/2023\/09\/redacao.png\",\"caption\":\"Reda\u00e7\u00e3o Sul SC\"},\"description\":\"Foco em um jornalismo imparcial, voltado \u00e0 qualidade dos seus conte\u00fados e, assim, levar informa\u00e7\u00e3o de valor que agregue \u00e0 vida dos leitores. Esta \u00e9 grande miss\u00e3o do Portal de Not\u00edcias Sul SC. N\u00e3o \u00e9 quantidade que muda o mundo, sempre foi e seguir\u00e1 sendo qualidade!\",\"sameAs\":[\"https:\/\/sulsc.com\/\",\"https:\/\/www.facebook.com\/profile.php?id=61559278119680\",\"https:\/\/www.instagram.com\/sulscportal\/?hl=pt-br\",\"https:\/\/twitter.com\/https:\/\/twitter.com\/PortalSulSC\",\"https:\/\/www.youtube.com\/channel\/UCv_BE8GeySluDov2n8qhVmw\"],\"url\":\"https:\/\/sulsc.com\/index.php\/author\/redacao\/\"}]}<\/script>\n<!-- \/ Yoast SEO plugin. -->","yoast_head_json":{"title":"Tubar\u00e3o: 154 anos de hist\u00f3ria, identidade e progresso -","description":"Equipe Sul SC","robots":{"index":"index","follow":"follow","max-snippet":"max-snippet:-1","max-image-preview":"max-image-preview:large","max-video-preview":"max-video-preview:-1"},"canonical":"https:\/\/sulsc.com\/index.php\/2024\/05\/27\/tubarao-154-anos-de-historia-identidade-e-progresso\/","og_locale":"en_US","og_type":"article","og_title":"Tubar\u00e3o: 154 anos de hist\u00f3ria, identidade e progresso -","og_description":"Equipe Sul SC","og_url":"https:\/\/sulsc.com\/index.php\/2024\/05\/27\/tubarao-154-anos-de-historia-identidade-e-progresso\/","article_author":"https:\/\/www.facebook.com\/profile.php?id=61559278119680","article_published_time":"2024-05-27T19:30:20+00:00","article_modified_time":"2024-05-27T19:31:47+00:00","og_image":[{"width":2560,"height":1707,"url":"http:\/\/sulsc.com\/wp-content\/uploads\/2024\/05\/Rio-Tubarao.jpg","type":"image\/jpeg"}],"author":"Reda\u00e7\u00e3o Sul SC","twitter_card":"summary_large_image","twitter_creator":"@https:\/\/twitter.com\/PortalSulSC","twitter_misc":{"Written by":"Reda\u00e7\u00e3o Sul SC","Est. reading time":"4 minutes"},"schema":{"@context":"https:\/\/schema.org","@graph":[{"@type":"WebPage","@id":"https:\/\/sulsc.com\/index.php\/2024\/05\/27\/tubarao-154-anos-de-historia-identidade-e-progresso\/","url":"https:\/\/sulsc.com\/index.php\/2024\/05\/27\/tubarao-154-anos-de-historia-identidade-e-progresso\/","name":"Tubar\u00e3o: 154 anos de hist\u00f3ria, identidade e progresso -","isPartOf":{"@id":"https:\/\/sulsc.com\/#website"},"datePublished":"2024-05-27T19:30:20+00:00","dateModified":"2024-05-27T19:31:47+00:00","author":{"@id":"https:\/\/sulsc.com\/#\/schema\/person\/84d2fc571684f6248ba83092f07750a3"},"description":"Equipe Sul SC","breadcrumb":{"@id":"https:\/\/sulsc.com\/index.php\/2024\/05\/27\/tubarao-154-anos-de-historia-identidade-e-progresso\/#breadcrumb"},"inLanguage":"en-US","potentialAction":[{"@type":"ReadAction","target":["https:\/\/sulsc.com\/index.php\/2024\/05\/27\/tubarao-154-anos-de-historia-identidade-e-progresso\/"]}]},{"@type":"BreadcrumbList","@id":"https:\/\/sulsc.com\/index.php\/2024\/05\/27\/tubarao-154-anos-de-historia-identidade-e-progresso\/#breadcrumb","itemListElement":[{"@type":"ListItem","position":1,"name":"In\u00edcio","item":"https:\/\/sulsc.com\/"},{"@type":"ListItem","position":2,"name":"Tubar\u00e3o: 154 anos de hist\u00f3ria, identidade e progresso"}]},{"@type":"WebSite","@id":"https:\/\/sulsc.com\/#website","url":"https:\/\/sulsc.com\/","name":"","description":"","potentialAction":[{"@type":"SearchAction","target":{"@type":"EntryPoint","urlTemplate":"https:\/\/sulsc.com\/?s={search_term_string}"},"query-input":"required name=search_term_string"}],"inLanguage":"en-US"},{"@type":"Person","@id":"https:\/\/sulsc.com\/#\/schema\/person\/84d2fc571684f6248ba83092f07750a3","name":"Reda\u00e7\u00e3o Sul SC","image":{"@type":"ImageObject","inLanguage":"en-US","@id":"https:\/\/sulsc.com\/#\/schema\/person\/image\/e08d7fe2cc4ed596372063bbe852b8d0","url":"https:\/\/sulsc.com\/wp-content\/uploads\/2023\/09\/redacao.png","contentUrl":"https:\/\/sulsc.com\/wp-content\/uploads\/2023\/09\/redacao.png","caption":"Reda\u00e7\u00e3o Sul SC"},"description":"Foco em um jornalismo imparcial, voltado \u00e0 qualidade dos seus conte\u00fados e, assim, levar informa\u00e7\u00e3o de valor que agregue \u00e0 vida dos leitores. Esta \u00e9 grande miss\u00e3o do Portal de Not\u00edcias Sul SC. N\u00e3o \u00e9 quantidade que muda o mundo, sempre foi e seguir\u00e1 sendo qualidade!","sameAs":["https:\/\/sulsc.com\/","https:\/\/www.facebook.com\/profile.php?id=61559278119680","https:\/\/www.instagram.com\/sulscportal\/?hl=pt-br","https:\/\/twitter.com\/https:\/\/twitter.com\/PortalSulSC","https:\/\/www.youtube.com\/channel\/UCv_BE8GeySluDov2n8qhVmw"],"url":"https:\/\/sulsc.com\/index.php\/author\/redacao\/"}]}},"authors":[],"_links":{"self":[{"href":"https:\/\/sulsc.com\/index.php\/wp-json\/wp\/v2\/posts\/12548"}],"collection":[{"href":"https:\/\/sulsc.com\/index.php\/wp-json\/wp\/v2\/posts"}],"about":[{"href":"https:\/\/sulsc.com\/index.php\/wp-json\/wp\/v2\/types\/post"}],"author":[{"embeddable":true,"href":"https:\/\/sulsc.com\/index.php\/wp-json\/wp\/v2\/users\/3"}],"replies":[{"embeddable":true,"href":"https:\/\/sulsc.com\/index.php\/wp-json\/wp\/v2\/comments?post=12548"}],"version-history":[{"count":1,"href":"https:\/\/sulsc.com\/index.php\/wp-json\/wp\/v2\/posts\/12548\/revisions"}],"predecessor-version":[{"id":12557,"href":"https:\/\/sulsc.com\/index.php\/wp-json\/wp\/v2\/posts\/12548\/revisions\/12557"}],"wp:featuredmedia":[{"embeddable":true,"href":"https:\/\/sulsc.com\/index.php\/wp-json\/wp\/v2\/media\/12555"}],"wp:attachment":[{"href":"https:\/\/sulsc.com\/index.php\/wp-json\/wp\/v2\/media?parent=12548"}],"wp:term":[{"taxonomy":"category","embeddable":true,"href":"https:\/\/sulsc.com\/index.php\/wp-json\/wp\/v2\/categories?post=12548"},{"taxonomy":"post_tag","embeddable":true,"href":"https:\/\/sulsc.com\/index.php\/wp-json\/wp\/v2\/tags?post=12548"}],"curies":[{"name":"wp","href":"https:\/\/api.w.org\/{rel}","templated":true}]}}