{"id":12703,"date":"2024-06-01T06:57:27","date_gmt":"2024-06-01T09:57:27","guid":{"rendered":"https:\/\/sulsc.com\/?p=12703"},"modified":"2024-06-01T06:57:27","modified_gmt":"2024-06-01T09:57:27","slug":"sol-predomina-neste-sabado-01-em-sc","status":"publish","type":"post","link":"https:\/\/sulsc.com\/index.php\/2024\/06\/01\/sol-predomina-neste-sabado-01-em-sc\/","title":{"rendered":"Sol predomina neste s\u00e1bado (01), em SC"},"content":{"rendered":"<p>O m\u00eas de junho inicia sob atua\u00e7\u00e3o de uma massa de ar seco e frio, que mant\u00e9m o tempo firme em Santa Catarina. O amanhecer do\u00a0<b>s\u00e1bado (01)<\/b>\u00a0ser\u00e1 de temperaturas baixas, com condi\u00e7\u00f5es para forma\u00e7\u00e3o de nevoeiros pelo estado e de geada nos pontos mais altos da Serra. Temperaturas m\u00ednimas variam de 6 a 9\u00b0C entre o Grande Oeste e os planaltos, ficando entre 3 e 5\u00b0C na Serra. No litoral e \u00e1reas pr\u00f3ximas as m\u00ednimas ficam entre 9 e 14\u00b0C.<\/p>\n<p><img fetchpriority=\"high\" decoding=\"async\" class=\"aligncenter size-full wp-image-12705\" src=\"http:\/\/sulsc.com\/wp-content\/uploads\/2024\/06\/Mare.png\" alt=\"\" width=\"768\" height=\"526\" srcset=\"https:\/\/sulsc.com\/wp-content\/uploads\/2024\/06\/Mare.png 768w, https:\/\/sulsc.com\/wp-content\/uploads\/2024\/06\/Mare-300x205.png 300w\" sizes=\"(max-width: 768px) 100vw, 768px\" \/><\/p>\n<p><img decoding=\"async\" class=\"aligncenter  wp-image-12649\" src=\"http:\/\/sulsc.com\/wp-content\/uploads\/2024\/05\/mar.jpeg\" alt=\"\" width=\"251\" height=\"79\" srcset=\"https:\/\/sulsc.com\/wp-content\/uploads\/2024\/05\/mar.jpeg 973w, https:\/\/sulsc.com\/wp-content\/uploads\/2024\/05\/mar-300x94.jpeg 300w, https:\/\/sulsc.com\/wp-content\/uploads\/2024\/05\/mar-768x242.jpeg 768w\" sizes=\"(max-width: 251px) 100vw, 251px\" \/><\/p>\n<p>Com o predom\u00ednio do sol, as temperaturas se elevam at\u00e9 a tarde, com m\u00e1ximas na casa dos 20 aos 22\u00b0C no Grande Oeste e litoral e entre 16 e 20\u00b0C nas demais regi\u00f5es. Os ventos do quadrante norte voltam a ganhar for\u00e7a entre o Litoral Sul e a Grande Florian\u00f3polis a partir da tarde, com rajadas entre 40 e 60 km\/h, mas\u00a0<b>o risco \u00e9 baixo para ocorr\u00eancias associadas.<\/b><\/p>\n<p>Fonte: Defesa Civil SC\/ Meteorologista: Nicolle Reis<\/p>\n","protected":false},"excerpt":{"rendered":"<p>O m\u00eas de junho inicia sob atua\u00e7\u00e3o de uma massa de ar seco e frio, que mant\u00e9m o tempo firme em Santa Catarina. O amanhecer do\u00a0s\u00e1bado (01)\u00a0ser\u00e1 de temperaturas baixas, com condi\u00e7\u00f5es para forma\u00e7\u00e3o de nevoeiros pelo estado e de geada nos pontos mais altos da Serra. Temperaturas m\u00ednimas variam de 6 a 9\u00b0C entre &hellip;<\/p>\n<p class=\"read-more\"> <a class=\"\" href=\"https:\/\/sulsc.com\/index.php\/2024\/06\/01\/sol-predomina-neste-sabado-01-em-sc\/\"> <span class=\"screen-reader-text\">Sol predomina neste s\u00e1bado (01), em SC<\/span> Read More &raquo;<\/a><\/p>\n","protected":false},"author":3,"featured_media":12704,"comment_status":"open","ping_status":"open","sticky":false,"template":"","format":"standard","meta":{"site-sidebar-layout":"default","site-content-layout":"","ast-site-content-layout":"default","site-content-style":"default","site-sidebar-style":"default","ast-global-header-display":"","ast-banner-title-visibility":"","ast-main-header-display":"","ast-hfb-above-header-display":"","ast-hfb-below-header-display":"","ast-hfb-mobile-header-display":"","site-post-title":"","ast-breadcrumbs-content":"","ast-featured-img":"","footer-sml-layout":"","theme-transparent-header-meta":"default","adv-header-id-meta":"","stick-header-meta":"","header-above-stick-meta":"","header-main-stick-meta":"","header-below-stick-meta":"","astra-migrate-meta-layouts":"set","footnotes":""},"categories":[38],"tags":[89],"yoast_head":"<!-- This site is optimized with the Yoast SEO plugin v21.4 - https:\/\/yoast.com\/wordpress\/plugins\/seo\/ -->\n<title>Sol predomina neste s\u00e1bado (01), em SC -<\/title>\n<meta name=\"description\" content=\"O amanhecer do\u00a0s\u00e1bado (01)\u00a0ser\u00e1 de temperaturas baixas, com condi\u00e7\u00f5es para forma\u00e7\u00e3o de nevoeiros pelo estado e de geada nos pontos mais altos\" \/>\n<meta name=\"robots\" content=\"index, follow, max-snippet:-1, max-image-preview:large, max-video-preview:-1\" \/>\n<link rel=\"canonical\" href=\"https:\/\/sulsc.com\/index.php\/2024\/06\/01\/sol-predomina-neste-sabado-01-em-sc\/\" \/>\n<meta property=\"og:locale\" content=\"en_US\" \/>\n<meta property=\"og:type\" content=\"article\" \/>\n<meta property=\"og:title\" content=\"Sol predomina neste s\u00e1bado (01), em SC -\" \/>\n<meta property=\"og:description\" content=\"O amanhecer do\u00a0s\u00e1bado (01)\u00a0ser\u00e1 de temperaturas baixas, com condi\u00e7\u00f5es para forma\u00e7\u00e3o de nevoeiros pelo estado e de geada nos pontos mais altos\" \/>\n<meta property=\"og:url\" content=\"https:\/\/sulsc.com\/index.php\/2024\/06\/01\/sol-predomina-neste-sabado-01-em-sc\/\" \/>\n<meta property=\"article:author\" content=\"https:\/\/www.facebook.com\/profile.php?id=61559278119680\" \/>\n<meta property=\"article:published_time\" content=\"2024-06-01T09:57:27+00:00\" \/>\n<meta property=\"og:image\" content=\"http:\/\/sulsc.com\/wp-content\/uploads\/2024\/06\/sol.jpeg\" \/>\n\t<meta property=\"og:image:width\" content=\"1024\" \/>\n\t<meta property=\"og:image:height\" content=\"685\" \/>\n\t<meta property=\"og:image:type\" content=\"image\/jpeg\" \/>\n<meta name=\"author\" content=\"Reda\u00e7\u00e3o Sul SC\" \/>\n<meta name=\"twitter:card\" content=\"summary_large_image\" \/>\n<meta name=\"twitter:creator\" content=\"@https:\/\/twitter.com\/PortalSulSC\" \/>\n<meta name=\"twitter:label1\" content=\"Written by\" \/>\n\t<meta name=\"twitter:data1\" content=\"Reda\u00e7\u00e3o Sul SC\" \/>\n\t<meta name=\"twitter:label2\" content=\"Est. reading time\" \/>\n\t<meta name=\"twitter:data2\" content=\"2 minutes\" \/>\n<script type=\"application\/ld+json\" class=\"yoast-schema-graph\">{\"@context\":\"https:\/\/schema.org\",\"@graph\":[{\"@type\":\"WebPage\",\"@id\":\"https:\/\/sulsc.com\/index.php\/2024\/06\/01\/sol-predomina-neste-sabado-01-em-sc\/\",\"url\":\"https:\/\/sulsc.com\/index.php\/2024\/06\/01\/sol-predomina-neste-sabado-01-em-sc\/\",\"name\":\"Sol predomina neste s\u00e1bado (01), em SC -\",\"isPartOf\":{\"@id\":\"https:\/\/sulsc.com\/#website\"},\"datePublished\":\"2024-06-01T09:57:27+00:00\",\"dateModified\":\"2024-06-01T09:57:27+00:00\",\"author\":{\"@id\":\"https:\/\/sulsc.com\/#\/schema\/person\/84d2fc571684f6248ba83092f07750a3\"},\"description\":\"O amanhecer do\u00a0s\u00e1bado (01)\u00a0ser\u00e1 de temperaturas baixas, com condi\u00e7\u00f5es para forma\u00e7\u00e3o de nevoeiros pelo estado e de geada nos pontos mais altos\",\"breadcrumb\":{\"@id\":\"https:\/\/sulsc.com\/index.php\/2024\/06\/01\/sol-predomina-neste-sabado-01-em-sc\/#breadcrumb\"},\"inLanguage\":\"en-US\",\"potentialAction\":[{\"@type\":\"ReadAction\",\"target\":[\"https:\/\/sulsc.com\/index.php\/2024\/06\/01\/sol-predomina-neste-sabado-01-em-sc\/\"]}]},{\"@type\":\"BreadcrumbList\",\"@id\":\"https:\/\/sulsc.com\/index.php\/2024\/06\/01\/sol-predomina-neste-sabado-01-em-sc\/#breadcrumb\",\"itemListElement\":[{\"@type\":\"ListItem\",\"position\":1,\"name\":\"In\u00edcio\",\"item\":\"https:\/\/sulsc.com\/\"},{\"@type\":\"ListItem\",\"position\":2,\"name\":\"Sol predomina neste s\u00e1bado (01), em SC\"}]},{\"@type\":\"WebSite\",\"@id\":\"https:\/\/sulsc.com\/#website\",\"url\":\"https:\/\/sulsc.com\/\",\"name\":\"\",\"description\":\"\",\"potentialAction\":[{\"@type\":\"SearchAction\",\"target\":{\"@type\":\"EntryPoint\",\"urlTemplate\":\"https:\/\/sulsc.com\/?s={search_term_string}\"},\"query-input\":\"required name=search_term_string\"}],\"inLanguage\":\"en-US\"},{\"@type\":\"Person\",\"@id\":\"https:\/\/sulsc.com\/#\/schema\/person\/84d2fc571684f6248ba83092f07750a3\",\"name\":\"Reda\u00e7\u00e3o Sul SC\",\"image\":{\"@type\":\"ImageObject\",\"inLanguage\":\"en-US\",\"@id\":\"https:\/\/sulsc.com\/#\/schema\/person\/image\/e08d7fe2cc4ed596372063bbe852b8d0\",\"url\":\"https:\/\/sulsc.com\/wp-content\/uploads\/2023\/09\/redacao.png\",\"contentUrl\":\"https:\/\/sulsc.com\/wp-content\/uploads\/2023\/09\/redacao.png\",\"caption\":\"Reda\u00e7\u00e3o Sul SC\"},\"description\":\"Foco em um jornalismo imparcial, voltado \u00e0 qualidade dos seus conte\u00fados e, assim, levar informa\u00e7\u00e3o de valor que agregue \u00e0 vida dos leitores. Esta \u00e9 grande miss\u00e3o do Portal de Not\u00edcias Sul SC. N\u00e3o \u00e9 quantidade que muda o mundo, sempre foi e seguir\u00e1 sendo qualidade!\",\"sameAs\":[\"https:\/\/sulsc.com\/\",\"https:\/\/www.facebook.com\/profile.php?id=61559278119680\",\"https:\/\/www.instagram.com\/sulscportal\/?hl=pt-br\",\"https:\/\/twitter.com\/https:\/\/twitter.com\/PortalSulSC\",\"https:\/\/www.youtube.com\/channel\/UCv_BE8GeySluDov2n8qhVmw\"],\"url\":\"https:\/\/sulsc.com\/index.php\/author\/redacao\/\"}]}<\/script>\n<!-- \/ Yoast SEO plugin. -->","yoast_head_json":{"title":"Sol predomina neste s\u00e1bado (01), em SC -","description":"O amanhecer do\u00a0s\u00e1bado (01)\u00a0ser\u00e1 de temperaturas baixas, com condi\u00e7\u00f5es para forma\u00e7\u00e3o de nevoeiros pelo estado e de geada nos pontos mais altos","robots":{"index":"index","follow":"follow","max-snippet":"max-snippet:-1","max-image-preview":"max-image-preview:large","max-video-preview":"max-video-preview:-1"},"canonical":"https:\/\/sulsc.com\/index.php\/2024\/06\/01\/sol-predomina-neste-sabado-01-em-sc\/","og_locale":"en_US","og_type":"article","og_title":"Sol predomina neste s\u00e1bado (01), em SC -","og_description":"O amanhecer do\u00a0s\u00e1bado (01)\u00a0ser\u00e1 de temperaturas baixas, com condi\u00e7\u00f5es para forma\u00e7\u00e3o de nevoeiros pelo estado e de geada nos pontos mais altos","og_url":"https:\/\/sulsc.com\/index.php\/2024\/06\/01\/sol-predomina-neste-sabado-01-em-sc\/","article_author":"https:\/\/www.facebook.com\/profile.php?id=61559278119680","article_published_time":"2024-06-01T09:57:27+00:00","og_image":[{"width":1024,"height":685,"url":"http:\/\/sulsc.com\/wp-content\/uploads\/2024\/06\/sol.jpeg","type":"image\/jpeg"}],"author":"Reda\u00e7\u00e3o Sul SC","twitter_card":"summary_large_image","twitter_creator":"@https:\/\/twitter.com\/PortalSulSC","twitter_misc":{"Written by":"Reda\u00e7\u00e3o Sul SC","Est. reading time":"2 minutes"},"schema":{"@context":"https:\/\/schema.org","@graph":[{"@type":"WebPage","@id":"https:\/\/sulsc.com\/index.php\/2024\/06\/01\/sol-predomina-neste-sabado-01-em-sc\/","url":"https:\/\/sulsc.com\/index.php\/2024\/06\/01\/sol-predomina-neste-sabado-01-em-sc\/","name":"Sol predomina neste s\u00e1bado (01), em SC -","isPartOf":{"@id":"https:\/\/sulsc.com\/#website"},"datePublished":"2024-06-01T09:57:27+00:00","dateModified":"2024-06-01T09:57:27+00:00","author":{"@id":"https:\/\/sulsc.com\/#\/schema\/person\/84d2fc571684f6248ba83092f07750a3"},"description":"O amanhecer do\u00a0s\u00e1bado (01)\u00a0ser\u00e1 de temperaturas baixas, com condi\u00e7\u00f5es para forma\u00e7\u00e3o de nevoeiros pelo estado e de geada nos pontos mais altos","breadcrumb":{"@id":"https:\/\/sulsc.com\/index.php\/2024\/06\/01\/sol-predomina-neste-sabado-01-em-sc\/#breadcrumb"},"inLanguage":"en-US","potentialAction":[{"@type":"ReadAction","target":["https:\/\/sulsc.com\/index.php\/2024\/06\/01\/sol-predomina-neste-sabado-01-em-sc\/"]}]},{"@type":"BreadcrumbList","@id":"https:\/\/sulsc.com\/index.php\/2024\/06\/01\/sol-predomina-neste-sabado-01-em-sc\/#breadcrumb","itemListElement":[{"@type":"ListItem","position":1,"name":"In\u00edcio","item":"https:\/\/sulsc.com\/"},{"@type":"ListItem","position":2,"name":"Sol predomina neste s\u00e1bado (01), em SC"}]},{"@type":"WebSite","@id":"https:\/\/sulsc.com\/#website","url":"https:\/\/sulsc.com\/","name":"","description":"","potentialAction":[{"@type":"SearchAction","target":{"@type":"EntryPoint","urlTemplate":"https:\/\/sulsc.com\/?s={search_term_string}"},"query-input":"required name=search_term_string"}],"inLanguage":"en-US"},{"@type":"Person","@id":"https:\/\/sulsc.com\/#\/schema\/person\/84d2fc571684f6248ba83092f07750a3","name":"Reda\u00e7\u00e3o Sul SC","image":{"@type":"ImageObject","inLanguage":"en-US","@id":"https:\/\/sulsc.com\/#\/schema\/person\/image\/e08d7fe2cc4ed596372063bbe852b8d0","url":"https:\/\/sulsc.com\/wp-content\/uploads\/2023\/09\/redacao.png","contentUrl":"https:\/\/sulsc.com\/wp-content\/uploads\/2023\/09\/redacao.png","caption":"Reda\u00e7\u00e3o Sul SC"},"description":"Foco em um jornalismo imparcial, voltado \u00e0 qualidade dos seus conte\u00fados e, assim, levar informa\u00e7\u00e3o de valor que agregue \u00e0 vida dos leitores. Esta \u00e9 grande miss\u00e3o do Portal de Not\u00edcias Sul SC. N\u00e3o \u00e9 quantidade que muda o mundo, sempre foi e seguir\u00e1 sendo qualidade!","sameAs":["https:\/\/sulsc.com\/","https:\/\/www.facebook.com\/profile.php?id=61559278119680","https:\/\/www.instagram.com\/sulscportal\/?hl=pt-br","https:\/\/twitter.com\/https:\/\/twitter.com\/PortalSulSC","https:\/\/www.youtube.com\/channel\/UCv_BE8GeySluDov2n8qhVmw"],"url":"https:\/\/sulsc.com\/index.php\/author\/redacao\/"}]}},"authors":[],"_links":{"self":[{"href":"https:\/\/sulsc.com\/index.php\/wp-json\/wp\/v2\/posts\/12703"}],"collection":[{"href":"https:\/\/sulsc.com\/index.php\/wp-json\/wp\/v2\/posts"}],"about":[{"href":"https:\/\/sulsc.com\/index.php\/wp-json\/wp\/v2\/types\/post"}],"author":[{"embeddable":true,"href":"https:\/\/sulsc.com\/index.php\/wp-json\/wp\/v2\/users\/3"}],"replies":[{"embeddable":true,"href":"https:\/\/sulsc.com\/index.php\/wp-json\/wp\/v2\/comments?post=12703"}],"version-history":[{"count":1,"href":"https:\/\/sulsc.com\/index.php\/wp-json\/wp\/v2\/posts\/12703\/revisions"}],"predecessor-version":[{"id":12706,"href":"https:\/\/sulsc.com\/index.php\/wp-json\/wp\/v2\/posts\/12703\/revisions\/12706"}],"wp:featuredmedia":[{"embeddable":true,"href":"https:\/\/sulsc.com\/index.php\/wp-json\/wp\/v2\/media\/12704"}],"wp:attachment":[{"href":"https:\/\/sulsc.com\/index.php\/wp-json\/wp\/v2\/media?parent=12703"}],"wp:term":[{"taxonomy":"category","embeddable":true,"href":"https:\/\/sulsc.com\/index.php\/wp-json\/wp\/v2\/categories?post=12703"},{"taxonomy":"post_tag","embeddable":true,"href":"https:\/\/sulsc.com\/index.php\/wp-json\/wp\/v2\/tags?post=12703"}],"curies":[{"name":"wp","href":"https:\/\/api.w.org\/{rel}","templated":true}]}}