{"id":12793,"date":"2024-06-04T09:10:23","date_gmt":"2024-06-04T12:10:23","guid":{"rendered":"https:\/\/sulsc.com\/?p=12793"},"modified":"2024-06-04T09:12:01","modified_gmt":"2024-06-04T12:12:01","slug":"incendio-deixa-dois-homens-gravemente-feridos-em-oficina-de-motos-em-itajai","status":"publish","type":"post","link":"https:\/\/sulsc.com\/index.php\/2024\/06\/04\/incendio-deixa-dois-homens-gravemente-feridos-em-oficina-de-motos-em-itajai\/","title":{"rendered":"Inc\u00eandio deixa dois homens gravemente feridos em oficina de motos, em Itaja\u00ed"},"content":{"rendered":"<p>Um incidente em que dois homens tiveram ferimentos graves, com queimaduras, foi registrado em uma oficina de motos, no bairro S\u00e3o Jo\u00e3o, em Itaja\u00ed. O fato ocorreu durante um inc\u00eandio na tarde desta segunda-feira (3). A informa\u00e7\u00e3o foi repassada pelo Corpo de Bombeiros Militar. Testemunhas disseram \u00e0 Pol\u00edcia Militar que ouviram uma explos\u00e3o.<\/p>\n<p>Um morador tamb\u00e9m declarou aos policiais que viu uma das v\u00edtimas em chamas e rolando no ch\u00e3o. De acordo com os socorristas, os feridos tiveram queimaduras de segundo e terceiro graus e praticamente todo o corpo queimado. Os bombeiros foram chamados pela central de emerg\u00eancia pouco depois das 15h.<\/p>\n<p>Pelas primeiras informa\u00e7\u00f5es da PM, os dois homens trabalharam pr\u00f3ximo a um gal\u00e3o de gasolina. Al\u00e9m dos socorristas, o Servi\u00e7o de Atendimento M\u00f3vel de Urg\u00eancia (Samu) tamb\u00e9m foi acionado e esteve no lugar onde houve o inc\u00eandio, com uma ambul\u00e2ncia b\u00e1sica e outra avan\u00e7ada. Os dois homens receberam os primeiros socorros no local e foram levados ao hospital.<\/p>\n<p>Em rela\u00e7\u00e3o a causas do inc\u00eandio, os bombeiros disseram que n\u00e3o \u00e9 poss\u00edvel afirmar o que ocorreu ou ter certeza se houve explos\u00e3o, neste momento. Ser\u00e1 necess\u00e1rio fazer per\u00edcia.<\/p>\n<p><img fetchpriority=\"high\" decoding=\"async\" class=\"alignnone size-full wp-image-12794\" src=\"http:\/\/sulsc.com\/wp-content\/uploads\/2024\/06\/Incendio-deixa-dois-homens-gravemente-feridos-em-oficina-de-motos.jpg\" alt=\"\" width=\"700\" height=\"495\" srcset=\"https:\/\/sulsc.com\/wp-content\/uploads\/2024\/06\/Incendio-deixa-dois-homens-gravemente-feridos-em-oficina-de-motos.jpg 700w, https:\/\/sulsc.com\/wp-content\/uploads\/2024\/06\/Incendio-deixa-dois-homens-gravemente-feridos-em-oficina-de-motos-300x212.jpg 300w\" sizes=\"(max-width: 700px) 100vw, 700px\" \/><\/p>\n<p>Fonte: Hora Hiper<\/p>\n","protected":false},"excerpt":{"rendered":"<p>Um incidente em que dois homens tiveram ferimentos graves, com queimaduras, foi registrado em uma oficina de motos, no bairro S\u00e3o Jo\u00e3o, em Itaja\u00ed. O fato ocorreu durante um inc\u00eandio na tarde desta segunda-feira (3). A informa\u00e7\u00e3o foi repassada pelo Corpo de Bombeiros Militar. Testemunhas disseram \u00e0 Pol\u00edcia Militar que ouviram uma explos\u00e3o. Um morador &hellip;<\/p>\n<p class=\"read-more\"> <a class=\"\" href=\"https:\/\/sulsc.com\/index.php\/2024\/06\/04\/incendio-deixa-dois-homens-gravemente-feridos-em-oficina-de-motos-em-itajai\/\"> <span class=\"screen-reader-text\">Inc\u00eandio deixa dois homens gravemente feridos em oficina de motos, em Itaja\u00ed<\/span> Read More &raquo;<\/a><\/p>\n","protected":false},"author":3,"featured_media":12794,"comment_status":"open","ping_status":"open","sticky":false,"template":"","format":"standard","meta":{"site-sidebar-layout":"default","site-content-layout":"","ast-site-content-layout":"default","site-content-style":"default","site-sidebar-style":"default","ast-global-header-display":"","ast-banner-title-visibility":"","ast-main-header-display":"","ast-hfb-above-header-display":"","ast-hfb-below-header-display":"","ast-hfb-mobile-header-display":"","site-post-title":"","ast-breadcrumbs-content":"","ast-featured-img":"","footer-sml-layout":"","theme-transparent-header-meta":"default","adv-header-id-meta":"","stick-header-meta":"","header-above-stick-meta":"","header-main-stick-meta":"","header-below-stick-meta":"","astra-migrate-meta-layouts":"set","footnotes":""},"categories":[8],"tags":[564,1714,91],"yoast_head":"<!-- This site is optimized with the Yoast SEO plugin v21.4 - https:\/\/yoast.com\/wordpress\/plugins\/seo\/ -->\n<title>Inc\u00eandio deixa dois homens gravemente feridos em oficina de motos, em Itaja\u00ed -<\/title>\n<meta name=\"description\" content=\"Os dois trabalhavam pr\u00f3ximos ao gal\u00e3o de gasolina. Testemunhas disseram informaram a PM que ouviram explos\u00e3o\" \/>\n<meta name=\"robots\" content=\"index, follow, max-snippet:-1, max-image-preview:large, max-video-preview:-1\" \/>\n<link rel=\"canonical\" href=\"https:\/\/sulsc.com\/index.php\/2024\/06\/04\/incendio-deixa-dois-homens-gravemente-feridos-em-oficina-de-motos-em-itajai\/\" \/>\n<meta property=\"og:locale\" content=\"en_US\" \/>\n<meta property=\"og:type\" content=\"article\" \/>\n<meta property=\"og:title\" content=\"Inc\u00eandio deixa dois homens gravemente feridos em oficina de motos, em Itaja\u00ed -\" \/>\n<meta property=\"og:description\" content=\"Os dois trabalhavam pr\u00f3ximos ao gal\u00e3o de gasolina. Testemunhas disseram informaram a PM que ouviram explos\u00e3o\" \/>\n<meta property=\"og:url\" content=\"https:\/\/sulsc.com\/index.php\/2024\/06\/04\/incendio-deixa-dois-homens-gravemente-feridos-em-oficina-de-motos-em-itajai\/\" \/>\n<meta property=\"article:author\" content=\"https:\/\/www.facebook.com\/profile.php?id=61559278119680\" \/>\n<meta property=\"article:published_time\" content=\"2024-06-04T12:10:23+00:00\" \/>\n<meta property=\"article:modified_time\" content=\"2024-06-04T12:12:01+00:00\" \/>\n<meta property=\"og:image\" content=\"http:\/\/sulsc.com\/wp-content\/uploads\/2024\/06\/Incendio-deixa-dois-homens-gravemente-feridos-em-oficina-de-motos.jpg\" \/>\n\t<meta property=\"og:image:width\" content=\"700\" \/>\n\t<meta property=\"og:image:height\" content=\"495\" \/>\n\t<meta property=\"og:image:type\" content=\"image\/jpeg\" \/>\n<meta name=\"author\" content=\"Reda\u00e7\u00e3o Sul SC\" \/>\n<meta name=\"twitter:card\" content=\"summary_large_image\" \/>\n<meta name=\"twitter:creator\" content=\"@https:\/\/twitter.com\/PortalSulSC\" \/>\n<meta name=\"twitter:label1\" content=\"Written by\" \/>\n\t<meta name=\"twitter:data1\" content=\"Reda\u00e7\u00e3o Sul SC\" \/>\n\t<meta name=\"twitter:label2\" content=\"Est. reading time\" \/>\n\t<meta name=\"twitter:data2\" content=\"2 minutes\" \/>\n<script type=\"application\/ld+json\" class=\"yoast-schema-graph\">{\"@context\":\"https:\/\/schema.org\",\"@graph\":[{\"@type\":\"WebPage\",\"@id\":\"https:\/\/sulsc.com\/index.php\/2024\/06\/04\/incendio-deixa-dois-homens-gravemente-feridos-em-oficina-de-motos-em-itajai\/\",\"url\":\"https:\/\/sulsc.com\/index.php\/2024\/06\/04\/incendio-deixa-dois-homens-gravemente-feridos-em-oficina-de-motos-em-itajai\/\",\"name\":\"Inc\u00eandio deixa dois homens gravemente feridos em oficina de motos, em Itaja\u00ed -\",\"isPartOf\":{\"@id\":\"https:\/\/sulsc.com\/#website\"},\"datePublished\":\"2024-06-04T12:10:23+00:00\",\"dateModified\":\"2024-06-04T12:12:01+00:00\",\"author\":{\"@id\":\"https:\/\/sulsc.com\/#\/schema\/person\/84d2fc571684f6248ba83092f07750a3\"},\"description\":\"Os dois trabalhavam pr\u00f3ximos ao gal\u00e3o de gasolina. Testemunhas disseram informaram a PM que ouviram explos\u00e3o\",\"breadcrumb\":{\"@id\":\"https:\/\/sulsc.com\/index.php\/2024\/06\/04\/incendio-deixa-dois-homens-gravemente-feridos-em-oficina-de-motos-em-itajai\/#breadcrumb\"},\"inLanguage\":\"en-US\",\"potentialAction\":[{\"@type\":\"ReadAction\",\"target\":[\"https:\/\/sulsc.com\/index.php\/2024\/06\/04\/incendio-deixa-dois-homens-gravemente-feridos-em-oficina-de-motos-em-itajai\/\"]}]},{\"@type\":\"BreadcrumbList\",\"@id\":\"https:\/\/sulsc.com\/index.php\/2024\/06\/04\/incendio-deixa-dois-homens-gravemente-feridos-em-oficina-de-motos-em-itajai\/#breadcrumb\",\"itemListElement\":[{\"@type\":\"ListItem\",\"position\":1,\"name\":\"In\u00edcio\",\"item\":\"https:\/\/sulsc.com\/\"},{\"@type\":\"ListItem\",\"position\":2,\"name\":\"Inc\u00eandio deixa dois homens gravemente feridos em oficina de motos, em Itaja\u00ed\"}]},{\"@type\":\"WebSite\",\"@id\":\"https:\/\/sulsc.com\/#website\",\"url\":\"https:\/\/sulsc.com\/\",\"name\":\"\",\"description\":\"\",\"potentialAction\":[{\"@type\":\"SearchAction\",\"target\":{\"@type\":\"EntryPoint\",\"urlTemplate\":\"https:\/\/sulsc.com\/?s={search_term_string}\"},\"query-input\":\"required name=search_term_string\"}],\"inLanguage\":\"en-US\"},{\"@type\":\"Person\",\"@id\":\"https:\/\/sulsc.com\/#\/schema\/person\/84d2fc571684f6248ba83092f07750a3\",\"name\":\"Reda\u00e7\u00e3o Sul SC\",\"image\":{\"@type\":\"ImageObject\",\"inLanguage\":\"en-US\",\"@id\":\"https:\/\/sulsc.com\/#\/schema\/person\/image\/e08d7fe2cc4ed596372063bbe852b8d0\",\"url\":\"https:\/\/sulsc.com\/wp-content\/uploads\/2023\/09\/redacao.png\",\"contentUrl\":\"https:\/\/sulsc.com\/wp-content\/uploads\/2023\/09\/redacao.png\",\"caption\":\"Reda\u00e7\u00e3o Sul SC\"},\"description\":\"Foco em um jornalismo imparcial, voltado \u00e0 qualidade dos seus conte\u00fados e, assim, levar informa\u00e7\u00e3o de valor que agregue \u00e0 vida dos leitores. Esta \u00e9 grande miss\u00e3o do Portal de Not\u00edcias Sul SC. N\u00e3o \u00e9 quantidade que muda o mundo, sempre foi e seguir\u00e1 sendo qualidade!\",\"sameAs\":[\"https:\/\/sulsc.com\/\",\"https:\/\/www.facebook.com\/profile.php?id=61559278119680\",\"https:\/\/www.instagram.com\/sulscportal\/?hl=pt-br\",\"https:\/\/twitter.com\/https:\/\/twitter.com\/PortalSulSC\",\"https:\/\/www.youtube.com\/channel\/UCv_BE8GeySluDov2n8qhVmw\"],\"url\":\"https:\/\/sulsc.com\/index.php\/author\/redacao\/\"}]}<\/script>\n<!-- \/ Yoast SEO plugin. -->","yoast_head_json":{"title":"Inc\u00eandio deixa dois homens gravemente feridos em oficina de motos, em Itaja\u00ed -","description":"Os dois trabalhavam pr\u00f3ximos ao gal\u00e3o de gasolina. Testemunhas disseram informaram a PM que ouviram explos\u00e3o","robots":{"index":"index","follow":"follow","max-snippet":"max-snippet:-1","max-image-preview":"max-image-preview:large","max-video-preview":"max-video-preview:-1"},"canonical":"https:\/\/sulsc.com\/index.php\/2024\/06\/04\/incendio-deixa-dois-homens-gravemente-feridos-em-oficina-de-motos-em-itajai\/","og_locale":"en_US","og_type":"article","og_title":"Inc\u00eandio deixa dois homens gravemente feridos em oficina de motos, em Itaja\u00ed -","og_description":"Os dois trabalhavam pr\u00f3ximos ao gal\u00e3o de gasolina. Testemunhas disseram informaram a PM que ouviram explos\u00e3o","og_url":"https:\/\/sulsc.com\/index.php\/2024\/06\/04\/incendio-deixa-dois-homens-gravemente-feridos-em-oficina-de-motos-em-itajai\/","article_author":"https:\/\/www.facebook.com\/profile.php?id=61559278119680","article_published_time":"2024-06-04T12:10:23+00:00","article_modified_time":"2024-06-04T12:12:01+00:00","og_image":[{"width":700,"height":495,"url":"http:\/\/sulsc.com\/wp-content\/uploads\/2024\/06\/Incendio-deixa-dois-homens-gravemente-feridos-em-oficina-de-motos.jpg","type":"image\/jpeg"}],"author":"Reda\u00e7\u00e3o Sul SC","twitter_card":"summary_large_image","twitter_creator":"@https:\/\/twitter.com\/PortalSulSC","twitter_misc":{"Written by":"Reda\u00e7\u00e3o Sul SC","Est. reading time":"2 minutes"},"schema":{"@context":"https:\/\/schema.org","@graph":[{"@type":"WebPage","@id":"https:\/\/sulsc.com\/index.php\/2024\/06\/04\/incendio-deixa-dois-homens-gravemente-feridos-em-oficina-de-motos-em-itajai\/","url":"https:\/\/sulsc.com\/index.php\/2024\/06\/04\/incendio-deixa-dois-homens-gravemente-feridos-em-oficina-de-motos-em-itajai\/","name":"Inc\u00eandio deixa dois homens gravemente feridos em oficina de motos, em Itaja\u00ed -","isPartOf":{"@id":"https:\/\/sulsc.com\/#website"},"datePublished":"2024-06-04T12:10:23+00:00","dateModified":"2024-06-04T12:12:01+00:00","author":{"@id":"https:\/\/sulsc.com\/#\/schema\/person\/84d2fc571684f6248ba83092f07750a3"},"description":"Os dois trabalhavam pr\u00f3ximos ao gal\u00e3o de gasolina. Testemunhas disseram informaram a PM que ouviram explos\u00e3o","breadcrumb":{"@id":"https:\/\/sulsc.com\/index.php\/2024\/06\/04\/incendio-deixa-dois-homens-gravemente-feridos-em-oficina-de-motos-em-itajai\/#breadcrumb"},"inLanguage":"en-US","potentialAction":[{"@type":"ReadAction","target":["https:\/\/sulsc.com\/index.php\/2024\/06\/04\/incendio-deixa-dois-homens-gravemente-feridos-em-oficina-de-motos-em-itajai\/"]}]},{"@type":"BreadcrumbList","@id":"https:\/\/sulsc.com\/index.php\/2024\/06\/04\/incendio-deixa-dois-homens-gravemente-feridos-em-oficina-de-motos-em-itajai\/#breadcrumb","itemListElement":[{"@type":"ListItem","position":1,"name":"In\u00edcio","item":"https:\/\/sulsc.com\/"},{"@type":"ListItem","position":2,"name":"Inc\u00eandio deixa dois homens gravemente feridos em oficina de motos, em Itaja\u00ed"}]},{"@type":"WebSite","@id":"https:\/\/sulsc.com\/#website","url":"https:\/\/sulsc.com\/","name":"","description":"","potentialAction":[{"@type":"SearchAction","target":{"@type":"EntryPoint","urlTemplate":"https:\/\/sulsc.com\/?s={search_term_string}"},"query-input":"required name=search_term_string"}],"inLanguage":"en-US"},{"@type":"Person","@id":"https:\/\/sulsc.com\/#\/schema\/person\/84d2fc571684f6248ba83092f07750a3","name":"Reda\u00e7\u00e3o Sul SC","image":{"@type":"ImageObject","inLanguage":"en-US","@id":"https:\/\/sulsc.com\/#\/schema\/person\/image\/e08d7fe2cc4ed596372063bbe852b8d0","url":"https:\/\/sulsc.com\/wp-content\/uploads\/2023\/09\/redacao.png","contentUrl":"https:\/\/sulsc.com\/wp-content\/uploads\/2023\/09\/redacao.png","caption":"Reda\u00e7\u00e3o Sul SC"},"description":"Foco em um jornalismo imparcial, voltado \u00e0 qualidade dos seus conte\u00fados e, assim, levar informa\u00e7\u00e3o de valor que agregue \u00e0 vida dos leitores. Esta \u00e9 grande miss\u00e3o do Portal de Not\u00edcias Sul SC. N\u00e3o \u00e9 quantidade que muda o mundo, sempre foi e seguir\u00e1 sendo qualidade!","sameAs":["https:\/\/sulsc.com\/","https:\/\/www.facebook.com\/profile.php?id=61559278119680","https:\/\/www.instagram.com\/sulscportal\/?hl=pt-br","https:\/\/twitter.com\/https:\/\/twitter.com\/PortalSulSC","https:\/\/www.youtube.com\/channel\/UCv_BE8GeySluDov2n8qhVmw"],"url":"https:\/\/sulsc.com\/index.php\/author\/redacao\/"}]}},"authors":[],"_links":{"self":[{"href":"https:\/\/sulsc.com\/index.php\/wp-json\/wp\/v2\/posts\/12793"}],"collection":[{"href":"https:\/\/sulsc.com\/index.php\/wp-json\/wp\/v2\/posts"}],"about":[{"href":"https:\/\/sulsc.com\/index.php\/wp-json\/wp\/v2\/types\/post"}],"author":[{"embeddable":true,"href":"https:\/\/sulsc.com\/index.php\/wp-json\/wp\/v2\/users\/3"}],"replies":[{"embeddable":true,"href":"https:\/\/sulsc.com\/index.php\/wp-json\/wp\/v2\/comments?post=12793"}],"version-history":[{"count":1,"href":"https:\/\/sulsc.com\/index.php\/wp-json\/wp\/v2\/posts\/12793\/revisions"}],"predecessor-version":[{"id":12795,"href":"https:\/\/sulsc.com\/index.php\/wp-json\/wp\/v2\/posts\/12793\/revisions\/12795"}],"wp:featuredmedia":[{"embeddable":true,"href":"https:\/\/sulsc.com\/index.php\/wp-json\/wp\/v2\/media\/12794"}],"wp:attachment":[{"href":"https:\/\/sulsc.com\/index.php\/wp-json\/wp\/v2\/media?parent=12793"}],"wp:term":[{"taxonomy":"category","embeddable":true,"href":"https:\/\/sulsc.com\/index.php\/wp-json\/wp\/v2\/categories?post=12793"},{"taxonomy":"post_tag","embeddable":true,"href":"https:\/\/sulsc.com\/index.php\/wp-json\/wp\/v2\/tags?post=12793"}],"curies":[{"name":"wp","href":"https:\/\/api.w.org\/{rel}","templated":true}]}}