{"id":12852,"date":"2024-06-05T10:00:15","date_gmt":"2024-06-05T13:00:15","guid":{"rendered":"https:\/\/sulsc.com\/?p=12852"},"modified":"2024-06-05T09:29:42","modified_gmt":"2024-06-05T12:29:42","slug":"dia-mundial-do-meio-ambiente-preservacao-do-rio-da-madre-e-tema-de-acoes-em-relacao-a-data","status":"publish","type":"post","link":"https:\/\/sulsc.com\/index.php\/2024\/06\/05\/dia-mundial-do-meio-ambiente-preservacao-do-rio-da-madre-e-tema-de-acoes-em-relacao-a-data\/","title":{"rendered":"Dia Mundial do Meio Ambiente: preserva\u00e7\u00e3o do Rio da Madre \u00e9 tema de a\u00e7\u00f5es em rela\u00e7\u00e3o a data"},"content":{"rendered":"<p>Fluem vida, sustentam o ecossistema local e nos presenteiam com o que h\u00e1 de melhor: a \u00e1gua. Os rios s\u00e3o essenciais para a popula\u00e7\u00e3o e cuidar deles \u00e9 um passo crucial para manter o meio ambiente em equil\u00edbrio. Em alus\u00e3o ao Dia Mundial do Meio Ambiente, celebrado nesta quarta-feira (5), a Tubar\u00e3o Saneamento refor\u00e7a a import\u00e2ncia da preserva\u00e7\u00e3o do Rio da Madre por meio de um concurso de reda\u00e7\u00e3o com os alunos da Escola de Educa\u00e7\u00e3o B\u00e1sica Bertoldo Zimmermann.<\/p>\n<p>Criado em 1972, o Dia Mundial do Meio Ambiente tem como objetivo promover a conscientiza\u00e7\u00e3o e a postura cr\u00edtica da sociedade em rela\u00e7\u00e3o \u00e0 preserva\u00e7\u00e3o dos recursos naturais. Buscando enfatizar o tema, a Tubar\u00e3o Saneamento promove, diariamente, atividades que fortalecem os cuidados com o meio ambiente. No entanto, este ano, os esfor\u00e7os est\u00e3o concentrados na compreens\u00e3o da comunidade sobre a import\u00e2ncia da aten\u00e7\u00e3o conjunta ao Rio da Madre.<\/p>\n<p>&nbsp;<\/p>\n<p><strong>Concurso \u201cRio da Madre: passado, presente e futuro\u201d<\/strong><\/p>\n<p>Durante o m\u00eas de maio, os alunos do 8\u00ba e 9\u00ba ano da Escola Municipal Bertoldo Zimmermann, tiveram um desafio: construir reda\u00e7\u00f5es sobre o meio ambiente, com o tema \u201cRio da Madre: passado, presente e futuro\u201d. O principal objetivo desta iniciativa foi que eles pudessem contar a hist\u00f3ria do rio e almejar seus desejos para ele em um futuro pr\u00f3ximo.<\/p>\n<p>Os tr\u00eas melhores avaliados receberam um Kindle, caixa de som e kit de material escolar, em respectiva ordem. \u201c\u00c9 importante sinalizar os que melhores se sa\u00edram, mas \u00e9 ainda mais gratificante a celebra\u00e7\u00e3o com todos. Porque \u00e9 um trabalho fundamental n\u00e3o s\u00f3 para eles, mas para todos n\u00f3s. \u00c9 uma forma de receber, deles e de suas fam\u00edlias, o desejo de ver o Rio da Madre ativo novamente\u201d, relata a supervisora do Socioambiental, Amanda Salles Fiedler.<\/p>\n<p>A diretora da escola, Daniela de Sousa Fidelis, enfatiza a import\u00e2ncia da a\u00e7\u00e3o com os adolescentes. &#8220;Eles vivem em um mundo descart\u00e1vel e ainda n\u00e3o tem a no\u00e7\u00e3o da grande import\u00e2ncia do meio ambiente e para a nossa exist\u00eancia na terra. A atividade foi um momento \u00edmpar com eles e eu, como diretora e professora, acho incr\u00edvel essa reflex\u00e3o com os nossos alunos&#8221;.<\/p>\n<p><img fetchpriority=\"high\" decoding=\"async\" class=\"alignnone size-full wp-image-12855\" src=\"http:\/\/sulsc.com\/wp-content\/uploads\/2024\/06\/IMG_9558-scaled.jpg\" alt=\"\" width=\"2560\" height=\"1707\" srcset=\"https:\/\/sulsc.com\/wp-content\/uploads\/2024\/06\/IMG_9558-scaled.jpg 2560w, https:\/\/sulsc.com\/wp-content\/uploads\/2024\/06\/IMG_9558-300x200.jpg 300w, https:\/\/sulsc.com\/wp-content\/uploads\/2024\/06\/IMG_9558-1024x683.jpg 1024w, https:\/\/sulsc.com\/wp-content\/uploads\/2024\/06\/IMG_9558-768x512.jpg 768w, https:\/\/sulsc.com\/wp-content\/uploads\/2024\/06\/IMG_9558-1536x1024.jpg 1536w, https:\/\/sulsc.com\/wp-content\/uploads\/2024\/06\/IMG_9558-2048x1365.jpg 2048w\" sizes=\"(max-width: 2560px) 100vw, 2560px\" \/><\/p>\n<p>&nbsp;<\/p>\n<p><strong>Como a Tubar\u00e3o Saneamento devolve vida ao Rio?<\/strong><\/p>\n<p>O Rio da Madre \u00e9 uma das principais preocupa\u00e7\u00f5es da Concession\u00e1ria, h\u00e1 cinco anos. Com o anseio de voltar a vida no rio, as equipes realizam monitoramentos frequentes do meio bi\u00f3tico, an\u00e1lises de qualidade da \u00e1gua e atuam para diminuir o impacto dos moradores locais, por meio do projeto de Sistema de Fossa e Filtro \u00e0 comunidade.<\/p>\n<p>Al\u00e9m disso, com responsabilidade, cuidado e aten\u00e7\u00e3o di\u00e1ria, a Tubar\u00e3o Saneamento assumiu o bombeamento de \u00e1gua para o rio e ampliou o volume de \u00e1gua bombeado, mantendo seu fluxo di\u00e1rio e ininterrupto desde 2019.<\/p>\n<p>&#8220;O rio precisa de \u00e1gua cont\u00ednua, por isso, tamb\u00e9m adotamos um equipamento de monitoramento instant\u00e2neo no Rio da Madre, pr\u00f3ximo a Esta\u00e7\u00e3o de Tratamento de Esgoto (ETE), que monitora a vaz\u00e3o do rio, avaliando se h\u00e1 quantidade de \u00e1gua suficiente para atender a legisla\u00e7\u00e3o e dar a oportunidade para o rio se manter vivo&#8221;, refor\u00e7a o diretor da concession\u00e1ria, Marcelo Matos.<\/p>\n<p>Outra medida importante s\u00e3o as atividades recreativas e educativas sobre o cuidado ambiental. Desde 2020, a equipe j\u00e1 visitou 13 entidades, entre escolas e grupos, e realizou dois mutir\u00f5es de limpeza nas margens do Rio da Madre, onde foram recolhidas 50 toneladas de res\u00edduos.<\/p>\n<p>&#8220;Essas atividades s\u00e3o essenciais para conscientizar a popula\u00e7\u00e3o, envolver a comunidade e fazer com que nossos habitantes reflitam sobre a maneira que impactam o meio ambiente. Porque \u00e9 muito importante que nossos esfor\u00e7os sejam em conjunto. Cada a\u00e7\u00e3o em prol da preserva\u00e7\u00e3o dos rios \u00e9 um investimento no futuro sustent\u00e1vel do nosso planeta, garantindo que as gera\u00e7\u00f5es futuras tamb\u00e9m possam desfrutar dos benef\u00edcios vitais que esses cursos d&#8217;\u00e1gua oferecem,&#8221; reforma Marcelo.<\/p>\n<p><img decoding=\"async\" class=\"alignnone size-full wp-image-12854\" src=\"http:\/\/sulsc.com\/wp-content\/uploads\/2024\/06\/Foto-Coleta.jpg\" alt=\"\" width=\"2008\" height=\"1500\" srcset=\"https:\/\/sulsc.com\/wp-content\/uploads\/2024\/06\/Foto-Coleta.jpg 2008w, https:\/\/sulsc.com\/wp-content\/uploads\/2024\/06\/Foto-Coleta-300x224.jpg 300w, https:\/\/sulsc.com\/wp-content\/uploads\/2024\/06\/Foto-Coleta-1024x765.jpg 1024w, https:\/\/sulsc.com\/wp-content\/uploads\/2024\/06\/Foto-Coleta-768x574.jpg 768w, https:\/\/sulsc.com\/wp-content\/uploads\/2024\/06\/Foto-Coleta-1536x1147.jpg 1536w\" sizes=\"(max-width: 2008px) 100vw, 2008px\" \/><\/p>\n","protected":false},"excerpt":{"rendered":"<p>Fluem vida, sustentam o ecossistema local e nos presenteiam com o que h\u00e1 de melhor: a \u00e1gua. Os rios s\u00e3o essenciais para a popula\u00e7\u00e3o e cuidar deles \u00e9 um passo crucial para manter o meio ambiente em equil\u00edbrio. Em alus\u00e3o ao Dia Mundial do Meio Ambiente, celebrado nesta quarta-feira (5), a Tubar\u00e3o Saneamento refor\u00e7a a &hellip;<\/p>\n<p class=\"read-more\"> <a class=\"\" href=\"https:\/\/sulsc.com\/index.php\/2024\/06\/05\/dia-mundial-do-meio-ambiente-preservacao-do-rio-da-madre-e-tema-de-acoes-em-relacao-a-data\/\"> <span class=\"screen-reader-text\">Dia Mundial do Meio Ambiente: preserva\u00e7\u00e3o do Rio da Madre \u00e9 tema de a\u00e7\u00f5es em rela\u00e7\u00e3o a data<\/span> Read More &raquo;<\/a><\/p>\n","protected":false},"author":3,"featured_media":12853,"comment_status":"open","ping_status":"open","sticky":false,"template":"","format":"standard","meta":{"site-sidebar-layout":"default","site-content-layout":"","ast-site-content-layout":"default","site-content-style":"default","site-sidebar-style":"default","ast-global-header-display":"","ast-banner-title-visibility":"","ast-main-header-display":"","ast-hfb-above-header-display":"","ast-hfb-below-header-display":"","ast-hfb-mobile-header-display":"","site-post-title":"","ast-breadcrumbs-content":"","ast-featured-img":"","footer-sml-layout":"","theme-transparent-header-meta":"default","adv-header-id-meta":"","stick-header-meta":"","header-above-stick-meta":"","header-main-stick-meta":"","header-below-stick-meta":"","astra-migrate-meta-layouts":"set","footnotes":""},"categories":[17],"tags":[753,72,312],"yoast_head":"<!-- This site is optimized with the Yoast SEO plugin v21.4 - https:\/\/yoast.com\/wordpress\/plugins\/seo\/ -->\n<title>Dia Mundial do Meio Ambiente: preserva\u00e7\u00e3o do Rio da Madre \u00e9 tema de a\u00e7\u00f5es em rela\u00e7\u00e3o a data -<\/title>\n<meta name=\"robots\" content=\"index, follow, max-snippet:-1, max-image-preview:large, max-video-preview:-1\" \/>\n<link rel=\"canonical\" href=\"https:\/\/sulsc.com\/index.php\/2024\/06\/05\/dia-mundial-do-meio-ambiente-preservacao-do-rio-da-madre-e-tema-de-acoes-em-relacao-a-data\/\" \/>\n<meta property=\"og:locale\" content=\"en_US\" \/>\n<meta property=\"og:type\" content=\"article\" \/>\n<meta property=\"og:title\" content=\"Dia Mundial do Meio Ambiente: preserva\u00e7\u00e3o do Rio da Madre \u00e9 tema de a\u00e7\u00f5es em rela\u00e7\u00e3o a data -\" \/>\n<meta property=\"og:description\" content=\"Fluem vida, sustentam o ecossistema local e nos presenteiam com o que h\u00e1 de melhor: a \u00e1gua. Os rios s\u00e3o essenciais para a popula\u00e7\u00e3o e cuidar deles \u00e9 um passo crucial para manter o meio ambiente em equil\u00edbrio. Em alus\u00e3o ao Dia Mundial do Meio Ambiente, celebrado nesta quarta-feira (5), a Tubar\u00e3o Saneamento refor\u00e7a a &hellip; Dia Mundial do Meio Ambiente: preserva\u00e7\u00e3o do Rio da Madre \u00e9 tema de a\u00e7\u00f5es em rela\u00e7\u00e3o a data Read More &raquo;\" \/>\n<meta property=\"og:url\" content=\"https:\/\/sulsc.com\/index.php\/2024\/06\/05\/dia-mundial-do-meio-ambiente-preservacao-do-rio-da-madre-e-tema-de-acoes-em-relacao-a-data\/\" \/>\n<meta property=\"article:author\" content=\"https:\/\/www.facebook.com\/profile.php?id=61559278119680\" \/>\n<meta property=\"article:published_time\" content=\"2024-06-05T13:00:15+00:00\" \/>\n<meta property=\"article:modified_time\" content=\"2024-06-05T12:29:42+00:00\" \/>\n<meta property=\"og:image\" content=\"https:\/\/sulsc.com\/wp-content\/uploads\/2024\/06\/Rio-da-Madre-1024x765.jpg\" \/>\n\t<meta property=\"og:image:width\" content=\"1024\" \/>\n\t<meta property=\"og:image:height\" content=\"765\" \/>\n\t<meta property=\"og:image:type\" content=\"image\/jpeg\" \/>\n<meta name=\"author\" content=\"Reda\u00e7\u00e3o Sul SC\" \/>\n<meta name=\"twitter:card\" content=\"summary_large_image\" \/>\n<meta name=\"twitter:creator\" content=\"@https:\/\/twitter.com\/PortalSulSC\" \/>\n<meta name=\"twitter:label1\" content=\"Written by\" \/>\n\t<meta name=\"twitter:data1\" content=\"Reda\u00e7\u00e3o Sul SC\" \/>\n\t<meta name=\"twitter:label2\" content=\"Est. reading time\" \/>\n\t<meta name=\"twitter:data2\" content=\"4 minutes\" \/>\n<script type=\"application\/ld+json\" class=\"yoast-schema-graph\">{\"@context\":\"https:\/\/schema.org\",\"@graph\":[{\"@type\":\"WebPage\",\"@id\":\"https:\/\/sulsc.com\/index.php\/2024\/06\/05\/dia-mundial-do-meio-ambiente-preservacao-do-rio-da-madre-e-tema-de-acoes-em-relacao-a-data\/\",\"url\":\"https:\/\/sulsc.com\/index.php\/2024\/06\/05\/dia-mundial-do-meio-ambiente-preservacao-do-rio-da-madre-e-tema-de-acoes-em-relacao-a-data\/\",\"name\":\"Dia Mundial do Meio Ambiente: preserva\u00e7\u00e3o do Rio da Madre \u00e9 tema de a\u00e7\u00f5es em rela\u00e7\u00e3o a data -\",\"isPartOf\":{\"@id\":\"https:\/\/sulsc.com\/#website\"},\"datePublished\":\"2024-06-05T13:00:15+00:00\",\"dateModified\":\"2024-06-05T12:29:42+00:00\",\"author\":{\"@id\":\"https:\/\/sulsc.com\/#\/schema\/person\/84d2fc571684f6248ba83092f07750a3\"},\"breadcrumb\":{\"@id\":\"https:\/\/sulsc.com\/index.php\/2024\/06\/05\/dia-mundial-do-meio-ambiente-preservacao-do-rio-da-madre-e-tema-de-acoes-em-relacao-a-data\/#breadcrumb\"},\"inLanguage\":\"en-US\",\"potentialAction\":[{\"@type\":\"ReadAction\",\"target\":[\"https:\/\/sulsc.com\/index.php\/2024\/06\/05\/dia-mundial-do-meio-ambiente-preservacao-do-rio-da-madre-e-tema-de-acoes-em-relacao-a-data\/\"]}]},{\"@type\":\"BreadcrumbList\",\"@id\":\"https:\/\/sulsc.com\/index.php\/2024\/06\/05\/dia-mundial-do-meio-ambiente-preservacao-do-rio-da-madre-e-tema-de-acoes-em-relacao-a-data\/#breadcrumb\",\"itemListElement\":[{\"@type\":\"ListItem\",\"position\":1,\"name\":\"In\u00edcio\",\"item\":\"https:\/\/sulsc.com\/\"},{\"@type\":\"ListItem\",\"position\":2,\"name\":\"Dia Mundial do Meio Ambiente: preserva\u00e7\u00e3o do Rio da Madre \u00e9 tema de a\u00e7\u00f5es em rela\u00e7\u00e3o a data\"}]},{\"@type\":\"WebSite\",\"@id\":\"https:\/\/sulsc.com\/#website\",\"url\":\"https:\/\/sulsc.com\/\",\"name\":\"\",\"description\":\"\",\"potentialAction\":[{\"@type\":\"SearchAction\",\"target\":{\"@type\":\"EntryPoint\",\"urlTemplate\":\"https:\/\/sulsc.com\/?s={search_term_string}\"},\"query-input\":\"required name=search_term_string\"}],\"inLanguage\":\"en-US\"},{\"@type\":\"Person\",\"@id\":\"https:\/\/sulsc.com\/#\/schema\/person\/84d2fc571684f6248ba83092f07750a3\",\"name\":\"Reda\u00e7\u00e3o Sul SC\",\"image\":{\"@type\":\"ImageObject\",\"inLanguage\":\"en-US\",\"@id\":\"https:\/\/sulsc.com\/#\/schema\/person\/image\/e08d7fe2cc4ed596372063bbe852b8d0\",\"url\":\"https:\/\/sulsc.com\/wp-content\/uploads\/2023\/09\/redacao.png\",\"contentUrl\":\"https:\/\/sulsc.com\/wp-content\/uploads\/2023\/09\/redacao.png\",\"caption\":\"Reda\u00e7\u00e3o Sul SC\"},\"description\":\"Foco em um jornalismo imparcial, voltado \u00e0 qualidade dos seus conte\u00fados e, assim, levar informa\u00e7\u00e3o de valor que agregue \u00e0 vida dos leitores. Esta \u00e9 grande miss\u00e3o do Portal de Not\u00edcias Sul SC. N\u00e3o \u00e9 quantidade que muda o mundo, sempre foi e seguir\u00e1 sendo qualidade!\",\"sameAs\":[\"https:\/\/sulsc.com\/\",\"https:\/\/www.facebook.com\/profile.php?id=61559278119680\",\"https:\/\/www.instagram.com\/sulscportal\/?hl=pt-br\",\"https:\/\/twitter.com\/https:\/\/twitter.com\/PortalSulSC\",\"https:\/\/www.youtube.com\/channel\/UCv_BE8GeySluDov2n8qhVmw\"],\"url\":\"https:\/\/sulsc.com\/index.php\/author\/redacao\/\"}]}<\/script>\n<!-- \/ Yoast SEO plugin. -->","yoast_head_json":{"title":"Dia Mundial do Meio Ambiente: preserva\u00e7\u00e3o do Rio da Madre \u00e9 tema de a\u00e7\u00f5es em rela\u00e7\u00e3o a data -","robots":{"index":"index","follow":"follow","max-snippet":"max-snippet:-1","max-image-preview":"max-image-preview:large","max-video-preview":"max-video-preview:-1"},"canonical":"https:\/\/sulsc.com\/index.php\/2024\/06\/05\/dia-mundial-do-meio-ambiente-preservacao-do-rio-da-madre-e-tema-de-acoes-em-relacao-a-data\/","og_locale":"en_US","og_type":"article","og_title":"Dia Mundial do Meio Ambiente: preserva\u00e7\u00e3o do Rio da Madre \u00e9 tema de a\u00e7\u00f5es em rela\u00e7\u00e3o a data -","og_description":"Fluem vida, sustentam o ecossistema local e nos presenteiam com o que h\u00e1 de melhor: a \u00e1gua. Os rios s\u00e3o essenciais para a popula\u00e7\u00e3o e cuidar deles \u00e9 um passo crucial para manter o meio ambiente em equil\u00edbrio. Em alus\u00e3o ao Dia Mundial do Meio Ambiente, celebrado nesta quarta-feira (5), a Tubar\u00e3o Saneamento refor\u00e7a a &hellip; Dia Mundial do Meio Ambiente: preserva\u00e7\u00e3o do Rio da Madre \u00e9 tema de a\u00e7\u00f5es em rela\u00e7\u00e3o a data Read More &raquo;","og_url":"https:\/\/sulsc.com\/index.php\/2024\/06\/05\/dia-mundial-do-meio-ambiente-preservacao-do-rio-da-madre-e-tema-de-acoes-em-relacao-a-data\/","article_author":"https:\/\/www.facebook.com\/profile.php?id=61559278119680","article_published_time":"2024-06-05T13:00:15+00:00","article_modified_time":"2024-06-05T12:29:42+00:00","og_image":[{"width":1024,"height":765,"url":"https:\/\/sulsc.com\/wp-content\/uploads\/2024\/06\/Rio-da-Madre-1024x765.jpg","type":"image\/jpeg"}],"author":"Reda\u00e7\u00e3o Sul SC","twitter_card":"summary_large_image","twitter_creator":"@https:\/\/twitter.com\/PortalSulSC","twitter_misc":{"Written by":"Reda\u00e7\u00e3o Sul SC","Est. reading time":"4 minutes"},"schema":{"@context":"https:\/\/schema.org","@graph":[{"@type":"WebPage","@id":"https:\/\/sulsc.com\/index.php\/2024\/06\/05\/dia-mundial-do-meio-ambiente-preservacao-do-rio-da-madre-e-tema-de-acoes-em-relacao-a-data\/","url":"https:\/\/sulsc.com\/index.php\/2024\/06\/05\/dia-mundial-do-meio-ambiente-preservacao-do-rio-da-madre-e-tema-de-acoes-em-relacao-a-data\/","name":"Dia Mundial do Meio Ambiente: preserva\u00e7\u00e3o do Rio da Madre \u00e9 tema de a\u00e7\u00f5es em rela\u00e7\u00e3o a data -","isPartOf":{"@id":"https:\/\/sulsc.com\/#website"},"datePublished":"2024-06-05T13:00:15+00:00","dateModified":"2024-06-05T12:29:42+00:00","author":{"@id":"https:\/\/sulsc.com\/#\/schema\/person\/84d2fc571684f6248ba83092f07750a3"},"breadcrumb":{"@id":"https:\/\/sulsc.com\/index.php\/2024\/06\/05\/dia-mundial-do-meio-ambiente-preservacao-do-rio-da-madre-e-tema-de-acoes-em-relacao-a-data\/#breadcrumb"},"inLanguage":"en-US","potentialAction":[{"@type":"ReadAction","target":["https:\/\/sulsc.com\/index.php\/2024\/06\/05\/dia-mundial-do-meio-ambiente-preservacao-do-rio-da-madre-e-tema-de-acoes-em-relacao-a-data\/"]}]},{"@type":"BreadcrumbList","@id":"https:\/\/sulsc.com\/index.php\/2024\/06\/05\/dia-mundial-do-meio-ambiente-preservacao-do-rio-da-madre-e-tema-de-acoes-em-relacao-a-data\/#breadcrumb","itemListElement":[{"@type":"ListItem","position":1,"name":"In\u00edcio","item":"https:\/\/sulsc.com\/"},{"@type":"ListItem","position":2,"name":"Dia Mundial do Meio Ambiente: preserva\u00e7\u00e3o do Rio da Madre \u00e9 tema de a\u00e7\u00f5es em rela\u00e7\u00e3o a data"}]},{"@type":"WebSite","@id":"https:\/\/sulsc.com\/#website","url":"https:\/\/sulsc.com\/","name":"","description":"","potentialAction":[{"@type":"SearchAction","target":{"@type":"EntryPoint","urlTemplate":"https:\/\/sulsc.com\/?s={search_term_string}"},"query-input":"required name=search_term_string"}],"inLanguage":"en-US"},{"@type":"Person","@id":"https:\/\/sulsc.com\/#\/schema\/person\/84d2fc571684f6248ba83092f07750a3","name":"Reda\u00e7\u00e3o Sul SC","image":{"@type":"ImageObject","inLanguage":"en-US","@id":"https:\/\/sulsc.com\/#\/schema\/person\/image\/e08d7fe2cc4ed596372063bbe852b8d0","url":"https:\/\/sulsc.com\/wp-content\/uploads\/2023\/09\/redacao.png","contentUrl":"https:\/\/sulsc.com\/wp-content\/uploads\/2023\/09\/redacao.png","caption":"Reda\u00e7\u00e3o Sul SC"},"description":"Foco em um jornalismo imparcial, voltado \u00e0 qualidade dos seus conte\u00fados e, assim, levar informa\u00e7\u00e3o de valor que agregue \u00e0 vida dos leitores. Esta \u00e9 grande miss\u00e3o do Portal de Not\u00edcias Sul SC. N\u00e3o \u00e9 quantidade que muda o mundo, sempre foi e seguir\u00e1 sendo qualidade!","sameAs":["https:\/\/sulsc.com\/","https:\/\/www.facebook.com\/profile.php?id=61559278119680","https:\/\/www.instagram.com\/sulscportal\/?hl=pt-br","https:\/\/twitter.com\/https:\/\/twitter.com\/PortalSulSC","https:\/\/www.youtube.com\/channel\/UCv_BE8GeySluDov2n8qhVmw"],"url":"https:\/\/sulsc.com\/index.php\/author\/redacao\/"}]}},"authors":[],"_links":{"self":[{"href":"https:\/\/sulsc.com\/index.php\/wp-json\/wp\/v2\/posts\/12852"}],"collection":[{"href":"https:\/\/sulsc.com\/index.php\/wp-json\/wp\/v2\/posts"}],"about":[{"href":"https:\/\/sulsc.com\/index.php\/wp-json\/wp\/v2\/types\/post"}],"author":[{"embeddable":true,"href":"https:\/\/sulsc.com\/index.php\/wp-json\/wp\/v2\/users\/3"}],"replies":[{"embeddable":true,"href":"https:\/\/sulsc.com\/index.php\/wp-json\/wp\/v2\/comments?post=12852"}],"version-history":[{"count":1,"href":"https:\/\/sulsc.com\/index.php\/wp-json\/wp\/v2\/posts\/12852\/revisions"}],"predecessor-version":[{"id":12856,"href":"https:\/\/sulsc.com\/index.php\/wp-json\/wp\/v2\/posts\/12852\/revisions\/12856"}],"wp:featuredmedia":[{"embeddable":true,"href":"https:\/\/sulsc.com\/index.php\/wp-json\/wp\/v2\/media\/12853"}],"wp:attachment":[{"href":"https:\/\/sulsc.com\/index.php\/wp-json\/wp\/v2\/media?parent=12852"}],"wp:term":[{"taxonomy":"category","embeddable":true,"href":"https:\/\/sulsc.com\/index.php\/wp-json\/wp\/v2\/categories?post=12852"},{"taxonomy":"post_tag","embeddable":true,"href":"https:\/\/sulsc.com\/index.php\/wp-json\/wp\/v2\/tags?post=12852"}],"curies":[{"name":"wp","href":"https:\/\/api.w.org\/{rel}","templated":true}]}}