{"id":1298,"date":"2023-09-21T14:40:57","date_gmt":"2023-09-21T17:40:57","guid":{"rendered":"https:\/\/sulsc.com\/?p=1298"},"modified":"2023-09-21T16:18:48","modified_gmt":"2023-09-21T19:18:48","slug":"roberto-de-bem-ramos-assume-presidencia-da-comissao-provisoria-do-cidadania-em-laguna","status":"publish","type":"post","link":"https:\/\/sulsc.com\/index.php\/2023\/09\/21\/roberto-de-bem-ramos-assume-presidencia-da-comissao-provisoria-do-cidadania-em-laguna\/","title":{"rendered":"Roberto de Bem Ramos assume presid\u00eancia da Comiss\u00e3o Provis\u00f3ria do Cidadania, em Laguna"},"content":{"rendered":"<p>A Comiss\u00e3o Provis\u00f3ria do Cidadania (23) em Laguna, conta com um novo presidente. O doutor Roberto de Bem Ramos, o Betinho, agora est\u00e1 a frente do partido que busca dar uma &#8220;cara nova&#8221; para filia\u00e7\u00f5es e garantir melhores a\u00e7\u00f5es ao bem comum do munic\u00edpio.<\/p>\n<p>O advogado que \u00e9 engajado em quest\u00f5es municipais, assume pela primeira vez a fun\u00e7\u00e3o. \u201cEstreio na dire\u00e7\u00e3o de um partido pol\u00edtico convicto de que rapidamente conseguiremos p\u00f4r em pr\u00e1tica boas ideias de gest\u00e3o e formar excelentes lideran\u00e7as em todas as comunidades de Laguna\u201d, afirma Betinho.<\/p>\n<p>Ciente dos desafios, ele explica que a inten\u00e7\u00e3o \u00e9 montar um projeto novo para as pr\u00f3ximas elei\u00e7\u00f5es. \u201cO maior desafio de uma gest\u00e3o partid\u00e1ria hoje, acredito ser a conscientiza\u00e7\u00e3o do eleitor, e ser r\u00edgido em cobrar aqueles que se disponibilizam a ser gestores p\u00fablicos ou pol\u00edticos\u201d, pontua.<\/p>\n<p><img fetchpriority=\"high\" decoding=\"async\" class=\"alignnone size-large wp-image-1302\" src=\"http:\/\/sulsc.com\/wp-content\/uploads\/2023\/09\/WhatsApp-Image-2023-09-20-at-10.52.23-1024x768.jpeg\" alt=\"\" width=\"1024\" height=\"768\" srcset=\"https:\/\/sulsc.com\/wp-content\/uploads\/2023\/09\/WhatsApp-Image-2023-09-20-at-10.52.23-1024x768.jpeg 1024w, https:\/\/sulsc.com\/wp-content\/uploads\/2023\/09\/WhatsApp-Image-2023-09-20-at-10.52.23-300x225.jpeg 300w, https:\/\/sulsc.com\/wp-content\/uploads\/2023\/09\/WhatsApp-Image-2023-09-20-at-10.52.23-768x576.jpeg 768w, https:\/\/sulsc.com\/wp-content\/uploads\/2023\/09\/WhatsApp-Image-2023-09-20-at-10.52.23-1536x1152.jpeg 1536w, https:\/\/sulsc.com\/wp-content\/uploads\/2023\/09\/WhatsApp-Image-2023-09-20-at-10.52.23.jpeg 1600w\" sizes=\"(max-width: 1024px) 100vw, 1024px\" \/><\/p>\n<p>Ramos acrescenta que a inten\u00e7\u00e3o \u00e9 promover uma &#8216;nova Laguna&#8217;, no sentido de tornar o munic\u00edpio um lugar com mais oportunidades. Nesse primeiro momento ser\u00e1 realizado um levantamento dos escritos junto a Diretoria Municipal do Cidadania.<\/p>\n<p>&#8220;Convocaremos uma reuni\u00e3o para organizar administrativamente o diret\u00f3rio, e come\u00e7ar a definir diretriz de governan\u00e7a para o in\u00edcio de plano de campanha para as pr\u00f3ximas elei\u00e7\u00f5es em 2024. Visando sempre o planejamento presente e futuro&#8221;, avalia.<\/p>\n<p>O encontro que proporcionou a posse do novo presidente ocorreu nesta ter\u00e7a-feira (19), na capital. Na ocasi\u00e3o estiveram presentes a presidente estadual, deputada federal e secret\u00e1ria de sa\u00fade do estado Carmem Zanotto. e o coordenador regional Sul e vice-presidente do Cidadania de Tubar\u00e3o, Dion\u00edsio de Quadros.<\/p>\n","protected":false},"excerpt":{"rendered":"<p>A Comiss\u00e3o Provis\u00f3ria do Cidadania (23) em Laguna, conta com um novo presidente. O doutor Roberto de Bem Ramos, o Betinho, agora est\u00e1 a frente do partido que busca dar uma &#8220;cara nova&#8221; para filia\u00e7\u00f5es e garantir melhores a\u00e7\u00f5es ao bem comum do munic\u00edpio. O advogado que \u00e9 engajado em quest\u00f5es municipais, assume pela primeira &hellip;<\/p>\n<p class=\"read-more\"> <a class=\"\" href=\"https:\/\/sulsc.com\/index.php\/2023\/09\/21\/roberto-de-bem-ramos-assume-presidencia-da-comissao-provisoria-do-cidadania-em-laguna\/\"> <span class=\"screen-reader-text\">Roberto de Bem Ramos assume presid\u00eancia da Comiss\u00e3o Provis\u00f3ria do Cidadania, em Laguna<\/span> Read More &raquo;<\/a><\/p>\n","protected":false},"author":3,"featured_media":1301,"comment_status":"open","ping_status":"open","sticky":false,"template":"","format":"standard","meta":{"site-sidebar-layout":"default","site-content-layout":"default","ast-site-content-layout":"","site-content-style":"default","site-sidebar-style":"default","ast-global-header-display":"","ast-banner-title-visibility":"","ast-main-header-display":"","ast-hfb-above-header-display":"","ast-hfb-below-header-display":"","ast-hfb-mobile-header-display":"","site-post-title":"","ast-breadcrumbs-content":"","ast-featured-img":"","footer-sml-layout":"","theme-transparent-header-meta":"default","adv-header-id-meta":"","stick-header-meta":"","header-above-stick-meta":"","header-main-stick-meta":"","header-below-stick-meta":"","astra-migrate-meta-layouts":"","footnotes":""},"categories":[1,22,6],"tags":[],"yoast_head":"<!-- This site is optimized with the Yoast SEO plugin v21.4 - https:\/\/yoast.com\/wordpress\/plugins\/seo\/ -->\n<title>Roberto de Bem Ramos assume presid\u00eancia da Comiss\u00e3o Provis\u00f3ria do Cidadania, em Laguna -<\/title>\n<meta name=\"robots\" content=\"index, follow, max-snippet:-1, max-image-preview:large, max-video-preview:-1\" \/>\n<link rel=\"canonical\" href=\"https:\/\/sulsc.com\/index.php\/2023\/09\/21\/roberto-de-bem-ramos-assume-presidencia-da-comissao-provisoria-do-cidadania-em-laguna\/\" \/>\n<meta property=\"og:locale\" content=\"en_US\" \/>\n<meta property=\"og:type\" content=\"article\" \/>\n<meta property=\"og:title\" content=\"Roberto de Bem Ramos assume presid\u00eancia da Comiss\u00e3o Provis\u00f3ria do Cidadania, em Laguna -\" \/>\n<meta property=\"og:description\" content=\"A Comiss\u00e3o Provis\u00f3ria do Cidadania (23) em Laguna, conta com um novo presidente. O doutor Roberto de Bem Ramos, o Betinho, agora est\u00e1 a frente do partido que busca dar uma &#8220;cara nova&#8221; para filia\u00e7\u00f5es e garantir melhores a\u00e7\u00f5es ao bem comum do munic\u00edpio. O advogado que \u00e9 engajado em quest\u00f5es municipais, assume pela primeira &hellip; Roberto de Bem Ramos assume presid\u00eancia da Comiss\u00e3o Provis\u00f3ria do Cidadania, em Laguna Read More &raquo;\" \/>\n<meta property=\"og:url\" content=\"https:\/\/sulsc.com\/index.php\/2023\/09\/21\/roberto-de-bem-ramos-assume-presidencia-da-comissao-provisoria-do-cidadania-em-laguna\/\" \/>\n<meta property=\"article:author\" content=\"https:\/\/www.facebook.com\/profile.php?id=61559278119680\" \/>\n<meta property=\"article:published_time\" content=\"2023-09-21T17:40:57+00:00\" \/>\n<meta property=\"article:modified_time\" content=\"2023-09-21T19:18:48+00:00\" \/>\n<meta property=\"og:image\" content=\"https:\/\/sulsc.com\/wp-content\/uploads\/2023\/09\/Roberto-de-Bens-Ramos-assume-presidencia-da-Comissao-Provisoria-do-Cidadania-em-Laguna.jpg\" \/>\n\t<meta property=\"og:image:width\" content=\"586\" \/>\n\t<meta property=\"og:image:height\" content=\"520\" \/>\n\t<meta property=\"og:image:type\" content=\"image\/jpeg\" \/>\n<meta name=\"author\" content=\"Reda\u00e7\u00e3o Sul SC\" \/>\n<meta name=\"twitter:card\" content=\"summary_large_image\" \/>\n<meta name=\"twitter:creator\" content=\"@https:\/\/twitter.com\/PortalSulSC\" \/>\n<meta name=\"twitter:label1\" content=\"Written by\" \/>\n\t<meta name=\"twitter:data1\" content=\"Reda\u00e7\u00e3o Sul SC\" \/>\n\t<meta name=\"twitter:label2\" content=\"Est. reading time\" \/>\n\t<meta name=\"twitter:data2\" content=\"1 minute\" \/>\n<script type=\"application\/ld+json\" class=\"yoast-schema-graph\">{\"@context\":\"https:\/\/schema.org\",\"@graph\":[{\"@type\":\"WebPage\",\"@id\":\"https:\/\/sulsc.com\/index.php\/2023\/09\/21\/roberto-de-bem-ramos-assume-presidencia-da-comissao-provisoria-do-cidadania-em-laguna\/\",\"url\":\"https:\/\/sulsc.com\/index.php\/2023\/09\/21\/roberto-de-bem-ramos-assume-presidencia-da-comissao-provisoria-do-cidadania-em-laguna\/\",\"name\":\"Roberto de Bem Ramos assume presid\u00eancia da Comiss\u00e3o Provis\u00f3ria do Cidadania, em Laguna -\",\"isPartOf\":{\"@id\":\"https:\/\/sulsc.com\/#website\"},\"datePublished\":\"2023-09-21T17:40:57+00:00\",\"dateModified\":\"2023-09-21T19:18:48+00:00\",\"author\":{\"@id\":\"https:\/\/sulsc.com\/#\/schema\/person\/84d2fc571684f6248ba83092f07750a3\"},\"breadcrumb\":{\"@id\":\"https:\/\/sulsc.com\/index.php\/2023\/09\/21\/roberto-de-bem-ramos-assume-presidencia-da-comissao-provisoria-do-cidadania-em-laguna\/#breadcrumb\"},\"inLanguage\":\"en-US\",\"potentialAction\":[{\"@type\":\"ReadAction\",\"target\":[\"https:\/\/sulsc.com\/index.php\/2023\/09\/21\/roberto-de-bem-ramos-assume-presidencia-da-comissao-provisoria-do-cidadania-em-laguna\/\"]}]},{\"@type\":\"BreadcrumbList\",\"@id\":\"https:\/\/sulsc.com\/index.php\/2023\/09\/21\/roberto-de-bem-ramos-assume-presidencia-da-comissao-provisoria-do-cidadania-em-laguna\/#breadcrumb\",\"itemListElement\":[{\"@type\":\"ListItem\",\"position\":1,\"name\":\"In\u00edcio\",\"item\":\"https:\/\/sulsc.com\/\"},{\"@type\":\"ListItem\",\"position\":2,\"name\":\"Roberto de Bem Ramos assume presid\u00eancia da Comiss\u00e3o Provis\u00f3ria do Cidadania, em Laguna\"}]},{\"@type\":\"WebSite\",\"@id\":\"https:\/\/sulsc.com\/#website\",\"url\":\"https:\/\/sulsc.com\/\",\"name\":\"\",\"description\":\"\",\"potentialAction\":[{\"@type\":\"SearchAction\",\"target\":{\"@type\":\"EntryPoint\",\"urlTemplate\":\"https:\/\/sulsc.com\/?s={search_term_string}\"},\"query-input\":\"required name=search_term_string\"}],\"inLanguage\":\"en-US\"},{\"@type\":\"Person\",\"@id\":\"https:\/\/sulsc.com\/#\/schema\/person\/84d2fc571684f6248ba83092f07750a3\",\"name\":\"Reda\u00e7\u00e3o Sul SC\",\"image\":{\"@type\":\"ImageObject\",\"inLanguage\":\"en-US\",\"@id\":\"https:\/\/sulsc.com\/#\/schema\/person\/image\/e08d7fe2cc4ed596372063bbe852b8d0\",\"url\":\"https:\/\/sulsc.com\/wp-content\/uploads\/2023\/09\/redacao.png\",\"contentUrl\":\"https:\/\/sulsc.com\/wp-content\/uploads\/2023\/09\/redacao.png\",\"caption\":\"Reda\u00e7\u00e3o Sul SC\"},\"description\":\"Foco em um jornalismo imparcial, voltado \u00e0 qualidade dos seus conte\u00fados e, assim, levar informa\u00e7\u00e3o de valor que agregue \u00e0 vida dos leitores. Esta \u00e9 grande miss\u00e3o do Portal de Not\u00edcias Sul SC. N\u00e3o \u00e9 quantidade que muda o mundo, sempre foi e seguir\u00e1 sendo qualidade!\",\"sameAs\":[\"https:\/\/sulsc.com\/\",\"https:\/\/www.facebook.com\/profile.php?id=61559278119680\",\"https:\/\/www.instagram.com\/sulscportal\/?hl=pt-br\",\"https:\/\/twitter.com\/https:\/\/twitter.com\/PortalSulSC\",\"https:\/\/www.youtube.com\/channel\/UCv_BE8GeySluDov2n8qhVmw\"],\"url\":\"https:\/\/sulsc.com\/index.php\/author\/redacao\/\"}]}<\/script>\n<!-- \/ Yoast SEO plugin. -->","yoast_head_json":{"title":"Roberto de Bem Ramos assume presid\u00eancia da Comiss\u00e3o Provis\u00f3ria do Cidadania, em Laguna -","robots":{"index":"index","follow":"follow","max-snippet":"max-snippet:-1","max-image-preview":"max-image-preview:large","max-video-preview":"max-video-preview:-1"},"canonical":"https:\/\/sulsc.com\/index.php\/2023\/09\/21\/roberto-de-bem-ramos-assume-presidencia-da-comissao-provisoria-do-cidadania-em-laguna\/","og_locale":"en_US","og_type":"article","og_title":"Roberto de Bem Ramos assume presid\u00eancia da Comiss\u00e3o Provis\u00f3ria do Cidadania, em Laguna -","og_description":"A Comiss\u00e3o Provis\u00f3ria do Cidadania (23) em Laguna, conta com um novo presidente. O doutor Roberto de Bem Ramos, o Betinho, agora est\u00e1 a frente do partido que busca dar uma &#8220;cara nova&#8221; para filia\u00e7\u00f5es e garantir melhores a\u00e7\u00f5es ao bem comum do munic\u00edpio. O advogado que \u00e9 engajado em quest\u00f5es municipais, assume pela primeira &hellip; Roberto de Bem Ramos assume presid\u00eancia da Comiss\u00e3o Provis\u00f3ria do Cidadania, em Laguna Read More &raquo;","og_url":"https:\/\/sulsc.com\/index.php\/2023\/09\/21\/roberto-de-bem-ramos-assume-presidencia-da-comissao-provisoria-do-cidadania-em-laguna\/","article_author":"https:\/\/www.facebook.com\/profile.php?id=61559278119680","article_published_time":"2023-09-21T17:40:57+00:00","article_modified_time":"2023-09-21T19:18:48+00:00","og_image":[{"width":586,"height":520,"url":"https:\/\/sulsc.com\/wp-content\/uploads\/2023\/09\/Roberto-de-Bens-Ramos-assume-presidencia-da-Comissao-Provisoria-do-Cidadania-em-Laguna.jpg","type":"image\/jpeg"}],"author":"Reda\u00e7\u00e3o Sul SC","twitter_card":"summary_large_image","twitter_creator":"@https:\/\/twitter.com\/PortalSulSC","twitter_misc":{"Written by":"Reda\u00e7\u00e3o Sul SC","Est. reading time":"1 minute"},"schema":{"@context":"https:\/\/schema.org","@graph":[{"@type":"WebPage","@id":"https:\/\/sulsc.com\/index.php\/2023\/09\/21\/roberto-de-bem-ramos-assume-presidencia-da-comissao-provisoria-do-cidadania-em-laguna\/","url":"https:\/\/sulsc.com\/index.php\/2023\/09\/21\/roberto-de-bem-ramos-assume-presidencia-da-comissao-provisoria-do-cidadania-em-laguna\/","name":"Roberto de Bem Ramos assume presid\u00eancia da Comiss\u00e3o Provis\u00f3ria do Cidadania, em Laguna -","isPartOf":{"@id":"https:\/\/sulsc.com\/#website"},"datePublished":"2023-09-21T17:40:57+00:00","dateModified":"2023-09-21T19:18:48+00:00","author":{"@id":"https:\/\/sulsc.com\/#\/schema\/person\/84d2fc571684f6248ba83092f07750a3"},"breadcrumb":{"@id":"https:\/\/sulsc.com\/index.php\/2023\/09\/21\/roberto-de-bem-ramos-assume-presidencia-da-comissao-provisoria-do-cidadania-em-laguna\/#breadcrumb"},"inLanguage":"en-US","potentialAction":[{"@type":"ReadAction","target":["https:\/\/sulsc.com\/index.php\/2023\/09\/21\/roberto-de-bem-ramos-assume-presidencia-da-comissao-provisoria-do-cidadania-em-laguna\/"]}]},{"@type":"BreadcrumbList","@id":"https:\/\/sulsc.com\/index.php\/2023\/09\/21\/roberto-de-bem-ramos-assume-presidencia-da-comissao-provisoria-do-cidadania-em-laguna\/#breadcrumb","itemListElement":[{"@type":"ListItem","position":1,"name":"In\u00edcio","item":"https:\/\/sulsc.com\/"},{"@type":"ListItem","position":2,"name":"Roberto de Bem Ramos assume presid\u00eancia da Comiss\u00e3o Provis\u00f3ria do Cidadania, em Laguna"}]},{"@type":"WebSite","@id":"https:\/\/sulsc.com\/#website","url":"https:\/\/sulsc.com\/","name":"","description":"","potentialAction":[{"@type":"SearchAction","target":{"@type":"EntryPoint","urlTemplate":"https:\/\/sulsc.com\/?s={search_term_string}"},"query-input":"required name=search_term_string"}],"inLanguage":"en-US"},{"@type":"Person","@id":"https:\/\/sulsc.com\/#\/schema\/person\/84d2fc571684f6248ba83092f07750a3","name":"Reda\u00e7\u00e3o Sul SC","image":{"@type":"ImageObject","inLanguage":"en-US","@id":"https:\/\/sulsc.com\/#\/schema\/person\/image\/e08d7fe2cc4ed596372063bbe852b8d0","url":"https:\/\/sulsc.com\/wp-content\/uploads\/2023\/09\/redacao.png","contentUrl":"https:\/\/sulsc.com\/wp-content\/uploads\/2023\/09\/redacao.png","caption":"Reda\u00e7\u00e3o Sul SC"},"description":"Foco em um jornalismo imparcial, voltado \u00e0 qualidade dos seus conte\u00fados e, assim, levar informa\u00e7\u00e3o de valor que agregue \u00e0 vida dos leitores. Esta \u00e9 grande miss\u00e3o do Portal de Not\u00edcias Sul SC. N\u00e3o \u00e9 quantidade que muda o mundo, sempre foi e seguir\u00e1 sendo qualidade!","sameAs":["https:\/\/sulsc.com\/","https:\/\/www.facebook.com\/profile.php?id=61559278119680","https:\/\/www.instagram.com\/sulscportal\/?hl=pt-br","https:\/\/twitter.com\/https:\/\/twitter.com\/PortalSulSC","https:\/\/www.youtube.com\/channel\/UCv_BE8GeySluDov2n8qhVmw"],"url":"https:\/\/sulsc.com\/index.php\/author\/redacao\/"}]}},"authors":[],"_links":{"self":[{"href":"https:\/\/sulsc.com\/index.php\/wp-json\/wp\/v2\/posts\/1298"}],"collection":[{"href":"https:\/\/sulsc.com\/index.php\/wp-json\/wp\/v2\/posts"}],"about":[{"href":"https:\/\/sulsc.com\/index.php\/wp-json\/wp\/v2\/types\/post"}],"author":[{"embeddable":true,"href":"https:\/\/sulsc.com\/index.php\/wp-json\/wp\/v2\/users\/3"}],"replies":[{"embeddable":true,"href":"https:\/\/sulsc.com\/index.php\/wp-json\/wp\/v2\/comments?post=1298"}],"version-history":[{"count":2,"href":"https:\/\/sulsc.com\/index.php\/wp-json\/wp\/v2\/posts\/1298\/revisions"}],"predecessor-version":[{"id":1309,"href":"https:\/\/sulsc.com\/index.php\/wp-json\/wp\/v2\/posts\/1298\/revisions\/1309"}],"wp:featuredmedia":[{"embeddable":true,"href":"https:\/\/sulsc.com\/index.php\/wp-json\/wp\/v2\/media\/1301"}],"wp:attachment":[{"href":"https:\/\/sulsc.com\/index.php\/wp-json\/wp\/v2\/media?parent=1298"}],"wp:term":[{"taxonomy":"category","embeddable":true,"href":"https:\/\/sulsc.com\/index.php\/wp-json\/wp\/v2\/categories?post=1298"},{"taxonomy":"post_tag","embeddable":true,"href":"https:\/\/sulsc.com\/index.php\/wp-json\/wp\/v2\/tags?post=1298"}],"curies":[{"name":"wp","href":"https:\/\/api.w.org\/{rel}","templated":true}]}}