{"id":12986,"date":"2024-06-07T16:40:27","date_gmt":"2024-06-07T19:40:27","guid":{"rendered":"https:\/\/sulsc.com\/?p=12986"},"modified":"2024-06-07T15:39:02","modified_gmt":"2024-06-07T18:39:02","slug":"o-entusiasta-faltam-apenas-15-dias-para-a-apresentacao-do-comediante-rodrigo-marques-em-tubarao","status":"publish","type":"post","link":"https:\/\/sulsc.com\/index.php\/2024\/06\/07\/o-entusiasta-faltam-apenas-15-dias-para-a-apresentacao-do-comediante-rodrigo-marques-em-tubarao\/","title":{"rendered":"Faltam 15 dias para a apresenta\u00e7\u00e3o do comediante Rodrigo Marques, em Tubar\u00e3o"},"content":{"rendered":"<p>Faltam 15 dias para a apresenta\u00e7\u00e3o o humorista Rodrigo Marques, em Tubar\u00e3o. No novo show de stand-up comedy: O Entusiasta,\u00a0o humorista compartilha com o p\u00fablico experi\u00eancias e teses sobre as viv\u00eancias do mundo adulto, sempre com um vocabul\u00e1rio peculiar e impr\u00f3prio para os ouvidos mais sens\u00edveis.<\/p>\n<p>Natural de Recife, Rodrigo Marques possui tr\u00eas especiais de com\u00e9dia gravados, sendo um deles para a Netflix. Fen\u00f4meno na internet, acumula mais de cinco milh\u00f5es de seguidores nas redes sociais. Em 2023, arrastou uma legi\u00e3o de f\u00e3s aos teatros do Brasil e tamb\u00e9m de Portugal, Irlanda, Espanha, Inglaterra e Canad\u00e1.<\/p>\n<p>A apresenta\u00e7\u00e3o do integrante do programa &#8220;A Culpa \u00e9 do Cabral&#8221;, do Comedy Central, ser\u00e1 no dia 22 de junho, em sess\u00e3o \u00fanica, no teatro da Arena Multiuso, a partir das 20 horas. Os ingressos est\u00e3o no segundo lote e podem esgotar a qualquer momento. Para garantir a entrada <a href=\"https:\/\/www.sympla.com.br\/evento__2412021\">acesse o ink<\/a>.<\/p>\n<figure id=\"attachment_12987\" aria-describedby=\"caption-attachment-12987\" style=\"width: 640px\" class=\"wp-caption alignnone\"><img fetchpriority=\"high\" decoding=\"async\" class=\"size-full wp-image-12987\" src=\"http:\/\/sulsc.com\/wp-content\/uploads\/2024\/06\/WhatsApp-Image-2024-06-07-at-10.49.05.jpeg\" alt=\"\" width=\"640\" height=\"480\" srcset=\"https:\/\/sulsc.com\/wp-content\/uploads\/2024\/06\/WhatsApp-Image-2024-06-07-at-10.49.05.jpeg 640w, https:\/\/sulsc.com\/wp-content\/uploads\/2024\/06\/WhatsApp-Image-2024-06-07-at-10.49.05-300x225.jpeg 300w\" sizes=\"(max-width: 640px) 100vw, 640px\" \/><figcaption id=\"caption-attachment-12987\" class=\"wp-caption-text\">Foto: Divulga\u00e7\u00e3o\/Casa de Artistas<\/figcaption><\/figure>\n","protected":false},"excerpt":{"rendered":"<p>Faltam 15 dias para a apresenta\u00e7\u00e3o o humorista Rodrigo Marques, em Tubar\u00e3o. No novo show de stand-up comedy: O Entusiasta,\u00a0o humorista compartilha com o p\u00fablico experi\u00eancias e teses sobre as viv\u00eancias do mundo adulto, sempre com um vocabul\u00e1rio peculiar e impr\u00f3prio para os ouvidos mais sens\u00edveis. Natural de Recife, Rodrigo Marques possui tr\u00eas especiais de &hellip;<\/p>\n<p class=\"read-more\"> <a class=\"\" href=\"https:\/\/sulsc.com\/index.php\/2024\/06\/07\/o-entusiasta-faltam-apenas-15-dias-para-a-apresentacao-do-comediante-rodrigo-marques-em-tubarao\/\"> <span class=\"screen-reader-text\">Faltam 15 dias para a apresenta\u00e7\u00e3o do comediante Rodrigo Marques, em Tubar\u00e3o<\/span> Read More &raquo;<\/a><\/p>\n","protected":false},"author":3,"featured_media":12987,"comment_status":"open","ping_status":"open","sticky":false,"template":"","format":"standard","meta":{"site-sidebar-layout":"default","site-content-layout":"","ast-site-content-layout":"default","site-content-style":"default","site-sidebar-style":"default","ast-global-header-display":"","ast-banner-title-visibility":"","ast-main-header-display":"","ast-hfb-above-header-display":"","ast-hfb-below-header-display":"","ast-hfb-mobile-header-display":"","site-post-title":"","ast-breadcrumbs-content":"","ast-featured-img":"","footer-sml-layout":"","theme-transparent-header-meta":"default","adv-header-id-meta":"","stick-header-meta":"","header-above-stick-meta":"","header-main-stick-meta":"","header-below-stick-meta":"","astra-migrate-meta-layouts":"set","footnotes":""},"categories":[18],"tags":[],"yoast_head":"<!-- This site is optimized with the Yoast SEO plugin v21.4 - https:\/\/yoast.com\/wordpress\/plugins\/seo\/ -->\n<title>Faltam 15 dias para a apresenta\u00e7\u00e3o do comediante Rodrigo Marques, em Tubar\u00e3o -<\/title>\n<meta name=\"description\" content=\"Natural de Recife, Rodrigo Marques possui tr\u00eas especiais de com\u00e9dia gravados, sendo um deles para a Netflix\" \/>\n<meta name=\"robots\" content=\"index, follow, max-snippet:-1, max-image-preview:large, max-video-preview:-1\" \/>\n<link rel=\"canonical\" href=\"https:\/\/sulsc.com\/index.php\/2024\/06\/07\/o-entusiasta-faltam-apenas-15-dias-para-a-apresentacao-do-comediante-rodrigo-marques-em-tubarao\/\" \/>\n<meta property=\"og:locale\" content=\"en_US\" \/>\n<meta property=\"og:type\" content=\"article\" \/>\n<meta property=\"og:title\" content=\"Faltam 15 dias para a apresenta\u00e7\u00e3o do comediante Rodrigo Marques, em Tubar\u00e3o -\" \/>\n<meta property=\"og:description\" content=\"Natural de Recife, Rodrigo Marques possui tr\u00eas especiais de com\u00e9dia gravados, sendo um deles para a Netflix\" \/>\n<meta property=\"og:url\" content=\"https:\/\/sulsc.com\/index.php\/2024\/06\/07\/o-entusiasta-faltam-apenas-15-dias-para-a-apresentacao-do-comediante-rodrigo-marques-em-tubarao\/\" \/>\n<meta property=\"article:author\" content=\"https:\/\/www.facebook.com\/profile.php?id=61559278119680\" \/>\n<meta property=\"article:published_time\" content=\"2024-06-07T19:40:27+00:00\" \/>\n<meta property=\"article:modified_time\" content=\"2024-06-07T18:39:02+00:00\" \/>\n<meta property=\"og:image\" content=\"https:\/\/sulsc.com\/wp-content\/uploads\/2024\/06\/WhatsApp-Image-2024-06-07-at-10.49.05.jpeg\" \/>\n\t<meta property=\"og:image:width\" content=\"640\" \/>\n\t<meta property=\"og:image:height\" content=\"480\" \/>\n\t<meta property=\"og:image:type\" content=\"image\/jpeg\" \/>\n<meta name=\"author\" content=\"Reda\u00e7\u00e3o Sul SC\" \/>\n<meta name=\"twitter:card\" content=\"summary_large_image\" \/>\n<meta name=\"twitter:creator\" content=\"@https:\/\/twitter.com\/PortalSulSC\" \/>\n<meta name=\"twitter:label1\" content=\"Written by\" \/>\n\t<meta name=\"twitter:data1\" content=\"Reda\u00e7\u00e3o Sul SC\" \/>\n\t<meta name=\"twitter:label2\" content=\"Est. reading time\" \/>\n\t<meta name=\"twitter:data2\" content=\"1 minute\" \/>\n<script type=\"application\/ld+json\" class=\"yoast-schema-graph\">{\"@context\":\"https:\/\/schema.org\",\"@graph\":[{\"@type\":\"WebPage\",\"@id\":\"https:\/\/sulsc.com\/index.php\/2024\/06\/07\/o-entusiasta-faltam-apenas-15-dias-para-a-apresentacao-do-comediante-rodrigo-marques-em-tubarao\/\",\"url\":\"https:\/\/sulsc.com\/index.php\/2024\/06\/07\/o-entusiasta-faltam-apenas-15-dias-para-a-apresentacao-do-comediante-rodrigo-marques-em-tubarao\/\",\"name\":\"Faltam 15 dias para a apresenta\u00e7\u00e3o do comediante Rodrigo Marques, em Tubar\u00e3o -\",\"isPartOf\":{\"@id\":\"https:\/\/sulsc.com\/#website\"},\"datePublished\":\"2024-06-07T19:40:27+00:00\",\"dateModified\":\"2024-06-07T18:39:02+00:00\",\"author\":{\"@id\":\"https:\/\/sulsc.com\/#\/schema\/person\/84d2fc571684f6248ba83092f07750a3\"},\"description\":\"Natural de Recife, Rodrigo Marques possui tr\u00eas especiais de com\u00e9dia gravados, sendo um deles para a Netflix\",\"breadcrumb\":{\"@id\":\"https:\/\/sulsc.com\/index.php\/2024\/06\/07\/o-entusiasta-faltam-apenas-15-dias-para-a-apresentacao-do-comediante-rodrigo-marques-em-tubarao\/#breadcrumb\"},\"inLanguage\":\"en-US\",\"potentialAction\":[{\"@type\":\"ReadAction\",\"target\":[\"https:\/\/sulsc.com\/index.php\/2024\/06\/07\/o-entusiasta-faltam-apenas-15-dias-para-a-apresentacao-do-comediante-rodrigo-marques-em-tubarao\/\"]}]},{\"@type\":\"BreadcrumbList\",\"@id\":\"https:\/\/sulsc.com\/index.php\/2024\/06\/07\/o-entusiasta-faltam-apenas-15-dias-para-a-apresentacao-do-comediante-rodrigo-marques-em-tubarao\/#breadcrumb\",\"itemListElement\":[{\"@type\":\"ListItem\",\"position\":1,\"name\":\"In\u00edcio\",\"item\":\"https:\/\/sulsc.com\/\"},{\"@type\":\"ListItem\",\"position\":2,\"name\":\"Faltam 15 dias para a apresenta\u00e7\u00e3o do comediante Rodrigo Marques, em Tubar\u00e3o\"}]},{\"@type\":\"WebSite\",\"@id\":\"https:\/\/sulsc.com\/#website\",\"url\":\"https:\/\/sulsc.com\/\",\"name\":\"\",\"description\":\"\",\"potentialAction\":[{\"@type\":\"SearchAction\",\"target\":{\"@type\":\"EntryPoint\",\"urlTemplate\":\"https:\/\/sulsc.com\/?s={search_term_string}\"},\"query-input\":\"required name=search_term_string\"}],\"inLanguage\":\"en-US\"},{\"@type\":\"Person\",\"@id\":\"https:\/\/sulsc.com\/#\/schema\/person\/84d2fc571684f6248ba83092f07750a3\",\"name\":\"Reda\u00e7\u00e3o Sul SC\",\"image\":{\"@type\":\"ImageObject\",\"inLanguage\":\"en-US\",\"@id\":\"https:\/\/sulsc.com\/#\/schema\/person\/image\/e08d7fe2cc4ed596372063bbe852b8d0\",\"url\":\"https:\/\/sulsc.com\/wp-content\/uploads\/2023\/09\/redacao.png\",\"contentUrl\":\"https:\/\/sulsc.com\/wp-content\/uploads\/2023\/09\/redacao.png\",\"caption\":\"Reda\u00e7\u00e3o Sul SC\"},\"description\":\"Foco em um jornalismo imparcial, voltado \u00e0 qualidade dos seus conte\u00fados e, assim, levar informa\u00e7\u00e3o de valor que agregue \u00e0 vida dos leitores. Esta \u00e9 grande miss\u00e3o do Portal de Not\u00edcias Sul SC. N\u00e3o \u00e9 quantidade que muda o mundo, sempre foi e seguir\u00e1 sendo qualidade!\",\"sameAs\":[\"https:\/\/sulsc.com\/\",\"https:\/\/www.facebook.com\/profile.php?id=61559278119680\",\"https:\/\/www.instagram.com\/sulscportal\/?hl=pt-br\",\"https:\/\/twitter.com\/https:\/\/twitter.com\/PortalSulSC\",\"https:\/\/www.youtube.com\/channel\/UCv_BE8GeySluDov2n8qhVmw\"],\"url\":\"https:\/\/sulsc.com\/index.php\/author\/redacao\/\"}]}<\/script>\n<!-- \/ Yoast SEO plugin. -->","yoast_head_json":{"title":"Faltam 15 dias para a apresenta\u00e7\u00e3o do comediante Rodrigo Marques, em Tubar\u00e3o -","description":"Natural de Recife, Rodrigo Marques possui tr\u00eas especiais de com\u00e9dia gravados, sendo um deles para a Netflix","robots":{"index":"index","follow":"follow","max-snippet":"max-snippet:-1","max-image-preview":"max-image-preview:large","max-video-preview":"max-video-preview:-1"},"canonical":"https:\/\/sulsc.com\/index.php\/2024\/06\/07\/o-entusiasta-faltam-apenas-15-dias-para-a-apresentacao-do-comediante-rodrigo-marques-em-tubarao\/","og_locale":"en_US","og_type":"article","og_title":"Faltam 15 dias para a apresenta\u00e7\u00e3o do comediante Rodrigo Marques, em Tubar\u00e3o -","og_description":"Natural de Recife, Rodrigo Marques possui tr\u00eas especiais de com\u00e9dia gravados, sendo um deles para a Netflix","og_url":"https:\/\/sulsc.com\/index.php\/2024\/06\/07\/o-entusiasta-faltam-apenas-15-dias-para-a-apresentacao-do-comediante-rodrigo-marques-em-tubarao\/","article_author":"https:\/\/www.facebook.com\/profile.php?id=61559278119680","article_published_time":"2024-06-07T19:40:27+00:00","article_modified_time":"2024-06-07T18:39:02+00:00","og_image":[{"width":640,"height":480,"url":"https:\/\/sulsc.com\/wp-content\/uploads\/2024\/06\/WhatsApp-Image-2024-06-07-at-10.49.05.jpeg","type":"image\/jpeg"}],"author":"Reda\u00e7\u00e3o Sul SC","twitter_card":"summary_large_image","twitter_creator":"@https:\/\/twitter.com\/PortalSulSC","twitter_misc":{"Written by":"Reda\u00e7\u00e3o Sul SC","Est. reading time":"1 minute"},"schema":{"@context":"https:\/\/schema.org","@graph":[{"@type":"WebPage","@id":"https:\/\/sulsc.com\/index.php\/2024\/06\/07\/o-entusiasta-faltam-apenas-15-dias-para-a-apresentacao-do-comediante-rodrigo-marques-em-tubarao\/","url":"https:\/\/sulsc.com\/index.php\/2024\/06\/07\/o-entusiasta-faltam-apenas-15-dias-para-a-apresentacao-do-comediante-rodrigo-marques-em-tubarao\/","name":"Faltam 15 dias para a apresenta\u00e7\u00e3o do comediante Rodrigo Marques, em Tubar\u00e3o -","isPartOf":{"@id":"https:\/\/sulsc.com\/#website"},"datePublished":"2024-06-07T19:40:27+00:00","dateModified":"2024-06-07T18:39:02+00:00","author":{"@id":"https:\/\/sulsc.com\/#\/schema\/person\/84d2fc571684f6248ba83092f07750a3"},"description":"Natural de Recife, Rodrigo Marques possui tr\u00eas especiais de com\u00e9dia gravados, sendo um deles para a Netflix","breadcrumb":{"@id":"https:\/\/sulsc.com\/index.php\/2024\/06\/07\/o-entusiasta-faltam-apenas-15-dias-para-a-apresentacao-do-comediante-rodrigo-marques-em-tubarao\/#breadcrumb"},"inLanguage":"en-US","potentialAction":[{"@type":"ReadAction","target":["https:\/\/sulsc.com\/index.php\/2024\/06\/07\/o-entusiasta-faltam-apenas-15-dias-para-a-apresentacao-do-comediante-rodrigo-marques-em-tubarao\/"]}]},{"@type":"BreadcrumbList","@id":"https:\/\/sulsc.com\/index.php\/2024\/06\/07\/o-entusiasta-faltam-apenas-15-dias-para-a-apresentacao-do-comediante-rodrigo-marques-em-tubarao\/#breadcrumb","itemListElement":[{"@type":"ListItem","position":1,"name":"In\u00edcio","item":"https:\/\/sulsc.com\/"},{"@type":"ListItem","position":2,"name":"Faltam 15 dias para a apresenta\u00e7\u00e3o do comediante Rodrigo Marques, em Tubar\u00e3o"}]},{"@type":"WebSite","@id":"https:\/\/sulsc.com\/#website","url":"https:\/\/sulsc.com\/","name":"","description":"","potentialAction":[{"@type":"SearchAction","target":{"@type":"EntryPoint","urlTemplate":"https:\/\/sulsc.com\/?s={search_term_string}"},"query-input":"required name=search_term_string"}],"inLanguage":"en-US"},{"@type":"Person","@id":"https:\/\/sulsc.com\/#\/schema\/person\/84d2fc571684f6248ba83092f07750a3","name":"Reda\u00e7\u00e3o Sul SC","image":{"@type":"ImageObject","inLanguage":"en-US","@id":"https:\/\/sulsc.com\/#\/schema\/person\/image\/e08d7fe2cc4ed596372063bbe852b8d0","url":"https:\/\/sulsc.com\/wp-content\/uploads\/2023\/09\/redacao.png","contentUrl":"https:\/\/sulsc.com\/wp-content\/uploads\/2023\/09\/redacao.png","caption":"Reda\u00e7\u00e3o Sul SC"},"description":"Foco em um jornalismo imparcial, voltado \u00e0 qualidade dos seus conte\u00fados e, assim, levar informa\u00e7\u00e3o de valor que agregue \u00e0 vida dos leitores. Esta \u00e9 grande miss\u00e3o do Portal de Not\u00edcias Sul SC. N\u00e3o \u00e9 quantidade que muda o mundo, sempre foi e seguir\u00e1 sendo qualidade!","sameAs":["https:\/\/sulsc.com\/","https:\/\/www.facebook.com\/profile.php?id=61559278119680","https:\/\/www.instagram.com\/sulscportal\/?hl=pt-br","https:\/\/twitter.com\/https:\/\/twitter.com\/PortalSulSC","https:\/\/www.youtube.com\/channel\/UCv_BE8GeySluDov2n8qhVmw"],"url":"https:\/\/sulsc.com\/index.php\/author\/redacao\/"}]}},"authors":[],"_links":{"self":[{"href":"https:\/\/sulsc.com\/index.php\/wp-json\/wp\/v2\/posts\/12986"}],"collection":[{"href":"https:\/\/sulsc.com\/index.php\/wp-json\/wp\/v2\/posts"}],"about":[{"href":"https:\/\/sulsc.com\/index.php\/wp-json\/wp\/v2\/types\/post"}],"author":[{"embeddable":true,"href":"https:\/\/sulsc.com\/index.php\/wp-json\/wp\/v2\/users\/3"}],"replies":[{"embeddable":true,"href":"https:\/\/sulsc.com\/index.php\/wp-json\/wp\/v2\/comments?post=12986"}],"version-history":[{"count":3,"href":"https:\/\/sulsc.com\/index.php\/wp-json\/wp\/v2\/posts\/12986\/revisions"}],"predecessor-version":[{"id":12995,"href":"https:\/\/sulsc.com\/index.php\/wp-json\/wp\/v2\/posts\/12986\/revisions\/12995"}],"wp:featuredmedia":[{"embeddable":true,"href":"https:\/\/sulsc.com\/index.php\/wp-json\/wp\/v2\/media\/12987"}],"wp:attachment":[{"href":"https:\/\/sulsc.com\/index.php\/wp-json\/wp\/v2\/media?parent=12986"}],"wp:term":[{"taxonomy":"category","embeddable":true,"href":"https:\/\/sulsc.com\/index.php\/wp-json\/wp\/v2\/categories?post=12986"},{"taxonomy":"post_tag","embeddable":true,"href":"https:\/\/sulsc.com\/index.php\/wp-json\/wp\/v2\/tags?post=12986"}],"curies":[{"name":"wp","href":"https:\/\/api.w.org\/{rel}","templated":true}]}}