{"id":1329,"date":"2023-09-21T18:40:43","date_gmt":"2023-09-21T21:40:43","guid":{"rendered":"https:\/\/sulsc.com\/?p=1329"},"modified":"2023-09-21T18:26:49","modified_gmt":"2023-09-21T21:26:49","slug":"maior-evento-de-basquete-do-brasil-sera-sediado-no-parque-diamante-na-proxima-sexta-feira","status":"publish","type":"post","link":"https:\/\/sulsc.com\/index.php\/2023\/09\/21\/maior-evento-de-basquete-do-brasil-sera-sediado-no-parque-diamante-na-proxima-sexta-feira\/","title":{"rendered":"Maior evento de basquete do Brasil ser\u00e1 sediado no Parque Diamante na pr\u00f3xima sexta-feira"},"content":{"rendered":"<p>O Parque Diamante +Energia recebe o maior evento de basquete 3\u00d73 do Brasil nos dias 29 de setembro e 1\u00ba de outubro. O Challenge Internacional VI de Basquete 3\u00d73 contar\u00e1 com a participa\u00e7\u00e3o de algumas das melhores equipes do mundo da modalidade, al\u00e9m das equipes brasileiras.<\/p>\n<p>\u201cA ANB3x3 realiza, pelo segundo ano consecutivo, o Challenge Internacional em Santa Catarina. A organiza\u00e7\u00e3o n\u00e3o est\u00e1 medindo esfor\u00e7os para receber as melhores equipes nacionais e estrangeiras, nessa que \u00e9 a maior competi\u00e7\u00e3o da modalidade no Brasil. Estamos honrados e agradecemos a cada parceiro nessa empreitada, a comunidade do basquete 3\u00d73 agradece e quem ganha o presente ser\u00e1 o p\u00fablico, que ir\u00e1 apreciar esse grande espet\u00e1culo\u201d, afirma Alex Negret, presidente da ANB3x3, organizadora do evento.<\/p>\n<p>O Challenge Internacional VI de Basquete 3\u00d73 distribuir\u00e1 uma premia\u00e7\u00e3o total de US$ 15 mil e dar\u00e1 duas vagas \u2013 ao campe\u00e3o e vice-campe\u00e3o \u2013 para a etapa chinesa do FIBA 3\u00d73 World Tour, em Wuxi, nos dias 04 e 05 de novembro.\u00a0Al\u00e9m das duas equipes catarinenses (Academia do Esporte e Joinville), completam a lista de brasileiros: Limeira, Rio Preto, Santos, SP Pirituba, S\u00e3o Paulo DC\/Instituto Futuros Craques e Praia Clube\/Uberl\u00e2ndia.<\/p>\n<p><img fetchpriority=\"high\" decoding=\"async\" class=\"alignnone size-large wp-image-1331\" src=\"http:\/\/sulsc.com\/wp-content\/uploads\/2023\/09\/WhatsApp-Image-2023-09-21-at-18.16.15-1024x650.jpeg\" alt=\"\" width=\"1024\" height=\"650\" srcset=\"https:\/\/sulsc.com\/wp-content\/uploads\/2023\/09\/WhatsApp-Image-2023-09-21-at-18.16.15-1024x650.jpeg 1024w, https:\/\/sulsc.com\/wp-content\/uploads\/2023\/09\/WhatsApp-Image-2023-09-21-at-18.16.15-300x190.jpeg 300w, https:\/\/sulsc.com\/wp-content\/uploads\/2023\/09\/WhatsApp-Image-2023-09-21-at-18.16.15-768x487.jpeg 768w, https:\/\/sulsc.com\/wp-content\/uploads\/2023\/09\/WhatsApp-Image-2023-09-21-at-18.16.15.jpeg 1119w\" sizes=\"(max-width: 1024px) 100vw, 1024px\" \/><\/p>\n<p>Paralelamente \u00e0 disputa internacional, a ANB3x3, organizadora do evento, tamb\u00e9m realizar\u00e1 no mesmo local as disputas das categorias Sub15 masculina, Sub18 masculina e feminina, Sub23 masculina e feminina, Adulto feminina, Open masculina, +35 masculina e +40 masculina.<\/p>\n<p>De acordo com o ranking de competi\u00e7\u00f5es da FIBA, etapas do World Tour e Olimp\u00edadas s\u00e3o consideradas n\u00edvel 10, enquanto o Challenge de Capivari de Baixo \u00e9 n\u00edvel 9. O Challenge ser\u00e1 o \u00fanico evento do porte no hemisf\u00e9rio sul.<\/p>\n<p>O Challenge Internacional V de Basquete 3\u00d73 tem o patroc\u00ednio master da Diamante Gera\u00e7\u00e3o de Energia. Tem tamb\u00e9m patroc\u00ednios de: A\u00e7\u00facar Guarani, Wilson e Minist\u00e9rio do Esporte. O Parque Diamante + Energia e a Prefeitura de Capivari de Baixo apoiam o evento. A etapa tem a chancela da Federa\u00e7\u00e3o Catarinense de Basquetebol (FCB) da Confedera\u00e7\u00e3o Brasileira de Basketball (CBB). A realiza\u00e7\u00e3o \u00e9 da FIBA3x3 e ANB3x3.<\/p>\n<p>At\u00e9 o momento confirmaram presen\u00e7a as seguintes equipes internacionais: Amsterdam Hipro (NED), \u0160akiai Gulbel\u0117 (LTU), Belgrade Partizan (SRB), Paris (FRA), NY Harlem (USA), Utsunomiya BREX (JPN), Chicago (USA), Rouen (FRA), Akademija (VDU LTU), \u010ca\u010dak Huishan (NE SRB), S\u00e3o Paulo DC (BRA), Joinville (BRA), Santos (BRA), Vi\u00f1a del Mar (CHI), Rio Preto (BRA), Machala (ECU).<\/p>\n<p>&nbsp;<\/p>\n<p><strong>3\u00d73<\/strong><\/p>\n<p>Como o nome sugere, no 3\u00d73 cada equipe \u00e9 composta por tr\u00eas jogadores em quadra, mais um substituto. O jogo \u00e9 disputado em uma \u00e1rea menor (15m x 11m) que funciona como metade da quadra padr\u00e3o, com uma cesta s\u00f3, mantendo as marca\u00e7\u00f5es originais.<\/p>\n<p>&nbsp;<\/p>\n<p>Fonte: Parque Diamante Energia<\/p>\n","protected":false},"excerpt":{"rendered":"<p>O Parque Diamante +Energia recebe o maior evento de basquete 3\u00d73 do Brasil nos dias 29 de setembro e 1\u00ba de outubro. O Challenge Internacional VI de Basquete 3\u00d73 contar\u00e1 com a participa\u00e7\u00e3o de algumas das melhores equipes do mundo da modalidade, al\u00e9m das equipes brasileiras. \u201cA ANB3x3 realiza, pelo segundo ano consecutivo, o Challenge &hellip;<\/p>\n<p class=\"read-more\"> <a class=\"\" href=\"https:\/\/sulsc.com\/index.php\/2023\/09\/21\/maior-evento-de-basquete-do-brasil-sera-sediado-no-parque-diamante-na-proxima-sexta-feira\/\"> <span class=\"screen-reader-text\">Maior evento de basquete do Brasil ser\u00e1 sediado no Parque Diamante na pr\u00f3xima sexta-feira<\/span> Read More &raquo;<\/a><\/p>\n","protected":false},"author":3,"featured_media":1330,"comment_status":"open","ping_status":"open","sticky":false,"template":"","format":"standard","meta":{"site-sidebar-layout":"default","site-content-layout":"default","ast-site-content-layout":"","site-content-style":"default","site-sidebar-style":"default","ast-global-header-display":"","ast-banner-title-visibility":"","ast-main-header-display":"","ast-hfb-above-header-display":"","ast-hfb-below-header-display":"","ast-hfb-mobile-header-display":"","site-post-title":"","ast-breadcrumbs-content":"","ast-featured-img":"","footer-sml-layout":"","theme-transparent-header-meta":"default","adv-header-id-meta":"","stick-header-meta":"","header-above-stick-meta":"","header-main-stick-meta":"","header-below-stick-meta":"","astra-migrate-meta-layouts":"","footnotes":""},"categories":[42,10],"tags":[],"yoast_head":"<!-- This site is optimized with the Yoast SEO plugin v21.4 - https:\/\/yoast.com\/wordpress\/plugins\/seo\/ -->\n<title>Maior evento de basquete do Brasil ser\u00e1 sediado no Parque Diamante na pr\u00f3xima sexta-feira -<\/title>\n<meta name=\"robots\" content=\"index, follow, max-snippet:-1, max-image-preview:large, max-video-preview:-1\" \/>\n<link rel=\"canonical\" href=\"https:\/\/sulsc.com\/index.php\/2023\/09\/21\/maior-evento-de-basquete-do-brasil-sera-sediado-no-parque-diamante-na-proxima-sexta-feira\/\" \/>\n<meta property=\"og:locale\" content=\"en_US\" \/>\n<meta property=\"og:type\" content=\"article\" \/>\n<meta property=\"og:title\" content=\"Maior evento de basquete do Brasil ser\u00e1 sediado no Parque Diamante na pr\u00f3xima sexta-feira -\" \/>\n<meta property=\"og:description\" content=\"O Parque Diamante +Energia recebe o maior evento de basquete 3\u00d73 do Brasil nos dias 29 de setembro e 1\u00ba de outubro. O Challenge Internacional VI de Basquete 3\u00d73 contar\u00e1 com a participa\u00e7\u00e3o de algumas das melhores equipes do mundo da modalidade, al\u00e9m das equipes brasileiras. \u201cA ANB3x3 realiza, pelo segundo ano consecutivo, o Challenge &hellip; Maior evento de basquete do Brasil ser\u00e1 sediado no Parque Diamante na pr\u00f3xima sexta-feira Read More &raquo;\" \/>\n<meta property=\"og:url\" content=\"https:\/\/sulsc.com\/index.php\/2023\/09\/21\/maior-evento-de-basquete-do-brasil-sera-sediado-no-parque-diamante-na-proxima-sexta-feira\/\" \/>\n<meta property=\"article:author\" content=\"https:\/\/www.facebook.com\/profile.php?id=61559278119680\" \/>\n<meta property=\"article:published_time\" content=\"2023-09-21T21:40:43+00:00\" \/>\n<meta property=\"article:modified_time\" content=\"2023-09-21T21:26:49+00:00\" \/>\n<meta property=\"og:image\" content=\"https:\/\/sulsc.com\/wp-content\/uploads\/2023\/09\/WhatsApp-Image-2023-09-21-at-18.16.16.jpeg\" \/>\n\t<meta property=\"og:image:width\" content=\"1200\" \/>\n\t<meta property=\"og:image:height\" content=\"800\" \/>\n\t<meta property=\"og:image:type\" content=\"image\/jpeg\" \/>\n<meta name=\"author\" content=\"Reda\u00e7\u00e3o Sul SC\" \/>\n<meta name=\"twitter:card\" content=\"summary_large_image\" \/>\n<meta name=\"twitter:creator\" content=\"@https:\/\/twitter.com\/PortalSulSC\" \/>\n<meta name=\"twitter:label1\" content=\"Written by\" \/>\n\t<meta name=\"twitter:data1\" content=\"Reda\u00e7\u00e3o Sul SC\" \/>\n\t<meta name=\"twitter:label2\" content=\"Est. reading time\" \/>\n\t<meta name=\"twitter:data2\" content=\"2 minutes\" \/>\n<script type=\"application\/ld+json\" class=\"yoast-schema-graph\">{\"@context\":\"https:\/\/schema.org\",\"@graph\":[{\"@type\":\"WebPage\",\"@id\":\"https:\/\/sulsc.com\/index.php\/2023\/09\/21\/maior-evento-de-basquete-do-brasil-sera-sediado-no-parque-diamante-na-proxima-sexta-feira\/\",\"url\":\"https:\/\/sulsc.com\/index.php\/2023\/09\/21\/maior-evento-de-basquete-do-brasil-sera-sediado-no-parque-diamante-na-proxima-sexta-feira\/\",\"name\":\"Maior evento de basquete do Brasil ser\u00e1 sediado no Parque Diamante na pr\u00f3xima sexta-feira -\",\"isPartOf\":{\"@id\":\"https:\/\/sulsc.com\/#website\"},\"datePublished\":\"2023-09-21T21:40:43+00:00\",\"dateModified\":\"2023-09-21T21:26:49+00:00\",\"author\":{\"@id\":\"https:\/\/sulsc.com\/#\/schema\/person\/84d2fc571684f6248ba83092f07750a3\"},\"breadcrumb\":{\"@id\":\"https:\/\/sulsc.com\/index.php\/2023\/09\/21\/maior-evento-de-basquete-do-brasil-sera-sediado-no-parque-diamante-na-proxima-sexta-feira\/#breadcrumb\"},\"inLanguage\":\"en-US\",\"potentialAction\":[{\"@type\":\"ReadAction\",\"target\":[\"https:\/\/sulsc.com\/index.php\/2023\/09\/21\/maior-evento-de-basquete-do-brasil-sera-sediado-no-parque-diamante-na-proxima-sexta-feira\/\"]}]},{\"@type\":\"BreadcrumbList\",\"@id\":\"https:\/\/sulsc.com\/index.php\/2023\/09\/21\/maior-evento-de-basquete-do-brasil-sera-sediado-no-parque-diamante-na-proxima-sexta-feira\/#breadcrumb\",\"itemListElement\":[{\"@type\":\"ListItem\",\"position\":1,\"name\":\"In\u00edcio\",\"item\":\"https:\/\/sulsc.com\/\"},{\"@type\":\"ListItem\",\"position\":2,\"name\":\"Maior evento de basquete do Brasil ser\u00e1 sediado no Parque Diamante na pr\u00f3xima sexta-feira\"}]},{\"@type\":\"WebSite\",\"@id\":\"https:\/\/sulsc.com\/#website\",\"url\":\"https:\/\/sulsc.com\/\",\"name\":\"\",\"description\":\"\",\"potentialAction\":[{\"@type\":\"SearchAction\",\"target\":{\"@type\":\"EntryPoint\",\"urlTemplate\":\"https:\/\/sulsc.com\/?s={search_term_string}\"},\"query-input\":\"required name=search_term_string\"}],\"inLanguage\":\"en-US\"},{\"@type\":\"Person\",\"@id\":\"https:\/\/sulsc.com\/#\/schema\/person\/84d2fc571684f6248ba83092f07750a3\",\"name\":\"Reda\u00e7\u00e3o Sul SC\",\"image\":{\"@type\":\"ImageObject\",\"inLanguage\":\"en-US\",\"@id\":\"https:\/\/sulsc.com\/#\/schema\/person\/image\/e08d7fe2cc4ed596372063bbe852b8d0\",\"url\":\"https:\/\/sulsc.com\/wp-content\/uploads\/2023\/09\/redacao.png\",\"contentUrl\":\"https:\/\/sulsc.com\/wp-content\/uploads\/2023\/09\/redacao.png\",\"caption\":\"Reda\u00e7\u00e3o Sul SC\"},\"description\":\"Foco em um jornalismo imparcial, voltado \u00e0 qualidade dos seus conte\u00fados e, assim, levar informa\u00e7\u00e3o de valor que agregue \u00e0 vida dos leitores. Esta \u00e9 grande miss\u00e3o do Portal de Not\u00edcias Sul SC. N\u00e3o \u00e9 quantidade que muda o mundo, sempre foi e seguir\u00e1 sendo qualidade!\",\"sameAs\":[\"https:\/\/sulsc.com\/\",\"https:\/\/www.facebook.com\/profile.php?id=61559278119680\",\"https:\/\/www.instagram.com\/sulscportal\/?hl=pt-br\",\"https:\/\/twitter.com\/https:\/\/twitter.com\/PortalSulSC\",\"https:\/\/www.youtube.com\/channel\/UCv_BE8GeySluDov2n8qhVmw\"],\"url\":\"https:\/\/sulsc.com\/index.php\/author\/redacao\/\"}]}<\/script>\n<!-- \/ Yoast SEO plugin. -->","yoast_head_json":{"title":"Maior evento de basquete do Brasil ser\u00e1 sediado no Parque Diamante na pr\u00f3xima sexta-feira -","robots":{"index":"index","follow":"follow","max-snippet":"max-snippet:-1","max-image-preview":"max-image-preview:large","max-video-preview":"max-video-preview:-1"},"canonical":"https:\/\/sulsc.com\/index.php\/2023\/09\/21\/maior-evento-de-basquete-do-brasil-sera-sediado-no-parque-diamante-na-proxima-sexta-feira\/","og_locale":"en_US","og_type":"article","og_title":"Maior evento de basquete do Brasil ser\u00e1 sediado no Parque Diamante na pr\u00f3xima sexta-feira -","og_description":"O Parque Diamante +Energia recebe o maior evento de basquete 3\u00d73 do Brasil nos dias 29 de setembro e 1\u00ba de outubro. O Challenge Internacional VI de Basquete 3\u00d73 contar\u00e1 com a participa\u00e7\u00e3o de algumas das melhores equipes do mundo da modalidade, al\u00e9m das equipes brasileiras. \u201cA ANB3x3 realiza, pelo segundo ano consecutivo, o Challenge &hellip; Maior evento de basquete do Brasil ser\u00e1 sediado no Parque Diamante na pr\u00f3xima sexta-feira Read More &raquo;","og_url":"https:\/\/sulsc.com\/index.php\/2023\/09\/21\/maior-evento-de-basquete-do-brasil-sera-sediado-no-parque-diamante-na-proxima-sexta-feira\/","article_author":"https:\/\/www.facebook.com\/profile.php?id=61559278119680","article_published_time":"2023-09-21T21:40:43+00:00","article_modified_time":"2023-09-21T21:26:49+00:00","og_image":[{"width":1200,"height":800,"url":"https:\/\/sulsc.com\/wp-content\/uploads\/2023\/09\/WhatsApp-Image-2023-09-21-at-18.16.16.jpeg","type":"image\/jpeg"}],"author":"Reda\u00e7\u00e3o Sul SC","twitter_card":"summary_large_image","twitter_creator":"@https:\/\/twitter.com\/PortalSulSC","twitter_misc":{"Written by":"Reda\u00e7\u00e3o Sul SC","Est. reading time":"2 minutes"},"schema":{"@context":"https:\/\/schema.org","@graph":[{"@type":"WebPage","@id":"https:\/\/sulsc.com\/index.php\/2023\/09\/21\/maior-evento-de-basquete-do-brasil-sera-sediado-no-parque-diamante-na-proxima-sexta-feira\/","url":"https:\/\/sulsc.com\/index.php\/2023\/09\/21\/maior-evento-de-basquete-do-brasil-sera-sediado-no-parque-diamante-na-proxima-sexta-feira\/","name":"Maior evento de basquete do Brasil ser\u00e1 sediado no Parque Diamante na pr\u00f3xima sexta-feira -","isPartOf":{"@id":"https:\/\/sulsc.com\/#website"},"datePublished":"2023-09-21T21:40:43+00:00","dateModified":"2023-09-21T21:26:49+00:00","author":{"@id":"https:\/\/sulsc.com\/#\/schema\/person\/84d2fc571684f6248ba83092f07750a3"},"breadcrumb":{"@id":"https:\/\/sulsc.com\/index.php\/2023\/09\/21\/maior-evento-de-basquete-do-brasil-sera-sediado-no-parque-diamante-na-proxima-sexta-feira\/#breadcrumb"},"inLanguage":"en-US","potentialAction":[{"@type":"ReadAction","target":["https:\/\/sulsc.com\/index.php\/2023\/09\/21\/maior-evento-de-basquete-do-brasil-sera-sediado-no-parque-diamante-na-proxima-sexta-feira\/"]}]},{"@type":"BreadcrumbList","@id":"https:\/\/sulsc.com\/index.php\/2023\/09\/21\/maior-evento-de-basquete-do-brasil-sera-sediado-no-parque-diamante-na-proxima-sexta-feira\/#breadcrumb","itemListElement":[{"@type":"ListItem","position":1,"name":"In\u00edcio","item":"https:\/\/sulsc.com\/"},{"@type":"ListItem","position":2,"name":"Maior evento de basquete do Brasil ser\u00e1 sediado no Parque Diamante na pr\u00f3xima sexta-feira"}]},{"@type":"WebSite","@id":"https:\/\/sulsc.com\/#website","url":"https:\/\/sulsc.com\/","name":"","description":"","potentialAction":[{"@type":"SearchAction","target":{"@type":"EntryPoint","urlTemplate":"https:\/\/sulsc.com\/?s={search_term_string}"},"query-input":"required name=search_term_string"}],"inLanguage":"en-US"},{"@type":"Person","@id":"https:\/\/sulsc.com\/#\/schema\/person\/84d2fc571684f6248ba83092f07750a3","name":"Reda\u00e7\u00e3o Sul SC","image":{"@type":"ImageObject","inLanguage":"en-US","@id":"https:\/\/sulsc.com\/#\/schema\/person\/image\/e08d7fe2cc4ed596372063bbe852b8d0","url":"https:\/\/sulsc.com\/wp-content\/uploads\/2023\/09\/redacao.png","contentUrl":"https:\/\/sulsc.com\/wp-content\/uploads\/2023\/09\/redacao.png","caption":"Reda\u00e7\u00e3o Sul SC"},"description":"Foco em um jornalismo imparcial, voltado \u00e0 qualidade dos seus conte\u00fados e, assim, levar informa\u00e7\u00e3o de valor que agregue \u00e0 vida dos leitores. Esta \u00e9 grande miss\u00e3o do Portal de Not\u00edcias Sul SC. N\u00e3o \u00e9 quantidade que muda o mundo, sempre foi e seguir\u00e1 sendo qualidade!","sameAs":["https:\/\/sulsc.com\/","https:\/\/www.facebook.com\/profile.php?id=61559278119680","https:\/\/www.instagram.com\/sulscportal\/?hl=pt-br","https:\/\/twitter.com\/https:\/\/twitter.com\/PortalSulSC","https:\/\/www.youtube.com\/channel\/UCv_BE8GeySluDov2n8qhVmw"],"url":"https:\/\/sulsc.com\/index.php\/author\/redacao\/"}]}},"authors":[],"_links":{"self":[{"href":"https:\/\/sulsc.com\/index.php\/wp-json\/wp\/v2\/posts\/1329"}],"collection":[{"href":"https:\/\/sulsc.com\/index.php\/wp-json\/wp\/v2\/posts"}],"about":[{"href":"https:\/\/sulsc.com\/index.php\/wp-json\/wp\/v2\/types\/post"}],"author":[{"embeddable":true,"href":"https:\/\/sulsc.com\/index.php\/wp-json\/wp\/v2\/users\/3"}],"replies":[{"embeddable":true,"href":"https:\/\/sulsc.com\/index.php\/wp-json\/wp\/v2\/comments?post=1329"}],"version-history":[{"count":1,"href":"https:\/\/sulsc.com\/index.php\/wp-json\/wp\/v2\/posts\/1329\/revisions"}],"predecessor-version":[{"id":1332,"href":"https:\/\/sulsc.com\/index.php\/wp-json\/wp\/v2\/posts\/1329\/revisions\/1332"}],"wp:featuredmedia":[{"embeddable":true,"href":"https:\/\/sulsc.com\/index.php\/wp-json\/wp\/v2\/media\/1330"}],"wp:attachment":[{"href":"https:\/\/sulsc.com\/index.php\/wp-json\/wp\/v2\/media?parent=1329"}],"wp:term":[{"taxonomy":"category","embeddable":true,"href":"https:\/\/sulsc.com\/index.php\/wp-json\/wp\/v2\/categories?post=1329"},{"taxonomy":"post_tag","embeddable":true,"href":"https:\/\/sulsc.com\/index.php\/wp-json\/wp\/v2\/tags?post=1329"}],"curies":[{"name":"wp","href":"https:\/\/api.w.org\/{rel}","templated":true}]}}