{"id":1349,"date":"2023-09-22T09:30:41","date_gmt":"2023-09-22T12:30:41","guid":{"rendered":"https:\/\/sulsc.com\/?p=1349"},"modified":"2023-09-22T09:08:10","modified_gmt":"2023-09-22T12:08:10","slug":"renault-megane-e-tech-e-eletrico-estiloso-com-preco-de-jeep-commander","status":"publish","type":"post","link":"https:\/\/sulsc.com\/index.php\/2023\/09\/22\/renault-megane-e-tech-e-eletrico-estiloso-com-preco-de-jeep-commander\/","title":{"rendered":"Renault Megane E-Tech \u00e9 el\u00e9trico estiloso com pre\u00e7o de Jeep Commander"},"content":{"rendered":"<p>A Renault foi uma das pioneiras na venda de carros el\u00e9tricos no Brasil, mas as coisas mudaram. Antes, a mera oferta de um EV j\u00e1 era suficiente para cumprir a proposta de ter algo diferente e inovador no cat\u00e1logo. Com o r\u00e1pido crescimento do mercado, al\u00e9m de bom, o ve\u00edculo precisa ser atraente tanto no estilo quanto no pre\u00e7o para fazer sentido.<\/p>\n<p>A pr\u00f3pria fabricante francesa anunciou que come\u00e7a a sua \u201cRenova\u00e7\u00e3o\u201d no pa\u00eds (segunda parte de um plano de \u201cRenolu\u00e7\u00e3o\u201d). Essa ideia envolve ve\u00edculos mais caros e que tragam status \u00e0 marca, focando em valor ao inv\u00e9s de volume.<\/p>\n<p><img fetchpriority=\"high\" decoding=\"async\" class=\"alignnone size-large wp-image-1350\" src=\"http:\/\/sulsc.com\/wp-content\/uploads\/2023\/09\/Renault-Megane-E-Tech-testado-por-QUATRO-RODAS-17-1024x682.webp\" alt=\"\" width=\"1024\" height=\"682\" srcset=\"https:\/\/sulsc.com\/wp-content\/uploads\/2023\/09\/Renault-Megane-E-Tech-testado-por-QUATRO-RODAS-17-1024x682.webp 1024w, https:\/\/sulsc.com\/wp-content\/uploads\/2023\/09\/Renault-Megane-E-Tech-testado-por-QUATRO-RODAS-17-300x200.webp 300w, https:\/\/sulsc.com\/wp-content\/uploads\/2023\/09\/Renault-Megane-E-Tech-testado-por-QUATRO-RODAS-17-768x512.webp 768w, https:\/\/sulsc.com\/wp-content\/uploads\/2023\/09\/Renault-Megane-E-Tech-testado-por-QUATRO-RODAS-17-1536x1024.webp 1536w, https:\/\/sulsc.com\/wp-content\/uploads\/2023\/09\/Renault-Megane-E-Tech-testado-por-QUATRO-RODAS-17.webp 1880w\" sizes=\"(max-width: 1024px) 100vw, 1024px\" \/><\/p>\n<p>E \u00e9 nesse equil\u00edbrio inst\u00e1vel que o novo Renault Megane E-Tech chega ao mercado, tendo que oferecer requinte com pre\u00e7o competitivo. O crossover com toques de SUV compacto estreia por R$ 279.900 \u2014 valor que o posiciona entre BYD Yuan Plus e o Volvo XC40. \u00c9 o in\u00edcio de uma nova fase, ainda mais simb\u00f3lica com a aposentadoria do Zoe, que sai de linha no pa\u00eds justo nesta<br \/>\nsemana.<\/p>\n<p>Apesar do batismo que remete ao cl\u00e1ssico M\u00e9gane fabricado no Brasil, pouco se aproveita desse legado. Na verdade, at\u00e9 o acento agudo com som de circunflexo, t\u00edpico da l\u00edngua francesa, foi deixado para tr\u00e1s no nome. O novo Megane E-Tech aposta no que a marca chama de \u201ctecnologia sensual\u201d, elegante ao apostar em elementos decorativos bem discretos por si, mas, que unidos, comp\u00f5em um conjunto bem diferente do que estamos acostumados.<\/p>\n<p>&nbsp;<\/p>\n<p>Fonte: Quatro Rodas<\/p>\n","protected":false},"excerpt":{"rendered":"<p>A Renault foi uma das pioneiras na venda de carros el\u00e9tricos no Brasil, mas as coisas mudaram. Antes, a mera oferta de um EV j\u00e1 era suficiente para cumprir a proposta de ter algo diferente e inovador no cat\u00e1logo. Com o r\u00e1pido crescimento do mercado, al\u00e9m de bom, o ve\u00edculo precisa ser atraente tanto no &hellip;<\/p>\n<p class=\"read-more\"> <a class=\"\" href=\"https:\/\/sulsc.com\/index.php\/2023\/09\/22\/renault-megane-e-tech-e-eletrico-estiloso-com-preco-de-jeep-commander\/\"> <span class=\"screen-reader-text\">Renault Megane E-Tech \u00e9 el\u00e9trico estiloso com pre\u00e7o de Jeep Commander<\/span> Read More &raquo;<\/a><\/p>\n","protected":false},"author":3,"featured_media":1351,"comment_status":"open","ping_status":"open","sticky":false,"template":"","format":"standard","meta":{"site-sidebar-layout":"default","site-content-layout":"default","ast-site-content-layout":"","site-content-style":"default","site-sidebar-style":"default","ast-global-header-display":"","ast-banner-title-visibility":"","ast-main-header-display":"","ast-hfb-above-header-display":"","ast-hfb-below-header-display":"","ast-hfb-mobile-header-display":"","site-post-title":"","ast-breadcrumbs-content":"","ast-featured-img":"","footer-sml-layout":"","theme-transparent-header-meta":"default","adv-header-id-meta":"","stick-header-meta":"","header-above-stick-meta":"","header-main-stick-meta":"","header-below-stick-meta":"","astra-migrate-meta-layouts":"","footnotes":""},"categories":[15,19],"tags":[],"yoast_head":"<!-- This site is optimized with the Yoast SEO plugin v21.4 - https:\/\/yoast.com\/wordpress\/plugins\/seo\/ -->\n<title>Renault Megane E-Tech \u00e9 el\u00e9trico estiloso com pre\u00e7o de Jeep Commander -<\/title>\n<meta name=\"robots\" content=\"index, follow, max-snippet:-1, max-image-preview:large, max-video-preview:-1\" \/>\n<link rel=\"canonical\" href=\"https:\/\/sulsc.com\/index.php\/2023\/09\/22\/renault-megane-e-tech-e-eletrico-estiloso-com-preco-de-jeep-commander\/\" \/>\n<meta property=\"og:locale\" content=\"en_US\" \/>\n<meta property=\"og:type\" content=\"article\" \/>\n<meta property=\"og:title\" content=\"Renault Megane E-Tech \u00e9 el\u00e9trico estiloso com pre\u00e7o de Jeep Commander -\" \/>\n<meta property=\"og:description\" content=\"A Renault foi uma das pioneiras na venda de carros el\u00e9tricos no Brasil, mas as coisas mudaram. Antes, a mera oferta de um EV j\u00e1 era suficiente para cumprir a proposta de ter algo diferente e inovador no cat\u00e1logo. Com o r\u00e1pido crescimento do mercado, al\u00e9m de bom, o ve\u00edculo precisa ser atraente tanto no &hellip; Renault Megane E-Tech \u00e9 el\u00e9trico estiloso com pre\u00e7o de Jeep Commander Read More &raquo;\" \/>\n<meta property=\"og:url\" content=\"https:\/\/sulsc.com\/index.php\/2023\/09\/22\/renault-megane-e-tech-e-eletrico-estiloso-com-preco-de-jeep-commander\/\" \/>\n<meta property=\"article:author\" content=\"https:\/\/www.facebook.com\/profile.php?id=61559278119680\" \/>\n<meta property=\"article:published_time\" content=\"2023-09-22T12:30:41+00:00\" \/>\n<meta property=\"article:modified_time\" content=\"2023-09-22T12:08:10+00:00\" \/>\n<meta property=\"og:image\" content=\"https:\/\/sulsc.com\/wp-content\/uploads\/2023\/09\/Renault-Megane-E-Tech-testado-por-QUATRO-RODAS-222.webp\" \/>\n\t<meta property=\"og:image:width\" content=\"1280\" \/>\n\t<meta property=\"og:image:height\" content=\"720\" \/>\n\t<meta property=\"og:image:type\" content=\"image\/webp\" \/>\n<meta name=\"author\" content=\"Reda\u00e7\u00e3o Sul SC\" \/>\n<meta name=\"twitter:card\" content=\"summary_large_image\" \/>\n<meta name=\"twitter:creator\" content=\"@https:\/\/twitter.com\/PortalSulSC\" \/>\n<meta name=\"twitter:label1\" content=\"Written by\" \/>\n\t<meta name=\"twitter:data1\" content=\"Reda\u00e7\u00e3o Sul SC\" \/>\n\t<meta name=\"twitter:label2\" content=\"Est. reading time\" \/>\n\t<meta name=\"twitter:data2\" content=\"1 minute\" \/>\n<script type=\"application\/ld+json\" class=\"yoast-schema-graph\">{\"@context\":\"https:\/\/schema.org\",\"@graph\":[{\"@type\":\"WebPage\",\"@id\":\"https:\/\/sulsc.com\/index.php\/2023\/09\/22\/renault-megane-e-tech-e-eletrico-estiloso-com-preco-de-jeep-commander\/\",\"url\":\"https:\/\/sulsc.com\/index.php\/2023\/09\/22\/renault-megane-e-tech-e-eletrico-estiloso-com-preco-de-jeep-commander\/\",\"name\":\"Renault Megane E-Tech \u00e9 el\u00e9trico estiloso com pre\u00e7o de Jeep Commander -\",\"isPartOf\":{\"@id\":\"https:\/\/sulsc.com\/#website\"},\"datePublished\":\"2023-09-22T12:30:41+00:00\",\"dateModified\":\"2023-09-22T12:08:10+00:00\",\"author\":{\"@id\":\"https:\/\/sulsc.com\/#\/schema\/person\/84d2fc571684f6248ba83092f07750a3\"},\"breadcrumb\":{\"@id\":\"https:\/\/sulsc.com\/index.php\/2023\/09\/22\/renault-megane-e-tech-e-eletrico-estiloso-com-preco-de-jeep-commander\/#breadcrumb\"},\"inLanguage\":\"en-US\",\"potentialAction\":[{\"@type\":\"ReadAction\",\"target\":[\"https:\/\/sulsc.com\/index.php\/2023\/09\/22\/renault-megane-e-tech-e-eletrico-estiloso-com-preco-de-jeep-commander\/\"]}]},{\"@type\":\"BreadcrumbList\",\"@id\":\"https:\/\/sulsc.com\/index.php\/2023\/09\/22\/renault-megane-e-tech-e-eletrico-estiloso-com-preco-de-jeep-commander\/#breadcrumb\",\"itemListElement\":[{\"@type\":\"ListItem\",\"position\":1,\"name\":\"In\u00edcio\",\"item\":\"https:\/\/sulsc.com\/\"},{\"@type\":\"ListItem\",\"position\":2,\"name\":\"Renault Megane E-Tech \u00e9 el\u00e9trico estiloso com pre\u00e7o de Jeep Commander\"}]},{\"@type\":\"WebSite\",\"@id\":\"https:\/\/sulsc.com\/#website\",\"url\":\"https:\/\/sulsc.com\/\",\"name\":\"\",\"description\":\"\",\"potentialAction\":[{\"@type\":\"SearchAction\",\"target\":{\"@type\":\"EntryPoint\",\"urlTemplate\":\"https:\/\/sulsc.com\/?s={search_term_string}\"},\"query-input\":\"required name=search_term_string\"}],\"inLanguage\":\"en-US\"},{\"@type\":\"Person\",\"@id\":\"https:\/\/sulsc.com\/#\/schema\/person\/84d2fc571684f6248ba83092f07750a3\",\"name\":\"Reda\u00e7\u00e3o Sul SC\",\"image\":{\"@type\":\"ImageObject\",\"inLanguage\":\"en-US\",\"@id\":\"https:\/\/sulsc.com\/#\/schema\/person\/image\/e08d7fe2cc4ed596372063bbe852b8d0\",\"url\":\"https:\/\/sulsc.com\/wp-content\/uploads\/2023\/09\/redacao.png\",\"contentUrl\":\"https:\/\/sulsc.com\/wp-content\/uploads\/2023\/09\/redacao.png\",\"caption\":\"Reda\u00e7\u00e3o Sul SC\"},\"description\":\"Foco em um jornalismo imparcial, voltado \u00e0 qualidade dos seus conte\u00fados e, assim, levar informa\u00e7\u00e3o de valor que agregue \u00e0 vida dos leitores. Esta \u00e9 grande miss\u00e3o do Portal de Not\u00edcias Sul SC. N\u00e3o \u00e9 quantidade que muda o mundo, sempre foi e seguir\u00e1 sendo qualidade!\",\"sameAs\":[\"https:\/\/sulsc.com\/\",\"https:\/\/www.facebook.com\/profile.php?id=61559278119680\",\"https:\/\/www.instagram.com\/sulscportal\/?hl=pt-br\",\"https:\/\/twitter.com\/https:\/\/twitter.com\/PortalSulSC\",\"https:\/\/www.youtube.com\/channel\/UCv_BE8GeySluDov2n8qhVmw\"],\"url\":\"https:\/\/sulsc.com\/index.php\/author\/redacao\/\"}]}<\/script>\n<!-- \/ Yoast SEO plugin. -->","yoast_head_json":{"title":"Renault Megane E-Tech \u00e9 el\u00e9trico estiloso com pre\u00e7o de Jeep Commander -","robots":{"index":"index","follow":"follow","max-snippet":"max-snippet:-1","max-image-preview":"max-image-preview:large","max-video-preview":"max-video-preview:-1"},"canonical":"https:\/\/sulsc.com\/index.php\/2023\/09\/22\/renault-megane-e-tech-e-eletrico-estiloso-com-preco-de-jeep-commander\/","og_locale":"en_US","og_type":"article","og_title":"Renault Megane E-Tech \u00e9 el\u00e9trico estiloso com pre\u00e7o de Jeep Commander -","og_description":"A Renault foi uma das pioneiras na venda de carros el\u00e9tricos no Brasil, mas as coisas mudaram. Antes, a mera oferta de um EV j\u00e1 era suficiente para cumprir a proposta de ter algo diferente e inovador no cat\u00e1logo. Com o r\u00e1pido crescimento do mercado, al\u00e9m de bom, o ve\u00edculo precisa ser atraente tanto no &hellip; Renault Megane E-Tech \u00e9 el\u00e9trico estiloso com pre\u00e7o de Jeep Commander Read More &raquo;","og_url":"https:\/\/sulsc.com\/index.php\/2023\/09\/22\/renault-megane-e-tech-e-eletrico-estiloso-com-preco-de-jeep-commander\/","article_author":"https:\/\/www.facebook.com\/profile.php?id=61559278119680","article_published_time":"2023-09-22T12:30:41+00:00","article_modified_time":"2023-09-22T12:08:10+00:00","og_image":[{"width":1280,"height":720,"url":"https:\/\/sulsc.com\/wp-content\/uploads\/2023\/09\/Renault-Megane-E-Tech-testado-por-QUATRO-RODAS-222.webp","type":"image\/webp"}],"author":"Reda\u00e7\u00e3o Sul SC","twitter_card":"summary_large_image","twitter_creator":"@https:\/\/twitter.com\/PortalSulSC","twitter_misc":{"Written by":"Reda\u00e7\u00e3o Sul SC","Est. reading time":"1 minute"},"schema":{"@context":"https:\/\/schema.org","@graph":[{"@type":"WebPage","@id":"https:\/\/sulsc.com\/index.php\/2023\/09\/22\/renault-megane-e-tech-e-eletrico-estiloso-com-preco-de-jeep-commander\/","url":"https:\/\/sulsc.com\/index.php\/2023\/09\/22\/renault-megane-e-tech-e-eletrico-estiloso-com-preco-de-jeep-commander\/","name":"Renault Megane E-Tech \u00e9 el\u00e9trico estiloso com pre\u00e7o de Jeep Commander -","isPartOf":{"@id":"https:\/\/sulsc.com\/#website"},"datePublished":"2023-09-22T12:30:41+00:00","dateModified":"2023-09-22T12:08:10+00:00","author":{"@id":"https:\/\/sulsc.com\/#\/schema\/person\/84d2fc571684f6248ba83092f07750a3"},"breadcrumb":{"@id":"https:\/\/sulsc.com\/index.php\/2023\/09\/22\/renault-megane-e-tech-e-eletrico-estiloso-com-preco-de-jeep-commander\/#breadcrumb"},"inLanguage":"en-US","potentialAction":[{"@type":"ReadAction","target":["https:\/\/sulsc.com\/index.php\/2023\/09\/22\/renault-megane-e-tech-e-eletrico-estiloso-com-preco-de-jeep-commander\/"]}]},{"@type":"BreadcrumbList","@id":"https:\/\/sulsc.com\/index.php\/2023\/09\/22\/renault-megane-e-tech-e-eletrico-estiloso-com-preco-de-jeep-commander\/#breadcrumb","itemListElement":[{"@type":"ListItem","position":1,"name":"In\u00edcio","item":"https:\/\/sulsc.com\/"},{"@type":"ListItem","position":2,"name":"Renault Megane E-Tech \u00e9 el\u00e9trico estiloso com pre\u00e7o de Jeep Commander"}]},{"@type":"WebSite","@id":"https:\/\/sulsc.com\/#website","url":"https:\/\/sulsc.com\/","name":"","description":"","potentialAction":[{"@type":"SearchAction","target":{"@type":"EntryPoint","urlTemplate":"https:\/\/sulsc.com\/?s={search_term_string}"},"query-input":"required name=search_term_string"}],"inLanguage":"en-US"},{"@type":"Person","@id":"https:\/\/sulsc.com\/#\/schema\/person\/84d2fc571684f6248ba83092f07750a3","name":"Reda\u00e7\u00e3o Sul SC","image":{"@type":"ImageObject","inLanguage":"en-US","@id":"https:\/\/sulsc.com\/#\/schema\/person\/image\/e08d7fe2cc4ed596372063bbe852b8d0","url":"https:\/\/sulsc.com\/wp-content\/uploads\/2023\/09\/redacao.png","contentUrl":"https:\/\/sulsc.com\/wp-content\/uploads\/2023\/09\/redacao.png","caption":"Reda\u00e7\u00e3o Sul SC"},"description":"Foco em um jornalismo imparcial, voltado \u00e0 qualidade dos seus conte\u00fados e, assim, levar informa\u00e7\u00e3o de valor que agregue \u00e0 vida dos leitores. Esta \u00e9 grande miss\u00e3o do Portal de Not\u00edcias Sul SC. N\u00e3o \u00e9 quantidade que muda o mundo, sempre foi e seguir\u00e1 sendo qualidade!","sameAs":["https:\/\/sulsc.com\/","https:\/\/www.facebook.com\/profile.php?id=61559278119680","https:\/\/www.instagram.com\/sulscportal\/?hl=pt-br","https:\/\/twitter.com\/https:\/\/twitter.com\/PortalSulSC","https:\/\/www.youtube.com\/channel\/UCv_BE8GeySluDov2n8qhVmw"],"url":"https:\/\/sulsc.com\/index.php\/author\/redacao\/"}]}},"authors":[],"_links":{"self":[{"href":"https:\/\/sulsc.com\/index.php\/wp-json\/wp\/v2\/posts\/1349"}],"collection":[{"href":"https:\/\/sulsc.com\/index.php\/wp-json\/wp\/v2\/posts"}],"about":[{"href":"https:\/\/sulsc.com\/index.php\/wp-json\/wp\/v2\/types\/post"}],"author":[{"embeddable":true,"href":"https:\/\/sulsc.com\/index.php\/wp-json\/wp\/v2\/users\/3"}],"replies":[{"embeddable":true,"href":"https:\/\/sulsc.com\/index.php\/wp-json\/wp\/v2\/comments?post=1349"}],"version-history":[{"count":1,"href":"https:\/\/sulsc.com\/index.php\/wp-json\/wp\/v2\/posts\/1349\/revisions"}],"predecessor-version":[{"id":1352,"href":"https:\/\/sulsc.com\/index.php\/wp-json\/wp\/v2\/posts\/1349\/revisions\/1352"}],"wp:featuredmedia":[{"embeddable":true,"href":"https:\/\/sulsc.com\/index.php\/wp-json\/wp\/v2\/media\/1351"}],"wp:attachment":[{"href":"https:\/\/sulsc.com\/index.php\/wp-json\/wp\/v2\/media?parent=1349"}],"wp:term":[{"taxonomy":"category","embeddable":true,"href":"https:\/\/sulsc.com\/index.php\/wp-json\/wp\/v2\/categories?post=1349"},{"taxonomy":"post_tag","embeddable":true,"href":"https:\/\/sulsc.com\/index.php\/wp-json\/wp\/v2\/tags?post=1349"}],"curies":[{"name":"wp","href":"https:\/\/api.w.org\/{rel}","templated":true}]}}