{"id":1357,"date":"2023-09-22T14:20:16","date_gmt":"2023-09-22T17:20:16","guid":{"rendered":"https:\/\/sulsc.com\/?p=1357"},"modified":"2023-09-22T14:12:56","modified_gmt":"2023-09-22T17:12:56","slug":"plantio-de-mudas-marcam-a-passagem-do-dia-da-arvore-em-tubarao","status":"publish","type":"post","link":"https:\/\/sulsc.com\/index.php\/2023\/09\/22\/plantio-de-mudas-marcam-a-passagem-do-dia-da-arvore-em-tubarao\/","title":{"rendered":"Plantio de mudas marcam a passagem do Dia da \u00c1rvore, em Tubar\u00e3o"},"content":{"rendered":"<p>Duas iniciativas institucionais para marcar a passagem do Dia da \u00c1rvore foram registradas em Tubar\u00e3o, nesta quinta-feira (21). No Bosque da Mem\u00f3ria, a Funda\u00e7\u00e3o Municipal de Meio Ambiente (Funat) promoveu o plantio de mudas de diversas esp\u00e9cies, enquanto no Centro de Educa\u00e7\u00e3o Infantil (CEI) Leonor Lima Brasil, a Tubar\u00e3o Saneamento tamb\u00e9m idealizou o plantio de mudas de \u00e1rvores frut\u00edferas.<\/p>\n<p>No Bosque da Mem\u00f3ria, local de homenagem \u00e0s v\u00edtimas da Covid-19, a Funat plantou 100 mudas de ip\u00eas-amarelo, jabuticabeiras, quaresmeiras e manac\u00e1s. O prefeito Jairo Cascaes, auxiliado pelo diretor-presidente da Funat, J\u00falio C\u00e9sar \u00c2ngelo Rodrigues, fez o plantio de uma muda de jabuticabeira.<\/p>\n<p>NO CEI Leonor Lima Brasil, os estudantes tamb\u00e9m promoveram o plantio atrav\u00e9s de uma iniciativa da Tubar\u00e3o Saneamento.\u00a0Institu\u00eddo em 21 de setembro, o Dia da \u00c1rvore visa incentivar a preven\u00e7\u00e3o, refor\u00e7ar a import\u00e2ncia do meio ambiente para a sociedade e motivar o cultivo.<\/p>\n<p><img fetchpriority=\"high\" decoding=\"async\" class=\"alignnone size-full wp-image-1359\" src=\"http:\/\/sulsc.com\/wp-content\/uploads\/2023\/09\/Plantio-de-mudas-marcam-a-passagem-do-Dia-da-Arvore-em-Tubarao01.jpg\" alt=\"\" width=\"800\" height=\"445\" srcset=\"https:\/\/sulsc.com\/wp-content\/uploads\/2023\/09\/Plantio-de-mudas-marcam-a-passagem-do-Dia-da-Arvore-em-Tubarao01.jpg 800w, https:\/\/sulsc.com\/wp-content\/uploads\/2023\/09\/Plantio-de-mudas-marcam-a-passagem-do-Dia-da-Arvore-em-Tubarao01-300x167.jpg 300w, https:\/\/sulsc.com\/wp-content\/uploads\/2023\/09\/Plantio-de-mudas-marcam-a-passagem-do-Dia-da-Arvore-em-Tubarao01-768x427.jpg 768w\" sizes=\"(max-width: 800px) 100vw, 800px\" \/><\/p>\n<p>\u201cUm dia prop\u00edcio para elaborar a\u00e7\u00f5es com as crian\u00e7as\u201d, afirma o diretor da concession\u00e1ria, Andr\u00e9 da Silva Souza. \u201cElas s\u00e3o o nosso futuro, precisamos plantar a semente da sustentabilidade para que possamos colher bons frutos. Se desde cedo ensinarmos sobre respeito e cuidado com o meio ambiente, mais positivo \u00e9 l\u00e1 na frente.\u201d<\/p>\n<p>As crian\u00e7as e a equipe de Responsabilidade Socioambiental da Concession\u00e1ria plantaram 15 \u00e1rvores no p\u00e1tio da escola e falaram sobre os cuidados necess\u00e1rios com a natureza. Ao t\u00e9rmino da a\u00e7\u00e3o, tamb\u00e9m puderam escolher com seus pais uma muda e levar para casa a fim de plantar com a fam\u00edlia.<\/p>\n<p>Ao total, foram 120 mudas e sementes de margaridas distribu\u00eddas, um resultado positivo conforme destaca o tamb\u00e9m diretor da Tubar\u00e3o Saneamento, Paulo Canelles. \u201c\u00c9 uma a\u00e7\u00e3o que se estende e n\u00e3o finaliza no centro de educa\u00e7\u00e3o. As crian\u00e7as levam as informa\u00e7\u00f5es para os pais e, juntos, plantam mais uma \u00e1rvore. \u00c9 a fam\u00edlia toda envolvida por um bem maior, que \u00e9 o meio ambiente\u201d, destacou.<\/p>\n<p>Al\u00e9m disso, em alus\u00e3o \u00e0 data, a Concession\u00e1ria tamb\u00e9m est\u00e1 disponibilizando aos moradores de Tubar\u00e3o, at\u00e9 o dia 30 de setembro, mudas para o plantio. A distribui\u00e7\u00e3o est\u00e1 acontecendo na sede da Tubar\u00e3o Saneamento, localizada na rua Altamiro Guimar\u00e3es, 685.<\/p>\n<p>&nbsp;<\/p>\n<p>Fonte: Pref. Tubar\u00e3o<\/p>\n","protected":false},"excerpt":{"rendered":"<p>Duas iniciativas institucionais para marcar a passagem do Dia da \u00c1rvore foram registradas em Tubar\u00e3o, nesta quinta-feira (21). No Bosque da Mem\u00f3ria, a Funda\u00e7\u00e3o Municipal de Meio Ambiente (Funat) promoveu o plantio de mudas de diversas esp\u00e9cies, enquanto no Centro de Educa\u00e7\u00e3o Infantil (CEI) Leonor Lima Brasil, a Tubar\u00e3o Saneamento tamb\u00e9m idealizou o plantio de &hellip;<\/p>\n<p class=\"read-more\"> <a class=\"\" href=\"https:\/\/sulsc.com\/index.php\/2023\/09\/22\/plantio-de-mudas-marcam-a-passagem-do-dia-da-arvore-em-tubarao\/\"> <span class=\"screen-reader-text\">Plantio de mudas marcam a passagem do Dia da \u00c1rvore, em Tubar\u00e3o<\/span> Read More &raquo;<\/a><\/p>\n","protected":false},"author":3,"featured_media":1358,"comment_status":"open","ping_status":"open","sticky":false,"template":"","format":"standard","meta":{"site-sidebar-layout":"default","site-content-layout":"default","ast-site-content-layout":"","site-content-style":"default","site-sidebar-style":"default","ast-global-header-display":"","ast-banner-title-visibility":"","ast-main-header-display":"","ast-hfb-above-header-display":"","ast-hfb-below-header-display":"","ast-hfb-mobile-header-display":"","site-post-title":"","ast-breadcrumbs-content":"","ast-featured-img":"","footer-sml-layout":"","theme-transparent-header-meta":"default","adv-header-id-meta":"","stick-header-meta":"","header-above-stick-meta":"","header-main-stick-meta":"","header-below-stick-meta":"","astra-migrate-meta-layouts":"","footnotes":""},"categories":[17,21],"tags":[],"yoast_head":"<!-- This site is optimized with the Yoast SEO plugin v21.4 - https:\/\/yoast.com\/wordpress\/plugins\/seo\/ -->\n<title>Plantio de mudas marcam a passagem do Dia da \u00c1rvore, em Tubar\u00e3o -<\/title>\n<meta name=\"robots\" content=\"index, follow, max-snippet:-1, max-image-preview:large, max-video-preview:-1\" \/>\n<link rel=\"canonical\" href=\"https:\/\/sulsc.com\/index.php\/2023\/09\/22\/plantio-de-mudas-marcam-a-passagem-do-dia-da-arvore-em-tubarao\/\" \/>\n<meta property=\"og:locale\" content=\"en_US\" \/>\n<meta property=\"og:type\" content=\"article\" \/>\n<meta property=\"og:title\" content=\"Plantio de mudas marcam a passagem do Dia da \u00c1rvore, em Tubar\u00e3o -\" \/>\n<meta property=\"og:description\" content=\"Duas iniciativas institucionais para marcar a passagem do Dia da \u00c1rvore foram registradas em Tubar\u00e3o, nesta quinta-feira (21). No Bosque da Mem\u00f3ria, a Funda\u00e7\u00e3o Municipal de Meio Ambiente (Funat) promoveu o plantio de mudas de diversas esp\u00e9cies, enquanto no Centro de Educa\u00e7\u00e3o Infantil (CEI) Leonor Lima Brasil, a Tubar\u00e3o Saneamento tamb\u00e9m idealizou o plantio de &hellip; Plantio de mudas marcam a passagem do Dia da \u00c1rvore, em Tubar\u00e3o Read More &raquo;\" \/>\n<meta property=\"og:url\" content=\"https:\/\/sulsc.com\/index.php\/2023\/09\/22\/plantio-de-mudas-marcam-a-passagem-do-dia-da-arvore-em-tubarao\/\" \/>\n<meta property=\"article:author\" content=\"https:\/\/www.facebook.com\/profile.php?id=61559278119680\" \/>\n<meta property=\"article:published_time\" content=\"2023-09-22T17:20:16+00:00\" \/>\n<meta property=\"article:modified_time\" content=\"2023-09-22T17:12:56+00:00\" \/>\n<meta property=\"og:image\" content=\"https:\/\/sulsc.com\/wp-content\/uploads\/2023\/09\/Plantio-de-mudas-marcam-a-passagem-do-Dia-da-Arvore-em-Tubarao-02.jpg\" \/>\n\t<meta property=\"og:image:width\" content=\"1500\" \/>\n\t<meta property=\"og:image:height\" content=\"1000\" \/>\n\t<meta property=\"og:image:type\" content=\"image\/jpeg\" \/>\n<meta name=\"author\" content=\"Reda\u00e7\u00e3o Sul SC\" \/>\n<meta name=\"twitter:card\" content=\"summary_large_image\" \/>\n<meta name=\"twitter:creator\" content=\"@https:\/\/twitter.com\/PortalSulSC\" \/>\n<meta name=\"twitter:label1\" content=\"Written by\" \/>\n\t<meta name=\"twitter:data1\" content=\"Reda\u00e7\u00e3o Sul SC\" \/>\n\t<meta name=\"twitter:label2\" content=\"Est. reading time\" \/>\n\t<meta name=\"twitter:data2\" content=\"2 minutes\" \/>\n<script type=\"application\/ld+json\" class=\"yoast-schema-graph\">{\"@context\":\"https:\/\/schema.org\",\"@graph\":[{\"@type\":\"WebPage\",\"@id\":\"https:\/\/sulsc.com\/index.php\/2023\/09\/22\/plantio-de-mudas-marcam-a-passagem-do-dia-da-arvore-em-tubarao\/\",\"url\":\"https:\/\/sulsc.com\/index.php\/2023\/09\/22\/plantio-de-mudas-marcam-a-passagem-do-dia-da-arvore-em-tubarao\/\",\"name\":\"Plantio de mudas marcam a passagem do Dia da \u00c1rvore, em Tubar\u00e3o -\",\"isPartOf\":{\"@id\":\"https:\/\/sulsc.com\/#website\"},\"datePublished\":\"2023-09-22T17:20:16+00:00\",\"dateModified\":\"2023-09-22T17:12:56+00:00\",\"author\":{\"@id\":\"https:\/\/sulsc.com\/#\/schema\/person\/84d2fc571684f6248ba83092f07750a3\"},\"breadcrumb\":{\"@id\":\"https:\/\/sulsc.com\/index.php\/2023\/09\/22\/plantio-de-mudas-marcam-a-passagem-do-dia-da-arvore-em-tubarao\/#breadcrumb\"},\"inLanguage\":\"en-US\",\"potentialAction\":[{\"@type\":\"ReadAction\",\"target\":[\"https:\/\/sulsc.com\/index.php\/2023\/09\/22\/plantio-de-mudas-marcam-a-passagem-do-dia-da-arvore-em-tubarao\/\"]}]},{\"@type\":\"BreadcrumbList\",\"@id\":\"https:\/\/sulsc.com\/index.php\/2023\/09\/22\/plantio-de-mudas-marcam-a-passagem-do-dia-da-arvore-em-tubarao\/#breadcrumb\",\"itemListElement\":[{\"@type\":\"ListItem\",\"position\":1,\"name\":\"In\u00edcio\",\"item\":\"https:\/\/sulsc.com\/\"},{\"@type\":\"ListItem\",\"position\":2,\"name\":\"Plantio de mudas marcam a passagem do Dia da \u00c1rvore, em Tubar\u00e3o\"}]},{\"@type\":\"WebSite\",\"@id\":\"https:\/\/sulsc.com\/#website\",\"url\":\"https:\/\/sulsc.com\/\",\"name\":\"\",\"description\":\"\",\"potentialAction\":[{\"@type\":\"SearchAction\",\"target\":{\"@type\":\"EntryPoint\",\"urlTemplate\":\"https:\/\/sulsc.com\/?s={search_term_string}\"},\"query-input\":\"required name=search_term_string\"}],\"inLanguage\":\"en-US\"},{\"@type\":\"Person\",\"@id\":\"https:\/\/sulsc.com\/#\/schema\/person\/84d2fc571684f6248ba83092f07750a3\",\"name\":\"Reda\u00e7\u00e3o Sul SC\",\"image\":{\"@type\":\"ImageObject\",\"inLanguage\":\"en-US\",\"@id\":\"https:\/\/sulsc.com\/#\/schema\/person\/image\/e08d7fe2cc4ed596372063bbe852b8d0\",\"url\":\"https:\/\/sulsc.com\/wp-content\/uploads\/2023\/09\/redacao.png\",\"contentUrl\":\"https:\/\/sulsc.com\/wp-content\/uploads\/2023\/09\/redacao.png\",\"caption\":\"Reda\u00e7\u00e3o Sul SC\"},\"description\":\"Foco em um jornalismo imparcial, voltado \u00e0 qualidade dos seus conte\u00fados e, assim, levar informa\u00e7\u00e3o de valor que agregue \u00e0 vida dos leitores. Esta \u00e9 grande miss\u00e3o do Portal de Not\u00edcias Sul SC. N\u00e3o \u00e9 quantidade que muda o mundo, sempre foi e seguir\u00e1 sendo qualidade!\",\"sameAs\":[\"https:\/\/sulsc.com\/\",\"https:\/\/www.facebook.com\/profile.php?id=61559278119680\",\"https:\/\/www.instagram.com\/sulscportal\/?hl=pt-br\",\"https:\/\/twitter.com\/https:\/\/twitter.com\/PortalSulSC\",\"https:\/\/www.youtube.com\/channel\/UCv_BE8GeySluDov2n8qhVmw\"],\"url\":\"https:\/\/sulsc.com\/index.php\/author\/redacao\/\"}]}<\/script>\n<!-- \/ Yoast SEO plugin. -->","yoast_head_json":{"title":"Plantio de mudas marcam a passagem do Dia da \u00c1rvore, em Tubar\u00e3o -","robots":{"index":"index","follow":"follow","max-snippet":"max-snippet:-1","max-image-preview":"max-image-preview:large","max-video-preview":"max-video-preview:-1"},"canonical":"https:\/\/sulsc.com\/index.php\/2023\/09\/22\/plantio-de-mudas-marcam-a-passagem-do-dia-da-arvore-em-tubarao\/","og_locale":"en_US","og_type":"article","og_title":"Plantio de mudas marcam a passagem do Dia da \u00c1rvore, em Tubar\u00e3o -","og_description":"Duas iniciativas institucionais para marcar a passagem do Dia da \u00c1rvore foram registradas em Tubar\u00e3o, nesta quinta-feira (21). No Bosque da Mem\u00f3ria, a Funda\u00e7\u00e3o Municipal de Meio Ambiente (Funat) promoveu o plantio de mudas de diversas esp\u00e9cies, enquanto no Centro de Educa\u00e7\u00e3o Infantil (CEI) Leonor Lima Brasil, a Tubar\u00e3o Saneamento tamb\u00e9m idealizou o plantio de &hellip; Plantio de mudas marcam a passagem do Dia da \u00c1rvore, em Tubar\u00e3o Read More &raquo;","og_url":"https:\/\/sulsc.com\/index.php\/2023\/09\/22\/plantio-de-mudas-marcam-a-passagem-do-dia-da-arvore-em-tubarao\/","article_author":"https:\/\/www.facebook.com\/profile.php?id=61559278119680","article_published_time":"2023-09-22T17:20:16+00:00","article_modified_time":"2023-09-22T17:12:56+00:00","og_image":[{"width":1500,"height":1000,"url":"https:\/\/sulsc.com\/wp-content\/uploads\/2023\/09\/Plantio-de-mudas-marcam-a-passagem-do-Dia-da-Arvore-em-Tubarao-02.jpg","type":"image\/jpeg"}],"author":"Reda\u00e7\u00e3o Sul SC","twitter_card":"summary_large_image","twitter_creator":"@https:\/\/twitter.com\/PortalSulSC","twitter_misc":{"Written by":"Reda\u00e7\u00e3o Sul SC","Est. reading time":"2 minutes"},"schema":{"@context":"https:\/\/schema.org","@graph":[{"@type":"WebPage","@id":"https:\/\/sulsc.com\/index.php\/2023\/09\/22\/plantio-de-mudas-marcam-a-passagem-do-dia-da-arvore-em-tubarao\/","url":"https:\/\/sulsc.com\/index.php\/2023\/09\/22\/plantio-de-mudas-marcam-a-passagem-do-dia-da-arvore-em-tubarao\/","name":"Plantio de mudas marcam a passagem do Dia da \u00c1rvore, em Tubar\u00e3o -","isPartOf":{"@id":"https:\/\/sulsc.com\/#website"},"datePublished":"2023-09-22T17:20:16+00:00","dateModified":"2023-09-22T17:12:56+00:00","author":{"@id":"https:\/\/sulsc.com\/#\/schema\/person\/84d2fc571684f6248ba83092f07750a3"},"breadcrumb":{"@id":"https:\/\/sulsc.com\/index.php\/2023\/09\/22\/plantio-de-mudas-marcam-a-passagem-do-dia-da-arvore-em-tubarao\/#breadcrumb"},"inLanguage":"en-US","potentialAction":[{"@type":"ReadAction","target":["https:\/\/sulsc.com\/index.php\/2023\/09\/22\/plantio-de-mudas-marcam-a-passagem-do-dia-da-arvore-em-tubarao\/"]}]},{"@type":"BreadcrumbList","@id":"https:\/\/sulsc.com\/index.php\/2023\/09\/22\/plantio-de-mudas-marcam-a-passagem-do-dia-da-arvore-em-tubarao\/#breadcrumb","itemListElement":[{"@type":"ListItem","position":1,"name":"In\u00edcio","item":"https:\/\/sulsc.com\/"},{"@type":"ListItem","position":2,"name":"Plantio de mudas marcam a passagem do Dia da \u00c1rvore, em Tubar\u00e3o"}]},{"@type":"WebSite","@id":"https:\/\/sulsc.com\/#website","url":"https:\/\/sulsc.com\/","name":"","description":"","potentialAction":[{"@type":"SearchAction","target":{"@type":"EntryPoint","urlTemplate":"https:\/\/sulsc.com\/?s={search_term_string}"},"query-input":"required name=search_term_string"}],"inLanguage":"en-US"},{"@type":"Person","@id":"https:\/\/sulsc.com\/#\/schema\/person\/84d2fc571684f6248ba83092f07750a3","name":"Reda\u00e7\u00e3o Sul SC","image":{"@type":"ImageObject","inLanguage":"en-US","@id":"https:\/\/sulsc.com\/#\/schema\/person\/image\/e08d7fe2cc4ed596372063bbe852b8d0","url":"https:\/\/sulsc.com\/wp-content\/uploads\/2023\/09\/redacao.png","contentUrl":"https:\/\/sulsc.com\/wp-content\/uploads\/2023\/09\/redacao.png","caption":"Reda\u00e7\u00e3o Sul SC"},"description":"Foco em um jornalismo imparcial, voltado \u00e0 qualidade dos seus conte\u00fados e, assim, levar informa\u00e7\u00e3o de valor que agregue \u00e0 vida dos leitores. Esta \u00e9 grande miss\u00e3o do Portal de Not\u00edcias Sul SC. N\u00e3o \u00e9 quantidade que muda o mundo, sempre foi e seguir\u00e1 sendo qualidade!","sameAs":["https:\/\/sulsc.com\/","https:\/\/www.facebook.com\/profile.php?id=61559278119680","https:\/\/www.instagram.com\/sulscportal\/?hl=pt-br","https:\/\/twitter.com\/https:\/\/twitter.com\/PortalSulSC","https:\/\/www.youtube.com\/channel\/UCv_BE8GeySluDov2n8qhVmw"],"url":"https:\/\/sulsc.com\/index.php\/author\/redacao\/"}]}},"authors":[],"_links":{"self":[{"href":"https:\/\/sulsc.com\/index.php\/wp-json\/wp\/v2\/posts\/1357"}],"collection":[{"href":"https:\/\/sulsc.com\/index.php\/wp-json\/wp\/v2\/posts"}],"about":[{"href":"https:\/\/sulsc.com\/index.php\/wp-json\/wp\/v2\/types\/post"}],"author":[{"embeddable":true,"href":"https:\/\/sulsc.com\/index.php\/wp-json\/wp\/v2\/users\/3"}],"replies":[{"embeddable":true,"href":"https:\/\/sulsc.com\/index.php\/wp-json\/wp\/v2\/comments?post=1357"}],"version-history":[{"count":2,"href":"https:\/\/sulsc.com\/index.php\/wp-json\/wp\/v2\/posts\/1357\/revisions"}],"predecessor-version":[{"id":1361,"href":"https:\/\/sulsc.com\/index.php\/wp-json\/wp\/v2\/posts\/1357\/revisions\/1361"}],"wp:featuredmedia":[{"embeddable":true,"href":"https:\/\/sulsc.com\/index.php\/wp-json\/wp\/v2\/media\/1358"}],"wp:attachment":[{"href":"https:\/\/sulsc.com\/index.php\/wp-json\/wp\/v2\/media?parent=1357"}],"wp:term":[{"taxonomy":"category","embeddable":true,"href":"https:\/\/sulsc.com\/index.php\/wp-json\/wp\/v2\/categories?post=1357"},{"taxonomy":"post_tag","embeddable":true,"href":"https:\/\/sulsc.com\/index.php\/wp-json\/wp\/v2\/tags?post=1357"}],"curies":[{"name":"wp","href":"https:\/\/api.w.org\/{rel}","templated":true}]}}