{"id":13665,"date":"2024-06-21T15:30:00","date_gmt":"2024-06-21T18:30:00","guid":{"rendered":"https:\/\/sulsc.com\/?p=13665"},"modified":"2024-06-21T15:28:20","modified_gmt":"2024-06-21T18:28:20","slug":"inscricoes-para-capacitacao-sobre-monitoramento-hidrologico-e-eventos-criticos-encerra-hoje","status":"publish","type":"post","link":"https:\/\/sulsc.com\/index.php\/2024\/06\/21\/inscricoes-para-capacitacao-sobre-monitoramento-hidrologico-e-eventos-criticos-encerra-hoje\/","title":{"rendered":"Inscri\u00e7\u00f5es para capacita\u00e7\u00e3o sobre Monitoramento Hidrol\u00f3gico e Eventos Cr\u00edticos encerra hoje"},"content":{"rendered":"<p>Para\u00a0 aprimorar o conhecimento dos seus membros e demais pessoas interessadas na \u00e1rea, no dia 26 de junho ser\u00e1 realiza a primeira capacita\u00e7\u00e3o de 2024 do Comit\u00ea de Gerenciamento da Bacia Hidrogr\u00e1fica do Rio Ararangu\u00e1 e Afluentes Catarinenses do Rio Mampituba. As inscri\u00e7\u00f5es encerram nesta sexta-feira (21).<\/p>\n<p><span style=\"font-size: 16px;\">O encontro com o tema \u201cMonitoramento Hidrol\u00f3gico e Eventos Cr\u00edticos\u201d, abordar\u00e1 os efeitos das mudan\u00e7as clim\u00e1ticas nos recursos h\u00eddricos, eventos hidrol\u00f3gicos extremos e o monitoramento hidrol\u00f3gico. <\/span>O assunto ganhou bastante evid\u00eancia devido \u00e0 trag\u00e9dia do Rio Grande do Sul. A capacita\u00e7\u00e3o <span style=\"font-size: 16px;\">ter\u00e1 dura\u00e7\u00e3o de seis horas<\/span> e <span style=\"font-size: 16px;\">acontecer\u00e1 na Universidade do Extremo Sul Catarinense (Unesc), campus de Ararangu\u00e1, das 13h \u00e0s 19h. <\/span><\/p>\n<p><span style=\"font-size: 16px;\">Os palestrantes <\/span><span style=\"font-size: 16px;\">s\u00e3o: o professor dr. Carlyle Torres Bezerra de Menezes, que tamb\u00e9m \u00e9 coordenador geral do ProFor \u00c1guas Unesc \u2013 equipe t\u00e9cnica da Entidade Executiva; o agente de pesquisa da Empresa de Pesquisa Agropecu\u00e1ria e Extens\u00e3o Rural de Santa Catarina (Epagri), Jos\u00e9 Luiz Rocha; e, por fim, o professor titular do Instituto de Pesquisas Hidr\u00e1ulicas (IPH) da Universidade Federal do Rio Grande do Sul (UFRGS), Masato Kobiyama.<\/span><\/p>\n<p><img fetchpriority=\"high\" decoding=\"async\" class=\"alignnone size-full wp-image-13666\" src=\"http:\/\/sulsc.com\/wp-content\/uploads\/2024\/06\/WhatsApp-Image-2024-06-18-at-12.04.16.jpeg\" alt=\"\" width=\"1600\" height=\"1067\" srcset=\"https:\/\/sulsc.com\/wp-content\/uploads\/2024\/06\/WhatsApp-Image-2024-06-18-at-12.04.16.jpeg 1600w, https:\/\/sulsc.com\/wp-content\/uploads\/2024\/06\/WhatsApp-Image-2024-06-18-at-12.04.16-300x200.jpeg 300w, https:\/\/sulsc.com\/wp-content\/uploads\/2024\/06\/WhatsApp-Image-2024-06-18-at-12.04.16-1024x683.jpeg 1024w, https:\/\/sulsc.com\/wp-content\/uploads\/2024\/06\/WhatsApp-Image-2024-06-18-at-12.04.16-768x512.jpeg 768w, https:\/\/sulsc.com\/wp-content\/uploads\/2024\/06\/WhatsApp-Image-2024-06-18-at-12.04.16-1536x1024.jpeg 1536w\" sizes=\"(max-width: 1600px) 100vw, 1600px\" \/><\/p>\n<p>&nbsp;<\/p>\n<p><strong>Ponto central<\/strong><\/p>\n<p>Um dos objetivos principais com o curso \u00e9 que os inscritos compreendam, de maneira geral, como funciona o monitoramento hidrol\u00f3gico no Brasil e em Santa Catarina, incluindo os equipamentos empregados, os pontos de monitoramento no estado e na bacia do Rio Ararangu\u00e1. O t\u00f3pico ser\u00e1 apresentado por Jos\u00e9 Luiz Rocha Oliveira, que destaca a sua grande import\u00e2ncia, principalmente pelo fato de a regi\u00e3o do manancial \u00e9 regularmente afetada por eventos cr\u00edticos, como enchentes, inunda\u00e7\u00f5es ou secas e estiagens.<\/p>\n<p>Tendo em mente que o monitoramento hidrol\u00f3gico desempenha um papel essencial no acompanhamento desses eventos e em situa\u00e7\u00f5es de normalidade, a capacita\u00e7\u00e3o, na vis\u00e3o de Oliveira, torna-se uma oportunidade da regi\u00e3o discutir uma quest\u00e3o relevante para a sociedade. \u201cA partir dessas informa\u00e7\u00f5es coletadas com o tempo, criamos uma s\u00e9rie de dados hist\u00f3ricos para a mitiga\u00e7\u00e3o de eventos cr\u00edticos futuros\u201d, explica.<\/p>\n<p>&nbsp;<\/p>\n<p><strong>Impacto das emerg\u00eancias clim\u00e1ticas<\/strong><\/p>\n<p>A expectativa \u00e9 que, ao fim do curso, conforme evidencia a presidente do Comit\u00ea Ararangu\u00e1 e Afluentes do Mampituba, Eliandra Gomes Marques, os participantes entendam tamb\u00e9m os impactos das emerg\u00eancias clim\u00e1ticas, sabendo como preveni-las. \u201cOs inscritos saber\u00e3o analisar os padr\u00f5es de chuvas e n\u00edveis de rios, podendo contribuir mais para a seguran\u00e7a e o uso sustent\u00e1vel dos recursos h\u00eddricos\u201d, complementa.<\/p>\n<p>Com as entidades-membro mais especializadas no assunto, \u00e9 poss\u00edvel desenvolver planos de gest\u00e3o eficazes, reduzindo os riscos associados a eventos extremos. \u201cAl\u00e9m disso, o evento \u00e9 uma maneira de conscientizarmos e engajarmos a comunidade no que diz respeito \u00e0 preserva\u00e7\u00e3o ambiental e resposta a desastres naturais que est\u00e3o sendo frequentes em nosso territ\u00f3rio\u201d, destaca Eliandra.<\/p>\n","protected":false},"excerpt":{"rendered":"<p>Para\u00a0 aprimorar o conhecimento dos seus membros e demais pessoas interessadas na \u00e1rea, no dia 26 de junho ser\u00e1 realiza a primeira capacita\u00e7\u00e3o de 2024 do Comit\u00ea de Gerenciamento da Bacia Hidrogr\u00e1fica do Rio Ararangu\u00e1 e Afluentes Catarinenses do Rio Mampituba. As inscri\u00e7\u00f5es encerram nesta sexta-feira (21). O encontro com o tema \u201cMonitoramento Hidrol\u00f3gico e &hellip;<\/p>\n<p class=\"read-more\"> <a class=\"\" href=\"https:\/\/sulsc.com\/index.php\/2024\/06\/21\/inscricoes-para-capacitacao-sobre-monitoramento-hidrologico-e-eventos-criticos-encerra-hoje\/\"> <span class=\"screen-reader-text\">Inscri\u00e7\u00f5es para capacita\u00e7\u00e3o sobre Monitoramento Hidrol\u00f3gico e Eventos Cr\u00edticos encerra hoje<\/span> Read More &raquo;<\/a><\/p>\n","protected":false},"author":3,"featured_media":13666,"comment_status":"open","ping_status":"open","sticky":false,"template":"","format":"standard","meta":{"site-sidebar-layout":"default","site-content-layout":"","ast-site-content-layout":"default","site-content-style":"default","site-sidebar-style":"default","ast-global-header-display":"","ast-banner-title-visibility":"","ast-main-header-display":"","ast-hfb-above-header-display":"","ast-hfb-below-header-display":"","ast-hfb-mobile-header-display":"","site-post-title":"","ast-breadcrumbs-content":"","ast-featured-img":"","footer-sml-layout":"","theme-transparent-header-meta":"default","adv-header-id-meta":"","stick-header-meta":"","header-above-stick-meta":"","header-main-stick-meta":"","header-below-stick-meta":"","astra-migrate-meta-layouts":"set","footnotes":""},"categories":[24],"tags":[],"yoast_head":"<!-- This site is optimized with the Yoast SEO plugin v21.4 - https:\/\/yoast.com\/wordpress\/plugins\/seo\/ -->\n<title>Inscri\u00e7\u00f5es para capacita\u00e7\u00e3o sobre Monitoramento Hidrol\u00f3gico e Eventos Cr\u00edticos encerra hoje -<\/title>\n<meta name=\"description\" content=\"O evento do Comit\u00ea Ararangu\u00e1 e Afluentes do Mampituba acontecer\u00e1 no dia 26 de junho e contar\u00e1 com tr\u00eas palestrantes\" \/>\n<meta name=\"robots\" content=\"index, follow, max-snippet:-1, max-image-preview:large, max-video-preview:-1\" \/>\n<link rel=\"canonical\" href=\"https:\/\/sulsc.com\/index.php\/2024\/06\/21\/inscricoes-para-capacitacao-sobre-monitoramento-hidrologico-e-eventos-criticos-encerra-hoje\/\" \/>\n<meta property=\"og:locale\" content=\"en_US\" \/>\n<meta property=\"og:type\" content=\"article\" \/>\n<meta property=\"og:title\" content=\"Inscri\u00e7\u00f5es para capacita\u00e7\u00e3o sobre Monitoramento Hidrol\u00f3gico e Eventos Cr\u00edticos encerra hoje -\" \/>\n<meta property=\"og:description\" content=\"O evento do Comit\u00ea Ararangu\u00e1 e Afluentes do Mampituba acontecer\u00e1 no dia 26 de junho e contar\u00e1 com tr\u00eas palestrantes\" \/>\n<meta property=\"og:url\" content=\"https:\/\/sulsc.com\/index.php\/2024\/06\/21\/inscricoes-para-capacitacao-sobre-monitoramento-hidrologico-e-eventos-criticos-encerra-hoje\/\" \/>\n<meta property=\"article:author\" content=\"https:\/\/www.facebook.com\/profile.php?id=61559278119680\" \/>\n<meta property=\"article:published_time\" content=\"2024-06-21T18:30:00+00:00\" \/>\n<meta property=\"article:modified_time\" content=\"2024-06-21T18:28:20+00:00\" \/>\n<meta property=\"og:image\" content=\"https:\/\/sulsc.com\/wp-content\/uploads\/2024\/06\/WhatsApp-Image-2024-06-18-at-12.04.16.jpeg\" \/>\n\t<meta property=\"og:image:width\" content=\"1600\" \/>\n\t<meta property=\"og:image:height\" content=\"1067\" \/>\n\t<meta property=\"og:image:type\" content=\"image\/jpeg\" \/>\n<meta name=\"author\" content=\"Reda\u00e7\u00e3o Sul SC\" \/>\n<meta name=\"twitter:card\" content=\"summary_large_image\" \/>\n<meta name=\"twitter:creator\" content=\"@https:\/\/twitter.com\/PortalSulSC\" \/>\n<meta name=\"twitter:label1\" content=\"Written by\" \/>\n\t<meta name=\"twitter:data1\" content=\"Reda\u00e7\u00e3o Sul SC\" \/>\n\t<meta name=\"twitter:label2\" content=\"Est. reading time\" \/>\n\t<meta name=\"twitter:data2\" content=\"3 minutes\" \/>\n<script type=\"application\/ld+json\" class=\"yoast-schema-graph\">{\"@context\":\"https:\/\/schema.org\",\"@graph\":[{\"@type\":\"WebPage\",\"@id\":\"https:\/\/sulsc.com\/index.php\/2024\/06\/21\/inscricoes-para-capacitacao-sobre-monitoramento-hidrologico-e-eventos-criticos-encerra-hoje\/\",\"url\":\"https:\/\/sulsc.com\/index.php\/2024\/06\/21\/inscricoes-para-capacitacao-sobre-monitoramento-hidrologico-e-eventos-criticos-encerra-hoje\/\",\"name\":\"Inscri\u00e7\u00f5es para capacita\u00e7\u00e3o sobre Monitoramento Hidrol\u00f3gico e Eventos Cr\u00edticos encerra hoje -\",\"isPartOf\":{\"@id\":\"https:\/\/sulsc.com\/#website\"},\"datePublished\":\"2024-06-21T18:30:00+00:00\",\"dateModified\":\"2024-06-21T18:28:20+00:00\",\"author\":{\"@id\":\"https:\/\/sulsc.com\/#\/schema\/person\/84d2fc571684f6248ba83092f07750a3\"},\"description\":\"O evento do Comit\u00ea Ararangu\u00e1 e Afluentes do Mampituba acontecer\u00e1 no dia 26 de junho e contar\u00e1 com tr\u00eas palestrantes\",\"breadcrumb\":{\"@id\":\"https:\/\/sulsc.com\/index.php\/2024\/06\/21\/inscricoes-para-capacitacao-sobre-monitoramento-hidrologico-e-eventos-criticos-encerra-hoje\/#breadcrumb\"},\"inLanguage\":\"en-US\",\"potentialAction\":[{\"@type\":\"ReadAction\",\"target\":[\"https:\/\/sulsc.com\/index.php\/2024\/06\/21\/inscricoes-para-capacitacao-sobre-monitoramento-hidrologico-e-eventos-criticos-encerra-hoje\/\"]}]},{\"@type\":\"BreadcrumbList\",\"@id\":\"https:\/\/sulsc.com\/index.php\/2024\/06\/21\/inscricoes-para-capacitacao-sobre-monitoramento-hidrologico-e-eventos-criticos-encerra-hoje\/#breadcrumb\",\"itemListElement\":[{\"@type\":\"ListItem\",\"position\":1,\"name\":\"In\u00edcio\",\"item\":\"https:\/\/sulsc.com\/\"},{\"@type\":\"ListItem\",\"position\":2,\"name\":\"Inscri\u00e7\u00f5es para capacita\u00e7\u00e3o sobre Monitoramento Hidrol\u00f3gico e Eventos Cr\u00edticos encerra hoje\"}]},{\"@type\":\"WebSite\",\"@id\":\"https:\/\/sulsc.com\/#website\",\"url\":\"https:\/\/sulsc.com\/\",\"name\":\"\",\"description\":\"\",\"potentialAction\":[{\"@type\":\"SearchAction\",\"target\":{\"@type\":\"EntryPoint\",\"urlTemplate\":\"https:\/\/sulsc.com\/?s={search_term_string}\"},\"query-input\":\"required name=search_term_string\"}],\"inLanguage\":\"en-US\"},{\"@type\":\"Person\",\"@id\":\"https:\/\/sulsc.com\/#\/schema\/person\/84d2fc571684f6248ba83092f07750a3\",\"name\":\"Reda\u00e7\u00e3o Sul SC\",\"image\":{\"@type\":\"ImageObject\",\"inLanguage\":\"en-US\",\"@id\":\"https:\/\/sulsc.com\/#\/schema\/person\/image\/e08d7fe2cc4ed596372063bbe852b8d0\",\"url\":\"https:\/\/sulsc.com\/wp-content\/uploads\/2023\/09\/redacao.png\",\"contentUrl\":\"https:\/\/sulsc.com\/wp-content\/uploads\/2023\/09\/redacao.png\",\"caption\":\"Reda\u00e7\u00e3o Sul SC\"},\"description\":\"Foco em um jornalismo imparcial, voltado \u00e0 qualidade dos seus conte\u00fados e, assim, levar informa\u00e7\u00e3o de valor que agregue \u00e0 vida dos leitores. Esta \u00e9 grande miss\u00e3o do Portal de Not\u00edcias Sul SC. N\u00e3o \u00e9 quantidade que muda o mundo, sempre foi e seguir\u00e1 sendo qualidade!\",\"sameAs\":[\"https:\/\/sulsc.com\/\",\"https:\/\/www.facebook.com\/profile.php?id=61559278119680\",\"https:\/\/www.instagram.com\/sulscportal\/?hl=pt-br\",\"https:\/\/twitter.com\/https:\/\/twitter.com\/PortalSulSC\",\"https:\/\/www.youtube.com\/channel\/UCv_BE8GeySluDov2n8qhVmw\"],\"url\":\"https:\/\/sulsc.com\/index.php\/author\/redacao\/\"}]}<\/script>\n<!-- \/ Yoast SEO plugin. -->","yoast_head_json":{"title":"Inscri\u00e7\u00f5es para capacita\u00e7\u00e3o sobre Monitoramento Hidrol\u00f3gico e Eventos Cr\u00edticos encerra hoje -","description":"O evento do Comit\u00ea Ararangu\u00e1 e Afluentes do Mampituba acontecer\u00e1 no dia 26 de junho e contar\u00e1 com tr\u00eas palestrantes","robots":{"index":"index","follow":"follow","max-snippet":"max-snippet:-1","max-image-preview":"max-image-preview:large","max-video-preview":"max-video-preview:-1"},"canonical":"https:\/\/sulsc.com\/index.php\/2024\/06\/21\/inscricoes-para-capacitacao-sobre-monitoramento-hidrologico-e-eventos-criticos-encerra-hoje\/","og_locale":"en_US","og_type":"article","og_title":"Inscri\u00e7\u00f5es para capacita\u00e7\u00e3o sobre Monitoramento Hidrol\u00f3gico e Eventos Cr\u00edticos encerra hoje -","og_description":"O evento do Comit\u00ea Ararangu\u00e1 e Afluentes do Mampituba acontecer\u00e1 no dia 26 de junho e contar\u00e1 com tr\u00eas palestrantes","og_url":"https:\/\/sulsc.com\/index.php\/2024\/06\/21\/inscricoes-para-capacitacao-sobre-monitoramento-hidrologico-e-eventos-criticos-encerra-hoje\/","article_author":"https:\/\/www.facebook.com\/profile.php?id=61559278119680","article_published_time":"2024-06-21T18:30:00+00:00","article_modified_time":"2024-06-21T18:28:20+00:00","og_image":[{"width":1600,"height":1067,"url":"https:\/\/sulsc.com\/wp-content\/uploads\/2024\/06\/WhatsApp-Image-2024-06-18-at-12.04.16.jpeg","type":"image\/jpeg"}],"author":"Reda\u00e7\u00e3o Sul SC","twitter_card":"summary_large_image","twitter_creator":"@https:\/\/twitter.com\/PortalSulSC","twitter_misc":{"Written by":"Reda\u00e7\u00e3o Sul SC","Est. reading time":"3 minutes"},"schema":{"@context":"https:\/\/schema.org","@graph":[{"@type":"WebPage","@id":"https:\/\/sulsc.com\/index.php\/2024\/06\/21\/inscricoes-para-capacitacao-sobre-monitoramento-hidrologico-e-eventos-criticos-encerra-hoje\/","url":"https:\/\/sulsc.com\/index.php\/2024\/06\/21\/inscricoes-para-capacitacao-sobre-monitoramento-hidrologico-e-eventos-criticos-encerra-hoje\/","name":"Inscri\u00e7\u00f5es para capacita\u00e7\u00e3o sobre Monitoramento Hidrol\u00f3gico e Eventos Cr\u00edticos encerra hoje -","isPartOf":{"@id":"https:\/\/sulsc.com\/#website"},"datePublished":"2024-06-21T18:30:00+00:00","dateModified":"2024-06-21T18:28:20+00:00","author":{"@id":"https:\/\/sulsc.com\/#\/schema\/person\/84d2fc571684f6248ba83092f07750a3"},"description":"O evento do Comit\u00ea Ararangu\u00e1 e Afluentes do Mampituba acontecer\u00e1 no dia 26 de junho e contar\u00e1 com tr\u00eas palestrantes","breadcrumb":{"@id":"https:\/\/sulsc.com\/index.php\/2024\/06\/21\/inscricoes-para-capacitacao-sobre-monitoramento-hidrologico-e-eventos-criticos-encerra-hoje\/#breadcrumb"},"inLanguage":"en-US","potentialAction":[{"@type":"ReadAction","target":["https:\/\/sulsc.com\/index.php\/2024\/06\/21\/inscricoes-para-capacitacao-sobre-monitoramento-hidrologico-e-eventos-criticos-encerra-hoje\/"]}]},{"@type":"BreadcrumbList","@id":"https:\/\/sulsc.com\/index.php\/2024\/06\/21\/inscricoes-para-capacitacao-sobre-monitoramento-hidrologico-e-eventos-criticos-encerra-hoje\/#breadcrumb","itemListElement":[{"@type":"ListItem","position":1,"name":"In\u00edcio","item":"https:\/\/sulsc.com\/"},{"@type":"ListItem","position":2,"name":"Inscri\u00e7\u00f5es para capacita\u00e7\u00e3o sobre Monitoramento Hidrol\u00f3gico e Eventos Cr\u00edticos encerra hoje"}]},{"@type":"WebSite","@id":"https:\/\/sulsc.com\/#website","url":"https:\/\/sulsc.com\/","name":"","description":"","potentialAction":[{"@type":"SearchAction","target":{"@type":"EntryPoint","urlTemplate":"https:\/\/sulsc.com\/?s={search_term_string}"},"query-input":"required name=search_term_string"}],"inLanguage":"en-US"},{"@type":"Person","@id":"https:\/\/sulsc.com\/#\/schema\/person\/84d2fc571684f6248ba83092f07750a3","name":"Reda\u00e7\u00e3o Sul SC","image":{"@type":"ImageObject","inLanguage":"en-US","@id":"https:\/\/sulsc.com\/#\/schema\/person\/image\/e08d7fe2cc4ed596372063bbe852b8d0","url":"https:\/\/sulsc.com\/wp-content\/uploads\/2023\/09\/redacao.png","contentUrl":"https:\/\/sulsc.com\/wp-content\/uploads\/2023\/09\/redacao.png","caption":"Reda\u00e7\u00e3o Sul SC"},"description":"Foco em um jornalismo imparcial, voltado \u00e0 qualidade dos seus conte\u00fados e, assim, levar informa\u00e7\u00e3o de valor que agregue \u00e0 vida dos leitores. Esta \u00e9 grande miss\u00e3o do Portal de Not\u00edcias Sul SC. N\u00e3o \u00e9 quantidade que muda o mundo, sempre foi e seguir\u00e1 sendo qualidade!","sameAs":["https:\/\/sulsc.com\/","https:\/\/www.facebook.com\/profile.php?id=61559278119680","https:\/\/www.instagram.com\/sulscportal\/?hl=pt-br","https:\/\/twitter.com\/https:\/\/twitter.com\/PortalSulSC","https:\/\/www.youtube.com\/channel\/UCv_BE8GeySluDov2n8qhVmw"],"url":"https:\/\/sulsc.com\/index.php\/author\/redacao\/"}]}},"authors":[],"_links":{"self":[{"href":"https:\/\/sulsc.com\/index.php\/wp-json\/wp\/v2\/posts\/13665"}],"collection":[{"href":"https:\/\/sulsc.com\/index.php\/wp-json\/wp\/v2\/posts"}],"about":[{"href":"https:\/\/sulsc.com\/index.php\/wp-json\/wp\/v2\/types\/post"}],"author":[{"embeddable":true,"href":"https:\/\/sulsc.com\/index.php\/wp-json\/wp\/v2\/users\/3"}],"replies":[{"embeddable":true,"href":"https:\/\/sulsc.com\/index.php\/wp-json\/wp\/v2\/comments?post=13665"}],"version-history":[{"count":3,"href":"https:\/\/sulsc.com\/index.php\/wp-json\/wp\/v2\/posts\/13665\/revisions"}],"predecessor-version":[{"id":13684,"href":"https:\/\/sulsc.com\/index.php\/wp-json\/wp\/v2\/posts\/13665\/revisions\/13684"}],"wp:featuredmedia":[{"embeddable":true,"href":"https:\/\/sulsc.com\/index.php\/wp-json\/wp\/v2\/media\/13666"}],"wp:attachment":[{"href":"https:\/\/sulsc.com\/index.php\/wp-json\/wp\/v2\/media?parent=13665"}],"wp:term":[{"taxonomy":"category","embeddable":true,"href":"https:\/\/sulsc.com\/index.php\/wp-json\/wp\/v2\/categories?post=13665"},{"taxonomy":"post_tag","embeddable":true,"href":"https:\/\/sulsc.com\/index.php\/wp-json\/wp\/v2\/tags?post=13665"}],"curies":[{"name":"wp","href":"https:\/\/api.w.org\/{rel}","templated":true}]}}