{"id":1367,"date":"2023-09-22T16:20:17","date_gmt":"2023-09-22T19:20:17","guid":{"rendered":"https:\/\/sulsc.com\/?p=1367"},"modified":"2023-09-22T15:46:24","modified_gmt":"2023-09-22T18:46:24","slug":"berlim-tem-protesto-pelos-direitos-de-pessoas-que-se-identificam-como-caes","status":"publish","type":"post","link":"https:\/\/sulsc.com\/index.php\/2023\/09\/22\/berlim-tem-protesto-pelos-direitos-de-pessoas-que-se-identificam-como-caes\/","title":{"rendered":"Berlim tem protesto pelos direitos de pessoas que se identificam como c\u00e3es"},"content":{"rendered":"<p>Em Berlim, cerca de mil pessoas que adotam comportamentos e caracter\u00edsticas de c\u00e3es como parte de sua identidade pessoal se reuniram na esta\u00e7\u00e3o ferrovi\u00e1ria de Potsamer Platz. Eles protestam pelos direitos de pessoas que se identificam como pertencentes \u00e0 esp\u00e9cie canina, segundo informou o &#8220;New York Post&#8221;. O nome cient\u00edfico do melhor amigo do homem \u00e9 Canis Lupus Familiaris.<\/p>\n<p>No encontro, que aconteceu nessa ter\u00e7a-feira (19), as pessoas aparecem se comunicando por meio de uivos e latidos uns para os outros. Imagens do momento inusitado viralizaram nas redes sociais.\u00a0O protesto foi organizado pelo grupo &#8220;Canine Beings&#8221;, composto por pessoas que se sentem como animais e que gostariam de ser reconhecidas socialmente desta forma.<\/p>\n<p>Na internet, o protesto dos &#8220;c\u00e3es&#8221; em Berlim (Alemanha) se tornou tema de piada, com usu\u00e1rios pedindo interven\u00e7\u00e3o de \u00f3rg\u00e3os de prote\u00e7\u00e3o animal, falando em ado\u00e7\u00e3o e questionando se os manifestantes tomaram vacina contra raiva. Outras pessoas expressaram apoio e curiosidade, enquanto outras zombaram e criticaram os participantes.<\/p>\n<p>&#8220;Vem meteoro&#8221;, &#8220;Mandem minha nave, quero subir&#8221; e &#8220;Bom, melhor que se identificar com cobras&#8221;, s\u00e3o alguns que ainda podem ser visualizados.\u00a0A incomum conven\u00e7\u00e3o dedicada aos humanos que se identificam como c\u00e3es segue o padr\u00e3o viral de Toco, um homem japon\u00eas que concretizou seu sonho de viver como um c\u00e3o, ap\u00f3s adquirir um traje hiper-realista por cerca de R$ 70 mil.<\/p>\n<p>Ao desfilar pelas ruas, o japon\u00eas atraiu olhares do p\u00fablico &#8211; que parou para fazer carinho e tirar fotos com ele &#8211; al\u00e9m, claro, dos pr\u00f3prios cachorros. Um deles, acompanhado por um casal, chegou a se assustar com a presen\u00e7a do collie.<\/p>\n<p>&nbsp;<\/p>\n<p>Fonte: Terra<\/p>\n","protected":false},"excerpt":{"rendered":"<p>Em Berlim, cerca de mil pessoas que adotam comportamentos e caracter\u00edsticas de c\u00e3es como parte de sua identidade pessoal se reuniram na esta\u00e7\u00e3o ferrovi\u00e1ria de Potsamer Platz. Eles protestam pelos direitos de pessoas que se identificam como pertencentes \u00e0 esp\u00e9cie canina, segundo informou o &#8220;New York Post&#8221;. O nome cient\u00edfico do melhor amigo do homem &hellip;<\/p>\n<p class=\"read-more\"> <a class=\"\" href=\"https:\/\/sulsc.com\/index.php\/2023\/09\/22\/berlim-tem-protesto-pelos-direitos-de-pessoas-que-se-identificam-como-caes\/\"> <span class=\"screen-reader-text\">Berlim tem protesto pelos direitos de pessoas que se identificam como c\u00e3es<\/span> Read More &raquo;<\/a><\/p>\n","protected":false},"author":3,"featured_media":1368,"comment_status":"open","ping_status":"open","sticky":false,"template":"","format":"standard","meta":{"site-sidebar-layout":"default","site-content-layout":"default","ast-site-content-layout":"","site-content-style":"default","site-sidebar-style":"default","ast-global-header-display":"","ast-banner-title-visibility":"","ast-main-header-display":"","ast-hfb-above-header-display":"","ast-hfb-below-header-display":"","ast-hfb-mobile-header-display":"","site-post-title":"","ast-breadcrumbs-content":"","ast-featured-img":"","footer-sml-layout":"","theme-transparent-header-meta":"default","adv-header-id-meta":"","stick-header-meta":"","header-above-stick-meta":"","header-main-stick-meta":"","header-below-stick-meta":"","astra-migrate-meta-layouts":"","footnotes":""},"categories":[16],"tags":[],"yoast_head":"<!-- This site is optimized with the Yoast SEO plugin v21.4 - https:\/\/yoast.com\/wordpress\/plugins\/seo\/ -->\n<title>Berlim tem protesto pelos direitos de pessoas que se identificam como c\u00e3es -<\/title>\n<meta name=\"robots\" content=\"index, follow, max-snippet:-1, max-image-preview:large, max-video-preview:-1\" \/>\n<link rel=\"canonical\" href=\"https:\/\/sulsc.com\/index.php\/2023\/09\/22\/berlim-tem-protesto-pelos-direitos-de-pessoas-que-se-identificam-como-caes\/\" \/>\n<meta property=\"og:locale\" content=\"en_US\" \/>\n<meta property=\"og:type\" content=\"article\" \/>\n<meta property=\"og:title\" content=\"Berlim tem protesto pelos direitos de pessoas que se identificam como c\u00e3es -\" \/>\n<meta property=\"og:description\" content=\"Em Berlim, cerca de mil pessoas que adotam comportamentos e caracter\u00edsticas de c\u00e3es como parte de sua identidade pessoal se reuniram na esta\u00e7\u00e3o ferrovi\u00e1ria de Potsamer Platz. Eles protestam pelos direitos de pessoas que se identificam como pertencentes \u00e0 esp\u00e9cie canina, segundo informou o &#8220;New York Post&#8221;. O nome cient\u00edfico do melhor amigo do homem &hellip; Berlim tem protesto pelos direitos de pessoas que se identificam como c\u00e3es Read More &raquo;\" \/>\n<meta property=\"og:url\" content=\"https:\/\/sulsc.com\/index.php\/2023\/09\/22\/berlim-tem-protesto-pelos-direitos-de-pessoas-que-se-identificam-como-caes\/\" \/>\n<meta property=\"article:author\" content=\"https:\/\/www.facebook.com\/profile.php?id=61559278119680\" \/>\n<meta property=\"article:published_time\" content=\"2023-09-22T19:20:17+00:00\" \/>\n<meta property=\"article:modified_time\" content=\"2023-09-22T18:46:24+00:00\" \/>\n<meta property=\"og:image\" content=\"https:\/\/sulsc.com\/wp-content\/uploads\/2023\/09\/cachorros-berlim.webp\" \/>\n\t<meta property=\"og:image:width\" content=\"774\" \/>\n\t<meta property=\"og:image:height\" content=\"435\" \/>\n\t<meta property=\"og:image:type\" content=\"image\/webp\" \/>\n<meta name=\"author\" content=\"Reda\u00e7\u00e3o Sul SC\" \/>\n<meta name=\"twitter:card\" content=\"summary_large_image\" \/>\n<meta name=\"twitter:creator\" content=\"@https:\/\/twitter.com\/PortalSulSC\" \/>\n<meta name=\"twitter:label1\" content=\"Written by\" \/>\n\t<meta name=\"twitter:data1\" content=\"Reda\u00e7\u00e3o Sul SC\" \/>\n\t<meta name=\"twitter:label2\" content=\"Est. reading time\" \/>\n\t<meta name=\"twitter:data2\" content=\"1 minute\" \/>\n<script type=\"application\/ld+json\" class=\"yoast-schema-graph\">{\"@context\":\"https:\/\/schema.org\",\"@graph\":[{\"@type\":\"WebPage\",\"@id\":\"https:\/\/sulsc.com\/index.php\/2023\/09\/22\/berlim-tem-protesto-pelos-direitos-de-pessoas-que-se-identificam-como-caes\/\",\"url\":\"https:\/\/sulsc.com\/index.php\/2023\/09\/22\/berlim-tem-protesto-pelos-direitos-de-pessoas-que-se-identificam-como-caes\/\",\"name\":\"Berlim tem protesto pelos direitos de pessoas que se identificam como c\u00e3es -\",\"isPartOf\":{\"@id\":\"https:\/\/sulsc.com\/#website\"},\"datePublished\":\"2023-09-22T19:20:17+00:00\",\"dateModified\":\"2023-09-22T18:46:24+00:00\",\"author\":{\"@id\":\"https:\/\/sulsc.com\/#\/schema\/person\/84d2fc571684f6248ba83092f07750a3\"},\"breadcrumb\":{\"@id\":\"https:\/\/sulsc.com\/index.php\/2023\/09\/22\/berlim-tem-protesto-pelos-direitos-de-pessoas-que-se-identificam-como-caes\/#breadcrumb\"},\"inLanguage\":\"en-US\",\"potentialAction\":[{\"@type\":\"ReadAction\",\"target\":[\"https:\/\/sulsc.com\/index.php\/2023\/09\/22\/berlim-tem-protesto-pelos-direitos-de-pessoas-que-se-identificam-como-caes\/\"]}]},{\"@type\":\"BreadcrumbList\",\"@id\":\"https:\/\/sulsc.com\/index.php\/2023\/09\/22\/berlim-tem-protesto-pelos-direitos-de-pessoas-que-se-identificam-como-caes\/#breadcrumb\",\"itemListElement\":[{\"@type\":\"ListItem\",\"position\":1,\"name\":\"In\u00edcio\",\"item\":\"https:\/\/sulsc.com\/\"},{\"@type\":\"ListItem\",\"position\":2,\"name\":\"Berlim tem protesto pelos direitos de pessoas que se identificam como c\u00e3es\"}]},{\"@type\":\"WebSite\",\"@id\":\"https:\/\/sulsc.com\/#website\",\"url\":\"https:\/\/sulsc.com\/\",\"name\":\"\",\"description\":\"\",\"potentialAction\":[{\"@type\":\"SearchAction\",\"target\":{\"@type\":\"EntryPoint\",\"urlTemplate\":\"https:\/\/sulsc.com\/?s={search_term_string}\"},\"query-input\":\"required name=search_term_string\"}],\"inLanguage\":\"en-US\"},{\"@type\":\"Person\",\"@id\":\"https:\/\/sulsc.com\/#\/schema\/person\/84d2fc571684f6248ba83092f07750a3\",\"name\":\"Reda\u00e7\u00e3o Sul SC\",\"image\":{\"@type\":\"ImageObject\",\"inLanguage\":\"en-US\",\"@id\":\"https:\/\/sulsc.com\/#\/schema\/person\/image\/e08d7fe2cc4ed596372063bbe852b8d0\",\"url\":\"https:\/\/sulsc.com\/wp-content\/uploads\/2023\/09\/redacao.png\",\"contentUrl\":\"https:\/\/sulsc.com\/wp-content\/uploads\/2023\/09\/redacao.png\",\"caption\":\"Reda\u00e7\u00e3o Sul SC\"},\"description\":\"Foco em um jornalismo imparcial, voltado \u00e0 qualidade dos seus conte\u00fados e, assim, levar informa\u00e7\u00e3o de valor que agregue \u00e0 vida dos leitores. Esta \u00e9 grande miss\u00e3o do Portal de Not\u00edcias Sul SC. N\u00e3o \u00e9 quantidade que muda o mundo, sempre foi e seguir\u00e1 sendo qualidade!\",\"sameAs\":[\"https:\/\/sulsc.com\/\",\"https:\/\/www.facebook.com\/profile.php?id=61559278119680\",\"https:\/\/www.instagram.com\/sulscportal\/?hl=pt-br\",\"https:\/\/twitter.com\/https:\/\/twitter.com\/PortalSulSC\",\"https:\/\/www.youtube.com\/channel\/UCv_BE8GeySluDov2n8qhVmw\"],\"url\":\"https:\/\/sulsc.com\/index.php\/author\/redacao\/\"}]}<\/script>\n<!-- \/ Yoast SEO plugin. -->","yoast_head_json":{"title":"Berlim tem protesto pelos direitos de pessoas que se identificam como c\u00e3es -","robots":{"index":"index","follow":"follow","max-snippet":"max-snippet:-1","max-image-preview":"max-image-preview:large","max-video-preview":"max-video-preview:-1"},"canonical":"https:\/\/sulsc.com\/index.php\/2023\/09\/22\/berlim-tem-protesto-pelos-direitos-de-pessoas-que-se-identificam-como-caes\/","og_locale":"en_US","og_type":"article","og_title":"Berlim tem protesto pelos direitos de pessoas que se identificam como c\u00e3es -","og_description":"Em Berlim, cerca de mil pessoas que adotam comportamentos e caracter\u00edsticas de c\u00e3es como parte de sua identidade pessoal se reuniram na esta\u00e7\u00e3o ferrovi\u00e1ria de Potsamer Platz. Eles protestam pelos direitos de pessoas que se identificam como pertencentes \u00e0 esp\u00e9cie canina, segundo informou o &#8220;New York Post&#8221;. O nome cient\u00edfico do melhor amigo do homem &hellip; Berlim tem protesto pelos direitos de pessoas que se identificam como c\u00e3es Read More &raquo;","og_url":"https:\/\/sulsc.com\/index.php\/2023\/09\/22\/berlim-tem-protesto-pelos-direitos-de-pessoas-que-se-identificam-como-caes\/","article_author":"https:\/\/www.facebook.com\/profile.php?id=61559278119680","article_published_time":"2023-09-22T19:20:17+00:00","article_modified_time":"2023-09-22T18:46:24+00:00","og_image":[{"width":774,"height":435,"url":"https:\/\/sulsc.com\/wp-content\/uploads\/2023\/09\/cachorros-berlim.webp","type":"image\/webp"}],"author":"Reda\u00e7\u00e3o Sul SC","twitter_card":"summary_large_image","twitter_creator":"@https:\/\/twitter.com\/PortalSulSC","twitter_misc":{"Written by":"Reda\u00e7\u00e3o Sul SC","Est. reading time":"1 minute"},"schema":{"@context":"https:\/\/schema.org","@graph":[{"@type":"WebPage","@id":"https:\/\/sulsc.com\/index.php\/2023\/09\/22\/berlim-tem-protesto-pelos-direitos-de-pessoas-que-se-identificam-como-caes\/","url":"https:\/\/sulsc.com\/index.php\/2023\/09\/22\/berlim-tem-protesto-pelos-direitos-de-pessoas-que-se-identificam-como-caes\/","name":"Berlim tem protesto pelos direitos de pessoas que se identificam como c\u00e3es -","isPartOf":{"@id":"https:\/\/sulsc.com\/#website"},"datePublished":"2023-09-22T19:20:17+00:00","dateModified":"2023-09-22T18:46:24+00:00","author":{"@id":"https:\/\/sulsc.com\/#\/schema\/person\/84d2fc571684f6248ba83092f07750a3"},"breadcrumb":{"@id":"https:\/\/sulsc.com\/index.php\/2023\/09\/22\/berlim-tem-protesto-pelos-direitos-de-pessoas-que-se-identificam-como-caes\/#breadcrumb"},"inLanguage":"en-US","potentialAction":[{"@type":"ReadAction","target":["https:\/\/sulsc.com\/index.php\/2023\/09\/22\/berlim-tem-protesto-pelos-direitos-de-pessoas-que-se-identificam-como-caes\/"]}]},{"@type":"BreadcrumbList","@id":"https:\/\/sulsc.com\/index.php\/2023\/09\/22\/berlim-tem-protesto-pelos-direitos-de-pessoas-que-se-identificam-como-caes\/#breadcrumb","itemListElement":[{"@type":"ListItem","position":1,"name":"In\u00edcio","item":"https:\/\/sulsc.com\/"},{"@type":"ListItem","position":2,"name":"Berlim tem protesto pelos direitos de pessoas que se identificam como c\u00e3es"}]},{"@type":"WebSite","@id":"https:\/\/sulsc.com\/#website","url":"https:\/\/sulsc.com\/","name":"","description":"","potentialAction":[{"@type":"SearchAction","target":{"@type":"EntryPoint","urlTemplate":"https:\/\/sulsc.com\/?s={search_term_string}"},"query-input":"required name=search_term_string"}],"inLanguage":"en-US"},{"@type":"Person","@id":"https:\/\/sulsc.com\/#\/schema\/person\/84d2fc571684f6248ba83092f07750a3","name":"Reda\u00e7\u00e3o Sul SC","image":{"@type":"ImageObject","inLanguage":"en-US","@id":"https:\/\/sulsc.com\/#\/schema\/person\/image\/e08d7fe2cc4ed596372063bbe852b8d0","url":"https:\/\/sulsc.com\/wp-content\/uploads\/2023\/09\/redacao.png","contentUrl":"https:\/\/sulsc.com\/wp-content\/uploads\/2023\/09\/redacao.png","caption":"Reda\u00e7\u00e3o Sul SC"},"description":"Foco em um jornalismo imparcial, voltado \u00e0 qualidade dos seus conte\u00fados e, assim, levar informa\u00e7\u00e3o de valor que agregue \u00e0 vida dos leitores. Esta \u00e9 grande miss\u00e3o do Portal de Not\u00edcias Sul SC. N\u00e3o \u00e9 quantidade que muda o mundo, sempre foi e seguir\u00e1 sendo qualidade!","sameAs":["https:\/\/sulsc.com\/","https:\/\/www.facebook.com\/profile.php?id=61559278119680","https:\/\/www.instagram.com\/sulscportal\/?hl=pt-br","https:\/\/twitter.com\/https:\/\/twitter.com\/PortalSulSC","https:\/\/www.youtube.com\/channel\/UCv_BE8GeySluDov2n8qhVmw"],"url":"https:\/\/sulsc.com\/index.php\/author\/redacao\/"}]}},"authors":[],"_links":{"self":[{"href":"https:\/\/sulsc.com\/index.php\/wp-json\/wp\/v2\/posts\/1367"}],"collection":[{"href":"https:\/\/sulsc.com\/index.php\/wp-json\/wp\/v2\/posts"}],"about":[{"href":"https:\/\/sulsc.com\/index.php\/wp-json\/wp\/v2\/types\/post"}],"author":[{"embeddable":true,"href":"https:\/\/sulsc.com\/index.php\/wp-json\/wp\/v2\/users\/3"}],"replies":[{"embeddable":true,"href":"https:\/\/sulsc.com\/index.php\/wp-json\/wp\/v2\/comments?post=1367"}],"version-history":[{"count":1,"href":"https:\/\/sulsc.com\/index.php\/wp-json\/wp\/v2\/posts\/1367\/revisions"}],"predecessor-version":[{"id":1369,"href":"https:\/\/sulsc.com\/index.php\/wp-json\/wp\/v2\/posts\/1367\/revisions\/1369"}],"wp:featuredmedia":[{"embeddable":true,"href":"https:\/\/sulsc.com\/index.php\/wp-json\/wp\/v2\/media\/1368"}],"wp:attachment":[{"href":"https:\/\/sulsc.com\/index.php\/wp-json\/wp\/v2\/media?parent=1367"}],"wp:term":[{"taxonomy":"category","embeddable":true,"href":"https:\/\/sulsc.com\/index.php\/wp-json\/wp\/v2\/categories?post=1367"},{"taxonomy":"post_tag","embeddable":true,"href":"https:\/\/sulsc.com\/index.php\/wp-json\/wp\/v2\/tags?post=1367"}],"curies":[{"name":"wp","href":"https:\/\/api.w.org\/{rel}","templated":true}]}}