{"id":13707,"date":"2024-06-23T09:30:43","date_gmt":"2024-06-23T12:30:43","guid":{"rendered":"https:\/\/sulsc.com\/?p=13707"},"modified":"2024-06-22T09:35:03","modified_gmt":"2024-06-22T12:35:03","slug":"domingo-23-com-sol-e-poucas-nuvens-em-sc","status":"publish","type":"post","link":"https:\/\/sulsc.com\/index.php\/2024\/06\/23\/domingo-23-com-sol-e-poucas-nuvens-em-sc\/","title":{"rendered":"Domingo (23) com sol e poucas nuvens em SC"},"content":{"rendered":"<p>O domingo (23) inicia com forma\u00e7\u00e3o de nevoeiros em pontos do Vale do Itaja\u00ed e do Litoral Norte e ter\u00e1 sol entre poucas nuvens em todo o estado em grande parte do dia. Somente nas \u00e1reas de divisa com o RS h\u00e1 maior cobertura de nuvens e chance de chuva a qualquer momento a partir da tarde, principalmente em pontos do Planalto Sul e do Litoral Sul, devido a forma\u00e7\u00e3o de uma frente fria oce\u00e2nica no RS e o avan\u00e7o em dire\u00e7\u00e3o \u00e0 SC.<\/p>\n<p>O risco \u00e9 baixo para ocorr\u00eancias associadas \u00e0 chuva. O vento sopra fraco a moderado de norte\/noroeste no estado, com rajadas de at\u00e9 60 km\/h do Grande Oeste aos planaltos, com pontuais acima nas \u00e1reas serranas de SC. O risco \u00e9 baixo a moderado para ocorr\u00eancias associadas aos ventos.<\/p>\n<p>As temperaturas m\u00ednimas variam entre 9 e 15\u00b0C entre os planaltos e na Grande Florian\u00f3polis Serrana e oscilam entre 15 e 25\u00b0C nas demais regi\u00f5es. As m\u00e1ximas variam entre 23 e 28\u00b0C do Extremo Oeste aos planaltos e marcam entre 27 e 33\u00b0C no litoral e no Vale do Itaja\u00ed.<\/p>\n<p><img fetchpriority=\"high\" decoding=\"async\" class=\"alignnone size-full wp-image-11699\" src=\"http:\/\/sulsc.com\/wp-content\/uploads\/2024\/05\/Nevoeiros-1-scaled.jpg\" alt=\"\" width=\"2560\" height=\"1707\" srcset=\"https:\/\/sulsc.com\/wp-content\/uploads\/2024\/05\/Nevoeiros-1-scaled.jpg 2560w, https:\/\/sulsc.com\/wp-content\/uploads\/2024\/05\/Nevoeiros-1-300x200.jpg 300w, https:\/\/sulsc.com\/wp-content\/uploads\/2024\/05\/Nevoeiros-1-1024x683.jpg 1024w, https:\/\/sulsc.com\/wp-content\/uploads\/2024\/05\/Nevoeiros-1-768x512.jpg 768w, https:\/\/sulsc.com\/wp-content\/uploads\/2024\/05\/Nevoeiros-1-1536x1024.jpg 1536w, https:\/\/sulsc.com\/wp-content\/uploads\/2024\/05\/Nevoeiros-1-2048x1365.jpg 2048w\" sizes=\"(max-width: 2560px) 100vw, 2560px\" \/><\/p>\n","protected":false},"excerpt":{"rendered":"<p>O domingo (23) inicia com forma\u00e7\u00e3o de nevoeiros em pontos do Vale do Itaja\u00ed e do Litoral Norte e ter\u00e1 sol entre poucas nuvens em todo o estado em grande parte do dia. Somente nas \u00e1reas de divisa com o RS h\u00e1 maior cobertura de nuvens e chance de chuva a qualquer momento a partir &hellip;<\/p>\n<p class=\"read-more\"> <a class=\"\" href=\"https:\/\/sulsc.com\/index.php\/2024\/06\/23\/domingo-23-com-sol-e-poucas-nuvens-em-sc\/\"> <span class=\"screen-reader-text\">Domingo (23) com sol e poucas nuvens em SC<\/span> Read More &raquo;<\/a><\/p>\n","protected":false},"author":3,"featured_media":11699,"comment_status":"open","ping_status":"open","sticky":false,"template":"","format":"standard","meta":{"site-sidebar-layout":"default","site-content-layout":"","ast-site-content-layout":"default","site-content-style":"default","site-sidebar-style":"default","ast-global-header-display":"","ast-banner-title-visibility":"","ast-main-header-display":"","ast-hfb-above-header-display":"","ast-hfb-below-header-display":"","ast-hfb-mobile-header-display":"","site-post-title":"","ast-breadcrumbs-content":"","ast-featured-img":"","footer-sml-layout":"","theme-transparent-header-meta":"default","adv-header-id-meta":"","stick-header-meta":"","header-above-stick-meta":"","header-main-stick-meta":"","header-below-stick-meta":"","astra-migrate-meta-layouts":"set","footnotes":""},"categories":[1],"tags":[],"yoast_head":"<!-- This site is optimized with the Yoast SEO plugin v21.4 - https:\/\/yoast.com\/wordpress\/plugins\/seo\/ -->\n<title>Domingo (23) com sol e poucas nuvens em SC -<\/title>\n<meta name=\"description\" content=\"Somente nas \u00e1reas de divisa com o RS h\u00e1 maior cobertura de nuvens e chance de chuva a qualquer momento a partir da tarde\" \/>\n<meta name=\"robots\" content=\"index, follow, max-snippet:-1, max-image-preview:large, max-video-preview:-1\" \/>\n<link rel=\"canonical\" href=\"https:\/\/sulsc.com\/index.php\/2024\/06\/23\/domingo-23-com-sol-e-poucas-nuvens-em-sc\/\" \/>\n<meta property=\"og:locale\" content=\"en_US\" \/>\n<meta property=\"og:type\" content=\"article\" \/>\n<meta property=\"og:title\" content=\"Domingo (23) com sol e poucas nuvens em SC -\" \/>\n<meta property=\"og:description\" content=\"Somente nas \u00e1reas de divisa com o RS h\u00e1 maior cobertura de nuvens e chance de chuva a qualquer momento a partir da tarde\" \/>\n<meta property=\"og:url\" content=\"https:\/\/sulsc.com\/index.php\/2024\/06\/23\/domingo-23-com-sol-e-poucas-nuvens-em-sc\/\" \/>\n<meta property=\"article:author\" content=\"https:\/\/www.facebook.com\/profile.php?id=61559278119680\" \/>\n<meta property=\"article:published_time\" content=\"2024-06-23T12:30:43+00:00\" \/>\n<meta property=\"article:modified_time\" content=\"2024-06-22T12:35:03+00:00\" \/>\n<meta property=\"og:image\" content=\"https:\/\/sulsc.com\/wp-content\/uploads\/2024\/05\/Nevoeiros-1-scaled.jpg\" \/>\n\t<meta property=\"og:image:width\" content=\"2560\" \/>\n\t<meta property=\"og:image:height\" content=\"1707\" \/>\n\t<meta property=\"og:image:type\" content=\"image\/jpeg\" \/>\n<meta name=\"author\" content=\"Reda\u00e7\u00e3o Sul SC\" \/>\n<meta name=\"twitter:card\" content=\"summary_large_image\" \/>\n<meta name=\"twitter:creator\" content=\"@https:\/\/twitter.com\/PortalSulSC\" \/>\n<meta name=\"twitter:label1\" content=\"Written by\" \/>\n\t<meta name=\"twitter:data1\" content=\"Reda\u00e7\u00e3o Sul SC\" \/>\n\t<meta name=\"twitter:label2\" content=\"Est. reading time\" \/>\n\t<meta name=\"twitter:data2\" content=\"2 minutes\" \/>\n<script type=\"application\/ld+json\" class=\"yoast-schema-graph\">{\"@context\":\"https:\/\/schema.org\",\"@graph\":[{\"@type\":\"WebPage\",\"@id\":\"https:\/\/sulsc.com\/index.php\/2024\/06\/23\/domingo-23-com-sol-e-poucas-nuvens-em-sc\/\",\"url\":\"https:\/\/sulsc.com\/index.php\/2024\/06\/23\/domingo-23-com-sol-e-poucas-nuvens-em-sc\/\",\"name\":\"Domingo (23) com sol e poucas nuvens em SC -\",\"isPartOf\":{\"@id\":\"https:\/\/sulsc.com\/#website\"},\"datePublished\":\"2024-06-23T12:30:43+00:00\",\"dateModified\":\"2024-06-22T12:35:03+00:00\",\"author\":{\"@id\":\"https:\/\/sulsc.com\/#\/schema\/person\/84d2fc571684f6248ba83092f07750a3\"},\"description\":\"Somente nas \u00e1reas de divisa com o RS h\u00e1 maior cobertura de nuvens e chance de chuva a qualquer momento a partir da tarde\",\"breadcrumb\":{\"@id\":\"https:\/\/sulsc.com\/index.php\/2024\/06\/23\/domingo-23-com-sol-e-poucas-nuvens-em-sc\/#breadcrumb\"},\"inLanguage\":\"en-US\",\"potentialAction\":[{\"@type\":\"ReadAction\",\"target\":[\"https:\/\/sulsc.com\/index.php\/2024\/06\/23\/domingo-23-com-sol-e-poucas-nuvens-em-sc\/\"]}]},{\"@type\":\"BreadcrumbList\",\"@id\":\"https:\/\/sulsc.com\/index.php\/2024\/06\/23\/domingo-23-com-sol-e-poucas-nuvens-em-sc\/#breadcrumb\",\"itemListElement\":[{\"@type\":\"ListItem\",\"position\":1,\"name\":\"In\u00edcio\",\"item\":\"https:\/\/sulsc.com\/\"},{\"@type\":\"ListItem\",\"position\":2,\"name\":\"Domingo (23) com sol e poucas nuvens em SC\"}]},{\"@type\":\"WebSite\",\"@id\":\"https:\/\/sulsc.com\/#website\",\"url\":\"https:\/\/sulsc.com\/\",\"name\":\"\",\"description\":\"\",\"potentialAction\":[{\"@type\":\"SearchAction\",\"target\":{\"@type\":\"EntryPoint\",\"urlTemplate\":\"https:\/\/sulsc.com\/?s={search_term_string}\"},\"query-input\":\"required name=search_term_string\"}],\"inLanguage\":\"en-US\"},{\"@type\":\"Person\",\"@id\":\"https:\/\/sulsc.com\/#\/schema\/person\/84d2fc571684f6248ba83092f07750a3\",\"name\":\"Reda\u00e7\u00e3o Sul SC\",\"image\":{\"@type\":\"ImageObject\",\"inLanguage\":\"en-US\",\"@id\":\"https:\/\/sulsc.com\/#\/schema\/person\/image\/e08d7fe2cc4ed596372063bbe852b8d0\",\"url\":\"https:\/\/sulsc.com\/wp-content\/uploads\/2023\/09\/redacao.png\",\"contentUrl\":\"https:\/\/sulsc.com\/wp-content\/uploads\/2023\/09\/redacao.png\",\"caption\":\"Reda\u00e7\u00e3o Sul SC\"},\"description\":\"Foco em um jornalismo imparcial, voltado \u00e0 qualidade dos seus conte\u00fados e, assim, levar informa\u00e7\u00e3o de valor que agregue \u00e0 vida dos leitores. Esta \u00e9 grande miss\u00e3o do Portal de Not\u00edcias Sul SC. N\u00e3o \u00e9 quantidade que muda o mundo, sempre foi e seguir\u00e1 sendo qualidade!\",\"sameAs\":[\"https:\/\/sulsc.com\/\",\"https:\/\/www.facebook.com\/profile.php?id=61559278119680\",\"https:\/\/www.instagram.com\/sulscportal\/?hl=pt-br\",\"https:\/\/twitter.com\/https:\/\/twitter.com\/PortalSulSC\",\"https:\/\/www.youtube.com\/channel\/UCv_BE8GeySluDov2n8qhVmw\"],\"url\":\"https:\/\/sulsc.com\/index.php\/author\/redacao\/\"}]}<\/script>\n<!-- \/ Yoast SEO plugin. -->","yoast_head_json":{"title":"Domingo (23) com sol e poucas nuvens em SC -","description":"Somente nas \u00e1reas de divisa com o RS h\u00e1 maior cobertura de nuvens e chance de chuva a qualquer momento a partir da tarde","robots":{"index":"index","follow":"follow","max-snippet":"max-snippet:-1","max-image-preview":"max-image-preview:large","max-video-preview":"max-video-preview:-1"},"canonical":"https:\/\/sulsc.com\/index.php\/2024\/06\/23\/domingo-23-com-sol-e-poucas-nuvens-em-sc\/","og_locale":"en_US","og_type":"article","og_title":"Domingo (23) com sol e poucas nuvens em SC -","og_description":"Somente nas \u00e1reas de divisa com o RS h\u00e1 maior cobertura de nuvens e chance de chuva a qualquer momento a partir da tarde","og_url":"https:\/\/sulsc.com\/index.php\/2024\/06\/23\/domingo-23-com-sol-e-poucas-nuvens-em-sc\/","article_author":"https:\/\/www.facebook.com\/profile.php?id=61559278119680","article_published_time":"2024-06-23T12:30:43+00:00","article_modified_time":"2024-06-22T12:35:03+00:00","og_image":[{"width":2560,"height":1707,"url":"https:\/\/sulsc.com\/wp-content\/uploads\/2024\/05\/Nevoeiros-1-scaled.jpg","type":"image\/jpeg"}],"author":"Reda\u00e7\u00e3o Sul SC","twitter_card":"summary_large_image","twitter_creator":"@https:\/\/twitter.com\/PortalSulSC","twitter_misc":{"Written by":"Reda\u00e7\u00e3o Sul SC","Est. reading time":"2 minutes"},"schema":{"@context":"https:\/\/schema.org","@graph":[{"@type":"WebPage","@id":"https:\/\/sulsc.com\/index.php\/2024\/06\/23\/domingo-23-com-sol-e-poucas-nuvens-em-sc\/","url":"https:\/\/sulsc.com\/index.php\/2024\/06\/23\/domingo-23-com-sol-e-poucas-nuvens-em-sc\/","name":"Domingo (23) com sol e poucas nuvens em SC -","isPartOf":{"@id":"https:\/\/sulsc.com\/#website"},"datePublished":"2024-06-23T12:30:43+00:00","dateModified":"2024-06-22T12:35:03+00:00","author":{"@id":"https:\/\/sulsc.com\/#\/schema\/person\/84d2fc571684f6248ba83092f07750a3"},"description":"Somente nas \u00e1reas de divisa com o RS h\u00e1 maior cobertura de nuvens e chance de chuva a qualquer momento a partir da tarde","breadcrumb":{"@id":"https:\/\/sulsc.com\/index.php\/2024\/06\/23\/domingo-23-com-sol-e-poucas-nuvens-em-sc\/#breadcrumb"},"inLanguage":"en-US","potentialAction":[{"@type":"ReadAction","target":["https:\/\/sulsc.com\/index.php\/2024\/06\/23\/domingo-23-com-sol-e-poucas-nuvens-em-sc\/"]}]},{"@type":"BreadcrumbList","@id":"https:\/\/sulsc.com\/index.php\/2024\/06\/23\/domingo-23-com-sol-e-poucas-nuvens-em-sc\/#breadcrumb","itemListElement":[{"@type":"ListItem","position":1,"name":"In\u00edcio","item":"https:\/\/sulsc.com\/"},{"@type":"ListItem","position":2,"name":"Domingo (23) com sol e poucas nuvens em SC"}]},{"@type":"WebSite","@id":"https:\/\/sulsc.com\/#website","url":"https:\/\/sulsc.com\/","name":"","description":"","potentialAction":[{"@type":"SearchAction","target":{"@type":"EntryPoint","urlTemplate":"https:\/\/sulsc.com\/?s={search_term_string}"},"query-input":"required name=search_term_string"}],"inLanguage":"en-US"},{"@type":"Person","@id":"https:\/\/sulsc.com\/#\/schema\/person\/84d2fc571684f6248ba83092f07750a3","name":"Reda\u00e7\u00e3o Sul SC","image":{"@type":"ImageObject","inLanguage":"en-US","@id":"https:\/\/sulsc.com\/#\/schema\/person\/image\/e08d7fe2cc4ed596372063bbe852b8d0","url":"https:\/\/sulsc.com\/wp-content\/uploads\/2023\/09\/redacao.png","contentUrl":"https:\/\/sulsc.com\/wp-content\/uploads\/2023\/09\/redacao.png","caption":"Reda\u00e7\u00e3o Sul SC"},"description":"Foco em um jornalismo imparcial, voltado \u00e0 qualidade dos seus conte\u00fados e, assim, levar informa\u00e7\u00e3o de valor que agregue \u00e0 vida dos leitores. Esta \u00e9 grande miss\u00e3o do Portal de Not\u00edcias Sul SC. N\u00e3o \u00e9 quantidade que muda o mundo, sempre foi e seguir\u00e1 sendo qualidade!","sameAs":["https:\/\/sulsc.com\/","https:\/\/www.facebook.com\/profile.php?id=61559278119680","https:\/\/www.instagram.com\/sulscportal\/?hl=pt-br","https:\/\/twitter.com\/https:\/\/twitter.com\/PortalSulSC","https:\/\/www.youtube.com\/channel\/UCv_BE8GeySluDov2n8qhVmw"],"url":"https:\/\/sulsc.com\/index.php\/author\/redacao\/"}]}},"authors":[],"_links":{"self":[{"href":"https:\/\/sulsc.com\/index.php\/wp-json\/wp\/v2\/posts\/13707"}],"collection":[{"href":"https:\/\/sulsc.com\/index.php\/wp-json\/wp\/v2\/posts"}],"about":[{"href":"https:\/\/sulsc.com\/index.php\/wp-json\/wp\/v2\/types\/post"}],"author":[{"embeddable":true,"href":"https:\/\/sulsc.com\/index.php\/wp-json\/wp\/v2\/users\/3"}],"replies":[{"embeddable":true,"href":"https:\/\/sulsc.com\/index.php\/wp-json\/wp\/v2\/comments?post=13707"}],"version-history":[{"count":1,"href":"https:\/\/sulsc.com\/index.php\/wp-json\/wp\/v2\/posts\/13707\/revisions"}],"predecessor-version":[{"id":13708,"href":"https:\/\/sulsc.com\/index.php\/wp-json\/wp\/v2\/posts\/13707\/revisions\/13708"}],"wp:featuredmedia":[{"embeddable":true,"href":"https:\/\/sulsc.com\/index.php\/wp-json\/wp\/v2\/media\/11699"}],"wp:attachment":[{"href":"https:\/\/sulsc.com\/index.php\/wp-json\/wp\/v2\/media?parent=13707"}],"wp:term":[{"taxonomy":"category","embeddable":true,"href":"https:\/\/sulsc.com\/index.php\/wp-json\/wp\/v2\/categories?post=13707"},{"taxonomy":"post_tag","embeddable":true,"href":"https:\/\/sulsc.com\/index.php\/wp-json\/wp\/v2\/tags?post=13707"}],"curies":[{"name":"wp","href":"https:\/\/api.w.org\/{rel}","templated":true}]}}