{"id":14132,"date":"2024-07-01T10:40:59","date_gmt":"2024-07-01T13:40:59","guid":{"rendered":"https:\/\/sulsc.com\/?p=14132"},"modified":"2024-07-01T10:18:37","modified_gmt":"2024-07-01T13:18:37","slug":"amanhecer-em-sao-joaquim-teve-minima-de-85c-neste-domingo-30","status":"publish","type":"post","link":"https:\/\/sulsc.com\/index.php\/2024\/07\/01\/amanhecer-em-sao-joaquim-teve-minima-de-85c-neste-domingo-30\/","title":{"rendered":"Amanhecer em S\u00e3o Joaquim teve m\u00ednima de -8,5\u00b0C neste domingo (30)"},"content":{"rendered":"<p>No in\u00edcio do inverno a Serra catarinense registra alguns fen\u00f4menos t\u00edpicos desta esta\u00e7\u00e3o. De acordo com a Climaterra, do Ronaldo Coutinho, a cidade teve a segunda menor temperatura para o m\u00eas de junho nos \u00faltimos 27 anos. A m\u00ednima chegou a -8,5\u00b0C neste Domingo (30).<\/p>\n<figure id=\"attachment_14135\" aria-describedby=\"caption-attachment-14135\" style=\"width: 768px\" class=\"wp-caption alignnone\"><img fetchpriority=\"high\" decoding=\"async\" class=\"wp-image-14135 size-full\" src=\"http:\/\/sulsc.com\/wp-content\/uploads\/2024\/07\/temperatura-negativa-na-serra.webp\" alt=\"\" width=\"768\" height=\"576\" srcset=\"https:\/\/sulsc.com\/wp-content\/uploads\/2024\/07\/temperatura-negativa-na-serra.webp 768w, https:\/\/sulsc.com\/wp-content\/uploads\/2024\/07\/temperatura-negativa-na-serra-300x225.webp 300w\" sizes=\"(max-width: 768px) 100vw, 768px\" \/><figcaption id=\"caption-attachment-14135\" class=\"wp-caption-text\">Fotos: Mycchel legnaghi\/S\u00e3o Joaquim Online<\/figcaption><\/figure>\n<p>J\u00e1 segundo o Instituto Nacional de Meteorologia (INMET), essa \u00e9 a segunda temperatura mais baixa registrada em S\u00e3o Joaquim nos \u00faltimos 36 anos. O frio intenso congelou as \u00e1rvores do centro da cidade, e transformandou em belas esculturas de cristal, atraindo diversos turistas que aproveitaram a oportunidade para registrar o fen\u00f4meno \u00fanico da Serra Catarinense.<\/p>\n<p>As \u00e1rvores no centro da cidade ficaram completamente congeladas, formando verdadeiras esculturas de cristal. Muitos turistas aproveitaram o espet\u00e1culo gelado para tirar fotos e curtir o frio da nossa Serra Catarinenses.<\/p>\n<p><img decoding=\"async\" class=\"alignnone size-full wp-image-14133\" src=\"http:\/\/sulsc.com\/wp-content\/uploads\/2024\/07\/temperatura-negativa-na-serra-03.webp\" alt=\"\" width=\"768\" height=\"432\" srcset=\"https:\/\/sulsc.com\/wp-content\/uploads\/2024\/07\/temperatura-negativa-na-serra-03.webp 768w, https:\/\/sulsc.com\/wp-content\/uploads\/2024\/07\/temperatura-negativa-na-serra-03-300x169.webp 300w\" sizes=\"(max-width: 768px) 100vw, 768px\" \/><\/p>\n<p>Fonte: S\u00e3o Joaquim Online<\/p>\n","protected":false},"excerpt":{"rendered":"<p>No in\u00edcio do inverno a Serra catarinense registra alguns fen\u00f4menos t\u00edpicos desta esta\u00e7\u00e3o. De acordo com a Climaterra, do Ronaldo Coutinho, a cidade teve a segunda menor temperatura para o m\u00eas de junho nos \u00faltimos 27 anos. A m\u00ednima chegou a -8,5\u00b0C neste Domingo (30). J\u00e1 segundo o Instituto Nacional de Meteorologia (INMET), essa \u00e9 &hellip;<\/p>\n<p class=\"read-more\"> <a class=\"\" href=\"https:\/\/sulsc.com\/index.php\/2024\/07\/01\/amanhecer-em-sao-joaquim-teve-minima-de-85c-neste-domingo-30\/\"> <span class=\"screen-reader-text\">Amanhecer em S\u00e3o Joaquim teve m\u00ednima de -8,5\u00b0C neste domingo (30)<\/span> Read More &raquo;<\/a><\/p>\n","protected":false},"author":3,"featured_media":14134,"comment_status":"open","ping_status":"open","sticky":false,"template":"","format":"standard","meta":{"site-sidebar-layout":"default","site-content-layout":"","ast-site-content-layout":"default","site-content-style":"default","site-sidebar-style":"default","ast-global-header-display":"","ast-banner-title-visibility":"","ast-main-header-display":"","ast-hfb-above-header-display":"","ast-hfb-below-header-display":"","ast-hfb-mobile-header-display":"","site-post-title":"","ast-breadcrumbs-content":"","ast-featured-img":"","footer-sml-layout":"","theme-transparent-header-meta":"default","adv-header-id-meta":"","stick-header-meta":"","header-above-stick-meta":"","header-main-stick-meta":"","header-below-stick-meta":"","astra-migrate-meta-layouts":"set","footnotes":""},"categories":[38],"tags":[2006,277,89],"yoast_head":"<!-- This site is optimized with the Yoast SEO plugin v21.4 - https:\/\/yoast.com\/wordpress\/plugins\/seo\/ -->\n<title>Amanhecer em S\u00e3o Joaquim teve m\u00ednima de -8,5\u00b0C neste domingo (30) -<\/title>\n<meta name=\"description\" content=\"Essa \u00e9 a segunda menor temperatura para junho nos \u00faltimos 27 anos, e a segunda mais baixa registrada em S\u00e3o Joaquim nos \u00faltimos 36 anos\" \/>\n<meta name=\"robots\" content=\"index, follow, max-snippet:-1, max-image-preview:large, max-video-preview:-1\" \/>\n<link rel=\"canonical\" href=\"https:\/\/sulsc.com\/index.php\/2024\/07\/01\/amanhecer-em-sao-joaquim-teve-minima-de-85c-neste-domingo-30\/\" \/>\n<meta property=\"og:locale\" content=\"en_US\" \/>\n<meta property=\"og:type\" content=\"article\" \/>\n<meta property=\"og:title\" content=\"Amanhecer em S\u00e3o Joaquim teve m\u00ednima de -8,5\u00b0C neste domingo (30) -\" \/>\n<meta property=\"og:description\" content=\"Essa \u00e9 a segunda menor temperatura para junho nos \u00faltimos 27 anos, e a segunda mais baixa registrada em S\u00e3o Joaquim nos \u00faltimos 36 anos\" \/>\n<meta property=\"og:url\" content=\"https:\/\/sulsc.com\/index.php\/2024\/07\/01\/amanhecer-em-sao-joaquim-teve-minima-de-85c-neste-domingo-30\/\" \/>\n<meta property=\"article:author\" content=\"https:\/\/www.facebook.com\/profile.php?id=61559278119680\" \/>\n<meta property=\"article:published_time\" content=\"2024-07-01T13:40:59+00:00\" \/>\n<meta property=\"article:modified_time\" content=\"2024-07-01T13:18:37+00:00\" \/>\n<meta property=\"og:image\" content=\"https:\/\/sulsc.com\/wp-content\/uploads\/2024\/07\/temperatura-negativa-na-serra-02.webp\" \/>\n\t<meta property=\"og:image:width\" content=\"900\" \/>\n\t<meta property=\"og:image:height\" content=\"1536\" \/>\n\t<meta property=\"og:image:type\" content=\"image\/webp\" \/>\n<meta name=\"author\" content=\"Reda\u00e7\u00e3o Sul SC\" \/>\n<meta name=\"twitter:card\" content=\"summary_large_image\" \/>\n<meta name=\"twitter:creator\" content=\"@https:\/\/twitter.com\/PortalSulSC\" \/>\n<meta name=\"twitter:label1\" content=\"Written by\" \/>\n\t<meta name=\"twitter:data1\" content=\"Reda\u00e7\u00e3o Sul SC\" \/>\n\t<meta name=\"twitter:label2\" content=\"Est. reading time\" \/>\n\t<meta name=\"twitter:data2\" content=\"2 minutes\" \/>\n<script type=\"application\/ld+json\" class=\"yoast-schema-graph\">{\"@context\":\"https:\/\/schema.org\",\"@graph\":[{\"@type\":\"WebPage\",\"@id\":\"https:\/\/sulsc.com\/index.php\/2024\/07\/01\/amanhecer-em-sao-joaquim-teve-minima-de-85c-neste-domingo-30\/\",\"url\":\"https:\/\/sulsc.com\/index.php\/2024\/07\/01\/amanhecer-em-sao-joaquim-teve-minima-de-85c-neste-domingo-30\/\",\"name\":\"Amanhecer em S\u00e3o Joaquim teve m\u00ednima de -8,5\u00b0C neste domingo (30) -\",\"isPartOf\":{\"@id\":\"https:\/\/sulsc.com\/#website\"},\"datePublished\":\"2024-07-01T13:40:59+00:00\",\"dateModified\":\"2024-07-01T13:18:37+00:00\",\"author\":{\"@id\":\"https:\/\/sulsc.com\/#\/schema\/person\/84d2fc571684f6248ba83092f07750a3\"},\"description\":\"Essa \u00e9 a segunda menor temperatura para junho nos \u00faltimos 27 anos, e a segunda mais baixa registrada em S\u00e3o Joaquim nos \u00faltimos 36 anos\",\"breadcrumb\":{\"@id\":\"https:\/\/sulsc.com\/index.php\/2024\/07\/01\/amanhecer-em-sao-joaquim-teve-minima-de-85c-neste-domingo-30\/#breadcrumb\"},\"inLanguage\":\"en-US\",\"potentialAction\":[{\"@type\":\"ReadAction\",\"target\":[\"https:\/\/sulsc.com\/index.php\/2024\/07\/01\/amanhecer-em-sao-joaquim-teve-minima-de-85c-neste-domingo-30\/\"]}]},{\"@type\":\"BreadcrumbList\",\"@id\":\"https:\/\/sulsc.com\/index.php\/2024\/07\/01\/amanhecer-em-sao-joaquim-teve-minima-de-85c-neste-domingo-30\/#breadcrumb\",\"itemListElement\":[{\"@type\":\"ListItem\",\"position\":1,\"name\":\"In\u00edcio\",\"item\":\"https:\/\/sulsc.com\/\"},{\"@type\":\"ListItem\",\"position\":2,\"name\":\"Amanhecer em S\u00e3o Joaquim teve m\u00ednima de -8,5\u00b0C neste domingo (30)\"}]},{\"@type\":\"WebSite\",\"@id\":\"https:\/\/sulsc.com\/#website\",\"url\":\"https:\/\/sulsc.com\/\",\"name\":\"\",\"description\":\"\",\"potentialAction\":[{\"@type\":\"SearchAction\",\"target\":{\"@type\":\"EntryPoint\",\"urlTemplate\":\"https:\/\/sulsc.com\/?s={search_term_string}\"},\"query-input\":\"required name=search_term_string\"}],\"inLanguage\":\"en-US\"},{\"@type\":\"Person\",\"@id\":\"https:\/\/sulsc.com\/#\/schema\/person\/84d2fc571684f6248ba83092f07750a3\",\"name\":\"Reda\u00e7\u00e3o Sul SC\",\"image\":{\"@type\":\"ImageObject\",\"inLanguage\":\"en-US\",\"@id\":\"https:\/\/sulsc.com\/#\/schema\/person\/image\/e08d7fe2cc4ed596372063bbe852b8d0\",\"url\":\"https:\/\/sulsc.com\/wp-content\/uploads\/2023\/09\/redacao.png\",\"contentUrl\":\"https:\/\/sulsc.com\/wp-content\/uploads\/2023\/09\/redacao.png\",\"caption\":\"Reda\u00e7\u00e3o Sul SC\"},\"description\":\"Foco em um jornalismo imparcial, voltado \u00e0 qualidade dos seus conte\u00fados e, assim, levar informa\u00e7\u00e3o de valor que agregue \u00e0 vida dos leitores. Esta \u00e9 grande miss\u00e3o do Portal de Not\u00edcias Sul SC. N\u00e3o \u00e9 quantidade que muda o mundo, sempre foi e seguir\u00e1 sendo qualidade!\",\"sameAs\":[\"https:\/\/sulsc.com\/\",\"https:\/\/www.facebook.com\/profile.php?id=61559278119680\",\"https:\/\/www.instagram.com\/sulscportal\/?hl=pt-br\",\"https:\/\/twitter.com\/https:\/\/twitter.com\/PortalSulSC\",\"https:\/\/www.youtube.com\/channel\/UCv_BE8GeySluDov2n8qhVmw\"],\"url\":\"https:\/\/sulsc.com\/index.php\/author\/redacao\/\"}]}<\/script>\n<!-- \/ Yoast SEO plugin. -->","yoast_head_json":{"title":"Amanhecer em S\u00e3o Joaquim teve m\u00ednima de -8,5\u00b0C neste domingo (30) -","description":"Essa \u00e9 a segunda menor temperatura para junho nos \u00faltimos 27 anos, e a segunda mais baixa registrada em S\u00e3o Joaquim nos \u00faltimos 36 anos","robots":{"index":"index","follow":"follow","max-snippet":"max-snippet:-1","max-image-preview":"max-image-preview:large","max-video-preview":"max-video-preview:-1"},"canonical":"https:\/\/sulsc.com\/index.php\/2024\/07\/01\/amanhecer-em-sao-joaquim-teve-minima-de-85c-neste-domingo-30\/","og_locale":"en_US","og_type":"article","og_title":"Amanhecer em S\u00e3o Joaquim teve m\u00ednima de -8,5\u00b0C neste domingo (30) -","og_description":"Essa \u00e9 a segunda menor temperatura para junho nos \u00faltimos 27 anos, e a segunda mais baixa registrada em S\u00e3o Joaquim nos \u00faltimos 36 anos","og_url":"https:\/\/sulsc.com\/index.php\/2024\/07\/01\/amanhecer-em-sao-joaquim-teve-minima-de-85c-neste-domingo-30\/","article_author":"https:\/\/www.facebook.com\/profile.php?id=61559278119680","article_published_time":"2024-07-01T13:40:59+00:00","article_modified_time":"2024-07-01T13:18:37+00:00","og_image":[{"width":900,"height":1536,"url":"https:\/\/sulsc.com\/wp-content\/uploads\/2024\/07\/temperatura-negativa-na-serra-02.webp","type":"image\/webp"}],"author":"Reda\u00e7\u00e3o Sul SC","twitter_card":"summary_large_image","twitter_creator":"@https:\/\/twitter.com\/PortalSulSC","twitter_misc":{"Written by":"Reda\u00e7\u00e3o Sul SC","Est. reading time":"2 minutes"},"schema":{"@context":"https:\/\/schema.org","@graph":[{"@type":"WebPage","@id":"https:\/\/sulsc.com\/index.php\/2024\/07\/01\/amanhecer-em-sao-joaquim-teve-minima-de-85c-neste-domingo-30\/","url":"https:\/\/sulsc.com\/index.php\/2024\/07\/01\/amanhecer-em-sao-joaquim-teve-minima-de-85c-neste-domingo-30\/","name":"Amanhecer em S\u00e3o Joaquim teve m\u00ednima de -8,5\u00b0C neste domingo (30) -","isPartOf":{"@id":"https:\/\/sulsc.com\/#website"},"datePublished":"2024-07-01T13:40:59+00:00","dateModified":"2024-07-01T13:18:37+00:00","author":{"@id":"https:\/\/sulsc.com\/#\/schema\/person\/84d2fc571684f6248ba83092f07750a3"},"description":"Essa \u00e9 a segunda menor temperatura para junho nos \u00faltimos 27 anos, e a segunda mais baixa registrada em S\u00e3o Joaquim nos \u00faltimos 36 anos","breadcrumb":{"@id":"https:\/\/sulsc.com\/index.php\/2024\/07\/01\/amanhecer-em-sao-joaquim-teve-minima-de-85c-neste-domingo-30\/#breadcrumb"},"inLanguage":"en-US","potentialAction":[{"@type":"ReadAction","target":["https:\/\/sulsc.com\/index.php\/2024\/07\/01\/amanhecer-em-sao-joaquim-teve-minima-de-85c-neste-domingo-30\/"]}]},{"@type":"BreadcrumbList","@id":"https:\/\/sulsc.com\/index.php\/2024\/07\/01\/amanhecer-em-sao-joaquim-teve-minima-de-85c-neste-domingo-30\/#breadcrumb","itemListElement":[{"@type":"ListItem","position":1,"name":"In\u00edcio","item":"https:\/\/sulsc.com\/"},{"@type":"ListItem","position":2,"name":"Amanhecer em S\u00e3o Joaquim teve m\u00ednima de -8,5\u00b0C neste domingo (30)"}]},{"@type":"WebSite","@id":"https:\/\/sulsc.com\/#website","url":"https:\/\/sulsc.com\/","name":"","description":"","potentialAction":[{"@type":"SearchAction","target":{"@type":"EntryPoint","urlTemplate":"https:\/\/sulsc.com\/?s={search_term_string}"},"query-input":"required name=search_term_string"}],"inLanguage":"en-US"},{"@type":"Person","@id":"https:\/\/sulsc.com\/#\/schema\/person\/84d2fc571684f6248ba83092f07750a3","name":"Reda\u00e7\u00e3o Sul SC","image":{"@type":"ImageObject","inLanguage":"en-US","@id":"https:\/\/sulsc.com\/#\/schema\/person\/image\/e08d7fe2cc4ed596372063bbe852b8d0","url":"https:\/\/sulsc.com\/wp-content\/uploads\/2023\/09\/redacao.png","contentUrl":"https:\/\/sulsc.com\/wp-content\/uploads\/2023\/09\/redacao.png","caption":"Reda\u00e7\u00e3o Sul SC"},"description":"Foco em um jornalismo imparcial, voltado \u00e0 qualidade dos seus conte\u00fados e, assim, levar informa\u00e7\u00e3o de valor que agregue \u00e0 vida dos leitores. Esta \u00e9 grande miss\u00e3o do Portal de Not\u00edcias Sul SC. N\u00e3o \u00e9 quantidade que muda o mundo, sempre foi e seguir\u00e1 sendo qualidade!","sameAs":["https:\/\/sulsc.com\/","https:\/\/www.facebook.com\/profile.php?id=61559278119680","https:\/\/www.instagram.com\/sulscportal\/?hl=pt-br","https:\/\/twitter.com\/https:\/\/twitter.com\/PortalSulSC","https:\/\/www.youtube.com\/channel\/UCv_BE8GeySluDov2n8qhVmw"],"url":"https:\/\/sulsc.com\/index.php\/author\/redacao\/"}]}},"authors":[],"_links":{"self":[{"href":"https:\/\/sulsc.com\/index.php\/wp-json\/wp\/v2\/posts\/14132"}],"collection":[{"href":"https:\/\/sulsc.com\/index.php\/wp-json\/wp\/v2\/posts"}],"about":[{"href":"https:\/\/sulsc.com\/index.php\/wp-json\/wp\/v2\/types\/post"}],"author":[{"embeddable":true,"href":"https:\/\/sulsc.com\/index.php\/wp-json\/wp\/v2\/users\/3"}],"replies":[{"embeddable":true,"href":"https:\/\/sulsc.com\/index.php\/wp-json\/wp\/v2\/comments?post=14132"}],"version-history":[{"count":3,"href":"https:\/\/sulsc.com\/index.php\/wp-json\/wp\/v2\/posts\/14132\/revisions"}],"predecessor-version":[{"id":14138,"href":"https:\/\/sulsc.com\/index.php\/wp-json\/wp\/v2\/posts\/14132\/revisions\/14138"}],"wp:featuredmedia":[{"embeddable":true,"href":"https:\/\/sulsc.com\/index.php\/wp-json\/wp\/v2\/media\/14134"}],"wp:attachment":[{"href":"https:\/\/sulsc.com\/index.php\/wp-json\/wp\/v2\/media?parent=14132"}],"wp:term":[{"taxonomy":"category","embeddable":true,"href":"https:\/\/sulsc.com\/index.php\/wp-json\/wp\/v2\/categories?post=14132"},{"taxonomy":"post_tag","embeddable":true,"href":"https:\/\/sulsc.com\/index.php\/wp-json\/wp\/v2\/tags?post=14132"}],"curies":[{"name":"wp","href":"https:\/\/api.w.org\/{rel}","templated":true}]}}