{"id":1418,"date":"2023-09-25T15:39:16","date_gmt":"2023-09-25T18:39:16","guid":{"rendered":"https:\/\/sulsc.com\/?p=1418"},"modified":"2023-09-25T15:39:16","modified_gmt":"2023-09-25T18:39:16","slug":"morre-o-carnavalesco-max-lopes-aos-74-anos","status":"publish","type":"post","link":"https:\/\/sulsc.com\/index.php\/2023\/09\/25\/morre-o-carnavalesco-max-lopes-aos-74-anos\/","title":{"rendered":"Morre o carnavalesco Max Lopes, aos 74 anos"},"content":{"rendered":"<p>Morreu neste domingo (24) o carnavalesco Max Lopes, conhecido como o Mago das Cores, aos 74 anos de idade. A morte foi confirmada na rede social de Max Lopes. Entre os diversos trabalhos realizados, o carnavalesco \u00e9 autor do desfile que consagrou o samba-enredo Liberdade! Liberdade! Abra as Asas Sobre N\u00f3s, em 1989, que rendeu o t\u00edtulo de campe\u00e3 \u00e0 escola Imperatriz Leopoldinense.<\/p>\n<p>Max Lopes tamb\u00e9m assinou desfiles da Esta\u00e7\u00e3o Primeira de Mangueira, onde levou o t\u00edtulo de supercampe\u00e3o em 1984, com o enredo Yes, N\u00f3s Temos Braguinha. O supercampeonato foi realizado no ano de 1984, na inaugura\u00e7\u00e3o do Samb\u00f3dromo. Foi ainda campe\u00e3o pela Mangueira em 2002, com Brasil com \u201cZ\u201d \u00e9 pra cabra da peste, Brasil com &#8220;S&#8221; \u00e9 na\u00e7\u00e3o do Nordeste\u201d. Em 2006, Max Lopes tomou posse como imortal da Academia Brasileira de Belas Artes, institui\u00e7\u00e3o voltada para o desenvolvimento, a promo\u00e7\u00e3o e o interc\u00e2mbio ligados \u00e0s \u00e1reas afins das Belas Artes.<\/p>\n<figure id=\"attachment_1420\" aria-describedby=\"caption-attachment-1420\" style=\"width: 1024px\" class=\"wp-caption alignnone\"><img fetchpriority=\"high\" decoding=\"async\" class=\"size-large wp-image-1420\" src=\"http:\/\/sulsc.com\/wp-content\/uploads\/2023\/09\/Max-Lopes-01-1024x613.jpg\" alt=\"\" width=\"1024\" height=\"613\" srcset=\"https:\/\/sulsc.com\/wp-content\/uploads\/2023\/09\/Max-Lopes-01-1024x613.jpg 1024w, https:\/\/sulsc.com\/wp-content\/uploads\/2023\/09\/Max-Lopes-01-300x179.jpg 300w, https:\/\/sulsc.com\/wp-content\/uploads\/2023\/09\/Max-Lopes-01-768x459.jpg 768w, https:\/\/sulsc.com\/wp-content\/uploads\/2023\/09\/Max-Lopes-01.jpg 1170w\" sizes=\"(max-width: 1024px) 100vw, 1024px\" \/><figcaption id=\"caption-attachment-1420\" class=\"wp-caption-text\">24\/09\/2023 Max Lopes foi um carnavalesco brasileiro, conhecido como &#8220;O Mago das cores&#8221;. Foto M\u00eddia Sociais.<\/figcaption><\/figure>\n<p>A morte de Max Lopes teve repercuss\u00e3o nas redes sociais. Escolas de samba do Rio de Janeiro prestaram homenagens. \u201cO \u00fanico carnavalesco SuperCampe\u00e3o. A Esta\u00e7\u00e3o Primeira de Mangueira, em nome da presidenta Guanayra Firmino, lamenta o falecimento do carnavalesco Max Lopes. Obrigada, Mago. Sua hist\u00f3ria ser\u00e1 reverenciada e lembrada pra sempre, a Mangueira jamais te esquecer\u00e1!\u201d, publicou no X a Mangueira.<\/p>\n<p>\u201cAnunciamos, com muita tristeza, o falecimento do Carnavalesco Max Lopes. Max iniciou sua trajet\u00f3ria na Imperatriz em 1977, com o Enredo \u201cViagens Fant\u00e1stica \u00e0s Terras de Ibirapitanga\u201d e foi campe\u00e3o, em 1989, com o enredo &#8220;Liberdade! Liberdade! Abra as Asas Sobre N\u00f3s\u201d. Todos os Leopoldinenses lhe agradecem por toda dedica\u00e7\u00e3o ao nosso pavilh\u00e3o. A Diretoria da Rainha de Ramos deseja muita for\u00e7a aos familiares e amigos. Que seja feita uma passagem de muita luz\u201d, publicou na mesma rede social a Imperatriz Leopoldinense.<\/p>\n<p>&nbsp;<\/p>\n<p>Fonte: Ag\u00eancia Brasil<\/p>\n","protected":false},"excerpt":{"rendered":"<p>Morreu neste domingo (24) o carnavalesco Max Lopes, conhecido como o Mago das Cores, aos 74 anos de idade. A morte foi confirmada na rede social de Max Lopes. Entre os diversos trabalhos realizados, o carnavalesco \u00e9 autor do desfile que consagrou o samba-enredo Liberdade! Liberdade! Abra as Asas Sobre N\u00f3s, em 1989, que rendeu &hellip;<\/p>\n<p class=\"read-more\"> <a class=\"\" href=\"https:\/\/sulsc.com\/index.php\/2023\/09\/25\/morre-o-carnavalesco-max-lopes-aos-74-anos\/\"> <span class=\"screen-reader-text\">Morre o carnavalesco Max Lopes, aos 74 anos<\/span> Read More &raquo;<\/a><\/p>\n","protected":false},"author":3,"featured_media":1419,"comment_status":"open","ping_status":"open","sticky":false,"template":"","format":"standard","meta":{"site-sidebar-layout":"default","site-content-layout":"default","ast-site-content-layout":"","site-content-style":"default","site-sidebar-style":"default","ast-global-header-display":"","ast-banner-title-visibility":"","ast-main-header-display":"","ast-hfb-above-header-display":"","ast-hfb-below-header-display":"","ast-hfb-mobile-header-display":"","site-post-title":"","ast-breadcrumbs-content":"","ast-featured-img":"","footer-sml-layout":"","theme-transparent-header-meta":"default","adv-header-id-meta":"","stick-header-meta":"","header-above-stick-meta":"","header-main-stick-meta":"","header-below-stick-meta":"","astra-migrate-meta-layouts":"","footnotes":""},"categories":[1],"tags":[],"yoast_head":"<!-- This site is optimized with the Yoast SEO plugin v21.4 - https:\/\/yoast.com\/wordpress\/plugins\/seo\/ -->\n<title>Morre o carnavalesco Max Lopes, aos 74 anos -<\/title>\n<meta name=\"robots\" content=\"index, follow, max-snippet:-1, max-image-preview:large, max-video-preview:-1\" \/>\n<link rel=\"canonical\" href=\"https:\/\/sulsc.com\/index.php\/2023\/09\/25\/morre-o-carnavalesco-max-lopes-aos-74-anos\/\" \/>\n<meta property=\"og:locale\" content=\"en_US\" \/>\n<meta property=\"og:type\" content=\"article\" \/>\n<meta property=\"og:title\" content=\"Morre o carnavalesco Max Lopes, aos 74 anos -\" \/>\n<meta property=\"og:description\" content=\"Morreu neste domingo (24) o carnavalesco Max Lopes, conhecido como o Mago das Cores, aos 74 anos de idade. A morte foi confirmada na rede social de Max Lopes. Entre os diversos trabalhos realizados, o carnavalesco \u00e9 autor do desfile que consagrou o samba-enredo Liberdade! Liberdade! Abra as Asas Sobre N\u00f3s, em 1989, que rendeu &hellip; Morre o carnavalesco Max Lopes, aos 74 anos Read More &raquo;\" \/>\n<meta property=\"og:url\" content=\"https:\/\/sulsc.com\/index.php\/2023\/09\/25\/morre-o-carnavalesco-max-lopes-aos-74-anos\/\" \/>\n<meta property=\"article:author\" content=\"https:\/\/www.facebook.com\/profile.php?id=61559278119680\" \/>\n<meta property=\"article:published_time\" content=\"2023-09-25T18:39:16+00:00\" \/>\n<meta property=\"og:image\" content=\"https:\/\/sulsc.com\/wp-content\/uploads\/2023\/09\/max-lopes-reprod.jpg\" \/>\n\t<meta property=\"og:image:width\" content=\"475\" \/>\n\t<meta property=\"og:image:height\" content=\"267\" \/>\n\t<meta property=\"og:image:type\" content=\"image\/jpeg\" \/>\n<meta name=\"author\" content=\"Reda\u00e7\u00e3o Sul SC\" \/>\n<meta name=\"twitter:card\" content=\"summary_large_image\" \/>\n<meta name=\"twitter:creator\" content=\"@https:\/\/twitter.com\/PortalSulSC\" \/>\n<meta name=\"twitter:label1\" content=\"Written by\" \/>\n\t<meta name=\"twitter:data1\" content=\"Reda\u00e7\u00e3o Sul SC\" \/>\n\t<meta name=\"twitter:label2\" content=\"Est. reading time\" \/>\n\t<meta name=\"twitter:data2\" content=\"2 minutes\" \/>\n<script type=\"application\/ld+json\" class=\"yoast-schema-graph\">{\"@context\":\"https:\/\/schema.org\",\"@graph\":[{\"@type\":\"WebPage\",\"@id\":\"https:\/\/sulsc.com\/index.php\/2023\/09\/25\/morre-o-carnavalesco-max-lopes-aos-74-anos\/\",\"url\":\"https:\/\/sulsc.com\/index.php\/2023\/09\/25\/morre-o-carnavalesco-max-lopes-aos-74-anos\/\",\"name\":\"Morre o carnavalesco Max Lopes, aos 74 anos -\",\"isPartOf\":{\"@id\":\"https:\/\/sulsc.com\/#website\"},\"datePublished\":\"2023-09-25T18:39:16+00:00\",\"dateModified\":\"2023-09-25T18:39:16+00:00\",\"author\":{\"@id\":\"https:\/\/sulsc.com\/#\/schema\/person\/84d2fc571684f6248ba83092f07750a3\"},\"breadcrumb\":{\"@id\":\"https:\/\/sulsc.com\/index.php\/2023\/09\/25\/morre-o-carnavalesco-max-lopes-aos-74-anos\/#breadcrumb\"},\"inLanguage\":\"en-US\",\"potentialAction\":[{\"@type\":\"ReadAction\",\"target\":[\"https:\/\/sulsc.com\/index.php\/2023\/09\/25\/morre-o-carnavalesco-max-lopes-aos-74-anos\/\"]}]},{\"@type\":\"BreadcrumbList\",\"@id\":\"https:\/\/sulsc.com\/index.php\/2023\/09\/25\/morre-o-carnavalesco-max-lopes-aos-74-anos\/#breadcrumb\",\"itemListElement\":[{\"@type\":\"ListItem\",\"position\":1,\"name\":\"In\u00edcio\",\"item\":\"https:\/\/sulsc.com\/\"},{\"@type\":\"ListItem\",\"position\":2,\"name\":\"Morre o carnavalesco Max Lopes, aos 74 anos\"}]},{\"@type\":\"WebSite\",\"@id\":\"https:\/\/sulsc.com\/#website\",\"url\":\"https:\/\/sulsc.com\/\",\"name\":\"\",\"description\":\"\",\"potentialAction\":[{\"@type\":\"SearchAction\",\"target\":{\"@type\":\"EntryPoint\",\"urlTemplate\":\"https:\/\/sulsc.com\/?s={search_term_string}\"},\"query-input\":\"required name=search_term_string\"}],\"inLanguage\":\"en-US\"},{\"@type\":\"Person\",\"@id\":\"https:\/\/sulsc.com\/#\/schema\/person\/84d2fc571684f6248ba83092f07750a3\",\"name\":\"Reda\u00e7\u00e3o Sul SC\",\"image\":{\"@type\":\"ImageObject\",\"inLanguage\":\"en-US\",\"@id\":\"https:\/\/sulsc.com\/#\/schema\/person\/image\/e08d7fe2cc4ed596372063bbe852b8d0\",\"url\":\"https:\/\/sulsc.com\/wp-content\/uploads\/2023\/09\/redacao.png\",\"contentUrl\":\"https:\/\/sulsc.com\/wp-content\/uploads\/2023\/09\/redacao.png\",\"caption\":\"Reda\u00e7\u00e3o Sul SC\"},\"description\":\"Foco em um jornalismo imparcial, voltado \u00e0 qualidade dos seus conte\u00fados e, assim, levar informa\u00e7\u00e3o de valor que agregue \u00e0 vida dos leitores. Esta \u00e9 grande miss\u00e3o do Portal de Not\u00edcias Sul SC. N\u00e3o \u00e9 quantidade que muda o mundo, sempre foi e seguir\u00e1 sendo qualidade!\",\"sameAs\":[\"https:\/\/sulsc.com\/\",\"https:\/\/www.facebook.com\/profile.php?id=61559278119680\",\"https:\/\/www.instagram.com\/sulscportal\/?hl=pt-br\",\"https:\/\/twitter.com\/https:\/\/twitter.com\/PortalSulSC\",\"https:\/\/www.youtube.com\/channel\/UCv_BE8GeySluDov2n8qhVmw\"],\"url\":\"https:\/\/sulsc.com\/index.php\/author\/redacao\/\"}]}<\/script>\n<!-- \/ Yoast SEO plugin. -->","yoast_head_json":{"title":"Morre o carnavalesco Max Lopes, aos 74 anos -","robots":{"index":"index","follow":"follow","max-snippet":"max-snippet:-1","max-image-preview":"max-image-preview:large","max-video-preview":"max-video-preview:-1"},"canonical":"https:\/\/sulsc.com\/index.php\/2023\/09\/25\/morre-o-carnavalesco-max-lopes-aos-74-anos\/","og_locale":"en_US","og_type":"article","og_title":"Morre o carnavalesco Max Lopes, aos 74 anos -","og_description":"Morreu neste domingo (24) o carnavalesco Max Lopes, conhecido como o Mago das Cores, aos 74 anos de idade. A morte foi confirmada na rede social de Max Lopes. Entre os diversos trabalhos realizados, o carnavalesco \u00e9 autor do desfile que consagrou o samba-enredo Liberdade! Liberdade! Abra as Asas Sobre N\u00f3s, em 1989, que rendeu &hellip; Morre o carnavalesco Max Lopes, aos 74 anos Read More &raquo;","og_url":"https:\/\/sulsc.com\/index.php\/2023\/09\/25\/morre-o-carnavalesco-max-lopes-aos-74-anos\/","article_author":"https:\/\/www.facebook.com\/profile.php?id=61559278119680","article_published_time":"2023-09-25T18:39:16+00:00","og_image":[{"width":475,"height":267,"url":"https:\/\/sulsc.com\/wp-content\/uploads\/2023\/09\/max-lopes-reprod.jpg","type":"image\/jpeg"}],"author":"Reda\u00e7\u00e3o Sul SC","twitter_card":"summary_large_image","twitter_creator":"@https:\/\/twitter.com\/PortalSulSC","twitter_misc":{"Written by":"Reda\u00e7\u00e3o Sul SC","Est. reading time":"2 minutes"},"schema":{"@context":"https:\/\/schema.org","@graph":[{"@type":"WebPage","@id":"https:\/\/sulsc.com\/index.php\/2023\/09\/25\/morre-o-carnavalesco-max-lopes-aos-74-anos\/","url":"https:\/\/sulsc.com\/index.php\/2023\/09\/25\/morre-o-carnavalesco-max-lopes-aos-74-anos\/","name":"Morre o carnavalesco Max Lopes, aos 74 anos -","isPartOf":{"@id":"https:\/\/sulsc.com\/#website"},"datePublished":"2023-09-25T18:39:16+00:00","dateModified":"2023-09-25T18:39:16+00:00","author":{"@id":"https:\/\/sulsc.com\/#\/schema\/person\/84d2fc571684f6248ba83092f07750a3"},"breadcrumb":{"@id":"https:\/\/sulsc.com\/index.php\/2023\/09\/25\/morre-o-carnavalesco-max-lopes-aos-74-anos\/#breadcrumb"},"inLanguage":"en-US","potentialAction":[{"@type":"ReadAction","target":["https:\/\/sulsc.com\/index.php\/2023\/09\/25\/morre-o-carnavalesco-max-lopes-aos-74-anos\/"]}]},{"@type":"BreadcrumbList","@id":"https:\/\/sulsc.com\/index.php\/2023\/09\/25\/morre-o-carnavalesco-max-lopes-aos-74-anos\/#breadcrumb","itemListElement":[{"@type":"ListItem","position":1,"name":"In\u00edcio","item":"https:\/\/sulsc.com\/"},{"@type":"ListItem","position":2,"name":"Morre o carnavalesco Max Lopes, aos 74 anos"}]},{"@type":"WebSite","@id":"https:\/\/sulsc.com\/#website","url":"https:\/\/sulsc.com\/","name":"","description":"","potentialAction":[{"@type":"SearchAction","target":{"@type":"EntryPoint","urlTemplate":"https:\/\/sulsc.com\/?s={search_term_string}"},"query-input":"required name=search_term_string"}],"inLanguage":"en-US"},{"@type":"Person","@id":"https:\/\/sulsc.com\/#\/schema\/person\/84d2fc571684f6248ba83092f07750a3","name":"Reda\u00e7\u00e3o Sul SC","image":{"@type":"ImageObject","inLanguage":"en-US","@id":"https:\/\/sulsc.com\/#\/schema\/person\/image\/e08d7fe2cc4ed596372063bbe852b8d0","url":"https:\/\/sulsc.com\/wp-content\/uploads\/2023\/09\/redacao.png","contentUrl":"https:\/\/sulsc.com\/wp-content\/uploads\/2023\/09\/redacao.png","caption":"Reda\u00e7\u00e3o Sul SC"},"description":"Foco em um jornalismo imparcial, voltado \u00e0 qualidade dos seus conte\u00fados e, assim, levar informa\u00e7\u00e3o de valor que agregue \u00e0 vida dos leitores. Esta \u00e9 grande miss\u00e3o do Portal de Not\u00edcias Sul SC. N\u00e3o \u00e9 quantidade que muda o mundo, sempre foi e seguir\u00e1 sendo qualidade!","sameAs":["https:\/\/sulsc.com\/","https:\/\/www.facebook.com\/profile.php?id=61559278119680","https:\/\/www.instagram.com\/sulscportal\/?hl=pt-br","https:\/\/twitter.com\/https:\/\/twitter.com\/PortalSulSC","https:\/\/www.youtube.com\/channel\/UCv_BE8GeySluDov2n8qhVmw"],"url":"https:\/\/sulsc.com\/index.php\/author\/redacao\/"}]}},"authors":[],"_links":{"self":[{"href":"https:\/\/sulsc.com\/index.php\/wp-json\/wp\/v2\/posts\/1418"}],"collection":[{"href":"https:\/\/sulsc.com\/index.php\/wp-json\/wp\/v2\/posts"}],"about":[{"href":"https:\/\/sulsc.com\/index.php\/wp-json\/wp\/v2\/types\/post"}],"author":[{"embeddable":true,"href":"https:\/\/sulsc.com\/index.php\/wp-json\/wp\/v2\/users\/3"}],"replies":[{"embeddable":true,"href":"https:\/\/sulsc.com\/index.php\/wp-json\/wp\/v2\/comments?post=1418"}],"version-history":[{"count":1,"href":"https:\/\/sulsc.com\/index.php\/wp-json\/wp\/v2\/posts\/1418\/revisions"}],"predecessor-version":[{"id":1421,"href":"https:\/\/sulsc.com\/index.php\/wp-json\/wp\/v2\/posts\/1418\/revisions\/1421"}],"wp:featuredmedia":[{"embeddable":true,"href":"https:\/\/sulsc.com\/index.php\/wp-json\/wp\/v2\/media\/1419"}],"wp:attachment":[{"href":"https:\/\/sulsc.com\/index.php\/wp-json\/wp\/v2\/media?parent=1418"}],"wp:term":[{"taxonomy":"category","embeddable":true,"href":"https:\/\/sulsc.com\/index.php\/wp-json\/wp\/v2\/categories?post=1418"},{"taxonomy":"post_tag","embeddable":true,"href":"https:\/\/sulsc.com\/index.php\/wp-json\/wp\/v2\/tags?post=1418"}],"curies":[{"name":"wp","href":"https:\/\/api.w.org\/{rel}","templated":true}]}}