{"id":1434,"date":"2023-09-25T19:13:56","date_gmt":"2023-09-25T22:13:56","guid":{"rendered":"https:\/\/sulsc.com\/?p=1434"},"modified":"2023-09-25T19:13:56","modified_gmt":"2023-09-25T22:13:56","slug":"acidente-grave-mata-duas-pessoas-em-gravatal","status":"publish","type":"post","link":"https:\/\/sulsc.com\/index.php\/2023\/09\/25\/acidente-grave-mata-duas-pessoas-em-gravatal\/","title":{"rendered":"Acidente grave mata duas pessoas em Gravatal"},"content":{"rendered":"<p>Um acidente fatal tirou a vida de dois homens na tarde desta segunda-feira (25), no km 167,150 da SC-370, em Gravatal. O acidente foi registrado no bairro Pouso Alto.\u00a0A primeira v\u00edtima, homem 45 anos, conduzia um Citro\u00ebn C3, com placas de Gravatal, que colidiu frontalmente com uma carreta Scania R440A, emplacada em Bra\u00e7o do Norte.<\/p>\n<p><img fetchpriority=\"high\" decoding=\"async\" class=\"alignnone size-full wp-image-1435\" src=\"http:\/\/sulsc.com\/wp-content\/uploads\/2023\/09\/acidente-grave-mata-uma-pessoa-e-deixa-outra-gravemente-ferida-em-gravatal.jpg\" alt=\"\" width=\"800\" height=\"594\" srcset=\"https:\/\/sulsc.com\/wp-content\/uploads\/2023\/09\/acidente-grave-mata-uma-pessoa-e-deixa-outra-gravemente-ferida-em-gravatal.jpg 800w, https:\/\/sulsc.com\/wp-content\/uploads\/2023\/09\/acidente-grave-mata-uma-pessoa-e-deixa-outra-gravemente-ferida-em-gravatal-300x223.jpg 300w, https:\/\/sulsc.com\/wp-content\/uploads\/2023\/09\/acidente-grave-mata-uma-pessoa-e-deixa-outra-gravemente-ferida-em-gravatal-768x570.jpg 768w\" sizes=\"(max-width: 800px) 100vw, 800px\" \/><\/p>\n<p>De acordo com a Pol\u00edcia Militar Rodovi\u00e1ria (PMRv), o condutor do Citro\u00ebn C3 seguia no sentido Tubar\u00e3o e tentou uma ultrapassagem em local proibido e acertou a carreta, que seguia no sentido contr\u00e1rio. Ap\u00f3s o impacto, a carreta foi jogada para contram\u00e3o e atingiu um Corolla Cross, com placas de Bra\u00e7o do Norte.<\/p>\n<p>O motorista do Corolla Cross, de 65 anos, foi encaminhado ao hospital em estado grave mas n\u00e3o resistiu aos ferimentos e morreu no Hospital Nossa Senhora da Concei\u00e7\u00e3o (HNSC) de Tubar\u00e3o.\u00a0J\u00e1 o condutor da carreta, de 30 anos, n\u00e3o teve ferimentos.<\/p>\n<p>&nbsp;<\/p>\n<p>Fonte: Engeplusx<\/p>\n","protected":false},"excerpt":{"rendered":"<p>Um acidente fatal tirou a vida de dois homens na tarde desta segunda-feira (25), no km 167,150 da SC-370, em Gravatal. O acidente foi registrado no bairro Pouso Alto.\u00a0A primeira v\u00edtima, homem 45 anos, conduzia um Citro\u00ebn C3, com placas de Gravatal, que colidiu frontalmente com uma carreta Scania R440A, emplacada em Bra\u00e7o do Norte. &hellip;<\/p>\n<p class=\"read-more\"> <a class=\"\" href=\"https:\/\/sulsc.com\/index.php\/2023\/09\/25\/acidente-grave-mata-duas-pessoas-em-gravatal\/\"> <span class=\"screen-reader-text\">Acidente grave mata duas pessoas em Gravatal<\/span> Read More &raquo;<\/a><\/p>\n","protected":false},"author":3,"featured_media":1436,"comment_status":"open","ping_status":"open","sticky":false,"template":"","format":"standard","meta":{"site-sidebar-layout":"default","site-content-layout":"default","ast-site-content-layout":"","site-content-style":"default","site-sidebar-style":"default","ast-global-header-display":"","ast-banner-title-visibility":"","ast-main-header-display":"","ast-hfb-above-header-display":"","ast-hfb-below-header-display":"","ast-hfb-mobile-header-display":"","site-post-title":"","ast-breadcrumbs-content":"","ast-featured-img":"","footer-sml-layout":"","theme-transparent-header-meta":"default","adv-header-id-meta":"","stick-header-meta":"","header-above-stick-meta":"","header-main-stick-meta":"","header-below-stick-meta":"","astra-migrate-meta-layouts":"","footnotes":""},"categories":[8],"tags":[],"yoast_head":"<!-- This site is optimized with the Yoast SEO plugin v21.4 - https:\/\/yoast.com\/wordpress\/plugins\/seo\/ -->\n<title>Acidente grave mata duas pessoas em Gravatal -<\/title>\n<meta name=\"robots\" content=\"index, follow, max-snippet:-1, max-image-preview:large, max-video-preview:-1\" \/>\n<link rel=\"canonical\" href=\"https:\/\/sulsc.com\/index.php\/2023\/09\/25\/acidente-grave-mata-duas-pessoas-em-gravatal\/\" \/>\n<meta property=\"og:locale\" content=\"en_US\" \/>\n<meta property=\"og:type\" content=\"article\" \/>\n<meta property=\"og:title\" content=\"Acidente grave mata duas pessoas em Gravatal -\" \/>\n<meta property=\"og:description\" content=\"Um acidente fatal tirou a vida de dois homens na tarde desta segunda-feira (25), no km 167,150 da SC-370, em Gravatal. O acidente foi registrado no bairro Pouso Alto.\u00a0A primeira v\u00edtima, homem 45 anos, conduzia um Citro\u00ebn C3, com placas de Gravatal, que colidiu frontalmente com uma carreta Scania R440A, emplacada em Bra\u00e7o do Norte. &hellip; Acidente grave mata duas pessoas em Gravatal Read More &raquo;\" \/>\n<meta property=\"og:url\" content=\"https:\/\/sulsc.com\/index.php\/2023\/09\/25\/acidente-grave-mata-duas-pessoas-em-gravatal\/\" \/>\n<meta property=\"article:author\" content=\"https:\/\/www.facebook.com\/profile.php?id=61559278119680\" \/>\n<meta property=\"article:published_time\" content=\"2023-09-25T22:13:56+00:00\" \/>\n<meta property=\"og:image\" content=\"https:\/\/sulsc.com\/wp-content\/uploads\/2023\/09\/morre-segunda-vitima-de-grave-acidente-em-gravatal.jpg\" \/>\n\t<meta property=\"og:image:width\" content=\"797\" \/>\n\t<meta property=\"og:image:height\" content=\"600\" \/>\n\t<meta property=\"og:image:type\" content=\"image\/jpeg\" \/>\n<meta name=\"author\" content=\"Reda\u00e7\u00e3o Sul SC\" \/>\n<meta name=\"twitter:card\" content=\"summary_large_image\" \/>\n<meta name=\"twitter:creator\" content=\"@https:\/\/twitter.com\/PortalSulSC\" \/>\n<meta name=\"twitter:label1\" content=\"Written by\" \/>\n\t<meta name=\"twitter:data1\" content=\"Reda\u00e7\u00e3o Sul SC\" \/>\n\t<meta name=\"twitter:label2\" content=\"Est. reading time\" \/>\n\t<meta name=\"twitter:data2\" content=\"1 minute\" \/>\n<script type=\"application\/ld+json\" class=\"yoast-schema-graph\">{\"@context\":\"https:\/\/schema.org\",\"@graph\":[{\"@type\":\"WebPage\",\"@id\":\"https:\/\/sulsc.com\/index.php\/2023\/09\/25\/acidente-grave-mata-duas-pessoas-em-gravatal\/\",\"url\":\"https:\/\/sulsc.com\/index.php\/2023\/09\/25\/acidente-grave-mata-duas-pessoas-em-gravatal\/\",\"name\":\"Acidente grave mata duas pessoas em Gravatal -\",\"isPartOf\":{\"@id\":\"https:\/\/sulsc.com\/#website\"},\"datePublished\":\"2023-09-25T22:13:56+00:00\",\"dateModified\":\"2023-09-25T22:13:56+00:00\",\"author\":{\"@id\":\"https:\/\/sulsc.com\/#\/schema\/person\/84d2fc571684f6248ba83092f07750a3\"},\"breadcrumb\":{\"@id\":\"https:\/\/sulsc.com\/index.php\/2023\/09\/25\/acidente-grave-mata-duas-pessoas-em-gravatal\/#breadcrumb\"},\"inLanguage\":\"en-US\",\"potentialAction\":[{\"@type\":\"ReadAction\",\"target\":[\"https:\/\/sulsc.com\/index.php\/2023\/09\/25\/acidente-grave-mata-duas-pessoas-em-gravatal\/\"]}]},{\"@type\":\"BreadcrumbList\",\"@id\":\"https:\/\/sulsc.com\/index.php\/2023\/09\/25\/acidente-grave-mata-duas-pessoas-em-gravatal\/#breadcrumb\",\"itemListElement\":[{\"@type\":\"ListItem\",\"position\":1,\"name\":\"In\u00edcio\",\"item\":\"https:\/\/sulsc.com\/\"},{\"@type\":\"ListItem\",\"position\":2,\"name\":\"Acidente grave mata duas pessoas em Gravatal\"}]},{\"@type\":\"WebSite\",\"@id\":\"https:\/\/sulsc.com\/#website\",\"url\":\"https:\/\/sulsc.com\/\",\"name\":\"\",\"description\":\"\",\"potentialAction\":[{\"@type\":\"SearchAction\",\"target\":{\"@type\":\"EntryPoint\",\"urlTemplate\":\"https:\/\/sulsc.com\/?s={search_term_string}\"},\"query-input\":\"required name=search_term_string\"}],\"inLanguage\":\"en-US\"},{\"@type\":\"Person\",\"@id\":\"https:\/\/sulsc.com\/#\/schema\/person\/84d2fc571684f6248ba83092f07750a3\",\"name\":\"Reda\u00e7\u00e3o Sul SC\",\"image\":{\"@type\":\"ImageObject\",\"inLanguage\":\"en-US\",\"@id\":\"https:\/\/sulsc.com\/#\/schema\/person\/image\/e08d7fe2cc4ed596372063bbe852b8d0\",\"url\":\"https:\/\/sulsc.com\/wp-content\/uploads\/2023\/09\/redacao.png\",\"contentUrl\":\"https:\/\/sulsc.com\/wp-content\/uploads\/2023\/09\/redacao.png\",\"caption\":\"Reda\u00e7\u00e3o Sul SC\"},\"description\":\"Foco em um jornalismo imparcial, voltado \u00e0 qualidade dos seus conte\u00fados e, assim, levar informa\u00e7\u00e3o de valor que agregue \u00e0 vida dos leitores. Esta \u00e9 grande miss\u00e3o do Portal de Not\u00edcias Sul SC. N\u00e3o \u00e9 quantidade que muda o mundo, sempre foi e seguir\u00e1 sendo qualidade!\",\"sameAs\":[\"https:\/\/sulsc.com\/\",\"https:\/\/www.facebook.com\/profile.php?id=61559278119680\",\"https:\/\/www.instagram.com\/sulscportal\/?hl=pt-br\",\"https:\/\/twitter.com\/https:\/\/twitter.com\/PortalSulSC\",\"https:\/\/www.youtube.com\/channel\/UCv_BE8GeySluDov2n8qhVmw\"],\"url\":\"https:\/\/sulsc.com\/index.php\/author\/redacao\/\"}]}<\/script>\n<!-- \/ Yoast SEO plugin. -->","yoast_head_json":{"title":"Acidente grave mata duas pessoas em Gravatal -","robots":{"index":"index","follow":"follow","max-snippet":"max-snippet:-1","max-image-preview":"max-image-preview:large","max-video-preview":"max-video-preview:-1"},"canonical":"https:\/\/sulsc.com\/index.php\/2023\/09\/25\/acidente-grave-mata-duas-pessoas-em-gravatal\/","og_locale":"en_US","og_type":"article","og_title":"Acidente grave mata duas pessoas em Gravatal -","og_description":"Um acidente fatal tirou a vida de dois homens na tarde desta segunda-feira (25), no km 167,150 da SC-370, em Gravatal. O acidente foi registrado no bairro Pouso Alto.\u00a0A primeira v\u00edtima, homem 45 anos, conduzia um Citro\u00ebn C3, com placas de Gravatal, que colidiu frontalmente com uma carreta Scania R440A, emplacada em Bra\u00e7o do Norte. &hellip; Acidente grave mata duas pessoas em Gravatal Read More &raquo;","og_url":"https:\/\/sulsc.com\/index.php\/2023\/09\/25\/acidente-grave-mata-duas-pessoas-em-gravatal\/","article_author":"https:\/\/www.facebook.com\/profile.php?id=61559278119680","article_published_time":"2023-09-25T22:13:56+00:00","og_image":[{"width":797,"height":600,"url":"https:\/\/sulsc.com\/wp-content\/uploads\/2023\/09\/morre-segunda-vitima-de-grave-acidente-em-gravatal.jpg","type":"image\/jpeg"}],"author":"Reda\u00e7\u00e3o Sul SC","twitter_card":"summary_large_image","twitter_creator":"@https:\/\/twitter.com\/PortalSulSC","twitter_misc":{"Written by":"Reda\u00e7\u00e3o Sul SC","Est. reading time":"1 minute"},"schema":{"@context":"https:\/\/schema.org","@graph":[{"@type":"WebPage","@id":"https:\/\/sulsc.com\/index.php\/2023\/09\/25\/acidente-grave-mata-duas-pessoas-em-gravatal\/","url":"https:\/\/sulsc.com\/index.php\/2023\/09\/25\/acidente-grave-mata-duas-pessoas-em-gravatal\/","name":"Acidente grave mata duas pessoas em Gravatal -","isPartOf":{"@id":"https:\/\/sulsc.com\/#website"},"datePublished":"2023-09-25T22:13:56+00:00","dateModified":"2023-09-25T22:13:56+00:00","author":{"@id":"https:\/\/sulsc.com\/#\/schema\/person\/84d2fc571684f6248ba83092f07750a3"},"breadcrumb":{"@id":"https:\/\/sulsc.com\/index.php\/2023\/09\/25\/acidente-grave-mata-duas-pessoas-em-gravatal\/#breadcrumb"},"inLanguage":"en-US","potentialAction":[{"@type":"ReadAction","target":["https:\/\/sulsc.com\/index.php\/2023\/09\/25\/acidente-grave-mata-duas-pessoas-em-gravatal\/"]}]},{"@type":"BreadcrumbList","@id":"https:\/\/sulsc.com\/index.php\/2023\/09\/25\/acidente-grave-mata-duas-pessoas-em-gravatal\/#breadcrumb","itemListElement":[{"@type":"ListItem","position":1,"name":"In\u00edcio","item":"https:\/\/sulsc.com\/"},{"@type":"ListItem","position":2,"name":"Acidente grave mata duas pessoas em Gravatal"}]},{"@type":"WebSite","@id":"https:\/\/sulsc.com\/#website","url":"https:\/\/sulsc.com\/","name":"","description":"","potentialAction":[{"@type":"SearchAction","target":{"@type":"EntryPoint","urlTemplate":"https:\/\/sulsc.com\/?s={search_term_string}"},"query-input":"required name=search_term_string"}],"inLanguage":"en-US"},{"@type":"Person","@id":"https:\/\/sulsc.com\/#\/schema\/person\/84d2fc571684f6248ba83092f07750a3","name":"Reda\u00e7\u00e3o Sul SC","image":{"@type":"ImageObject","inLanguage":"en-US","@id":"https:\/\/sulsc.com\/#\/schema\/person\/image\/e08d7fe2cc4ed596372063bbe852b8d0","url":"https:\/\/sulsc.com\/wp-content\/uploads\/2023\/09\/redacao.png","contentUrl":"https:\/\/sulsc.com\/wp-content\/uploads\/2023\/09\/redacao.png","caption":"Reda\u00e7\u00e3o Sul SC"},"description":"Foco em um jornalismo imparcial, voltado \u00e0 qualidade dos seus conte\u00fados e, assim, levar informa\u00e7\u00e3o de valor que agregue \u00e0 vida dos leitores. Esta \u00e9 grande miss\u00e3o do Portal de Not\u00edcias Sul SC. N\u00e3o \u00e9 quantidade que muda o mundo, sempre foi e seguir\u00e1 sendo qualidade!","sameAs":["https:\/\/sulsc.com\/","https:\/\/www.facebook.com\/profile.php?id=61559278119680","https:\/\/www.instagram.com\/sulscportal\/?hl=pt-br","https:\/\/twitter.com\/https:\/\/twitter.com\/PortalSulSC","https:\/\/www.youtube.com\/channel\/UCv_BE8GeySluDov2n8qhVmw"],"url":"https:\/\/sulsc.com\/index.php\/author\/redacao\/"}]}},"authors":[],"_links":{"self":[{"href":"https:\/\/sulsc.com\/index.php\/wp-json\/wp\/v2\/posts\/1434"}],"collection":[{"href":"https:\/\/sulsc.com\/index.php\/wp-json\/wp\/v2\/posts"}],"about":[{"href":"https:\/\/sulsc.com\/index.php\/wp-json\/wp\/v2\/types\/post"}],"author":[{"embeddable":true,"href":"https:\/\/sulsc.com\/index.php\/wp-json\/wp\/v2\/users\/3"}],"replies":[{"embeddable":true,"href":"https:\/\/sulsc.com\/index.php\/wp-json\/wp\/v2\/comments?post=1434"}],"version-history":[{"count":1,"href":"https:\/\/sulsc.com\/index.php\/wp-json\/wp\/v2\/posts\/1434\/revisions"}],"predecessor-version":[{"id":1437,"href":"https:\/\/sulsc.com\/index.php\/wp-json\/wp\/v2\/posts\/1434\/revisions\/1437"}],"wp:featuredmedia":[{"embeddable":true,"href":"https:\/\/sulsc.com\/index.php\/wp-json\/wp\/v2\/media\/1436"}],"wp:attachment":[{"href":"https:\/\/sulsc.com\/index.php\/wp-json\/wp\/v2\/media?parent=1434"}],"wp:term":[{"taxonomy":"category","embeddable":true,"href":"https:\/\/sulsc.com\/index.php\/wp-json\/wp\/v2\/categories?post=1434"},{"taxonomy":"post_tag","embeddable":true,"href":"https:\/\/sulsc.com\/index.php\/wp-json\/wp\/v2\/tags?post=1434"}],"curies":[{"name":"wp","href":"https:\/\/api.w.org\/{rel}","templated":true}]}}