{"id":1438,"date":"2023-09-25T23:51:56","date_gmt":"2023-09-26T02:51:56","guid":{"rendered":"https:\/\/sulsc.com\/?p=1438"},"modified":"2023-09-25T23:52:55","modified_gmt":"2023-09-26T02:52:55","slug":"governo-de-sc-lanca-nova-marca-turistica-destacando-o-potencial-de-todas-as-regioes-do-estado","status":"publish","type":"post","link":"https:\/\/sulsc.com\/index.php\/2023\/09\/25\/governo-de-sc-lanca-nova-marca-turistica-destacando-o-potencial-de-todas-as-regioes-do-estado\/","title":{"rendered":"Governo de SC lan\u00e7a nova marca tur\u00edstica destacando o potencial de todas as regi\u00f5es do estado"},"content":{"rendered":"<p>Com o objetivo de despertar nos viajantes o desejo de conhecer o estado catarinense, a Secretaria de Turismo (Setur) lan\u00e7ou, nesta segunda-feira (25), a nova marca tur\u00edstica de Santa Catarina. O evento ocorreu no Centro Integrado de Cultura (CIC) e contou com as presen\u00e7as do governador Jorginho Mello e da vice-governadora, Marilisa Boehm; do secret\u00e1rio de Turismo do Estado, Evandro Neiva; da secret\u00e1ria adjunta, Catiane Seif; e tamb\u00e9m de outras autoridades e representantes do trade tur\u00edstico.<\/p>\n<p>Segundo o governador, a campanha enfatiza a versatilidade de Santa Catarina como est\u00e2ncia tur\u00edstica a ser explorada. \u201cPrecisamos mostrar que somos um estado preparado para receber o turista em todas as esta\u00e7\u00f5es. Temos vinho, frio, praias, chopp e outras atra\u00e7\u00f5es para promover o chamar ainda mais turistas pra c\u00e1. Orgulho muito grande de lan\u00e7ar essa marca do turismo catarinense\u201d, destacou o governador Jorginho Mello.<\/p>\n<p>Acompanhada do slogan \u201cViva um estado de alegria\u201d, a nova marca busca apresentar a riqueza e a diversidade do potencial tur\u00edstico que o estado possui. \u201cN\u00f3s queremos mostrar o que Santa Catarina tem a oferecer, com visuais impressionantes e com uma mistura de culturas e regi\u00f5es para conhecer. Vamos lan\u00e7ar o estado para o futuro, resgatando assim sua hist\u00f3ria e origem\u201d, diz o secret\u00e1rio Neiva.<\/p>\n<p><img fetchpriority=\"high\" decoding=\"async\" class=\"alignnone size-full wp-image-1441\" src=\"http:\/\/sulsc.com\/wp-content\/uploads\/2023\/09\/WhatsApp-Image-2023-09-25-at-18.25.53.jpeg\" alt=\"\" width=\"799\" height=\"533\" srcset=\"https:\/\/sulsc.com\/wp-content\/uploads\/2023\/09\/WhatsApp-Image-2023-09-25-at-18.25.53.jpeg 799w, https:\/\/sulsc.com\/wp-content\/uploads\/2023\/09\/WhatsApp-Image-2023-09-25-at-18.25.53-300x200.jpeg 300w, https:\/\/sulsc.com\/wp-content\/uploads\/2023\/09\/WhatsApp-Image-2023-09-25-at-18.25.53-768x512.jpeg 768w\" sizes=\"(max-width: 799px) 100vw, 799px\" \/><\/p>\n<p>A campanha conta com varia\u00e7\u00f5es das cores amarelo, azul, verde e vermelho, em que cada uma ter\u00e1 destaque de acordo com temas e esta\u00e7\u00f5es do ano. Al\u00e9m disso, a nova marca tem como principal caracter\u00edstica a leveza, sensa\u00e7\u00e3o que Santa Catarina busca deixar em quem a visita. \u201cA inten\u00e7\u00e3o \u00e9 mostrar a felicidade de estar em um estado din\u00e2mico e alegre, onde tradi\u00e7\u00e3o e divers\u00e3o, natureza e hist\u00f3ria, f\u00e9 e aventura, gastronomia e esporte, praia e neve formam um conjunto \u00fanico, desej\u00e1vel e inspirador\u201d, refor\u00e7a o secret\u00e1rio.<\/p>\n<p>\u201cSanta Catarina \u00e9 a bola da vez. Aqui tem praias, neves e outros atrativos. Al\u00e9m disso \u00e9 um estado seguro e preparado para receber todos os turistas e visitantes. A gente s\u00f3 tem a ganhar com essa nova marca e essa nova estrat\u00e9gia do Governo do Estado\u201d, destacou o presidente do conselho do Beto Carrero Word, Alexandre Murad.<\/p>\n<p>&nbsp;<\/p>\n<p><strong>Novo Calend\u00e1rio de Eventos em SC<\/strong><\/p>\n<p>Al\u00e9m do lan\u00e7amento da nova marca, a Setur tamb\u00e9m passar\u00e1 a oferecer um calend\u00e1rio com todos os eventos realizados no estado durante o ano. Assim, n\u00e3o s\u00f3 turistas de outros estados mas tamb\u00e9m os catarinenses, para ampliar o turismo interno, poder\u00e3o ter acesso \u00e0 diversidade de celebra\u00e7\u00f5es promovidas por toda Santa Catarina.<\/p>\n<p>O calend\u00e1rio vem para unificar as festividades do estado e ajudar na\u00a0 organiza\u00e7\u00e3o com anteced\u00eancia para quem quiser participar dos eventos em cada uma das regi\u00f5es regi\u00f5es. Para ter acesso ao calend\u00e1rio, basta acessar o site descubrasc.com.br<\/p>\n<p>&nbsp;<\/p>\n<p><strong>Cria\u00e7\u00e3o da nova marca<\/strong><\/p>\n<p>O projeto da nova Marca Turismo de SC foi idealizada junto com a ag\u00eancia OneWG, que procurou evidenciar a imagem de um estado com lugares a serem visitados em todas as \u00e9pocas do ano. Foram utilizados elementos visuais que remetessem \u00e0 Santa Catarina, como os peixes, neve, uvas, entre outros. Ainda, a identidade est\u00e1 presente no \u201cSC\u201d em que o \u201cS\u201d faz ondas, com refer\u00eancia aos mares do Litoral catarinense, e o \u201cC\u201d faz alus\u00e3o a uma gota d\u2019\u00e1gua (natureza), a um prato (gastronomia) e o relevo serrano.<\/p>\n<p>De neve a praias, monumentos hist\u00f3ricos e paisagens naturais, a campanha foi pensava a partir da exibi\u00e7\u00e3o de fotos que revelam a alegria de visitar um estado din\u00e2mico e com diferentes op\u00e7\u00f5es de turismo. O objetivo final: inspirar os viajantes a descobrirem ainda mais cada regi\u00e3o catarinense.<\/p>\n<p>&nbsp;<\/p>\n<p><strong>V\u00eddeo promocional<\/strong><\/p>\n<p>O v\u00eddeo promocional do turismo em Santa Catarina \u00e9 uma representa\u00e7\u00e3o visual de todas as experi\u00eancias que nosso estado tem a oferecer. Com imagens capturadas recentemente, o v\u00eddeo mostra a diversidade de pessoas, paisagens e atividades que os visitantes podem desfrutar. Desde praias deslumbrantes at\u00e9 trilhas nas montanhas, passando por cidades vibrantes e culturais, a variedade de op\u00e7\u00f5es \u00e9 destacada de maneira cativante.<\/p>\n<p>A escolha de uma trilha sonora em ingl\u00eas, chamada \u201cColors\u201d e interpretada pela banda catarinense NOAHS, adiciona um toque internacional \u00e0 narrativa, tornando-o acess\u00edvel e atraente para um p\u00fablico global. O v\u00eddeo busca ser uma celebra\u00e7\u00e3o da riqueza do nosso estado e da hospitalidade de Santa Catarina, convidando todos a explorar e descobrir suas maravilhas, explicam os idealizadores.<\/p>\n<p>&nbsp;<\/p>\n<p>Fonte: Amurel<\/p>\n","protected":false},"excerpt":{"rendered":"<p>Com o objetivo de despertar nos viajantes o desejo de conhecer o estado catarinense, a Secretaria de Turismo (Setur) lan\u00e7ou, nesta segunda-feira (25), a nova marca tur\u00edstica de Santa Catarina. O evento ocorreu no Centro Integrado de Cultura (CIC) e contou com as presen\u00e7as do governador Jorginho Mello e da vice-governadora, Marilisa Boehm; do secret\u00e1rio &hellip;<\/p>\n<p class=\"read-more\"> <a class=\"\" href=\"https:\/\/sulsc.com\/index.php\/2023\/09\/25\/governo-de-sc-lanca-nova-marca-turistica-destacando-o-potencial-de-todas-as-regioes-do-estado\/\"> <span class=\"screen-reader-text\">Governo de SC lan\u00e7a nova marca tur\u00edstica destacando o potencial de todas as regi\u00f5es do estado<\/span> Read More &raquo;<\/a><\/p>\n","protected":false},"author":3,"featured_media":1440,"comment_status":"open","ping_status":"open","sticky":false,"template":"","format":"standard","meta":{"site-sidebar-layout":"default","site-content-layout":"default","ast-site-content-layout":"","site-content-style":"default","site-sidebar-style":"default","ast-global-header-display":"","ast-banner-title-visibility":"","ast-main-header-display":"","ast-hfb-above-header-display":"","ast-hfb-below-header-display":"","ast-hfb-mobile-header-display":"","site-post-title":"","ast-breadcrumbs-content":"","ast-featured-img":"","footer-sml-layout":"","theme-transparent-header-meta":"default","adv-header-id-meta":"","stick-header-meta":"","header-above-stick-meta":"","header-main-stick-meta":"","header-below-stick-meta":"","astra-migrate-meta-layouts":"","footnotes":""},"categories":[1],"tags":[],"yoast_head":"<!-- This site is optimized with the Yoast SEO plugin v21.4 - https:\/\/yoast.com\/wordpress\/plugins\/seo\/ -->\n<title>Governo de SC lan\u00e7a nova marca tur\u00edstica destacando o potencial de todas as regi\u00f5es do estado -<\/title>\n<meta name=\"robots\" content=\"index, follow, max-snippet:-1, max-image-preview:large, max-video-preview:-1\" \/>\n<link rel=\"canonical\" href=\"https:\/\/sulsc.com\/index.php\/2023\/09\/25\/governo-de-sc-lanca-nova-marca-turistica-destacando-o-potencial-de-todas-as-regioes-do-estado\/\" \/>\n<meta property=\"og:locale\" content=\"en_US\" \/>\n<meta property=\"og:type\" content=\"article\" \/>\n<meta property=\"og:title\" content=\"Governo de SC lan\u00e7a nova marca tur\u00edstica destacando o potencial de todas as regi\u00f5es do estado -\" \/>\n<meta property=\"og:description\" content=\"Com o objetivo de despertar nos viajantes o desejo de conhecer o estado catarinense, a Secretaria de Turismo (Setur) lan\u00e7ou, nesta segunda-feira (25), a nova marca tur\u00edstica de Santa Catarina. O evento ocorreu no Centro Integrado de Cultura (CIC) e contou com as presen\u00e7as do governador Jorginho Mello e da vice-governadora, Marilisa Boehm; do secret\u00e1rio &hellip; Governo de SC lan\u00e7a nova marca tur\u00edstica destacando o potencial de todas as regi\u00f5es do estado Read More &raquo;\" \/>\n<meta property=\"og:url\" content=\"https:\/\/sulsc.com\/index.php\/2023\/09\/25\/governo-de-sc-lanca-nova-marca-turistica-destacando-o-potencial-de-todas-as-regioes-do-estado\/\" \/>\n<meta property=\"article:author\" content=\"https:\/\/www.facebook.com\/profile.php?id=61559278119680\" \/>\n<meta property=\"article:published_time\" content=\"2023-09-26T02:51:56+00:00\" \/>\n<meta property=\"article:modified_time\" content=\"2023-09-26T02:52:55+00:00\" \/>\n<meta property=\"og:image\" content=\"https:\/\/sulsc.com\/wp-content\/uploads\/2023\/09\/WhatsApp-Image-2023-09-25-at-18.25.11.jpeg\" \/>\n\t<meta property=\"og:image:width\" content=\"1024\" \/>\n\t<meta property=\"og:image:height\" content=\"683\" \/>\n\t<meta property=\"og:image:type\" content=\"image\/jpeg\" \/>\n<meta name=\"author\" content=\"Reda\u00e7\u00e3o Sul SC\" \/>\n<meta name=\"twitter:card\" content=\"summary_large_image\" \/>\n<meta name=\"twitter:creator\" content=\"@https:\/\/twitter.com\/PortalSulSC\" \/>\n<meta name=\"twitter:label1\" content=\"Written by\" \/>\n\t<meta name=\"twitter:data1\" content=\"Reda\u00e7\u00e3o Sul SC\" \/>\n\t<meta name=\"twitter:label2\" content=\"Est. reading time\" \/>\n\t<meta name=\"twitter:data2\" content=\"4 minutes\" \/>\n<script type=\"application\/ld+json\" class=\"yoast-schema-graph\">{\"@context\":\"https:\/\/schema.org\",\"@graph\":[{\"@type\":\"WebPage\",\"@id\":\"https:\/\/sulsc.com\/index.php\/2023\/09\/25\/governo-de-sc-lanca-nova-marca-turistica-destacando-o-potencial-de-todas-as-regioes-do-estado\/\",\"url\":\"https:\/\/sulsc.com\/index.php\/2023\/09\/25\/governo-de-sc-lanca-nova-marca-turistica-destacando-o-potencial-de-todas-as-regioes-do-estado\/\",\"name\":\"Governo de SC lan\u00e7a nova marca tur\u00edstica destacando o potencial de todas as regi\u00f5es do estado -\",\"isPartOf\":{\"@id\":\"https:\/\/sulsc.com\/#website\"},\"datePublished\":\"2023-09-26T02:51:56+00:00\",\"dateModified\":\"2023-09-26T02:52:55+00:00\",\"author\":{\"@id\":\"https:\/\/sulsc.com\/#\/schema\/person\/84d2fc571684f6248ba83092f07750a3\"},\"breadcrumb\":{\"@id\":\"https:\/\/sulsc.com\/index.php\/2023\/09\/25\/governo-de-sc-lanca-nova-marca-turistica-destacando-o-potencial-de-todas-as-regioes-do-estado\/#breadcrumb\"},\"inLanguage\":\"en-US\",\"potentialAction\":[{\"@type\":\"ReadAction\",\"target\":[\"https:\/\/sulsc.com\/index.php\/2023\/09\/25\/governo-de-sc-lanca-nova-marca-turistica-destacando-o-potencial-de-todas-as-regioes-do-estado\/\"]}]},{\"@type\":\"BreadcrumbList\",\"@id\":\"https:\/\/sulsc.com\/index.php\/2023\/09\/25\/governo-de-sc-lanca-nova-marca-turistica-destacando-o-potencial-de-todas-as-regioes-do-estado\/#breadcrumb\",\"itemListElement\":[{\"@type\":\"ListItem\",\"position\":1,\"name\":\"In\u00edcio\",\"item\":\"https:\/\/sulsc.com\/\"},{\"@type\":\"ListItem\",\"position\":2,\"name\":\"Governo de SC lan\u00e7a nova marca tur\u00edstica destacando o potencial de todas as regi\u00f5es do estado\"}]},{\"@type\":\"WebSite\",\"@id\":\"https:\/\/sulsc.com\/#website\",\"url\":\"https:\/\/sulsc.com\/\",\"name\":\"\",\"description\":\"\",\"potentialAction\":[{\"@type\":\"SearchAction\",\"target\":{\"@type\":\"EntryPoint\",\"urlTemplate\":\"https:\/\/sulsc.com\/?s={search_term_string}\"},\"query-input\":\"required name=search_term_string\"}],\"inLanguage\":\"en-US\"},{\"@type\":\"Person\",\"@id\":\"https:\/\/sulsc.com\/#\/schema\/person\/84d2fc571684f6248ba83092f07750a3\",\"name\":\"Reda\u00e7\u00e3o Sul SC\",\"image\":{\"@type\":\"ImageObject\",\"inLanguage\":\"en-US\",\"@id\":\"https:\/\/sulsc.com\/#\/schema\/person\/image\/e08d7fe2cc4ed596372063bbe852b8d0\",\"url\":\"https:\/\/sulsc.com\/wp-content\/uploads\/2023\/09\/redacao.png\",\"contentUrl\":\"https:\/\/sulsc.com\/wp-content\/uploads\/2023\/09\/redacao.png\",\"caption\":\"Reda\u00e7\u00e3o Sul SC\"},\"description\":\"Foco em um jornalismo imparcial, voltado \u00e0 qualidade dos seus conte\u00fados e, assim, levar informa\u00e7\u00e3o de valor que agregue \u00e0 vida dos leitores. Esta \u00e9 grande miss\u00e3o do Portal de Not\u00edcias Sul SC. N\u00e3o \u00e9 quantidade que muda o mundo, sempre foi e seguir\u00e1 sendo qualidade!\",\"sameAs\":[\"https:\/\/sulsc.com\/\",\"https:\/\/www.facebook.com\/profile.php?id=61559278119680\",\"https:\/\/www.instagram.com\/sulscportal\/?hl=pt-br\",\"https:\/\/twitter.com\/https:\/\/twitter.com\/PortalSulSC\",\"https:\/\/www.youtube.com\/channel\/UCv_BE8GeySluDov2n8qhVmw\"],\"url\":\"https:\/\/sulsc.com\/index.php\/author\/redacao\/\"}]}<\/script>\n<!-- \/ Yoast SEO plugin. -->","yoast_head_json":{"title":"Governo de SC lan\u00e7a nova marca tur\u00edstica destacando o potencial de todas as regi\u00f5es do estado -","robots":{"index":"index","follow":"follow","max-snippet":"max-snippet:-1","max-image-preview":"max-image-preview:large","max-video-preview":"max-video-preview:-1"},"canonical":"https:\/\/sulsc.com\/index.php\/2023\/09\/25\/governo-de-sc-lanca-nova-marca-turistica-destacando-o-potencial-de-todas-as-regioes-do-estado\/","og_locale":"en_US","og_type":"article","og_title":"Governo de SC lan\u00e7a nova marca tur\u00edstica destacando o potencial de todas as regi\u00f5es do estado -","og_description":"Com o objetivo de despertar nos viajantes o desejo de conhecer o estado catarinense, a Secretaria de Turismo (Setur) lan\u00e7ou, nesta segunda-feira (25), a nova marca tur\u00edstica de Santa Catarina. O evento ocorreu no Centro Integrado de Cultura (CIC) e contou com as presen\u00e7as do governador Jorginho Mello e da vice-governadora, Marilisa Boehm; do secret\u00e1rio &hellip; Governo de SC lan\u00e7a nova marca tur\u00edstica destacando o potencial de todas as regi\u00f5es do estado Read More &raquo;","og_url":"https:\/\/sulsc.com\/index.php\/2023\/09\/25\/governo-de-sc-lanca-nova-marca-turistica-destacando-o-potencial-de-todas-as-regioes-do-estado\/","article_author":"https:\/\/www.facebook.com\/profile.php?id=61559278119680","article_published_time":"2023-09-26T02:51:56+00:00","article_modified_time":"2023-09-26T02:52:55+00:00","og_image":[{"width":1024,"height":683,"url":"https:\/\/sulsc.com\/wp-content\/uploads\/2023\/09\/WhatsApp-Image-2023-09-25-at-18.25.11.jpeg","type":"image\/jpeg"}],"author":"Reda\u00e7\u00e3o Sul SC","twitter_card":"summary_large_image","twitter_creator":"@https:\/\/twitter.com\/PortalSulSC","twitter_misc":{"Written by":"Reda\u00e7\u00e3o Sul SC","Est. reading time":"4 minutes"},"schema":{"@context":"https:\/\/schema.org","@graph":[{"@type":"WebPage","@id":"https:\/\/sulsc.com\/index.php\/2023\/09\/25\/governo-de-sc-lanca-nova-marca-turistica-destacando-o-potencial-de-todas-as-regioes-do-estado\/","url":"https:\/\/sulsc.com\/index.php\/2023\/09\/25\/governo-de-sc-lanca-nova-marca-turistica-destacando-o-potencial-de-todas-as-regioes-do-estado\/","name":"Governo de SC lan\u00e7a nova marca tur\u00edstica destacando o potencial de todas as regi\u00f5es do estado -","isPartOf":{"@id":"https:\/\/sulsc.com\/#website"},"datePublished":"2023-09-26T02:51:56+00:00","dateModified":"2023-09-26T02:52:55+00:00","author":{"@id":"https:\/\/sulsc.com\/#\/schema\/person\/84d2fc571684f6248ba83092f07750a3"},"breadcrumb":{"@id":"https:\/\/sulsc.com\/index.php\/2023\/09\/25\/governo-de-sc-lanca-nova-marca-turistica-destacando-o-potencial-de-todas-as-regioes-do-estado\/#breadcrumb"},"inLanguage":"en-US","potentialAction":[{"@type":"ReadAction","target":["https:\/\/sulsc.com\/index.php\/2023\/09\/25\/governo-de-sc-lanca-nova-marca-turistica-destacando-o-potencial-de-todas-as-regioes-do-estado\/"]}]},{"@type":"BreadcrumbList","@id":"https:\/\/sulsc.com\/index.php\/2023\/09\/25\/governo-de-sc-lanca-nova-marca-turistica-destacando-o-potencial-de-todas-as-regioes-do-estado\/#breadcrumb","itemListElement":[{"@type":"ListItem","position":1,"name":"In\u00edcio","item":"https:\/\/sulsc.com\/"},{"@type":"ListItem","position":2,"name":"Governo de SC lan\u00e7a nova marca tur\u00edstica destacando o potencial de todas as regi\u00f5es do estado"}]},{"@type":"WebSite","@id":"https:\/\/sulsc.com\/#website","url":"https:\/\/sulsc.com\/","name":"","description":"","potentialAction":[{"@type":"SearchAction","target":{"@type":"EntryPoint","urlTemplate":"https:\/\/sulsc.com\/?s={search_term_string}"},"query-input":"required name=search_term_string"}],"inLanguage":"en-US"},{"@type":"Person","@id":"https:\/\/sulsc.com\/#\/schema\/person\/84d2fc571684f6248ba83092f07750a3","name":"Reda\u00e7\u00e3o Sul SC","image":{"@type":"ImageObject","inLanguage":"en-US","@id":"https:\/\/sulsc.com\/#\/schema\/person\/image\/e08d7fe2cc4ed596372063bbe852b8d0","url":"https:\/\/sulsc.com\/wp-content\/uploads\/2023\/09\/redacao.png","contentUrl":"https:\/\/sulsc.com\/wp-content\/uploads\/2023\/09\/redacao.png","caption":"Reda\u00e7\u00e3o Sul SC"},"description":"Foco em um jornalismo imparcial, voltado \u00e0 qualidade dos seus conte\u00fados e, assim, levar informa\u00e7\u00e3o de valor que agregue \u00e0 vida dos leitores. Esta \u00e9 grande miss\u00e3o do Portal de Not\u00edcias Sul SC. N\u00e3o \u00e9 quantidade que muda o mundo, sempre foi e seguir\u00e1 sendo qualidade!","sameAs":["https:\/\/sulsc.com\/","https:\/\/www.facebook.com\/profile.php?id=61559278119680","https:\/\/www.instagram.com\/sulscportal\/?hl=pt-br","https:\/\/twitter.com\/https:\/\/twitter.com\/PortalSulSC","https:\/\/www.youtube.com\/channel\/UCv_BE8GeySluDov2n8qhVmw"],"url":"https:\/\/sulsc.com\/index.php\/author\/redacao\/"}]}},"authors":[],"_links":{"self":[{"href":"https:\/\/sulsc.com\/index.php\/wp-json\/wp\/v2\/posts\/1438"}],"collection":[{"href":"https:\/\/sulsc.com\/index.php\/wp-json\/wp\/v2\/posts"}],"about":[{"href":"https:\/\/sulsc.com\/index.php\/wp-json\/wp\/v2\/types\/post"}],"author":[{"embeddable":true,"href":"https:\/\/sulsc.com\/index.php\/wp-json\/wp\/v2\/users\/3"}],"replies":[{"embeddable":true,"href":"https:\/\/sulsc.com\/index.php\/wp-json\/wp\/v2\/comments?post=1438"}],"version-history":[{"count":2,"href":"https:\/\/sulsc.com\/index.php\/wp-json\/wp\/v2\/posts\/1438\/revisions"}],"predecessor-version":[{"id":1442,"href":"https:\/\/sulsc.com\/index.php\/wp-json\/wp\/v2\/posts\/1438\/revisions\/1442"}],"wp:featuredmedia":[{"embeddable":true,"href":"https:\/\/sulsc.com\/index.php\/wp-json\/wp\/v2\/media\/1440"}],"wp:attachment":[{"href":"https:\/\/sulsc.com\/index.php\/wp-json\/wp\/v2\/media?parent=1438"}],"wp:term":[{"taxonomy":"category","embeddable":true,"href":"https:\/\/sulsc.com\/index.php\/wp-json\/wp\/v2\/categories?post=1438"},{"taxonomy":"post_tag","embeddable":true,"href":"https:\/\/sulsc.com\/index.php\/wp-json\/wp\/v2\/tags?post=1438"}],"curies":[{"name":"wp","href":"https:\/\/api.w.org\/{rel}","templated":true}]}}