{"id":1455,"date":"2023-09-26T09:00:54","date_gmt":"2023-09-26T12:00:54","guid":{"rendered":"https:\/\/sulsc.com\/?p=1455"},"modified":"2023-09-26T08:24:23","modified_gmt":"2023-09-26T11:24:23","slug":"oito-lotes-de-cafe-sao-apreendidos-com-presenca-de-impurezas","status":"publish","type":"post","link":"https:\/\/sulsc.com\/index.php\/2023\/09\/26\/oito-lotes-de-cafe-sao-apreendidos-com-presenca-de-impurezas\/","title":{"rendered":"Oito lotes de caf\u00e9 s\u00e3o apreendidos com presen\u00e7a de impurezas"},"content":{"rendered":"<p>O Minist\u00e9rio da Agricultura e Pecu\u00e1ria (Mapa) determinou o recolhimento de oito lotes de caf\u00e9 ap\u00f3s ser constatada a presen\u00e7a de corpos estranho e impurezas. Os lotes recolhidos foram: FAB08DEZ22 da Fazenda Mineira; 046\/23\/3D da Jardim; 59 da Lenhador Extra Forte; 59 da Lenhador Tradicional; 58 da Balaio; 02 e 05 da Bico de Ouro; e 04 da Bico de Ouro 100% Puro Robusta.<\/p>\n<p><img fetchpriority=\"high\" decoding=\"async\" class=\"alignnone wp-image-1456 size-large\" src=\"http:\/\/sulsc.com\/wp-content\/uploads\/2023\/09\/fundo-de-cafe-cafe-moido-em-colher-no-fundo-do-cafe-1024x683.jpg\" alt=\"\" width=\"1024\" height=\"683\" srcset=\"https:\/\/sulsc.com\/wp-content\/uploads\/2023\/09\/fundo-de-cafe-cafe-moido-em-colher-no-fundo-do-cafe-1024x683.jpg 1024w, https:\/\/sulsc.com\/wp-content\/uploads\/2023\/09\/fundo-de-cafe-cafe-moido-em-colher-no-fundo-do-cafe-300x200.jpg 300w, https:\/\/sulsc.com\/wp-content\/uploads\/2023\/09\/fundo-de-cafe-cafe-moido-em-colher-no-fundo-do-cafe-768x512.jpg 768w, https:\/\/sulsc.com\/wp-content\/uploads\/2023\/09\/fundo-de-cafe-cafe-moido-em-colher-no-fundo-do-cafe-1536x1024.jpg 1536w, https:\/\/sulsc.com\/wp-content\/uploads\/2023\/09\/fundo-de-cafe-cafe-moido-em-colher-no-fundo-do-cafe-2048x1365.jpg 2048w\" sizes=\"(max-width: 1024px) 100vw, 1024px\" \/><\/p>\n<p>De acordo com o coordenador de Fiscaliza\u00e7\u00e3o da Qualidade Vegetal, Tiago Dokonal, res\u00edduos de beneficiamento do caf\u00e9 foram torrados como se fosse gr\u00e3os leg\u00edtimos.\u00a0\u201cNesses produtos foram detectados que os gr\u00e3os de caf\u00e9 foram substitu\u00eddos por mat\u00e9ria-prima contendo excesso de cascas e paus de caf\u00e9, a fim de aumentar o volume e enganar o consumidor\u201d, informa nota do minist\u00e9rio.<\/p>\n<p>Desde janeiro, a pasta passou a fiscalizar o caf\u00e9 torrado e mo\u00eddo no pa\u00eds, a partir da entrada em vigor da Portaria n\u00b0 570, que estabelece o padr\u00e3o de classifica\u00e7\u00e3o do caf\u00e9 torrado.\u00a0Em julho de 2023, uma for\u00e7a-tarefa apreendeu produtos fraudulentos em Minas Gerais, S\u00e3o Paulo, Goi\u00e1s e Distrito Federal. Na ocasi\u00e3o, os fiscais identificaram mais de 26 marcas com suspeitas de irregularidades. Conforme o Mapa, parte dessas marcas est\u00e3o em fase de contesta\u00e7\u00e3o das an\u00e1lises.<\/p>\n<p>&nbsp;<\/p>\n","protected":false},"excerpt":{"rendered":"<p>O Minist\u00e9rio da Agricultura e Pecu\u00e1ria (Mapa) determinou o recolhimento de oito lotes de caf\u00e9 ap\u00f3s ser constatada a presen\u00e7a de corpos estranho e impurezas. Os lotes recolhidos foram: FAB08DEZ22 da Fazenda Mineira; 046\/23\/3D da Jardim; 59 da Lenhador Extra Forte; 59 da Lenhador Tradicional; 58 da Balaio; 02 e 05 da Bico de Ouro; &hellip;<\/p>\n<p class=\"read-more\"> <a class=\"\" href=\"https:\/\/sulsc.com\/index.php\/2023\/09\/26\/oito-lotes-de-cafe-sao-apreendidos-com-presenca-de-impurezas\/\"> <span class=\"screen-reader-text\">Oito lotes de caf\u00e9 s\u00e3o apreendidos com presen\u00e7a de impurezas<\/span> Read More &raquo;<\/a><\/p>\n","protected":false},"author":3,"featured_media":1457,"comment_status":"open","ping_status":"open","sticky":false,"template":"","format":"standard","meta":{"site-sidebar-layout":"default","site-content-layout":"default","ast-site-content-layout":"","site-content-style":"default","site-sidebar-style":"default","ast-global-header-display":"","ast-banner-title-visibility":"","ast-main-header-display":"","ast-hfb-above-header-display":"","ast-hfb-below-header-display":"","ast-hfb-mobile-header-display":"","site-post-title":"","ast-breadcrumbs-content":"","ast-featured-img":"","footer-sml-layout":"","theme-transparent-header-meta":"default","adv-header-id-meta":"","stick-header-meta":"","header-above-stick-meta":"","header-main-stick-meta":"","header-below-stick-meta":"","astra-migrate-meta-layouts":"","footnotes":""},"categories":[1,8],"tags":[],"yoast_head":"<!-- This site is optimized with the Yoast SEO plugin v21.4 - https:\/\/yoast.com\/wordpress\/plugins\/seo\/ -->\n<title>Oito lotes de caf\u00e9 s\u00e3o apreendidos com presen\u00e7a de impurezas -<\/title>\n<meta name=\"robots\" content=\"index, follow, max-snippet:-1, max-image-preview:large, max-video-preview:-1\" \/>\n<link rel=\"canonical\" href=\"https:\/\/sulsc.com\/index.php\/2023\/09\/26\/oito-lotes-de-cafe-sao-apreendidos-com-presenca-de-impurezas\/\" \/>\n<meta property=\"og:locale\" content=\"en_US\" \/>\n<meta property=\"og:type\" content=\"article\" \/>\n<meta property=\"og:title\" content=\"Oito lotes de caf\u00e9 s\u00e3o apreendidos com presen\u00e7a de impurezas -\" \/>\n<meta property=\"og:description\" content=\"O Minist\u00e9rio da Agricultura e Pecu\u00e1ria (Mapa) determinou o recolhimento de oito lotes de caf\u00e9 ap\u00f3s ser constatada a presen\u00e7a de corpos estranho e impurezas. Os lotes recolhidos foram: FAB08DEZ22 da Fazenda Mineira; 046\/23\/3D da Jardim; 59 da Lenhador Extra Forte; 59 da Lenhador Tradicional; 58 da Balaio; 02 e 05 da Bico de Ouro; &hellip; Oito lotes de caf\u00e9 s\u00e3o apreendidos com presen\u00e7a de impurezas Read More &raquo;\" \/>\n<meta property=\"og:url\" content=\"https:\/\/sulsc.com\/index.php\/2023\/09\/26\/oito-lotes-de-cafe-sao-apreendidos-com-presenca-de-impurezas\/\" \/>\n<meta property=\"article:author\" content=\"https:\/\/www.facebook.com\/profile.php?id=61559278119680\" \/>\n<meta property=\"article:published_time\" content=\"2023-09-26T12:00:54+00:00\" \/>\n<meta property=\"article:modified_time\" content=\"2023-09-26T11:24:23+00:00\" \/>\n<meta property=\"og:image\" content=\"https:\/\/sulsc.com\/wp-content\/uploads\/2023\/09\/fachada-ministerio_mcamgo_abr_100420231818-4.jpg\" \/>\n\t<meta property=\"og:image:width\" content=\"1170\" \/>\n\t<meta property=\"og:image:height\" content=\"700\" \/>\n\t<meta property=\"og:image:type\" content=\"image\/jpeg\" \/>\n<meta name=\"author\" content=\"Reda\u00e7\u00e3o Sul SC\" \/>\n<meta name=\"twitter:card\" content=\"summary_large_image\" \/>\n<meta name=\"twitter:creator\" content=\"@https:\/\/twitter.com\/PortalSulSC\" \/>\n<meta name=\"twitter:label1\" content=\"Written by\" \/>\n\t<meta name=\"twitter:data1\" content=\"Reda\u00e7\u00e3o Sul SC\" \/>\n\t<meta name=\"twitter:label2\" content=\"Est. reading time\" \/>\n\t<meta name=\"twitter:data2\" content=\"1 minute\" \/>\n<script type=\"application\/ld+json\" class=\"yoast-schema-graph\">{\"@context\":\"https:\/\/schema.org\",\"@graph\":[{\"@type\":\"WebPage\",\"@id\":\"https:\/\/sulsc.com\/index.php\/2023\/09\/26\/oito-lotes-de-cafe-sao-apreendidos-com-presenca-de-impurezas\/\",\"url\":\"https:\/\/sulsc.com\/index.php\/2023\/09\/26\/oito-lotes-de-cafe-sao-apreendidos-com-presenca-de-impurezas\/\",\"name\":\"Oito lotes de caf\u00e9 s\u00e3o apreendidos com presen\u00e7a de impurezas -\",\"isPartOf\":{\"@id\":\"https:\/\/sulsc.com\/#website\"},\"datePublished\":\"2023-09-26T12:00:54+00:00\",\"dateModified\":\"2023-09-26T11:24:23+00:00\",\"author\":{\"@id\":\"https:\/\/sulsc.com\/#\/schema\/person\/84d2fc571684f6248ba83092f07750a3\"},\"breadcrumb\":{\"@id\":\"https:\/\/sulsc.com\/index.php\/2023\/09\/26\/oito-lotes-de-cafe-sao-apreendidos-com-presenca-de-impurezas\/#breadcrumb\"},\"inLanguage\":\"en-US\",\"potentialAction\":[{\"@type\":\"ReadAction\",\"target\":[\"https:\/\/sulsc.com\/index.php\/2023\/09\/26\/oito-lotes-de-cafe-sao-apreendidos-com-presenca-de-impurezas\/\"]}]},{\"@type\":\"BreadcrumbList\",\"@id\":\"https:\/\/sulsc.com\/index.php\/2023\/09\/26\/oito-lotes-de-cafe-sao-apreendidos-com-presenca-de-impurezas\/#breadcrumb\",\"itemListElement\":[{\"@type\":\"ListItem\",\"position\":1,\"name\":\"In\u00edcio\",\"item\":\"https:\/\/sulsc.com\/\"},{\"@type\":\"ListItem\",\"position\":2,\"name\":\"Oito lotes de caf\u00e9 s\u00e3o apreendidos com presen\u00e7a de impurezas\"}]},{\"@type\":\"WebSite\",\"@id\":\"https:\/\/sulsc.com\/#website\",\"url\":\"https:\/\/sulsc.com\/\",\"name\":\"\",\"description\":\"\",\"potentialAction\":[{\"@type\":\"SearchAction\",\"target\":{\"@type\":\"EntryPoint\",\"urlTemplate\":\"https:\/\/sulsc.com\/?s={search_term_string}\"},\"query-input\":\"required name=search_term_string\"}],\"inLanguage\":\"en-US\"},{\"@type\":\"Person\",\"@id\":\"https:\/\/sulsc.com\/#\/schema\/person\/84d2fc571684f6248ba83092f07750a3\",\"name\":\"Reda\u00e7\u00e3o Sul SC\",\"image\":{\"@type\":\"ImageObject\",\"inLanguage\":\"en-US\",\"@id\":\"https:\/\/sulsc.com\/#\/schema\/person\/image\/e08d7fe2cc4ed596372063bbe852b8d0\",\"url\":\"https:\/\/sulsc.com\/wp-content\/uploads\/2023\/09\/redacao.png\",\"contentUrl\":\"https:\/\/sulsc.com\/wp-content\/uploads\/2023\/09\/redacao.png\",\"caption\":\"Reda\u00e7\u00e3o Sul SC\"},\"description\":\"Foco em um jornalismo imparcial, voltado \u00e0 qualidade dos seus conte\u00fados e, assim, levar informa\u00e7\u00e3o de valor que agregue \u00e0 vida dos leitores. Esta \u00e9 grande miss\u00e3o do Portal de Not\u00edcias Sul SC. N\u00e3o \u00e9 quantidade que muda o mundo, sempre foi e seguir\u00e1 sendo qualidade!\",\"sameAs\":[\"https:\/\/sulsc.com\/\",\"https:\/\/www.facebook.com\/profile.php?id=61559278119680\",\"https:\/\/www.instagram.com\/sulscportal\/?hl=pt-br\",\"https:\/\/twitter.com\/https:\/\/twitter.com\/PortalSulSC\",\"https:\/\/www.youtube.com\/channel\/UCv_BE8GeySluDov2n8qhVmw\"],\"url\":\"https:\/\/sulsc.com\/index.php\/author\/redacao\/\"}]}<\/script>\n<!-- \/ Yoast SEO plugin. -->","yoast_head_json":{"title":"Oito lotes de caf\u00e9 s\u00e3o apreendidos com presen\u00e7a de impurezas -","robots":{"index":"index","follow":"follow","max-snippet":"max-snippet:-1","max-image-preview":"max-image-preview:large","max-video-preview":"max-video-preview:-1"},"canonical":"https:\/\/sulsc.com\/index.php\/2023\/09\/26\/oito-lotes-de-cafe-sao-apreendidos-com-presenca-de-impurezas\/","og_locale":"en_US","og_type":"article","og_title":"Oito lotes de caf\u00e9 s\u00e3o apreendidos com presen\u00e7a de impurezas -","og_description":"O Minist\u00e9rio da Agricultura e Pecu\u00e1ria (Mapa) determinou o recolhimento de oito lotes de caf\u00e9 ap\u00f3s ser constatada a presen\u00e7a de corpos estranho e impurezas. Os lotes recolhidos foram: FAB08DEZ22 da Fazenda Mineira; 046\/23\/3D da Jardim; 59 da Lenhador Extra Forte; 59 da Lenhador Tradicional; 58 da Balaio; 02 e 05 da Bico de Ouro; &hellip; Oito lotes de caf\u00e9 s\u00e3o apreendidos com presen\u00e7a de impurezas Read More &raquo;","og_url":"https:\/\/sulsc.com\/index.php\/2023\/09\/26\/oito-lotes-de-cafe-sao-apreendidos-com-presenca-de-impurezas\/","article_author":"https:\/\/www.facebook.com\/profile.php?id=61559278119680","article_published_time":"2023-09-26T12:00:54+00:00","article_modified_time":"2023-09-26T11:24:23+00:00","og_image":[{"width":1170,"height":700,"url":"https:\/\/sulsc.com\/wp-content\/uploads\/2023\/09\/fachada-ministerio_mcamgo_abr_100420231818-4.jpg","type":"image\/jpeg"}],"author":"Reda\u00e7\u00e3o Sul SC","twitter_card":"summary_large_image","twitter_creator":"@https:\/\/twitter.com\/PortalSulSC","twitter_misc":{"Written by":"Reda\u00e7\u00e3o Sul SC","Est. reading time":"1 minute"},"schema":{"@context":"https:\/\/schema.org","@graph":[{"@type":"WebPage","@id":"https:\/\/sulsc.com\/index.php\/2023\/09\/26\/oito-lotes-de-cafe-sao-apreendidos-com-presenca-de-impurezas\/","url":"https:\/\/sulsc.com\/index.php\/2023\/09\/26\/oito-lotes-de-cafe-sao-apreendidos-com-presenca-de-impurezas\/","name":"Oito lotes de caf\u00e9 s\u00e3o apreendidos com presen\u00e7a de impurezas -","isPartOf":{"@id":"https:\/\/sulsc.com\/#website"},"datePublished":"2023-09-26T12:00:54+00:00","dateModified":"2023-09-26T11:24:23+00:00","author":{"@id":"https:\/\/sulsc.com\/#\/schema\/person\/84d2fc571684f6248ba83092f07750a3"},"breadcrumb":{"@id":"https:\/\/sulsc.com\/index.php\/2023\/09\/26\/oito-lotes-de-cafe-sao-apreendidos-com-presenca-de-impurezas\/#breadcrumb"},"inLanguage":"en-US","potentialAction":[{"@type":"ReadAction","target":["https:\/\/sulsc.com\/index.php\/2023\/09\/26\/oito-lotes-de-cafe-sao-apreendidos-com-presenca-de-impurezas\/"]}]},{"@type":"BreadcrumbList","@id":"https:\/\/sulsc.com\/index.php\/2023\/09\/26\/oito-lotes-de-cafe-sao-apreendidos-com-presenca-de-impurezas\/#breadcrumb","itemListElement":[{"@type":"ListItem","position":1,"name":"In\u00edcio","item":"https:\/\/sulsc.com\/"},{"@type":"ListItem","position":2,"name":"Oito lotes de caf\u00e9 s\u00e3o apreendidos com presen\u00e7a de impurezas"}]},{"@type":"WebSite","@id":"https:\/\/sulsc.com\/#website","url":"https:\/\/sulsc.com\/","name":"","description":"","potentialAction":[{"@type":"SearchAction","target":{"@type":"EntryPoint","urlTemplate":"https:\/\/sulsc.com\/?s={search_term_string}"},"query-input":"required name=search_term_string"}],"inLanguage":"en-US"},{"@type":"Person","@id":"https:\/\/sulsc.com\/#\/schema\/person\/84d2fc571684f6248ba83092f07750a3","name":"Reda\u00e7\u00e3o Sul SC","image":{"@type":"ImageObject","inLanguage":"en-US","@id":"https:\/\/sulsc.com\/#\/schema\/person\/image\/e08d7fe2cc4ed596372063bbe852b8d0","url":"https:\/\/sulsc.com\/wp-content\/uploads\/2023\/09\/redacao.png","contentUrl":"https:\/\/sulsc.com\/wp-content\/uploads\/2023\/09\/redacao.png","caption":"Reda\u00e7\u00e3o Sul SC"},"description":"Foco em um jornalismo imparcial, voltado \u00e0 qualidade dos seus conte\u00fados e, assim, levar informa\u00e7\u00e3o de valor que agregue \u00e0 vida dos leitores. Esta \u00e9 grande miss\u00e3o do Portal de Not\u00edcias Sul SC. N\u00e3o \u00e9 quantidade que muda o mundo, sempre foi e seguir\u00e1 sendo qualidade!","sameAs":["https:\/\/sulsc.com\/","https:\/\/www.facebook.com\/profile.php?id=61559278119680","https:\/\/www.instagram.com\/sulscportal\/?hl=pt-br","https:\/\/twitter.com\/https:\/\/twitter.com\/PortalSulSC","https:\/\/www.youtube.com\/channel\/UCv_BE8GeySluDov2n8qhVmw"],"url":"https:\/\/sulsc.com\/index.php\/author\/redacao\/"}]}},"authors":[],"_links":{"self":[{"href":"https:\/\/sulsc.com\/index.php\/wp-json\/wp\/v2\/posts\/1455"}],"collection":[{"href":"https:\/\/sulsc.com\/index.php\/wp-json\/wp\/v2\/posts"}],"about":[{"href":"https:\/\/sulsc.com\/index.php\/wp-json\/wp\/v2\/types\/post"}],"author":[{"embeddable":true,"href":"https:\/\/sulsc.com\/index.php\/wp-json\/wp\/v2\/users\/3"}],"replies":[{"embeddable":true,"href":"https:\/\/sulsc.com\/index.php\/wp-json\/wp\/v2\/comments?post=1455"}],"version-history":[{"count":1,"href":"https:\/\/sulsc.com\/index.php\/wp-json\/wp\/v2\/posts\/1455\/revisions"}],"predecessor-version":[{"id":1458,"href":"https:\/\/sulsc.com\/index.php\/wp-json\/wp\/v2\/posts\/1455\/revisions\/1458"}],"wp:featuredmedia":[{"embeddable":true,"href":"https:\/\/sulsc.com\/index.php\/wp-json\/wp\/v2\/media\/1457"}],"wp:attachment":[{"href":"https:\/\/sulsc.com\/index.php\/wp-json\/wp\/v2\/media?parent=1455"}],"wp:term":[{"taxonomy":"category","embeddable":true,"href":"https:\/\/sulsc.com\/index.php\/wp-json\/wp\/v2\/categories?post=1455"},{"taxonomy":"post_tag","embeddable":true,"href":"https:\/\/sulsc.com\/index.php\/wp-json\/wp\/v2\/tags?post=1455"}],"curies":[{"name":"wp","href":"https:\/\/api.w.org\/{rel}","templated":true}]}}