{"id":14617,"date":"2024-07-11T08:15:02","date_gmt":"2024-07-11T11:15:02","guid":{"rendered":"https:\/\/sulsc.com\/?p=14617"},"modified":"2024-07-11T08:18:26","modified_gmt":"2024-07-11T11:18:26","slug":"camara-aprova-texto-base-da-reforma-tributaria","status":"publish","type":"post","link":"https:\/\/sulsc.com\/index.php\/2024\/07\/11\/camara-aprova-texto-base-da-reforma-tributaria\/","title":{"rendered":"C\u00e2mara aprova texto-base da reforma tribut\u00e1ria"},"content":{"rendered":"<p>O Plen\u00e1rio da C\u00e2mara dos Deputados aprovou, nesta quarta-feira (10), o texto-base do primeiro projeto de lei complementar que regulamenta a reforma tribut\u00e1ria sobre o consumo. Foram 336 votos a favor, 142 contra e duas absten\u00e7\u00f5es.<\/p>\n<p>A vers\u00e3o do texto inseriu uma trava para a al\u00edquota do futuro Imposto sobre Valor Adicionado (IVA), inclui rem\u00e9dios na lista de produtos com imposto reduzido e amplia a cesta b\u00e1sica nacional com imposto zero. O texto ser\u00e1 enviado para an\u00e1lise do Senado Federal.<\/p>\n<p>Por meio de um destaque, carnes (de qualquer tipo), peixes, queijos e sal foram inclu\u00eddos na lista de alimentos com isen\u00e7\u00e3o. O destaque para isentar as carnes e as prote\u00ednas animais foi aprovado por 477 votos a favor, tr\u00eas contra e duas absten\u00e7\u00f5es, ap\u00f3s destaque do PL, principal partido de oposi\u00e7\u00e3o.<\/p>\n<p>Apesar de articulada pela bancada ruralista e pela ind\u00fastria de alimentos, a isen\u00e7\u00e3o foi acatada pelo relator do projeto de lei, deputado Reginaldo Lopes (PT-MG) e celebrada pela l\u00edder do PT na C\u00e2mara, deputada Benedita da Silva (RJ). \u201c\u00c9 o sonho do presidente Lula todo o tempo se colocando de que era muito importante que houvesse prote\u00edna na cesta b\u00e1sica das pessoas mais vulner\u00e1veis\u201d, disse a parlamentar.<\/p>\n<p>Pelo texto enviado pelo governo, as carnes estavam na lista de produtos com al\u00edquota reduzida para 40% da al\u00edquota original, pagando 10,6% em vez de 26,5%. Agora ter\u00e3o al\u00edquota zero.\u00a0Antes das carnes e dos queijos, o relator tinha inclu\u00eddo, de \u00faltima hora, \u00f3leo de milho, aveia e farinhas na cesta b\u00e1sica nacional, que n\u00e3o pagar\u00e1 IVA.<\/p>\n<p>Ele tamb\u00e9m incluiu p\u00e3o de forma e extrato de tomate nos produtos com imposto reduzido. Antes da vota\u00e7\u00e3o do destaque da carne, a C\u00e2mara derrubou dois destaques, um que buscava introduzir incentivos para a constru\u00e7\u00e3o civil e outro que buscava incluir armas e muni\u00e7\u00f5es na cobran\u00e7a do Imposto Seletivo.<\/p>\n<p><img fetchpriority=\"high\" decoding=\"async\" class=\"alignnone size-full wp-image-14618\" src=\"http:\/\/sulsc.com\/wp-content\/uploads\/2024\/07\/reforma-tributaria.webp\" alt=\"\" width=\"1170\" height=\"700\" srcset=\"https:\/\/sulsc.com\/wp-content\/uploads\/2024\/07\/reforma-tributaria.webp 1170w, https:\/\/sulsc.com\/wp-content\/uploads\/2024\/07\/reforma-tributaria-300x179.webp 300w, https:\/\/sulsc.com\/wp-content\/uploads\/2024\/07\/reforma-tributaria-1024x613.webp 1024w, https:\/\/sulsc.com\/wp-content\/uploads\/2024\/07\/reforma-tributaria-768x459.webp 768w\" sizes=\"(max-width: 1170px) 100vw, 1170px\" \/><\/p>\n<p>&nbsp;<\/p>\n<p>Lopes tamb\u00e9m aumentou a lista de medicamentos com al\u00edquota reduzida para 40% da al\u00edquota cheia. O texto original do governo previa uma lista de 343 princ\u00edpios ativos com isen\u00e7\u00e3o de imposto e 850 com al\u00edquota reduzida. O texto aprovado ampliou a lista de al\u00edquotas reduzidas para todos os medicamentos com registro na Ag\u00eancia Nacional de Vigil\u00e2ncia Sanit\u00e1ria (Anvisa) e os medicamentos produzidos em farm\u00e1cia de manipula\u00e7\u00e3o.<\/p>\n<p>O relator incluiu o Dispositivo Intrauterino (DIU), tipo de m\u00e9todo anticoncepcional, na lista de dispositivos m\u00e9dicos com IVA reduzido, conforme solicitado pela bancada feminina. Anteriormente, Lopes tinha inserido itens de higiene menstrual, como absorventes, tamp\u00f5es higi\u00eanicos, coletores menstruais e calcinhas absorventes, na lista de produtos com de impostos, em vez de al\u00edquota reduzida, como no projeto original.<\/p>\n<p>&nbsp;<\/p>\n<p><strong>Cashback e imposto seletivo<\/strong><\/p>\n<p>O cashback, mecanismo de devolu\u00e7\u00e3o de imposto \u00e0 popula\u00e7\u00e3o mais pobre, tamb\u00e9m foi ampliado. O projeto original previa a devolu\u00e7\u00e3o de 100% da Contribui\u00e7\u00e3o sobre Bens e Servi\u00e7os (CBS, tributo federal) e 20% do Imposto sobre Bens e Servi\u00e7os (IBS, imposto estadual e municipal) na compra de g\u00e1s; 50% da CBS e 20% do IBS no pagamento das contas de luz, de \u00e1gua e esgoto; e 20% da CBS e do IBS sobre os demais produtos. A vers\u00e3o aprovada eleva de 50% para 100% a devolu\u00e7\u00e3o da CBS sobre as contas de energia el\u00e9trica, \u00e1gua, esgoto e g\u00e1s natural.<\/p>\n<p>Na \u00faltima hora, o relator incluiu o carv\u00e3o mineral na lista de produtos que pagar\u00e3o o Imposto Seletivo, que incidir\u00e1 sobre produtos que fazem mal \u00e0 sa\u00fade e ao meio-ambiente. Lopes, no entanto, estendeu a al\u00edquota m\u00e1xima de 0,25% para todos os minerais extra\u00eddos, n\u00e3o apenas ao min\u00e9rio de ferro, como constava no parecer anterior. A emenda constitucional fixa em 1% o limite para o Imposto Seletivo.<\/p>\n<p>No relat\u00f3rio anterior, divulgado na semana passada, carros el\u00e9tricos e apostas (f\u00edsicas e on-line) tinham sido inclu\u00eddas na lista de produtos com Imposto Seletivo. As armas e muni\u00e7\u00f5es, no entanto, ficaram de fora, apesar de press\u00f5es de entidades da sociedade civil. Embora sejam movidos a diesel e tenham alto n\u00edvel de polui\u00e7\u00e3o, os caminh\u00f5es tamb\u00e9m n\u00e3o pagar\u00e3o o tributo.<\/p>\n<p>&nbsp;<\/p>\n<p><strong>Al\u00edquota travada<\/strong><\/p>\n<p>Na ter\u00e7a-feira (9), o ministro da Fazenda, Fernando Haddad, disse que a inclus\u00e3o das carnes na lista de produtos isentos aumentaria o IVA em 0,53 ponto porcentual, o que faria a al\u00edquota m\u00e9dia passar de 26,5% para 27,03%, a maior do mundo parta esse tipo de imposto, superando a da Hungria, que cobra 27%. O Banco Mundial calcula um impacto de 0,57 ponto percentual.<\/p>\n<p>Os deputados decidiram travar a al\u00edquota em 26,5% a partir de 2033, quando acabar a transi\u00e7\u00e3o dos tributos atuais para o IVA. Com a limita\u00e7\u00e3o do futuro imposto, o governo, perder\u00e1 receitas no longo prazo. Segundo o texto aprovado, se a al\u00edquota ultrapasse o teto, o governo seria obrigado a elaborar, em conjunto com o Comit\u00ea Gestor do IBS, um projeto de lei complementar com medidas para diminuir a carga tribut\u00e1ria.<\/p>\n<p>A trava \u00e9 mais profunda que a institu\u00edda na emenda constitucional da reforma tribut\u00e1ria, aprovada em dezembro do ano passado. A emenda \u00e0 Constitui\u00e7\u00e3o tem um teto para evitar o aumento da carga tribut\u00e1ria do pa\u00eds (medida pela rela\u00e7\u00e3o entre a arrecada\u00e7\u00e3o de impostos e o Produto Interno Bruto) na compara\u00e7\u00e3o com a carga atual, o que permitia ao Congresso criar exce\u00e7\u00f5es e regimes especiais, em troca do aumento da al\u00edquota cheia, de 26,5%. A nova trava inserida na regulamenta\u00e7\u00e3o limita a al\u00edquota m\u00e9dia do IVA, obrigando o governo a reduzir a carga tribut\u00e1ria no futuro.<\/p>\n","protected":false},"excerpt":{"rendered":"<p>O Plen\u00e1rio da C\u00e2mara dos Deputados aprovou, nesta quarta-feira (10), o texto-base do primeiro projeto de lei complementar que regulamenta a reforma tribut\u00e1ria sobre o consumo. Foram 336 votos a favor, 142 contra e duas absten\u00e7\u00f5es. A vers\u00e3o do texto inseriu uma trava para a al\u00edquota do futuro Imposto sobre Valor Adicionado (IVA), inclui rem\u00e9dios &hellip;<\/p>\n<p class=\"read-more\"> <a class=\"\" href=\"https:\/\/sulsc.com\/index.php\/2024\/07\/11\/camara-aprova-texto-base-da-reforma-tributaria\/\"> <span class=\"screen-reader-text\">C\u00e2mara aprova texto-base da reforma tribut\u00e1ria<\/span> Read More &raquo;<\/a><\/p>\n","protected":false},"author":3,"featured_media":14618,"comment_status":"open","ping_status":"open","sticky":false,"template":"","format":"standard","meta":{"site-sidebar-layout":"default","site-content-layout":"","ast-site-content-layout":"default","site-content-style":"default","site-sidebar-style":"default","ast-global-header-display":"","ast-banner-title-visibility":"","ast-main-header-display":"","ast-hfb-above-header-display":"","ast-hfb-below-header-display":"","ast-hfb-mobile-header-display":"","site-post-title":"","ast-breadcrumbs-content":"","ast-featured-img":"","footer-sml-layout":"","theme-transparent-header-meta":"default","adv-header-id-meta":"","stick-header-meta":"","header-above-stick-meta":"","header-main-stick-meta":"","header-below-stick-meta":"","astra-migrate-meta-layouts":"set","footnotes":""},"categories":[15],"tags":[],"yoast_head":"<!-- This site is optimized with the Yoast SEO plugin v21.4 - https:\/\/yoast.com\/wordpress\/plugins\/seo\/ -->\n<title>C\u00e2mara aprova texto-base da reforma tribut\u00e1ria -<\/title>\n<meta name=\"description\" content=\"A vers\u00e3o inseriu uma trava para a al\u00edquota do futuro IVA, incluiu rem\u00e9dios na lista de produtos com redu\u00e7\u00e3o e ampliou a cesta b\u00e1sica\" \/>\n<meta name=\"robots\" content=\"index, follow, max-snippet:-1, max-image-preview:large, max-video-preview:-1\" \/>\n<link rel=\"canonical\" href=\"https:\/\/sulsc.com\/index.php\/2024\/07\/11\/camara-aprova-texto-base-da-reforma-tributaria\/\" \/>\n<meta property=\"og:locale\" content=\"en_US\" \/>\n<meta property=\"og:type\" content=\"article\" \/>\n<meta property=\"og:title\" content=\"C\u00e2mara aprova texto-base da reforma tribut\u00e1ria -\" \/>\n<meta property=\"og:description\" content=\"A vers\u00e3o inseriu uma trava para a al\u00edquota do futuro IVA, incluiu rem\u00e9dios na lista de produtos com redu\u00e7\u00e3o e ampliou a cesta b\u00e1sica\" \/>\n<meta property=\"og:url\" content=\"https:\/\/sulsc.com\/index.php\/2024\/07\/11\/camara-aprova-texto-base-da-reforma-tributaria\/\" \/>\n<meta property=\"article:author\" content=\"https:\/\/www.facebook.com\/profile.php?id=61559278119680\" \/>\n<meta property=\"article:published_time\" content=\"2024-07-11T11:15:02+00:00\" \/>\n<meta property=\"article:modified_time\" content=\"2024-07-11T11:18:26+00:00\" \/>\n<meta property=\"og:image\" content=\"http:\/\/sulsc.com\/wp-content\/uploads\/2024\/07\/reforma-tributaria.webp\" \/>\n\t<meta property=\"og:image:width\" content=\"1170\" \/>\n\t<meta property=\"og:image:height\" content=\"700\" \/>\n\t<meta property=\"og:image:type\" content=\"image\/webp\" \/>\n<meta name=\"author\" content=\"Reda\u00e7\u00e3o Sul SC\" \/>\n<meta name=\"twitter:card\" content=\"summary_large_image\" \/>\n<meta name=\"twitter:creator\" content=\"@https:\/\/twitter.com\/PortalSulSC\" \/>\n<meta name=\"twitter:label1\" content=\"Written by\" \/>\n\t<meta name=\"twitter:data1\" content=\"Reda\u00e7\u00e3o Sul SC\" \/>\n\t<meta name=\"twitter:label2\" content=\"Est. reading time\" \/>\n\t<meta name=\"twitter:data2\" content=\"5 minutes\" \/>\n<script type=\"application\/ld+json\" class=\"yoast-schema-graph\">{\"@context\":\"https:\/\/schema.org\",\"@graph\":[{\"@type\":\"WebPage\",\"@id\":\"https:\/\/sulsc.com\/index.php\/2024\/07\/11\/camara-aprova-texto-base-da-reforma-tributaria\/\",\"url\":\"https:\/\/sulsc.com\/index.php\/2024\/07\/11\/camara-aprova-texto-base-da-reforma-tributaria\/\",\"name\":\"C\u00e2mara aprova texto-base da reforma tribut\u00e1ria -\",\"isPartOf\":{\"@id\":\"https:\/\/sulsc.com\/#website\"},\"datePublished\":\"2024-07-11T11:15:02+00:00\",\"dateModified\":\"2024-07-11T11:18:26+00:00\",\"author\":{\"@id\":\"https:\/\/sulsc.com\/#\/schema\/person\/84d2fc571684f6248ba83092f07750a3\"},\"description\":\"A vers\u00e3o inseriu uma trava para a al\u00edquota do futuro IVA, incluiu rem\u00e9dios na lista de produtos com redu\u00e7\u00e3o e ampliou a cesta b\u00e1sica\",\"breadcrumb\":{\"@id\":\"https:\/\/sulsc.com\/index.php\/2024\/07\/11\/camara-aprova-texto-base-da-reforma-tributaria\/#breadcrumb\"},\"inLanguage\":\"en-US\",\"potentialAction\":[{\"@type\":\"ReadAction\",\"target\":[\"https:\/\/sulsc.com\/index.php\/2024\/07\/11\/camara-aprova-texto-base-da-reforma-tributaria\/\"]}]},{\"@type\":\"BreadcrumbList\",\"@id\":\"https:\/\/sulsc.com\/index.php\/2024\/07\/11\/camara-aprova-texto-base-da-reforma-tributaria\/#breadcrumb\",\"itemListElement\":[{\"@type\":\"ListItem\",\"position\":1,\"name\":\"In\u00edcio\",\"item\":\"https:\/\/sulsc.com\/\"},{\"@type\":\"ListItem\",\"position\":2,\"name\":\"C\u00e2mara aprova texto-base da reforma tribut\u00e1ria\"}]},{\"@type\":\"WebSite\",\"@id\":\"https:\/\/sulsc.com\/#website\",\"url\":\"https:\/\/sulsc.com\/\",\"name\":\"\",\"description\":\"\",\"potentialAction\":[{\"@type\":\"SearchAction\",\"target\":{\"@type\":\"EntryPoint\",\"urlTemplate\":\"https:\/\/sulsc.com\/?s={search_term_string}\"},\"query-input\":\"required name=search_term_string\"}],\"inLanguage\":\"en-US\"},{\"@type\":\"Person\",\"@id\":\"https:\/\/sulsc.com\/#\/schema\/person\/84d2fc571684f6248ba83092f07750a3\",\"name\":\"Reda\u00e7\u00e3o Sul SC\",\"image\":{\"@type\":\"ImageObject\",\"inLanguage\":\"en-US\",\"@id\":\"https:\/\/sulsc.com\/#\/schema\/person\/image\/e08d7fe2cc4ed596372063bbe852b8d0\",\"url\":\"https:\/\/sulsc.com\/wp-content\/uploads\/2023\/09\/redacao.png\",\"contentUrl\":\"https:\/\/sulsc.com\/wp-content\/uploads\/2023\/09\/redacao.png\",\"caption\":\"Reda\u00e7\u00e3o Sul SC\"},\"description\":\"Foco em um jornalismo imparcial, voltado \u00e0 qualidade dos seus conte\u00fados e, assim, levar informa\u00e7\u00e3o de valor que agregue \u00e0 vida dos leitores. Esta \u00e9 grande miss\u00e3o do Portal de Not\u00edcias Sul SC. N\u00e3o \u00e9 quantidade que muda o mundo, sempre foi e seguir\u00e1 sendo qualidade!\",\"sameAs\":[\"https:\/\/sulsc.com\/\",\"https:\/\/www.facebook.com\/profile.php?id=61559278119680\",\"https:\/\/www.instagram.com\/sulscportal\/?hl=pt-br\",\"https:\/\/twitter.com\/https:\/\/twitter.com\/PortalSulSC\",\"https:\/\/www.youtube.com\/channel\/UCv_BE8GeySluDov2n8qhVmw\"],\"url\":\"https:\/\/sulsc.com\/index.php\/author\/redacao\/\"}]}<\/script>\n<!-- \/ Yoast SEO plugin. -->","yoast_head_json":{"title":"C\u00e2mara aprova texto-base da reforma tribut\u00e1ria -","description":"A vers\u00e3o inseriu uma trava para a al\u00edquota do futuro IVA, incluiu rem\u00e9dios na lista de produtos com redu\u00e7\u00e3o e ampliou a cesta b\u00e1sica","robots":{"index":"index","follow":"follow","max-snippet":"max-snippet:-1","max-image-preview":"max-image-preview:large","max-video-preview":"max-video-preview:-1"},"canonical":"https:\/\/sulsc.com\/index.php\/2024\/07\/11\/camara-aprova-texto-base-da-reforma-tributaria\/","og_locale":"en_US","og_type":"article","og_title":"C\u00e2mara aprova texto-base da reforma tribut\u00e1ria -","og_description":"A vers\u00e3o inseriu uma trava para a al\u00edquota do futuro IVA, incluiu rem\u00e9dios na lista de produtos com redu\u00e7\u00e3o e ampliou a cesta b\u00e1sica","og_url":"https:\/\/sulsc.com\/index.php\/2024\/07\/11\/camara-aprova-texto-base-da-reforma-tributaria\/","article_author":"https:\/\/www.facebook.com\/profile.php?id=61559278119680","article_published_time":"2024-07-11T11:15:02+00:00","article_modified_time":"2024-07-11T11:18:26+00:00","og_image":[{"width":1170,"height":700,"url":"http:\/\/sulsc.com\/wp-content\/uploads\/2024\/07\/reforma-tributaria.webp","type":"image\/webp"}],"author":"Reda\u00e7\u00e3o Sul SC","twitter_card":"summary_large_image","twitter_creator":"@https:\/\/twitter.com\/PortalSulSC","twitter_misc":{"Written by":"Reda\u00e7\u00e3o Sul SC","Est. reading time":"5 minutes"},"schema":{"@context":"https:\/\/schema.org","@graph":[{"@type":"WebPage","@id":"https:\/\/sulsc.com\/index.php\/2024\/07\/11\/camara-aprova-texto-base-da-reforma-tributaria\/","url":"https:\/\/sulsc.com\/index.php\/2024\/07\/11\/camara-aprova-texto-base-da-reforma-tributaria\/","name":"C\u00e2mara aprova texto-base da reforma tribut\u00e1ria -","isPartOf":{"@id":"https:\/\/sulsc.com\/#website"},"datePublished":"2024-07-11T11:15:02+00:00","dateModified":"2024-07-11T11:18:26+00:00","author":{"@id":"https:\/\/sulsc.com\/#\/schema\/person\/84d2fc571684f6248ba83092f07750a3"},"description":"A vers\u00e3o inseriu uma trava para a al\u00edquota do futuro IVA, incluiu rem\u00e9dios na lista de produtos com redu\u00e7\u00e3o e ampliou a cesta b\u00e1sica","breadcrumb":{"@id":"https:\/\/sulsc.com\/index.php\/2024\/07\/11\/camara-aprova-texto-base-da-reforma-tributaria\/#breadcrumb"},"inLanguage":"en-US","potentialAction":[{"@type":"ReadAction","target":["https:\/\/sulsc.com\/index.php\/2024\/07\/11\/camara-aprova-texto-base-da-reforma-tributaria\/"]}]},{"@type":"BreadcrumbList","@id":"https:\/\/sulsc.com\/index.php\/2024\/07\/11\/camara-aprova-texto-base-da-reforma-tributaria\/#breadcrumb","itemListElement":[{"@type":"ListItem","position":1,"name":"In\u00edcio","item":"https:\/\/sulsc.com\/"},{"@type":"ListItem","position":2,"name":"C\u00e2mara aprova texto-base da reforma tribut\u00e1ria"}]},{"@type":"WebSite","@id":"https:\/\/sulsc.com\/#website","url":"https:\/\/sulsc.com\/","name":"","description":"","potentialAction":[{"@type":"SearchAction","target":{"@type":"EntryPoint","urlTemplate":"https:\/\/sulsc.com\/?s={search_term_string}"},"query-input":"required name=search_term_string"}],"inLanguage":"en-US"},{"@type":"Person","@id":"https:\/\/sulsc.com\/#\/schema\/person\/84d2fc571684f6248ba83092f07750a3","name":"Reda\u00e7\u00e3o Sul SC","image":{"@type":"ImageObject","inLanguage":"en-US","@id":"https:\/\/sulsc.com\/#\/schema\/person\/image\/e08d7fe2cc4ed596372063bbe852b8d0","url":"https:\/\/sulsc.com\/wp-content\/uploads\/2023\/09\/redacao.png","contentUrl":"https:\/\/sulsc.com\/wp-content\/uploads\/2023\/09\/redacao.png","caption":"Reda\u00e7\u00e3o Sul SC"},"description":"Foco em um jornalismo imparcial, voltado \u00e0 qualidade dos seus conte\u00fados e, assim, levar informa\u00e7\u00e3o de valor que agregue \u00e0 vida dos leitores. Esta \u00e9 grande miss\u00e3o do Portal de Not\u00edcias Sul SC. N\u00e3o \u00e9 quantidade que muda o mundo, sempre foi e seguir\u00e1 sendo qualidade!","sameAs":["https:\/\/sulsc.com\/","https:\/\/www.facebook.com\/profile.php?id=61559278119680","https:\/\/www.instagram.com\/sulscportal\/?hl=pt-br","https:\/\/twitter.com\/https:\/\/twitter.com\/PortalSulSC","https:\/\/www.youtube.com\/channel\/UCv_BE8GeySluDov2n8qhVmw"],"url":"https:\/\/sulsc.com\/index.php\/author\/redacao\/"}]}},"authors":[],"_links":{"self":[{"href":"https:\/\/sulsc.com\/index.php\/wp-json\/wp\/v2\/posts\/14617"}],"collection":[{"href":"https:\/\/sulsc.com\/index.php\/wp-json\/wp\/v2\/posts"}],"about":[{"href":"https:\/\/sulsc.com\/index.php\/wp-json\/wp\/v2\/types\/post"}],"author":[{"embeddable":true,"href":"https:\/\/sulsc.com\/index.php\/wp-json\/wp\/v2\/users\/3"}],"replies":[{"embeddable":true,"href":"https:\/\/sulsc.com\/index.php\/wp-json\/wp\/v2\/comments?post=14617"}],"version-history":[{"count":1,"href":"https:\/\/sulsc.com\/index.php\/wp-json\/wp\/v2\/posts\/14617\/revisions"}],"predecessor-version":[{"id":14619,"href":"https:\/\/sulsc.com\/index.php\/wp-json\/wp\/v2\/posts\/14617\/revisions\/14619"}],"wp:featuredmedia":[{"embeddable":true,"href":"https:\/\/sulsc.com\/index.php\/wp-json\/wp\/v2\/media\/14618"}],"wp:attachment":[{"href":"https:\/\/sulsc.com\/index.php\/wp-json\/wp\/v2\/media?parent=14617"}],"wp:term":[{"taxonomy":"category","embeddable":true,"href":"https:\/\/sulsc.com\/index.php\/wp-json\/wp\/v2\/categories?post=14617"},{"taxonomy":"post_tag","embeddable":true,"href":"https:\/\/sulsc.com\/index.php\/wp-json\/wp\/v2\/tags?post=14617"}],"curies":[{"name":"wp","href":"https:\/\/api.w.org\/{rel}","templated":true}]}}