{"id":1474,"date":"2023-09-26T16:00:03","date_gmt":"2023-09-26T19:00:03","guid":{"rendered":"https:\/\/sulsc.com\/?p=1474"},"modified":"2023-09-26T11:32:27","modified_gmt":"2023-09-26T14:32:27","slug":"acao-de-ciclistas-recolhe-40-sacos-de-lixo-em-ciclovia","status":"publish","type":"post","link":"https:\/\/sulsc.com\/index.php\/2023\/09\/26\/acao-de-ciclistas-recolhe-40-sacos-de-lixo-em-ciclovia\/","title":{"rendered":"A\u00e7\u00e3o de ciclistas recolhe 40 sacos de lixo em ciclovia"},"content":{"rendered":"<p>A a\u00e7\u00e3o de limpeza da ciclovia na Rodovia Ivane Fretta, promovida no s\u00e1bado (23) pela Associa\u00e7\u00e3o Pedal Sem Pressa, alcan\u00e7ou seu objetivo ao recolher mais de 40 sacos de lixo. A iniciativa foi realizada em parceria com a Unimed Tubar\u00e3o, Sanitary e Diamante Energia.<\/p>\n<p><img fetchpriority=\"high\" decoding=\"async\" class=\"alignnone size-large wp-image-1475\" src=\"http:\/\/sulsc.com\/wp-content\/uploads\/2023\/09\/WhatsApp-Image-2023-09-26-at-10.23.13-1-1024x850.jpeg\" alt=\"\" width=\"1024\" height=\"850\" srcset=\"https:\/\/sulsc.com\/wp-content\/uploads\/2023\/09\/WhatsApp-Image-2023-09-26-at-10.23.13-1-1024x850.jpeg 1024w, https:\/\/sulsc.com\/wp-content\/uploads\/2023\/09\/WhatsApp-Image-2023-09-26-at-10.23.13-1-300x249.jpeg 300w, https:\/\/sulsc.com\/wp-content\/uploads\/2023\/09\/WhatsApp-Image-2023-09-26-at-10.23.13-1-768x637.jpeg 768w, https:\/\/sulsc.com\/wp-content\/uploads\/2023\/09\/WhatsApp-Image-2023-09-26-at-10.23.13-1.jpeg 1200w\" sizes=\"(max-width: 1024px) 100vw, 1024px\" \/><\/p>\n<p>Os ciclistas recolheram o lixo devido \u00e0 grande quantidade de res\u00edduos descartados na ciclovia, que prejudica o ambiente local. Durante o percurso da ciclovia, foram plantadas 50 mudas de arbustos e \u00e1rvores frut\u00edferas, al\u00e9m da instala\u00e7\u00e3o de oito plaquinhas sobre conscientiza\u00e7\u00e3o ambiental.<\/p>\n<p>Soninha Vargas, representante do Pedal Sem Pressa, agradece a todos os ciclistas que participaram da a\u00e7\u00e3o e faz um apelo para que as pessoas n\u00e3o descartem lixo na ciclovia ou em qualquer outro lugar. Ela ressalta que se as pessoas que jogam lixo de qualquer forma soubessem o esfor\u00e7o envolvido na coleta, ou se estivessem presentes na a\u00e7\u00e3o, pensariam duas vezes antes de faz\u00ea-lo.<\/p>\n","protected":false},"excerpt":{"rendered":"<p>A a\u00e7\u00e3o de limpeza da ciclovia na Rodovia Ivane Fretta, promovida no s\u00e1bado (23) pela Associa\u00e7\u00e3o Pedal Sem Pressa, alcan\u00e7ou seu objetivo ao recolher mais de 40 sacos de lixo. A iniciativa foi realizada em parceria com a Unimed Tubar\u00e3o, Sanitary e Diamante Energia. Os ciclistas recolheram o lixo devido \u00e0 grande quantidade de res\u00edduos &hellip;<\/p>\n<p class=\"read-more\"> <a class=\"\" href=\"https:\/\/sulsc.com\/index.php\/2023\/09\/26\/acao-de-ciclistas-recolhe-40-sacos-de-lixo-em-ciclovia\/\"> <span class=\"screen-reader-text\">A\u00e7\u00e3o de ciclistas recolhe 40 sacos de lixo em ciclovia<\/span> Read More &raquo;<\/a><\/p>\n","protected":false},"author":3,"featured_media":1476,"comment_status":"open","ping_status":"open","sticky":false,"template":"","format":"standard","meta":{"site-sidebar-layout":"default","site-content-layout":"default","ast-site-content-layout":"","site-content-style":"default","site-sidebar-style":"default","ast-global-header-display":"","ast-banner-title-visibility":"","ast-main-header-display":"","ast-hfb-above-header-display":"","ast-hfb-below-header-display":"","ast-hfb-mobile-header-display":"","site-post-title":"","ast-breadcrumbs-content":"","ast-featured-img":"","footer-sml-layout":"","theme-transparent-header-meta":"default","adv-header-id-meta":"","stick-header-meta":"","header-above-stick-meta":"","header-main-stick-meta":"","header-below-stick-meta":"","astra-migrate-meta-layouts":"","footnotes":""},"categories":[1,17,21],"tags":[],"yoast_head":"<!-- This site is optimized with the Yoast SEO plugin v21.4 - https:\/\/yoast.com\/wordpress\/plugins\/seo\/ -->\n<title>A\u00e7\u00e3o de ciclistas recolhe 40 sacos de lixo em ciclovia -<\/title>\n<meta name=\"robots\" content=\"index, follow, max-snippet:-1, max-image-preview:large, max-video-preview:-1\" \/>\n<link rel=\"canonical\" href=\"https:\/\/sulsc.com\/index.php\/2023\/09\/26\/acao-de-ciclistas-recolhe-40-sacos-de-lixo-em-ciclovia\/\" \/>\n<meta property=\"og:locale\" content=\"en_US\" \/>\n<meta property=\"og:type\" content=\"article\" \/>\n<meta property=\"og:title\" content=\"A\u00e7\u00e3o de ciclistas recolhe 40 sacos de lixo em ciclovia -\" \/>\n<meta property=\"og:description\" content=\"A a\u00e7\u00e3o de limpeza da ciclovia na Rodovia Ivane Fretta, promovida no s\u00e1bado (23) pela Associa\u00e7\u00e3o Pedal Sem Pressa, alcan\u00e7ou seu objetivo ao recolher mais de 40 sacos de lixo. A iniciativa foi realizada em parceria com a Unimed Tubar\u00e3o, Sanitary e Diamante Energia. Os ciclistas recolheram o lixo devido \u00e0 grande quantidade de res\u00edduos &hellip; A\u00e7\u00e3o de ciclistas recolhe 40 sacos de lixo em ciclovia Read More &raquo;\" \/>\n<meta property=\"og:url\" content=\"https:\/\/sulsc.com\/index.php\/2023\/09\/26\/acao-de-ciclistas-recolhe-40-sacos-de-lixo-em-ciclovia\/\" \/>\n<meta property=\"article:author\" content=\"https:\/\/www.facebook.com\/profile.php?id=61559278119680\" \/>\n<meta property=\"article:published_time\" content=\"2023-09-26T19:00:03+00:00\" \/>\n<meta property=\"article:modified_time\" content=\"2023-09-26T14:32:27+00:00\" \/>\n<meta property=\"og:image\" content=\"https:\/\/sulsc.com\/wp-content\/uploads\/2023\/09\/WhatsApp-Image-2023-09-26-at-10.23.13.jpeg\" \/>\n\t<meta property=\"og:image:width\" content=\"768\" \/>\n\t<meta property=\"og:image:height\" content=\"1024\" \/>\n\t<meta property=\"og:image:type\" content=\"image\/jpeg\" \/>\n<meta name=\"author\" content=\"Reda\u00e7\u00e3o Sul SC\" \/>\n<meta name=\"twitter:card\" content=\"summary_large_image\" \/>\n<meta name=\"twitter:creator\" content=\"@https:\/\/twitter.com\/PortalSulSC\" \/>\n<meta name=\"twitter:label1\" content=\"Written by\" \/>\n\t<meta name=\"twitter:data1\" content=\"Reda\u00e7\u00e3o Sul SC\" \/>\n\t<meta name=\"twitter:label2\" content=\"Est. reading time\" \/>\n\t<meta name=\"twitter:data2\" content=\"1 minute\" \/>\n<script type=\"application\/ld+json\" class=\"yoast-schema-graph\">{\"@context\":\"https:\/\/schema.org\",\"@graph\":[{\"@type\":\"WebPage\",\"@id\":\"https:\/\/sulsc.com\/index.php\/2023\/09\/26\/acao-de-ciclistas-recolhe-40-sacos-de-lixo-em-ciclovia\/\",\"url\":\"https:\/\/sulsc.com\/index.php\/2023\/09\/26\/acao-de-ciclistas-recolhe-40-sacos-de-lixo-em-ciclovia\/\",\"name\":\"A\u00e7\u00e3o de ciclistas recolhe 40 sacos de lixo em ciclovia -\",\"isPartOf\":{\"@id\":\"https:\/\/sulsc.com\/#website\"},\"datePublished\":\"2023-09-26T19:00:03+00:00\",\"dateModified\":\"2023-09-26T14:32:27+00:00\",\"author\":{\"@id\":\"https:\/\/sulsc.com\/#\/schema\/person\/84d2fc571684f6248ba83092f07750a3\"},\"breadcrumb\":{\"@id\":\"https:\/\/sulsc.com\/index.php\/2023\/09\/26\/acao-de-ciclistas-recolhe-40-sacos-de-lixo-em-ciclovia\/#breadcrumb\"},\"inLanguage\":\"en-US\",\"potentialAction\":[{\"@type\":\"ReadAction\",\"target\":[\"https:\/\/sulsc.com\/index.php\/2023\/09\/26\/acao-de-ciclistas-recolhe-40-sacos-de-lixo-em-ciclovia\/\"]}]},{\"@type\":\"BreadcrumbList\",\"@id\":\"https:\/\/sulsc.com\/index.php\/2023\/09\/26\/acao-de-ciclistas-recolhe-40-sacos-de-lixo-em-ciclovia\/#breadcrumb\",\"itemListElement\":[{\"@type\":\"ListItem\",\"position\":1,\"name\":\"In\u00edcio\",\"item\":\"https:\/\/sulsc.com\/\"},{\"@type\":\"ListItem\",\"position\":2,\"name\":\"A\u00e7\u00e3o de ciclistas recolhe 40 sacos de lixo em ciclovia\"}]},{\"@type\":\"WebSite\",\"@id\":\"https:\/\/sulsc.com\/#website\",\"url\":\"https:\/\/sulsc.com\/\",\"name\":\"\",\"description\":\"\",\"potentialAction\":[{\"@type\":\"SearchAction\",\"target\":{\"@type\":\"EntryPoint\",\"urlTemplate\":\"https:\/\/sulsc.com\/?s={search_term_string}\"},\"query-input\":\"required name=search_term_string\"}],\"inLanguage\":\"en-US\"},{\"@type\":\"Person\",\"@id\":\"https:\/\/sulsc.com\/#\/schema\/person\/84d2fc571684f6248ba83092f07750a3\",\"name\":\"Reda\u00e7\u00e3o Sul SC\",\"image\":{\"@type\":\"ImageObject\",\"inLanguage\":\"en-US\",\"@id\":\"https:\/\/sulsc.com\/#\/schema\/person\/image\/e08d7fe2cc4ed596372063bbe852b8d0\",\"url\":\"https:\/\/sulsc.com\/wp-content\/uploads\/2023\/09\/redacao.png\",\"contentUrl\":\"https:\/\/sulsc.com\/wp-content\/uploads\/2023\/09\/redacao.png\",\"caption\":\"Reda\u00e7\u00e3o Sul SC\"},\"description\":\"Foco em um jornalismo imparcial, voltado \u00e0 qualidade dos seus conte\u00fados e, assim, levar informa\u00e7\u00e3o de valor que agregue \u00e0 vida dos leitores. Esta \u00e9 grande miss\u00e3o do Portal de Not\u00edcias Sul SC. N\u00e3o \u00e9 quantidade que muda o mundo, sempre foi e seguir\u00e1 sendo qualidade!\",\"sameAs\":[\"https:\/\/sulsc.com\/\",\"https:\/\/www.facebook.com\/profile.php?id=61559278119680\",\"https:\/\/www.instagram.com\/sulscportal\/?hl=pt-br\",\"https:\/\/twitter.com\/https:\/\/twitter.com\/PortalSulSC\",\"https:\/\/www.youtube.com\/channel\/UCv_BE8GeySluDov2n8qhVmw\"],\"url\":\"https:\/\/sulsc.com\/index.php\/author\/redacao\/\"}]}<\/script>\n<!-- \/ Yoast SEO plugin. -->","yoast_head_json":{"title":"A\u00e7\u00e3o de ciclistas recolhe 40 sacos de lixo em ciclovia -","robots":{"index":"index","follow":"follow","max-snippet":"max-snippet:-1","max-image-preview":"max-image-preview:large","max-video-preview":"max-video-preview:-1"},"canonical":"https:\/\/sulsc.com\/index.php\/2023\/09\/26\/acao-de-ciclistas-recolhe-40-sacos-de-lixo-em-ciclovia\/","og_locale":"en_US","og_type":"article","og_title":"A\u00e7\u00e3o de ciclistas recolhe 40 sacos de lixo em ciclovia -","og_description":"A a\u00e7\u00e3o de limpeza da ciclovia na Rodovia Ivane Fretta, promovida no s\u00e1bado (23) pela Associa\u00e7\u00e3o Pedal Sem Pressa, alcan\u00e7ou seu objetivo ao recolher mais de 40 sacos de lixo. A iniciativa foi realizada em parceria com a Unimed Tubar\u00e3o, Sanitary e Diamante Energia. Os ciclistas recolheram o lixo devido \u00e0 grande quantidade de res\u00edduos &hellip; A\u00e7\u00e3o de ciclistas recolhe 40 sacos de lixo em ciclovia Read More &raquo;","og_url":"https:\/\/sulsc.com\/index.php\/2023\/09\/26\/acao-de-ciclistas-recolhe-40-sacos-de-lixo-em-ciclovia\/","article_author":"https:\/\/www.facebook.com\/profile.php?id=61559278119680","article_published_time":"2023-09-26T19:00:03+00:00","article_modified_time":"2023-09-26T14:32:27+00:00","og_image":[{"width":768,"height":1024,"url":"https:\/\/sulsc.com\/wp-content\/uploads\/2023\/09\/WhatsApp-Image-2023-09-26-at-10.23.13.jpeg","type":"image\/jpeg"}],"author":"Reda\u00e7\u00e3o Sul SC","twitter_card":"summary_large_image","twitter_creator":"@https:\/\/twitter.com\/PortalSulSC","twitter_misc":{"Written by":"Reda\u00e7\u00e3o Sul SC","Est. reading time":"1 minute"},"schema":{"@context":"https:\/\/schema.org","@graph":[{"@type":"WebPage","@id":"https:\/\/sulsc.com\/index.php\/2023\/09\/26\/acao-de-ciclistas-recolhe-40-sacos-de-lixo-em-ciclovia\/","url":"https:\/\/sulsc.com\/index.php\/2023\/09\/26\/acao-de-ciclistas-recolhe-40-sacos-de-lixo-em-ciclovia\/","name":"A\u00e7\u00e3o de ciclistas recolhe 40 sacos de lixo em ciclovia -","isPartOf":{"@id":"https:\/\/sulsc.com\/#website"},"datePublished":"2023-09-26T19:00:03+00:00","dateModified":"2023-09-26T14:32:27+00:00","author":{"@id":"https:\/\/sulsc.com\/#\/schema\/person\/84d2fc571684f6248ba83092f07750a3"},"breadcrumb":{"@id":"https:\/\/sulsc.com\/index.php\/2023\/09\/26\/acao-de-ciclistas-recolhe-40-sacos-de-lixo-em-ciclovia\/#breadcrumb"},"inLanguage":"en-US","potentialAction":[{"@type":"ReadAction","target":["https:\/\/sulsc.com\/index.php\/2023\/09\/26\/acao-de-ciclistas-recolhe-40-sacos-de-lixo-em-ciclovia\/"]}]},{"@type":"BreadcrumbList","@id":"https:\/\/sulsc.com\/index.php\/2023\/09\/26\/acao-de-ciclistas-recolhe-40-sacos-de-lixo-em-ciclovia\/#breadcrumb","itemListElement":[{"@type":"ListItem","position":1,"name":"In\u00edcio","item":"https:\/\/sulsc.com\/"},{"@type":"ListItem","position":2,"name":"A\u00e7\u00e3o de ciclistas recolhe 40 sacos de lixo em ciclovia"}]},{"@type":"WebSite","@id":"https:\/\/sulsc.com\/#website","url":"https:\/\/sulsc.com\/","name":"","description":"","potentialAction":[{"@type":"SearchAction","target":{"@type":"EntryPoint","urlTemplate":"https:\/\/sulsc.com\/?s={search_term_string}"},"query-input":"required name=search_term_string"}],"inLanguage":"en-US"},{"@type":"Person","@id":"https:\/\/sulsc.com\/#\/schema\/person\/84d2fc571684f6248ba83092f07750a3","name":"Reda\u00e7\u00e3o Sul SC","image":{"@type":"ImageObject","inLanguage":"en-US","@id":"https:\/\/sulsc.com\/#\/schema\/person\/image\/e08d7fe2cc4ed596372063bbe852b8d0","url":"https:\/\/sulsc.com\/wp-content\/uploads\/2023\/09\/redacao.png","contentUrl":"https:\/\/sulsc.com\/wp-content\/uploads\/2023\/09\/redacao.png","caption":"Reda\u00e7\u00e3o Sul SC"},"description":"Foco em um jornalismo imparcial, voltado \u00e0 qualidade dos seus conte\u00fados e, assim, levar informa\u00e7\u00e3o de valor que agregue \u00e0 vida dos leitores. Esta \u00e9 grande miss\u00e3o do Portal de Not\u00edcias Sul SC. N\u00e3o \u00e9 quantidade que muda o mundo, sempre foi e seguir\u00e1 sendo qualidade!","sameAs":["https:\/\/sulsc.com\/","https:\/\/www.facebook.com\/profile.php?id=61559278119680","https:\/\/www.instagram.com\/sulscportal\/?hl=pt-br","https:\/\/twitter.com\/https:\/\/twitter.com\/PortalSulSC","https:\/\/www.youtube.com\/channel\/UCv_BE8GeySluDov2n8qhVmw"],"url":"https:\/\/sulsc.com\/index.php\/author\/redacao\/"}]}},"authors":[],"_links":{"self":[{"href":"https:\/\/sulsc.com\/index.php\/wp-json\/wp\/v2\/posts\/1474"}],"collection":[{"href":"https:\/\/sulsc.com\/index.php\/wp-json\/wp\/v2\/posts"}],"about":[{"href":"https:\/\/sulsc.com\/index.php\/wp-json\/wp\/v2\/types\/post"}],"author":[{"embeddable":true,"href":"https:\/\/sulsc.com\/index.php\/wp-json\/wp\/v2\/users\/3"}],"replies":[{"embeddable":true,"href":"https:\/\/sulsc.com\/index.php\/wp-json\/wp\/v2\/comments?post=1474"}],"version-history":[{"count":1,"href":"https:\/\/sulsc.com\/index.php\/wp-json\/wp\/v2\/posts\/1474\/revisions"}],"predecessor-version":[{"id":1477,"href":"https:\/\/sulsc.com\/index.php\/wp-json\/wp\/v2\/posts\/1474\/revisions\/1477"}],"wp:featuredmedia":[{"embeddable":true,"href":"https:\/\/sulsc.com\/index.php\/wp-json\/wp\/v2\/media\/1476"}],"wp:attachment":[{"href":"https:\/\/sulsc.com\/index.php\/wp-json\/wp\/v2\/media?parent=1474"}],"wp:term":[{"taxonomy":"category","embeddable":true,"href":"https:\/\/sulsc.com\/index.php\/wp-json\/wp\/v2\/categories?post=1474"},{"taxonomy":"post_tag","embeddable":true,"href":"https:\/\/sulsc.com\/index.php\/wp-json\/wp\/v2\/tags?post=1474"}],"curies":[{"name":"wp","href":"https:\/\/api.w.org\/{rel}","templated":true}]}}