{"id":14790,"date":"2024-07-16T06:50:27","date_gmt":"2024-07-16T09:50:27","guid":{"rendered":"https:\/\/sulsc.com\/?p=14790"},"modified":"2024-07-16T06:49:55","modified_gmt":"2024-07-16T09:49:55","slug":"terca-feira-16-com-chuva-fraca-no-litoral-de-sc","status":"publish","type":"post","link":"https:\/\/sulsc.com\/index.php\/2024\/07\/16\/terca-feira-16-com-chuva-fraca-no-litoral-de-sc\/","title":{"rendered":"Ter\u00e7a-feira (16) com chuva fraca no litoral de SC"},"content":{"rendered":"<p>A madrugada desta ter\u00e7a-feira (16) est\u00e1 marcada pela condi\u00e7\u00e3o de chuva fraca no litoral e no Vale do Itaja\u00ed devido a circula\u00e7\u00e3o mar\u00edtima e por varia\u00e7\u00e3o de nuvens nas demais regi\u00f5es do estado. De acordo com a Defesa Civil, no momento, ocorre chuva fraca em \u00e1reas do Litoral Sul e do Baixo Vale.<\/p>\n<p>As temperaturas variam entre 6 e 11\u00b0C no Planalto Sul, marcam entre 10 e 13\u00b0C do Extremo Oeste aos planaltos e na Grande Florian\u00f3polis Serrana e oscilam entre 13 e 16\u00b0C nas demais \u00e1reas. O vento predomina de quadrante leste, com intensidade fraca a moderada, com rajadas moderadas do Oeste ao Planalto Sul.<\/p>\n<p>A condi\u00e7\u00e3o segue com ocorr\u00eancia de chuva fraca no litoral e em \u00e1reas pr\u00f3ximas e com varia\u00e7\u00e3o de nuvens em todo o estado. N\u00e3o h\u00e1 riscos relacionados \u00e0s chuvas. Devido a perman\u00eancia das temperaturas baixas e a tend\u00eancia de decl\u00ednio no per\u00edodo noturno, o risco segue baixo a moderado para ocorr\u00eancias relacionadas a hipotermia e agravamento de doen\u00e7as respirat\u00f3rias e cardiovasculares.<\/p>\n<p><img fetchpriority=\"high\" decoding=\"async\" class=\"alignnone size-full wp-image-12196\" src=\"http:\/\/sulsc.com\/wp-content\/uploads\/2024\/05\/CHUVA.jpeg\" alt=\"\" width=\"1024\" height=\"768\" srcset=\"https:\/\/sulsc.com\/wp-content\/uploads\/2024\/05\/CHUVA.jpeg 1024w, https:\/\/sulsc.com\/wp-content\/uploads\/2024\/05\/CHUVA-300x225.jpeg 300w, https:\/\/sulsc.com\/wp-content\/uploads\/2024\/05\/CHUVA-768x576.jpeg 768w\" sizes=\"(max-width: 1024px) 100vw, 1024px\" \/><\/p>\n","protected":false},"excerpt":{"rendered":"<p>A madrugada desta ter\u00e7a-feira (16) est\u00e1 marcada pela condi\u00e7\u00e3o de chuva fraca no litoral e no Vale do Itaja\u00ed devido a circula\u00e7\u00e3o mar\u00edtima e por varia\u00e7\u00e3o de nuvens nas demais regi\u00f5es do estado. De acordo com a Defesa Civil, no momento, ocorre chuva fraca em \u00e1reas do Litoral Sul e do Baixo Vale. As temperaturas &hellip;<\/p>\n<p class=\"read-more\"> <a class=\"\" href=\"https:\/\/sulsc.com\/index.php\/2024\/07\/16\/terca-feira-16-com-chuva-fraca-no-litoral-de-sc\/\"> <span class=\"screen-reader-text\">Ter\u00e7a-feira (16) com chuva fraca no litoral de SC<\/span> Read More &raquo;<\/a><\/p>\n","protected":false},"author":3,"featured_media":12196,"comment_status":"open","ping_status":"open","sticky":false,"template":"","format":"standard","meta":{"site-sidebar-layout":"default","site-content-layout":"","ast-site-content-layout":"default","site-content-style":"default","site-sidebar-style":"default","ast-global-header-display":"","ast-banner-title-visibility":"","ast-main-header-display":"","ast-hfb-above-header-display":"","ast-hfb-below-header-display":"","ast-hfb-mobile-header-display":"","site-post-title":"","ast-breadcrumbs-content":"","ast-featured-img":"","footer-sml-layout":"","theme-transparent-header-meta":"default","adv-header-id-meta":"","stick-header-meta":"","header-above-stick-meta":"","header-main-stick-meta":"","header-below-stick-meta":"","astra-migrate-meta-layouts":"set","footnotes":""},"categories":[38],"tags":[90,89,1013],"yoast_head":"<!-- This site is optimized with the Yoast SEO plugin v21.4 - https:\/\/yoast.com\/wordpress\/plugins\/seo\/ -->\n<title>Ter\u00e7a-feira (16) com chuva fraca no litoral de SC -<\/title>\n<meta name=\"description\" content=\"As temperaturas variam entre 6 e 11\u00b0C no Planalto Sul, 10 e 13\u00b0C do Extremo Oeste aos planaltos e Grande Florian\u00f3polis Serrana e 13 e 16\u00b0C nas demais \u00e1reas\" \/>\n<meta name=\"robots\" content=\"index, follow, max-snippet:-1, max-image-preview:large, max-video-preview:-1\" \/>\n<link rel=\"canonical\" href=\"https:\/\/sulsc.com\/index.php\/2024\/07\/16\/terca-feira-16-com-chuva-fraca-no-litoral-de-sc\/\" \/>\n<meta property=\"og:locale\" content=\"en_US\" \/>\n<meta property=\"og:type\" content=\"article\" \/>\n<meta property=\"og:title\" content=\"Ter\u00e7a-feira (16) com chuva fraca no litoral de SC -\" \/>\n<meta property=\"og:description\" content=\"As temperaturas variam entre 6 e 11\u00b0C no Planalto Sul, 10 e 13\u00b0C do Extremo Oeste aos planaltos e Grande Florian\u00f3polis Serrana e 13 e 16\u00b0C nas demais \u00e1reas\" \/>\n<meta property=\"og:url\" content=\"https:\/\/sulsc.com\/index.php\/2024\/07\/16\/terca-feira-16-com-chuva-fraca-no-litoral-de-sc\/\" \/>\n<meta property=\"article:author\" content=\"https:\/\/www.facebook.com\/profile.php?id=61559278119680\" \/>\n<meta property=\"article:published_time\" content=\"2024-07-16T09:50:27+00:00\" \/>\n<meta property=\"article:modified_time\" content=\"2024-07-16T09:49:55+00:00\" \/>\n<meta property=\"og:image\" content=\"http:\/\/sulsc.com\/wp-content\/uploads\/2024\/05\/CHUVA.jpeg\" \/>\n\t<meta property=\"og:image:width\" content=\"1024\" \/>\n\t<meta property=\"og:image:height\" content=\"768\" \/>\n\t<meta property=\"og:image:type\" content=\"image\/jpeg\" \/>\n<meta name=\"author\" content=\"Reda\u00e7\u00e3o Sul SC\" \/>\n<meta name=\"twitter:card\" content=\"summary_large_image\" \/>\n<meta name=\"twitter:creator\" content=\"@https:\/\/twitter.com\/PortalSulSC\" \/>\n<meta name=\"twitter:label1\" content=\"Written by\" \/>\n\t<meta name=\"twitter:data1\" content=\"Reda\u00e7\u00e3o Sul SC\" \/>\n\t<meta name=\"twitter:label2\" content=\"Est. reading time\" \/>\n\t<meta name=\"twitter:data2\" content=\"1 minute\" \/>\n<script type=\"application\/ld+json\" class=\"yoast-schema-graph\">{\"@context\":\"https:\/\/schema.org\",\"@graph\":[{\"@type\":\"WebPage\",\"@id\":\"https:\/\/sulsc.com\/index.php\/2024\/07\/16\/terca-feira-16-com-chuva-fraca-no-litoral-de-sc\/\",\"url\":\"https:\/\/sulsc.com\/index.php\/2024\/07\/16\/terca-feira-16-com-chuva-fraca-no-litoral-de-sc\/\",\"name\":\"Ter\u00e7a-feira (16) com chuva fraca no litoral de SC -\",\"isPartOf\":{\"@id\":\"https:\/\/sulsc.com\/#website\"},\"datePublished\":\"2024-07-16T09:50:27+00:00\",\"dateModified\":\"2024-07-16T09:49:55+00:00\",\"author\":{\"@id\":\"https:\/\/sulsc.com\/#\/schema\/person\/84d2fc571684f6248ba83092f07750a3\"},\"description\":\"As temperaturas variam entre 6 e 11\u00b0C no Planalto Sul, 10 e 13\u00b0C do Extremo Oeste aos planaltos e Grande Florian\u00f3polis Serrana e 13 e 16\u00b0C nas demais \u00e1reas\",\"breadcrumb\":{\"@id\":\"https:\/\/sulsc.com\/index.php\/2024\/07\/16\/terca-feira-16-com-chuva-fraca-no-litoral-de-sc\/#breadcrumb\"},\"inLanguage\":\"en-US\",\"potentialAction\":[{\"@type\":\"ReadAction\",\"target\":[\"https:\/\/sulsc.com\/index.php\/2024\/07\/16\/terca-feira-16-com-chuva-fraca-no-litoral-de-sc\/\"]}]},{\"@type\":\"BreadcrumbList\",\"@id\":\"https:\/\/sulsc.com\/index.php\/2024\/07\/16\/terca-feira-16-com-chuva-fraca-no-litoral-de-sc\/#breadcrumb\",\"itemListElement\":[{\"@type\":\"ListItem\",\"position\":1,\"name\":\"In\u00edcio\",\"item\":\"https:\/\/sulsc.com\/\"},{\"@type\":\"ListItem\",\"position\":2,\"name\":\"Ter\u00e7a-feira (16) com chuva fraca no litoral de SC\"}]},{\"@type\":\"WebSite\",\"@id\":\"https:\/\/sulsc.com\/#website\",\"url\":\"https:\/\/sulsc.com\/\",\"name\":\"\",\"description\":\"\",\"potentialAction\":[{\"@type\":\"SearchAction\",\"target\":{\"@type\":\"EntryPoint\",\"urlTemplate\":\"https:\/\/sulsc.com\/?s={search_term_string}\"},\"query-input\":\"required name=search_term_string\"}],\"inLanguage\":\"en-US\"},{\"@type\":\"Person\",\"@id\":\"https:\/\/sulsc.com\/#\/schema\/person\/84d2fc571684f6248ba83092f07750a3\",\"name\":\"Reda\u00e7\u00e3o Sul SC\",\"image\":{\"@type\":\"ImageObject\",\"inLanguage\":\"en-US\",\"@id\":\"https:\/\/sulsc.com\/#\/schema\/person\/image\/e08d7fe2cc4ed596372063bbe852b8d0\",\"url\":\"https:\/\/sulsc.com\/wp-content\/uploads\/2023\/09\/redacao.png\",\"contentUrl\":\"https:\/\/sulsc.com\/wp-content\/uploads\/2023\/09\/redacao.png\",\"caption\":\"Reda\u00e7\u00e3o Sul SC\"},\"description\":\"Foco em um jornalismo imparcial, voltado \u00e0 qualidade dos seus conte\u00fados e, assim, levar informa\u00e7\u00e3o de valor que agregue \u00e0 vida dos leitores. Esta \u00e9 grande miss\u00e3o do Portal de Not\u00edcias Sul SC. N\u00e3o \u00e9 quantidade que muda o mundo, sempre foi e seguir\u00e1 sendo qualidade!\",\"sameAs\":[\"https:\/\/sulsc.com\/\",\"https:\/\/www.facebook.com\/profile.php?id=61559278119680\",\"https:\/\/www.instagram.com\/sulscportal\/?hl=pt-br\",\"https:\/\/twitter.com\/https:\/\/twitter.com\/PortalSulSC\",\"https:\/\/www.youtube.com\/channel\/UCv_BE8GeySluDov2n8qhVmw\"],\"url\":\"https:\/\/sulsc.com\/index.php\/author\/redacao\/\"}]}<\/script>\n<!-- \/ Yoast SEO plugin. -->","yoast_head_json":{"title":"Ter\u00e7a-feira (16) com chuva fraca no litoral de SC -","description":"As temperaturas variam entre 6 e 11\u00b0C no Planalto Sul, 10 e 13\u00b0C do Extremo Oeste aos planaltos e Grande Florian\u00f3polis Serrana e 13 e 16\u00b0C nas demais \u00e1reas","robots":{"index":"index","follow":"follow","max-snippet":"max-snippet:-1","max-image-preview":"max-image-preview:large","max-video-preview":"max-video-preview:-1"},"canonical":"https:\/\/sulsc.com\/index.php\/2024\/07\/16\/terca-feira-16-com-chuva-fraca-no-litoral-de-sc\/","og_locale":"en_US","og_type":"article","og_title":"Ter\u00e7a-feira (16) com chuva fraca no litoral de SC -","og_description":"As temperaturas variam entre 6 e 11\u00b0C no Planalto Sul, 10 e 13\u00b0C do Extremo Oeste aos planaltos e Grande Florian\u00f3polis Serrana e 13 e 16\u00b0C nas demais \u00e1reas","og_url":"https:\/\/sulsc.com\/index.php\/2024\/07\/16\/terca-feira-16-com-chuva-fraca-no-litoral-de-sc\/","article_author":"https:\/\/www.facebook.com\/profile.php?id=61559278119680","article_published_time":"2024-07-16T09:50:27+00:00","article_modified_time":"2024-07-16T09:49:55+00:00","og_image":[{"width":1024,"height":768,"url":"http:\/\/sulsc.com\/wp-content\/uploads\/2024\/05\/CHUVA.jpeg","type":"image\/jpeg"}],"author":"Reda\u00e7\u00e3o Sul SC","twitter_card":"summary_large_image","twitter_creator":"@https:\/\/twitter.com\/PortalSulSC","twitter_misc":{"Written by":"Reda\u00e7\u00e3o Sul SC","Est. reading time":"1 minute"},"schema":{"@context":"https:\/\/schema.org","@graph":[{"@type":"WebPage","@id":"https:\/\/sulsc.com\/index.php\/2024\/07\/16\/terca-feira-16-com-chuva-fraca-no-litoral-de-sc\/","url":"https:\/\/sulsc.com\/index.php\/2024\/07\/16\/terca-feira-16-com-chuva-fraca-no-litoral-de-sc\/","name":"Ter\u00e7a-feira (16) com chuva fraca no litoral de SC -","isPartOf":{"@id":"https:\/\/sulsc.com\/#website"},"datePublished":"2024-07-16T09:50:27+00:00","dateModified":"2024-07-16T09:49:55+00:00","author":{"@id":"https:\/\/sulsc.com\/#\/schema\/person\/84d2fc571684f6248ba83092f07750a3"},"description":"As temperaturas variam entre 6 e 11\u00b0C no Planalto Sul, 10 e 13\u00b0C do Extremo Oeste aos planaltos e Grande Florian\u00f3polis Serrana e 13 e 16\u00b0C nas demais \u00e1reas","breadcrumb":{"@id":"https:\/\/sulsc.com\/index.php\/2024\/07\/16\/terca-feira-16-com-chuva-fraca-no-litoral-de-sc\/#breadcrumb"},"inLanguage":"en-US","potentialAction":[{"@type":"ReadAction","target":["https:\/\/sulsc.com\/index.php\/2024\/07\/16\/terca-feira-16-com-chuva-fraca-no-litoral-de-sc\/"]}]},{"@type":"BreadcrumbList","@id":"https:\/\/sulsc.com\/index.php\/2024\/07\/16\/terca-feira-16-com-chuva-fraca-no-litoral-de-sc\/#breadcrumb","itemListElement":[{"@type":"ListItem","position":1,"name":"In\u00edcio","item":"https:\/\/sulsc.com\/"},{"@type":"ListItem","position":2,"name":"Ter\u00e7a-feira (16) com chuva fraca no litoral de SC"}]},{"@type":"WebSite","@id":"https:\/\/sulsc.com\/#website","url":"https:\/\/sulsc.com\/","name":"","description":"","potentialAction":[{"@type":"SearchAction","target":{"@type":"EntryPoint","urlTemplate":"https:\/\/sulsc.com\/?s={search_term_string}"},"query-input":"required name=search_term_string"}],"inLanguage":"en-US"},{"@type":"Person","@id":"https:\/\/sulsc.com\/#\/schema\/person\/84d2fc571684f6248ba83092f07750a3","name":"Reda\u00e7\u00e3o Sul SC","image":{"@type":"ImageObject","inLanguage":"en-US","@id":"https:\/\/sulsc.com\/#\/schema\/person\/image\/e08d7fe2cc4ed596372063bbe852b8d0","url":"https:\/\/sulsc.com\/wp-content\/uploads\/2023\/09\/redacao.png","contentUrl":"https:\/\/sulsc.com\/wp-content\/uploads\/2023\/09\/redacao.png","caption":"Reda\u00e7\u00e3o Sul SC"},"description":"Foco em um jornalismo imparcial, voltado \u00e0 qualidade dos seus conte\u00fados e, assim, levar informa\u00e7\u00e3o de valor que agregue \u00e0 vida dos leitores. Esta \u00e9 grande miss\u00e3o do Portal de Not\u00edcias Sul SC. N\u00e3o \u00e9 quantidade que muda o mundo, sempre foi e seguir\u00e1 sendo qualidade!","sameAs":["https:\/\/sulsc.com\/","https:\/\/www.facebook.com\/profile.php?id=61559278119680","https:\/\/www.instagram.com\/sulscportal\/?hl=pt-br","https:\/\/twitter.com\/https:\/\/twitter.com\/PortalSulSC","https:\/\/www.youtube.com\/channel\/UCv_BE8GeySluDov2n8qhVmw"],"url":"https:\/\/sulsc.com\/index.php\/author\/redacao\/"}]}},"authors":[],"_links":{"self":[{"href":"https:\/\/sulsc.com\/index.php\/wp-json\/wp\/v2\/posts\/14790"}],"collection":[{"href":"https:\/\/sulsc.com\/index.php\/wp-json\/wp\/v2\/posts"}],"about":[{"href":"https:\/\/sulsc.com\/index.php\/wp-json\/wp\/v2\/types\/post"}],"author":[{"embeddable":true,"href":"https:\/\/sulsc.com\/index.php\/wp-json\/wp\/v2\/users\/3"}],"replies":[{"embeddable":true,"href":"https:\/\/sulsc.com\/index.php\/wp-json\/wp\/v2\/comments?post=14790"}],"version-history":[{"count":1,"href":"https:\/\/sulsc.com\/index.php\/wp-json\/wp\/v2\/posts\/14790\/revisions"}],"predecessor-version":[{"id":14791,"href":"https:\/\/sulsc.com\/index.php\/wp-json\/wp\/v2\/posts\/14790\/revisions\/14791"}],"wp:featuredmedia":[{"embeddable":true,"href":"https:\/\/sulsc.com\/index.php\/wp-json\/wp\/v2\/media\/12196"}],"wp:attachment":[{"href":"https:\/\/sulsc.com\/index.php\/wp-json\/wp\/v2\/media?parent=14790"}],"wp:term":[{"taxonomy":"category","embeddable":true,"href":"https:\/\/sulsc.com\/index.php\/wp-json\/wp\/v2\/categories?post=14790"},{"taxonomy":"post_tag","embeddable":true,"href":"https:\/\/sulsc.com\/index.php\/wp-json\/wp\/v2\/tags?post=14790"}],"curies":[{"name":"wp","href":"https:\/\/api.w.org\/{rel}","templated":true}]}}