{"id":14989,"date":"2024-07-22T11:00:56","date_gmt":"2024-07-22T14:00:56","guid":{"rendered":"https:\/\/sulsc.com\/?p=14989"},"modified":"2024-07-22T10:31:12","modified_gmt":"2024-07-22T13:31:12","slug":"programa-sangue-total-de-sc-completa-dois-anos","status":"publish","type":"post","link":"https:\/\/sulsc.com\/index.php\/2024\/07\/22\/programa-sangue-total-de-sc-completa-dois-anos\/","title":{"rendered":"Programa Sangue Total de SC completa dois anos"},"content":{"rendered":"<p>O Programa Sangue Total em Santa Catarina, que completa dois anos de atua\u00e7\u00e3o, \u00e9 um exemplo de parceria e inova\u00e7\u00e3o no atendimento aerom\u00e9dico a pacientes graves. Por meio das aeronaves Arcanjo, j\u00e1 foram atendidas 44 ocorr\u00eancias com transfus\u00e3o sangu\u00ednea, resultando em melhoras nas condi\u00e7\u00f5es cl\u00ednicas para os pacientes ao chegarem ao hospital.<\/p>\n<p>A iniciativa \u00e9 fruto de uma colabora\u00e7\u00e3o entre a Secretaria Estadual de Sa\u00fade, o Samu Aerom\u00e9dico de Santa Catarina, o Batalh\u00e3o de Opera\u00e7\u00f5es A\u00e9reas (BOA) do Corpo de Bombeiros Militar de Santa Catarina (CBMSC) e o Centro de Hematologia e Hemoterapia de Santa Catarina (Hemosc). O objetivo \u00e9 aumentar as chances de sobrevida de pacientes graves.<\/p>\n<p><img fetchpriority=\"high\" decoding=\"async\" class=\"alignnone size-full wp-image-14990\" src=\"http:\/\/sulsc.com\/wp-content\/uploads\/2024\/07\/Sangue-total-2.png\" alt=\"\" width=\"930\" height=\"522\" srcset=\"https:\/\/sulsc.com\/wp-content\/uploads\/2024\/07\/Sangue-total-2.png 930w, https:\/\/sulsc.com\/wp-content\/uploads\/2024\/07\/Sangue-total-2-300x168.png 300w, https:\/\/sulsc.com\/wp-content\/uploads\/2024\/07\/Sangue-total-2-768x431.png 768w\" sizes=\"(max-width: 930px) 100vw, 930px\" \/><\/p>\n<p>\u201cEm julho de 2024, comemoramos os dois anos do Programa Sangue Total, que disponibiliza sangue para transfus\u00e3o em casos de choque hemorr\u00e1gico grave no ambiente pr\u00e9-hospitalar. O nosso servi\u00e7o lida com muitos pacientes em situa\u00e7\u00e3o de perda sangu\u00ednea grave e grande volume, e atualmente temos bem estabelecido nos protocolos mundiais de atendimento pr\u00e9-hospitalar que a reposi\u00e7\u00e3o de sangue total \u00e9 fundamental para pacientes que perderam uma grande quantidade de sangue\u201d, explica a coordenadora m\u00e9dica do Samu aerom\u00e9dico de Santa Catarina, Da\u00edse Esswein M\u00fcller .<\/p>\n<p>Para garantir a operacionaliza\u00e7\u00e3o do servi\u00e7o, o Hemosc fornece as bolsas de sangue total. Essas bolsas s\u00e3o armazenadas na sede do BOA e transportadas em uma caixa t\u00e9rmica especial durante o atendimento, assegurando a conserva\u00e7\u00e3o adequada do sangue.<\/p>\n<p>Santa Catarina \u00e9 pioneira neste projeto no Brasil, que contou com o apoio t\u00e9cnico do m\u00e9dico norte-americano Mark Yazer, da Universidade de Pittsburgh (EUA). Ele orientou os profissionais das unidades envolvidas durante o projeto de pesquisa e desenvolvimento.<\/p>\n","protected":false},"excerpt":{"rendered":"<p>O Programa Sangue Total em Santa Catarina, que completa dois anos de atua\u00e7\u00e3o, \u00e9 um exemplo de parceria e inova\u00e7\u00e3o no atendimento aerom\u00e9dico a pacientes graves. Por meio das aeronaves Arcanjo, j\u00e1 foram atendidas 44 ocorr\u00eancias com transfus\u00e3o sangu\u00ednea, resultando em melhoras nas condi\u00e7\u00f5es cl\u00ednicas para os pacientes ao chegarem ao hospital. A iniciativa \u00e9 &hellip;<\/p>\n<p class=\"read-more\"> <a class=\"\" href=\"https:\/\/sulsc.com\/index.php\/2024\/07\/22\/programa-sangue-total-de-sc-completa-dois-anos\/\"> <span class=\"screen-reader-text\">Programa Sangue Total de SC completa dois anos<\/span> Read More &raquo;<\/a><\/p>\n","protected":false},"author":3,"featured_media":14990,"comment_status":"open","ping_status":"open","sticky":false,"template":"","format":"standard","meta":{"site-sidebar-layout":"default","site-content-layout":"","ast-site-content-layout":"default","site-content-style":"default","site-sidebar-style":"default","ast-global-header-display":"","ast-banner-title-visibility":"","ast-main-header-display":"","ast-hfb-above-header-display":"","ast-hfb-below-header-display":"","ast-hfb-mobile-header-display":"","site-post-title":"","ast-breadcrumbs-content":"","ast-featured-img":"","footer-sml-layout":"","theme-transparent-header-meta":"default","adv-header-id-meta":"","stick-header-meta":"","header-above-stick-meta":"","header-main-stick-meta":"","header-below-stick-meta":"","astra-migrate-meta-layouts":"set","footnotes":""},"categories":[1],"tags":[1425,80,91],"yoast_head":"<!-- This site is optimized with the Yoast SEO plugin v21.4 - https:\/\/yoast.com\/wordpress\/plugins\/seo\/ -->\n<title>Programa Sangue Total de SC completa dois anos -<\/title>\n<meta name=\"description\" content=\"A iniciativa tem como objetivo aumentar as chances de sobrevida de pacientes graves por meio do atendimento aerom\u00e9dico\" \/>\n<meta name=\"robots\" content=\"index, follow, max-snippet:-1, max-image-preview:large, max-video-preview:-1\" \/>\n<link rel=\"canonical\" href=\"https:\/\/sulsc.com\/index.php\/2024\/07\/22\/programa-sangue-total-de-sc-completa-dois-anos\/\" \/>\n<meta property=\"og:locale\" content=\"en_US\" \/>\n<meta property=\"og:type\" content=\"article\" \/>\n<meta property=\"og:title\" content=\"Programa Sangue Total de SC completa dois anos -\" \/>\n<meta property=\"og:description\" content=\"A iniciativa tem como objetivo aumentar as chances de sobrevida de pacientes graves por meio do atendimento aerom\u00e9dico\" \/>\n<meta property=\"og:url\" content=\"https:\/\/sulsc.com\/index.php\/2024\/07\/22\/programa-sangue-total-de-sc-completa-dois-anos\/\" \/>\n<meta property=\"article:author\" content=\"https:\/\/www.facebook.com\/profile.php?id=61559278119680\" \/>\n<meta property=\"article:published_time\" content=\"2024-07-22T14:00:56+00:00\" \/>\n<meta property=\"article:modified_time\" content=\"2024-07-22T13:31:12+00:00\" \/>\n<meta property=\"og:image\" content=\"https:\/\/sulsc.com\/wp-content\/uploads\/2024\/07\/Sangue-total-2.png\" \/>\n\t<meta property=\"og:image:width\" content=\"930\" \/>\n\t<meta property=\"og:image:height\" content=\"522\" \/>\n\t<meta property=\"og:image:type\" content=\"image\/png\" \/>\n<meta name=\"author\" content=\"Reda\u00e7\u00e3o Sul SC\" \/>\n<meta name=\"twitter:card\" content=\"summary_large_image\" \/>\n<meta name=\"twitter:creator\" content=\"@https:\/\/twitter.com\/PortalSulSC\" \/>\n<meta name=\"twitter:label1\" content=\"Written by\" \/>\n\t<meta name=\"twitter:data1\" content=\"Reda\u00e7\u00e3o Sul SC\" \/>\n\t<meta name=\"twitter:label2\" content=\"Est. reading time\" \/>\n\t<meta name=\"twitter:data2\" content=\"2 minutes\" \/>\n<script type=\"application\/ld+json\" class=\"yoast-schema-graph\">{\"@context\":\"https:\/\/schema.org\",\"@graph\":[{\"@type\":\"WebPage\",\"@id\":\"https:\/\/sulsc.com\/index.php\/2024\/07\/22\/programa-sangue-total-de-sc-completa-dois-anos\/\",\"url\":\"https:\/\/sulsc.com\/index.php\/2024\/07\/22\/programa-sangue-total-de-sc-completa-dois-anos\/\",\"name\":\"Programa Sangue Total de SC completa dois anos -\",\"isPartOf\":{\"@id\":\"https:\/\/sulsc.com\/#website\"},\"datePublished\":\"2024-07-22T14:00:56+00:00\",\"dateModified\":\"2024-07-22T13:31:12+00:00\",\"author\":{\"@id\":\"https:\/\/sulsc.com\/#\/schema\/person\/84d2fc571684f6248ba83092f07750a3\"},\"description\":\"A iniciativa tem como objetivo aumentar as chances de sobrevida de pacientes graves por meio do atendimento aerom\u00e9dico\",\"breadcrumb\":{\"@id\":\"https:\/\/sulsc.com\/index.php\/2024\/07\/22\/programa-sangue-total-de-sc-completa-dois-anos\/#breadcrumb\"},\"inLanguage\":\"en-US\",\"potentialAction\":[{\"@type\":\"ReadAction\",\"target\":[\"https:\/\/sulsc.com\/index.php\/2024\/07\/22\/programa-sangue-total-de-sc-completa-dois-anos\/\"]}]},{\"@type\":\"BreadcrumbList\",\"@id\":\"https:\/\/sulsc.com\/index.php\/2024\/07\/22\/programa-sangue-total-de-sc-completa-dois-anos\/#breadcrumb\",\"itemListElement\":[{\"@type\":\"ListItem\",\"position\":1,\"name\":\"In\u00edcio\",\"item\":\"https:\/\/sulsc.com\/\"},{\"@type\":\"ListItem\",\"position\":2,\"name\":\"Programa Sangue Total de SC completa dois anos\"}]},{\"@type\":\"WebSite\",\"@id\":\"https:\/\/sulsc.com\/#website\",\"url\":\"https:\/\/sulsc.com\/\",\"name\":\"\",\"description\":\"\",\"potentialAction\":[{\"@type\":\"SearchAction\",\"target\":{\"@type\":\"EntryPoint\",\"urlTemplate\":\"https:\/\/sulsc.com\/?s={search_term_string}\"},\"query-input\":\"required name=search_term_string\"}],\"inLanguage\":\"en-US\"},{\"@type\":\"Person\",\"@id\":\"https:\/\/sulsc.com\/#\/schema\/person\/84d2fc571684f6248ba83092f07750a3\",\"name\":\"Reda\u00e7\u00e3o Sul SC\",\"image\":{\"@type\":\"ImageObject\",\"inLanguage\":\"en-US\",\"@id\":\"https:\/\/sulsc.com\/#\/schema\/person\/image\/e08d7fe2cc4ed596372063bbe852b8d0\",\"url\":\"https:\/\/sulsc.com\/wp-content\/uploads\/2023\/09\/redacao.png\",\"contentUrl\":\"https:\/\/sulsc.com\/wp-content\/uploads\/2023\/09\/redacao.png\",\"caption\":\"Reda\u00e7\u00e3o Sul SC\"},\"description\":\"Foco em um jornalismo imparcial, voltado \u00e0 qualidade dos seus conte\u00fados e, assim, levar informa\u00e7\u00e3o de valor que agregue \u00e0 vida dos leitores. Esta \u00e9 grande miss\u00e3o do Portal de Not\u00edcias Sul SC. N\u00e3o \u00e9 quantidade que muda o mundo, sempre foi e seguir\u00e1 sendo qualidade!\",\"sameAs\":[\"https:\/\/sulsc.com\/\",\"https:\/\/www.facebook.com\/profile.php?id=61559278119680\",\"https:\/\/www.instagram.com\/sulscportal\/?hl=pt-br\",\"https:\/\/twitter.com\/https:\/\/twitter.com\/PortalSulSC\",\"https:\/\/www.youtube.com\/channel\/UCv_BE8GeySluDov2n8qhVmw\"],\"url\":\"https:\/\/sulsc.com\/index.php\/author\/redacao\/\"}]}<\/script>\n<!-- \/ Yoast SEO plugin. -->","yoast_head_json":{"title":"Programa Sangue Total de SC completa dois anos -","description":"A iniciativa tem como objetivo aumentar as chances de sobrevida de pacientes graves por meio do atendimento aerom\u00e9dico","robots":{"index":"index","follow":"follow","max-snippet":"max-snippet:-1","max-image-preview":"max-image-preview:large","max-video-preview":"max-video-preview:-1"},"canonical":"https:\/\/sulsc.com\/index.php\/2024\/07\/22\/programa-sangue-total-de-sc-completa-dois-anos\/","og_locale":"en_US","og_type":"article","og_title":"Programa Sangue Total de SC completa dois anos -","og_description":"A iniciativa tem como objetivo aumentar as chances de sobrevida de pacientes graves por meio do atendimento aerom\u00e9dico","og_url":"https:\/\/sulsc.com\/index.php\/2024\/07\/22\/programa-sangue-total-de-sc-completa-dois-anos\/","article_author":"https:\/\/www.facebook.com\/profile.php?id=61559278119680","article_published_time":"2024-07-22T14:00:56+00:00","article_modified_time":"2024-07-22T13:31:12+00:00","og_image":[{"width":930,"height":522,"url":"https:\/\/sulsc.com\/wp-content\/uploads\/2024\/07\/Sangue-total-2.png","type":"image\/png"}],"author":"Reda\u00e7\u00e3o Sul SC","twitter_card":"summary_large_image","twitter_creator":"@https:\/\/twitter.com\/PortalSulSC","twitter_misc":{"Written by":"Reda\u00e7\u00e3o Sul SC","Est. reading time":"2 minutes"},"schema":{"@context":"https:\/\/schema.org","@graph":[{"@type":"WebPage","@id":"https:\/\/sulsc.com\/index.php\/2024\/07\/22\/programa-sangue-total-de-sc-completa-dois-anos\/","url":"https:\/\/sulsc.com\/index.php\/2024\/07\/22\/programa-sangue-total-de-sc-completa-dois-anos\/","name":"Programa Sangue Total de SC completa dois anos -","isPartOf":{"@id":"https:\/\/sulsc.com\/#website"},"datePublished":"2024-07-22T14:00:56+00:00","dateModified":"2024-07-22T13:31:12+00:00","author":{"@id":"https:\/\/sulsc.com\/#\/schema\/person\/84d2fc571684f6248ba83092f07750a3"},"description":"A iniciativa tem como objetivo aumentar as chances de sobrevida de pacientes graves por meio do atendimento aerom\u00e9dico","breadcrumb":{"@id":"https:\/\/sulsc.com\/index.php\/2024\/07\/22\/programa-sangue-total-de-sc-completa-dois-anos\/#breadcrumb"},"inLanguage":"en-US","potentialAction":[{"@type":"ReadAction","target":["https:\/\/sulsc.com\/index.php\/2024\/07\/22\/programa-sangue-total-de-sc-completa-dois-anos\/"]}]},{"@type":"BreadcrumbList","@id":"https:\/\/sulsc.com\/index.php\/2024\/07\/22\/programa-sangue-total-de-sc-completa-dois-anos\/#breadcrumb","itemListElement":[{"@type":"ListItem","position":1,"name":"In\u00edcio","item":"https:\/\/sulsc.com\/"},{"@type":"ListItem","position":2,"name":"Programa Sangue Total de SC completa dois anos"}]},{"@type":"WebSite","@id":"https:\/\/sulsc.com\/#website","url":"https:\/\/sulsc.com\/","name":"","description":"","potentialAction":[{"@type":"SearchAction","target":{"@type":"EntryPoint","urlTemplate":"https:\/\/sulsc.com\/?s={search_term_string}"},"query-input":"required name=search_term_string"}],"inLanguage":"en-US"},{"@type":"Person","@id":"https:\/\/sulsc.com\/#\/schema\/person\/84d2fc571684f6248ba83092f07750a3","name":"Reda\u00e7\u00e3o Sul SC","image":{"@type":"ImageObject","inLanguage":"en-US","@id":"https:\/\/sulsc.com\/#\/schema\/person\/image\/e08d7fe2cc4ed596372063bbe852b8d0","url":"https:\/\/sulsc.com\/wp-content\/uploads\/2023\/09\/redacao.png","contentUrl":"https:\/\/sulsc.com\/wp-content\/uploads\/2023\/09\/redacao.png","caption":"Reda\u00e7\u00e3o Sul SC"},"description":"Foco em um jornalismo imparcial, voltado \u00e0 qualidade dos seus conte\u00fados e, assim, levar informa\u00e7\u00e3o de valor que agregue \u00e0 vida dos leitores. Esta \u00e9 grande miss\u00e3o do Portal de Not\u00edcias Sul SC. N\u00e3o \u00e9 quantidade que muda o mundo, sempre foi e seguir\u00e1 sendo qualidade!","sameAs":["https:\/\/sulsc.com\/","https:\/\/www.facebook.com\/profile.php?id=61559278119680","https:\/\/www.instagram.com\/sulscportal\/?hl=pt-br","https:\/\/twitter.com\/https:\/\/twitter.com\/PortalSulSC","https:\/\/www.youtube.com\/channel\/UCv_BE8GeySluDov2n8qhVmw"],"url":"https:\/\/sulsc.com\/index.php\/author\/redacao\/"}]}},"authors":[],"_links":{"self":[{"href":"https:\/\/sulsc.com\/index.php\/wp-json\/wp\/v2\/posts\/14989"}],"collection":[{"href":"https:\/\/sulsc.com\/index.php\/wp-json\/wp\/v2\/posts"}],"about":[{"href":"https:\/\/sulsc.com\/index.php\/wp-json\/wp\/v2\/types\/post"}],"author":[{"embeddable":true,"href":"https:\/\/sulsc.com\/index.php\/wp-json\/wp\/v2\/users\/3"}],"replies":[{"embeddable":true,"href":"https:\/\/sulsc.com\/index.php\/wp-json\/wp\/v2\/comments?post=14989"}],"version-history":[{"count":1,"href":"https:\/\/sulsc.com\/index.php\/wp-json\/wp\/v2\/posts\/14989\/revisions"}],"predecessor-version":[{"id":14991,"href":"https:\/\/sulsc.com\/index.php\/wp-json\/wp\/v2\/posts\/14989\/revisions\/14991"}],"wp:featuredmedia":[{"embeddable":true,"href":"https:\/\/sulsc.com\/index.php\/wp-json\/wp\/v2\/media\/14990"}],"wp:attachment":[{"href":"https:\/\/sulsc.com\/index.php\/wp-json\/wp\/v2\/media?parent=14989"}],"wp:term":[{"taxonomy":"category","embeddable":true,"href":"https:\/\/sulsc.com\/index.php\/wp-json\/wp\/v2\/categories?post=14989"},{"taxonomy":"post_tag","embeddable":true,"href":"https:\/\/sulsc.com\/index.php\/wp-json\/wp\/v2\/tags?post=14989"}],"curies":[{"name":"wp","href":"https:\/\/api.w.org\/{rel}","templated":true}]}}