{"id":15195,"date":"2024-07-26T11:00:08","date_gmt":"2024-07-26T14:00:08","guid":{"rendered":"https:\/\/sulsc.com\/?p=15195"},"modified":"2024-07-26T10:57:32","modified_gmt":"2024-07-26T13:57:32","slug":"carga-de-energia-sobe-61-em-junho-no-sistema-interligado-nacional","status":"publish","type":"post","link":"https:\/\/sulsc.com\/index.php\/2024\/07\/26\/carga-de-energia-sobe-61-em-junho-no-sistema-interligado-nacional\/","title":{"rendered":"Carga de energia sobe 6,1% em junho no Sistema Interligado Nacional"},"content":{"rendered":"<p>O Operador Nacional do Sistema El\u00e9trico (ONS) \u00e9 respons\u00e1vel pela coordena\u00e7\u00e3o e controle da opera\u00e7\u00e3o das instala\u00e7\u00f5es de gera\u00e7\u00e3o e transmiss\u00e3o de energia el\u00e9trica no SIN, al\u00e9m do planejamento da opera\u00e7\u00e3o dos sistemas isolados do pa\u00eds.\u00a0A carga de energia registrada no m\u00eas passado no Sistema Interligado Nacional (SIN) pelo ONS totalizou 75.697 megawatts m\u00e9dios (Mwmed), o que sinalizou um aumento de 6,1% se comparado a junho de 2023.<\/p>\n<p>No acumulado dos \u00faltimos 12 meses, o crescimento foi de 7,4% em rela\u00e7\u00e3o aos 12 meses anteriores. Os resultados foram divulgados nesta quinta-feira (25), no Rio de Janeiro, e constam do Boletim Mensal de Carga, elaborado pelo ONS.\u00a0Sob o comando do Operador, h\u00e1 161 hidrel\u00e9tricas em 22 bacias hidrogr\u00e1ficas, de m\u00faltiplos propriet\u00e1rios, que dever\u00e3o totalizar quase 110 gigawatts (GW) no SIN at\u00e9 2027.<\/p>\n<p><img fetchpriority=\"high\" decoding=\"async\" class=\"alignnone size-full wp-image-15197\" src=\"http:\/\/sulsc.com\/wp-content\/uploads\/2024\/07\/agencia_brasil170912_mca7693.webp\" alt=\"\" width=\"1170\" height=\"700\" srcset=\"https:\/\/sulsc.com\/wp-content\/uploads\/2024\/07\/agencia_brasil170912_mca7693.webp 1170w, https:\/\/sulsc.com\/wp-content\/uploads\/2024\/07\/agencia_brasil170912_mca7693-300x179.webp 300w, https:\/\/sulsc.com\/wp-content\/uploads\/2024\/07\/agencia_brasil170912_mca7693-1024x613.webp 1024w, https:\/\/sulsc.com\/wp-content\/uploads\/2024\/07\/agencia_brasil170912_mca7693-768x459.webp 768w\" sizes=\"(max-width: 1170px) 100vw, 1170px\" \/><\/p>\n<p>Segundo o ONS, a expans\u00e3o da carga foi observada tamb\u00e9m em todos os subsistemas no comparativo de junho de 2024 com junho 2023. O subsistema com a acelera\u00e7\u00e3o mais expressiva foi o Norte, com 8,9% (7.732 MWmed), seguido pelo Sudeste\/Centro-Oeste, com 6,4% (42.709 Mwmed); Sul, com 5,9% (12.900 Mwmed); e Nordeste, cujo avan\u00e7o foi de 3,5% (12.355 MWmed).<\/p>\n<p>Entre as causas que explicam esse aumento da carga est\u00e3o as condi\u00e7\u00f5es meteorol\u00f3gicas observadas no subsistema Sudeste\/Centro-Oeste, o principal centro consumidor de carga no pa\u00eds, que apresentou temperaturas m\u00e1ximas acima da m\u00e9dia hist\u00f3rica e n\u00edveis de precipita\u00e7\u00e3o inferiores \u00e0 m\u00e9dia.\u00a0No per\u00edodo dos \u00faltimos 12 meses, as eleva\u00e7\u00f5es nos acumulados foram de 10,2% (Regi\u00e3o Norte), 7,7% (Sudeste\/Centro-Oeste); 7,4% (Nordeste); e 4,6% (Sul).<\/p>\n","protected":false},"excerpt":{"rendered":"<p>O Operador Nacional do Sistema El\u00e9trico (ONS) \u00e9 respons\u00e1vel pela coordena\u00e7\u00e3o e controle da opera\u00e7\u00e3o das instala\u00e7\u00f5es de gera\u00e7\u00e3o e transmiss\u00e3o de energia el\u00e9trica no SIN, al\u00e9m do planejamento da opera\u00e7\u00e3o dos sistemas isolados do pa\u00eds.\u00a0A carga de energia registrada no m\u00eas passado no Sistema Interligado Nacional (SIN) pelo ONS totalizou 75.697 megawatts m\u00e9dios (Mwmed), &hellip;<\/p>\n<p class=\"read-more\"> <a class=\"\" href=\"https:\/\/sulsc.com\/index.php\/2024\/07\/26\/carga-de-energia-sobe-61-em-junho-no-sistema-interligado-nacional\/\"> <span class=\"screen-reader-text\">Carga de energia sobe 6,1% em junho no Sistema Interligado Nacional<\/span> Read More &raquo;<\/a><\/p>\n","protected":false},"author":3,"featured_media":15197,"comment_status":"open","ping_status":"open","sticky":false,"template":"","format":"standard","meta":{"site-sidebar-layout":"default","site-content-layout":"","ast-site-content-layout":"default","site-content-style":"default","site-sidebar-style":"default","ast-global-header-display":"","ast-banner-title-visibility":"","ast-main-header-display":"","ast-hfb-above-header-display":"","ast-hfb-below-header-display":"","ast-hfb-mobile-header-display":"","site-post-title":"","ast-breadcrumbs-content":"","ast-featured-img":"","footer-sml-layout":"","theme-transparent-header-meta":"default","adv-header-id-meta":"","stick-header-meta":"","header-above-stick-meta":"","header-main-stick-meta":"","header-below-stick-meta":"","astra-migrate-meta-layouts":"set","footnotes":""},"categories":[15],"tags":[2007,1638,846],"yoast_head":"<!-- This site is optimized with the Yoast SEO plugin v21.4 - https:\/\/yoast.com\/wordpress\/plugins\/seo\/ -->\n<title>Carga de energia sobe 6,1% em junho no Sistema Interligado Nacional -<\/title>\n<meta name=\"description\" content=\"No acumulado dos \u00faltimos 12 meses, o crescimento foi de 7,4% em rela\u00e7\u00e3o aos 12 meses anteriores. Os resultados foram divulgados nesta quinta\" \/>\n<meta name=\"robots\" content=\"index, follow, max-snippet:-1, max-image-preview:large, max-video-preview:-1\" \/>\n<link rel=\"canonical\" href=\"https:\/\/sulsc.com\/index.php\/2024\/07\/26\/carga-de-energia-sobe-61-em-junho-no-sistema-interligado-nacional\/\" \/>\n<meta property=\"og:locale\" content=\"en_US\" \/>\n<meta property=\"og:type\" content=\"article\" \/>\n<meta property=\"og:title\" content=\"Carga de energia sobe 6,1% em junho no Sistema Interligado Nacional -\" \/>\n<meta property=\"og:description\" content=\"No acumulado dos \u00faltimos 12 meses, o crescimento foi de 7,4% em rela\u00e7\u00e3o aos 12 meses anteriores. Os resultados foram divulgados nesta quinta\" \/>\n<meta property=\"og:url\" content=\"https:\/\/sulsc.com\/index.php\/2024\/07\/26\/carga-de-energia-sobe-61-em-junho-no-sistema-interligado-nacional\/\" \/>\n<meta property=\"article:author\" content=\"https:\/\/www.facebook.com\/profile.php?id=61559278119680\" \/>\n<meta property=\"article:published_time\" content=\"2024-07-26T14:00:08+00:00\" \/>\n<meta property=\"article:modified_time\" content=\"2024-07-26T13:57:32+00:00\" \/>\n<meta property=\"og:image\" content=\"https:\/\/sulsc.com\/wp-content\/uploads\/2024\/07\/agencia_brasil170912_mca7693.webp\" \/>\n\t<meta property=\"og:image:width\" content=\"1170\" \/>\n\t<meta property=\"og:image:height\" content=\"700\" \/>\n\t<meta property=\"og:image:type\" content=\"image\/webp\" \/>\n<meta name=\"author\" content=\"Reda\u00e7\u00e3o Sul SC\" \/>\n<meta name=\"twitter:card\" content=\"summary_large_image\" \/>\n<meta name=\"twitter:creator\" content=\"@https:\/\/twitter.com\/PortalSulSC\" \/>\n<meta name=\"twitter:label1\" content=\"Written by\" \/>\n\t<meta name=\"twitter:data1\" content=\"Reda\u00e7\u00e3o Sul SC\" \/>\n\t<meta name=\"twitter:label2\" content=\"Est. reading time\" \/>\n\t<meta name=\"twitter:data2\" content=\"2 minutes\" \/>\n<script type=\"application\/ld+json\" class=\"yoast-schema-graph\">{\"@context\":\"https:\/\/schema.org\",\"@graph\":[{\"@type\":\"WebPage\",\"@id\":\"https:\/\/sulsc.com\/index.php\/2024\/07\/26\/carga-de-energia-sobe-61-em-junho-no-sistema-interligado-nacional\/\",\"url\":\"https:\/\/sulsc.com\/index.php\/2024\/07\/26\/carga-de-energia-sobe-61-em-junho-no-sistema-interligado-nacional\/\",\"name\":\"Carga de energia sobe 6,1% em junho no Sistema Interligado Nacional -\",\"isPartOf\":{\"@id\":\"https:\/\/sulsc.com\/#website\"},\"datePublished\":\"2024-07-26T14:00:08+00:00\",\"dateModified\":\"2024-07-26T13:57:32+00:00\",\"author\":{\"@id\":\"https:\/\/sulsc.com\/#\/schema\/person\/84d2fc571684f6248ba83092f07750a3\"},\"description\":\"No acumulado dos \u00faltimos 12 meses, o crescimento foi de 7,4% em rela\u00e7\u00e3o aos 12 meses anteriores. Os resultados foram divulgados nesta quinta\",\"breadcrumb\":{\"@id\":\"https:\/\/sulsc.com\/index.php\/2024\/07\/26\/carga-de-energia-sobe-61-em-junho-no-sistema-interligado-nacional\/#breadcrumb\"},\"inLanguage\":\"en-US\",\"potentialAction\":[{\"@type\":\"ReadAction\",\"target\":[\"https:\/\/sulsc.com\/index.php\/2024\/07\/26\/carga-de-energia-sobe-61-em-junho-no-sistema-interligado-nacional\/\"]}]},{\"@type\":\"BreadcrumbList\",\"@id\":\"https:\/\/sulsc.com\/index.php\/2024\/07\/26\/carga-de-energia-sobe-61-em-junho-no-sistema-interligado-nacional\/#breadcrumb\",\"itemListElement\":[{\"@type\":\"ListItem\",\"position\":1,\"name\":\"In\u00edcio\",\"item\":\"https:\/\/sulsc.com\/\"},{\"@type\":\"ListItem\",\"position\":2,\"name\":\"Carga de energia sobe 6,1% em junho no Sistema Interligado Nacional\"}]},{\"@type\":\"WebSite\",\"@id\":\"https:\/\/sulsc.com\/#website\",\"url\":\"https:\/\/sulsc.com\/\",\"name\":\"\",\"description\":\"\",\"potentialAction\":[{\"@type\":\"SearchAction\",\"target\":{\"@type\":\"EntryPoint\",\"urlTemplate\":\"https:\/\/sulsc.com\/?s={search_term_string}\"},\"query-input\":\"required name=search_term_string\"}],\"inLanguage\":\"en-US\"},{\"@type\":\"Person\",\"@id\":\"https:\/\/sulsc.com\/#\/schema\/person\/84d2fc571684f6248ba83092f07750a3\",\"name\":\"Reda\u00e7\u00e3o Sul SC\",\"image\":{\"@type\":\"ImageObject\",\"inLanguage\":\"en-US\",\"@id\":\"https:\/\/sulsc.com\/#\/schema\/person\/image\/e08d7fe2cc4ed596372063bbe852b8d0\",\"url\":\"https:\/\/sulsc.com\/wp-content\/uploads\/2023\/09\/redacao.png\",\"contentUrl\":\"https:\/\/sulsc.com\/wp-content\/uploads\/2023\/09\/redacao.png\",\"caption\":\"Reda\u00e7\u00e3o Sul SC\"},\"description\":\"Foco em um jornalismo imparcial, voltado \u00e0 qualidade dos seus conte\u00fados e, assim, levar informa\u00e7\u00e3o de valor que agregue \u00e0 vida dos leitores. Esta \u00e9 grande miss\u00e3o do Portal de Not\u00edcias Sul SC. N\u00e3o \u00e9 quantidade que muda o mundo, sempre foi e seguir\u00e1 sendo qualidade!\",\"sameAs\":[\"https:\/\/sulsc.com\/\",\"https:\/\/www.facebook.com\/profile.php?id=61559278119680\",\"https:\/\/www.instagram.com\/sulscportal\/?hl=pt-br\",\"https:\/\/twitter.com\/https:\/\/twitter.com\/PortalSulSC\",\"https:\/\/www.youtube.com\/channel\/UCv_BE8GeySluDov2n8qhVmw\"],\"url\":\"https:\/\/sulsc.com\/index.php\/author\/redacao\/\"}]}<\/script>\n<!-- \/ Yoast SEO plugin. -->","yoast_head_json":{"title":"Carga de energia sobe 6,1% em junho no Sistema Interligado Nacional -","description":"No acumulado dos \u00faltimos 12 meses, o crescimento foi de 7,4% em rela\u00e7\u00e3o aos 12 meses anteriores. Os resultados foram divulgados nesta quinta","robots":{"index":"index","follow":"follow","max-snippet":"max-snippet:-1","max-image-preview":"max-image-preview:large","max-video-preview":"max-video-preview:-1"},"canonical":"https:\/\/sulsc.com\/index.php\/2024\/07\/26\/carga-de-energia-sobe-61-em-junho-no-sistema-interligado-nacional\/","og_locale":"en_US","og_type":"article","og_title":"Carga de energia sobe 6,1% em junho no Sistema Interligado Nacional -","og_description":"No acumulado dos \u00faltimos 12 meses, o crescimento foi de 7,4% em rela\u00e7\u00e3o aos 12 meses anteriores. Os resultados foram divulgados nesta quinta","og_url":"https:\/\/sulsc.com\/index.php\/2024\/07\/26\/carga-de-energia-sobe-61-em-junho-no-sistema-interligado-nacional\/","article_author":"https:\/\/www.facebook.com\/profile.php?id=61559278119680","article_published_time":"2024-07-26T14:00:08+00:00","article_modified_time":"2024-07-26T13:57:32+00:00","og_image":[{"width":1170,"height":700,"url":"https:\/\/sulsc.com\/wp-content\/uploads\/2024\/07\/agencia_brasil170912_mca7693.webp","type":"image\/webp"}],"author":"Reda\u00e7\u00e3o Sul SC","twitter_card":"summary_large_image","twitter_creator":"@https:\/\/twitter.com\/PortalSulSC","twitter_misc":{"Written by":"Reda\u00e7\u00e3o Sul SC","Est. reading time":"2 minutes"},"schema":{"@context":"https:\/\/schema.org","@graph":[{"@type":"WebPage","@id":"https:\/\/sulsc.com\/index.php\/2024\/07\/26\/carga-de-energia-sobe-61-em-junho-no-sistema-interligado-nacional\/","url":"https:\/\/sulsc.com\/index.php\/2024\/07\/26\/carga-de-energia-sobe-61-em-junho-no-sistema-interligado-nacional\/","name":"Carga de energia sobe 6,1% em junho no Sistema Interligado Nacional -","isPartOf":{"@id":"https:\/\/sulsc.com\/#website"},"datePublished":"2024-07-26T14:00:08+00:00","dateModified":"2024-07-26T13:57:32+00:00","author":{"@id":"https:\/\/sulsc.com\/#\/schema\/person\/84d2fc571684f6248ba83092f07750a3"},"description":"No acumulado dos \u00faltimos 12 meses, o crescimento foi de 7,4% em rela\u00e7\u00e3o aos 12 meses anteriores. Os resultados foram divulgados nesta quinta","breadcrumb":{"@id":"https:\/\/sulsc.com\/index.php\/2024\/07\/26\/carga-de-energia-sobe-61-em-junho-no-sistema-interligado-nacional\/#breadcrumb"},"inLanguage":"en-US","potentialAction":[{"@type":"ReadAction","target":["https:\/\/sulsc.com\/index.php\/2024\/07\/26\/carga-de-energia-sobe-61-em-junho-no-sistema-interligado-nacional\/"]}]},{"@type":"BreadcrumbList","@id":"https:\/\/sulsc.com\/index.php\/2024\/07\/26\/carga-de-energia-sobe-61-em-junho-no-sistema-interligado-nacional\/#breadcrumb","itemListElement":[{"@type":"ListItem","position":1,"name":"In\u00edcio","item":"https:\/\/sulsc.com\/"},{"@type":"ListItem","position":2,"name":"Carga de energia sobe 6,1% em junho no Sistema Interligado Nacional"}]},{"@type":"WebSite","@id":"https:\/\/sulsc.com\/#website","url":"https:\/\/sulsc.com\/","name":"","description":"","potentialAction":[{"@type":"SearchAction","target":{"@type":"EntryPoint","urlTemplate":"https:\/\/sulsc.com\/?s={search_term_string}"},"query-input":"required name=search_term_string"}],"inLanguage":"en-US"},{"@type":"Person","@id":"https:\/\/sulsc.com\/#\/schema\/person\/84d2fc571684f6248ba83092f07750a3","name":"Reda\u00e7\u00e3o Sul SC","image":{"@type":"ImageObject","inLanguage":"en-US","@id":"https:\/\/sulsc.com\/#\/schema\/person\/image\/e08d7fe2cc4ed596372063bbe852b8d0","url":"https:\/\/sulsc.com\/wp-content\/uploads\/2023\/09\/redacao.png","contentUrl":"https:\/\/sulsc.com\/wp-content\/uploads\/2023\/09\/redacao.png","caption":"Reda\u00e7\u00e3o Sul SC"},"description":"Foco em um jornalismo imparcial, voltado \u00e0 qualidade dos seus conte\u00fados e, assim, levar informa\u00e7\u00e3o de valor que agregue \u00e0 vida dos leitores. Esta \u00e9 grande miss\u00e3o do Portal de Not\u00edcias Sul SC. N\u00e3o \u00e9 quantidade que muda o mundo, sempre foi e seguir\u00e1 sendo qualidade!","sameAs":["https:\/\/sulsc.com\/","https:\/\/www.facebook.com\/profile.php?id=61559278119680","https:\/\/www.instagram.com\/sulscportal\/?hl=pt-br","https:\/\/twitter.com\/https:\/\/twitter.com\/PortalSulSC","https:\/\/www.youtube.com\/channel\/UCv_BE8GeySluDov2n8qhVmw"],"url":"https:\/\/sulsc.com\/index.php\/author\/redacao\/"}]}},"authors":[],"_links":{"self":[{"href":"https:\/\/sulsc.com\/index.php\/wp-json\/wp\/v2\/posts\/15195"}],"collection":[{"href":"https:\/\/sulsc.com\/index.php\/wp-json\/wp\/v2\/posts"}],"about":[{"href":"https:\/\/sulsc.com\/index.php\/wp-json\/wp\/v2\/types\/post"}],"author":[{"embeddable":true,"href":"https:\/\/sulsc.com\/index.php\/wp-json\/wp\/v2\/users\/3"}],"replies":[{"embeddable":true,"href":"https:\/\/sulsc.com\/index.php\/wp-json\/wp\/v2\/comments?post=15195"}],"version-history":[{"count":2,"href":"https:\/\/sulsc.com\/index.php\/wp-json\/wp\/v2\/posts\/15195\/revisions"}],"predecessor-version":[{"id":15198,"href":"https:\/\/sulsc.com\/index.php\/wp-json\/wp\/v2\/posts\/15195\/revisions\/15198"}],"wp:featuredmedia":[{"embeddable":true,"href":"https:\/\/sulsc.com\/index.php\/wp-json\/wp\/v2\/media\/15197"}],"wp:attachment":[{"href":"https:\/\/sulsc.com\/index.php\/wp-json\/wp\/v2\/media?parent=15195"}],"wp:term":[{"taxonomy":"category","embeddable":true,"href":"https:\/\/sulsc.com\/index.php\/wp-json\/wp\/v2\/categories?post=15195"},{"taxonomy":"post_tag","embeddable":true,"href":"https:\/\/sulsc.com\/index.php\/wp-json\/wp\/v2\/tags?post=15195"}],"curies":[{"name":"wp","href":"https:\/\/api.w.org\/{rel}","templated":true}]}}