{"id":15600,"date":"2024-08-13T10:33:49","date_gmt":"2024-08-13T13:33:49","guid":{"rendered":"https:\/\/sulsc.com\/?p=15600"},"modified":"2024-08-13T10:33:49","modified_gmt":"2024-08-13T13:33:49","slug":"tribunal-do-juri-em-tubarao-condena-reu-que-matou-homem-a-pauladas-e-ateou-fogo-em-residencia","status":"publish","type":"post","link":"https:\/\/sulsc.com\/index.php\/2024\/08\/13\/tribunal-do-juri-em-tubarao-condena-reu-que-matou-homem-a-pauladas-e-ateou-fogo-em-residencia\/","title":{"rendered":"Tribunal do J\u00fari em Tubar\u00e3o condena r\u00e9u que matou homem a pauladas e ateou fogo em resid\u00eancia"},"content":{"rendered":"<p>Foi condenado a 21 anos de pris\u00e3o em regime inicial fechado o autor de um homic\u00eddio qualificado praticado na cidade de Tubar\u00e3o. O r\u00e9u foi respons\u00e1vel pela morte, a pauladas, de um homem em 2021 no bairro Oficinas. A sess\u00e3o do Tribunal do J\u00fari ocorreu na \u00faltima sexta-feira (9\/8) e os jurados acataram a den\u00fancia apresentada pelo Minist\u00e9rio P\u00fablico de Santa Catarina (MPSC). O mandante do crime j\u00e1 havia sido condenado.<\/p>\n<p><img fetchpriority=\"high\" decoding=\"async\" class=\"aligncenter size-full wp-image-14623\" src=\"http:\/\/sulsc.com\/wp-content\/uploads\/2024\/07\/justica-2-scaled.jpg\" alt=\"\" width=\"2560\" height=\"1707\" srcset=\"https:\/\/sulsc.com\/wp-content\/uploads\/2024\/07\/justica-2-scaled.jpg 2560w, https:\/\/sulsc.com\/wp-content\/uploads\/2024\/07\/justica-2-300x200.jpg 300w, https:\/\/sulsc.com\/wp-content\/uploads\/2024\/07\/justica-2-1024x683.jpg 1024w, https:\/\/sulsc.com\/wp-content\/uploads\/2024\/07\/justica-2-768x512.jpg 768w, https:\/\/sulsc.com\/wp-content\/uploads\/2024\/07\/justica-2-1536x1024.jpg 1536w, https:\/\/sulsc.com\/wp-content\/uploads\/2024\/07\/justica-2-2048x1365.jpg 2048w\" sizes=\"(max-width: 2560px) 100vw, 2560px\" \/><\/p>\n<p>Conforme sustentando no tribunal pelo Promotor de Justi\u00e7a Marcus Vinicius dos Santos, no dia do crime, por volta das 22h45, o r\u00e9u dirigiu-se at\u00e9 a resid\u00eancia da v\u00edtima e lhe desferiu diversas pauladas na cabe\u00e7a, provocando graves traumatismos cranioencef\u00e1licos, que foram a causa da morte. Na sequ\u00eancia, ele ateou fogo \u00e0 casa, que ficou totalmente destru\u00edda.<\/p>\n<p>Crime foi premeditado e ordenado por outro homem<\/p>\n<p>O crime teve o envolvimento de dois homens: o mandante, julgado anteriormente, e o executor, que esteve na resid\u00eancia e praticou os crimes. O mandante foi condenado no Tribunal do J\u00fari em janeiro de 2023, tendo recebido pena de 21 anos e quatro meses de pris\u00e3o. O executor integra fac\u00e7\u00e3o criminosa e tinha envolvimento com o tr\u00e1fico de drogas na localidade do fato.<\/p>\n<p>O homic\u00eddio se deu por motivo torpe, j\u00e1 que foi movido por desejo de vingan\u00e7a, devido ao fato de o mandante acreditar que a v\u00edtima o teria denunciado ao Conselho Tutelar por maus-tratos contra seu filho. Ele tamb\u00e9m acreditava que v\u00edtima teria sido a causadora de um inc\u00eandio que danificou seu ve\u00edculo dias antes do crime, o que n\u00e3o ficou demonstrado.<\/p>\n<p>&#8220;Prestes a completar tr\u00eas anos do cometimento do crime, foi poss\u00edvel encerrar este cap\u00edtulo. O Minist\u00e9rio P\u00fablico, atrav\u00e9s da 9\u00aa Promotoria de Tubar\u00e3o, obteve a condena\u00e7\u00e3o tanto do executor quanto do mandante com penas expressivas e compat\u00edveis com a brutalidade do crime, que foi premeditado e executado de maneira fria e covarde&#8221;, disse o Promotor.<\/p>\n","protected":false},"excerpt":{"rendered":"<p>Foi condenado a 21 anos de pris\u00e3o em regime inicial fechado o autor de um homic\u00eddio qualificado praticado na cidade de Tubar\u00e3o. O r\u00e9u foi respons\u00e1vel pela morte, a pauladas, de um homem em 2021 no bairro Oficinas. A sess\u00e3o do Tribunal do J\u00fari ocorreu na \u00faltima sexta-feira (9\/8) e os jurados acataram a den\u00fancia &hellip;<\/p>\n<p class=\"read-more\"> <a class=\"\" href=\"https:\/\/sulsc.com\/index.php\/2024\/08\/13\/tribunal-do-juri-em-tubarao-condena-reu-que-matou-homem-a-pauladas-e-ateou-fogo-em-residencia\/\"> <span class=\"screen-reader-text\">Tribunal do J\u00fari em Tubar\u00e3o condena r\u00e9u que matou homem a pauladas e ateou fogo em resid\u00eancia<\/span> Read More &raquo;<\/a><\/p>\n","protected":false},"author":3,"featured_media":1573,"comment_status":"open","ping_status":"open","sticky":false,"template":"","format":"standard","meta":{"site-sidebar-layout":"default","site-content-layout":"","ast-site-content-layout":"default","site-content-style":"default","site-sidebar-style":"default","ast-global-header-display":"","ast-banner-title-visibility":"","ast-main-header-display":"","ast-hfb-above-header-display":"","ast-hfb-below-header-display":"","ast-hfb-mobile-header-display":"","site-post-title":"","ast-breadcrumbs-content":"","ast-featured-img":"","footer-sml-layout":"","theme-transparent-header-meta":"default","adv-header-id-meta":"","stick-header-meta":"","header-above-stick-meta":"","header-main-stick-meta":"","header-below-stick-meta":"","astra-migrate-meta-layouts":"set","footnotes":""},"categories":[21],"tags":[146],"yoast_head":"<!-- This site is optimized with the Yoast SEO plugin v21.4 - https:\/\/yoast.com\/wordpress\/plugins\/seo\/ -->\n<title>Tribunal do J\u00fari em Tubar\u00e3o condena r\u00e9u que matou homem a pauladas e ateou fogo em resid\u00eancia -<\/title>\n<meta name=\"description\" content=\"Executor do crime recebeu pena de 21 anos de pris\u00e3o por homic\u00eddio qualificado e inc\u00eandio a resid\u00eancia habitada\" \/>\n<meta name=\"robots\" content=\"index, follow, max-snippet:-1, max-image-preview:large, max-video-preview:-1\" \/>\n<link rel=\"canonical\" href=\"https:\/\/sulsc.com\/index.php\/2024\/08\/13\/tribunal-do-juri-em-tubarao-condena-reu-que-matou-homem-a-pauladas-e-ateou-fogo-em-residencia\/\" \/>\n<meta property=\"og:locale\" content=\"en_US\" \/>\n<meta property=\"og:type\" content=\"article\" \/>\n<meta property=\"og:title\" content=\"Tribunal do J\u00fari em Tubar\u00e3o condena r\u00e9u que matou homem a pauladas e ateou fogo em resid\u00eancia -\" \/>\n<meta property=\"og:description\" content=\"Executor do crime recebeu pena de 21 anos de pris\u00e3o por homic\u00eddio qualificado e inc\u00eandio a resid\u00eancia habitada\" \/>\n<meta property=\"og:url\" content=\"https:\/\/sulsc.com\/index.php\/2024\/08\/13\/tribunal-do-juri-em-tubarao-condena-reu-que-matou-homem-a-pauladas-e-ateou-fogo-em-residencia\/\" \/>\n<meta property=\"article:author\" content=\"https:\/\/www.facebook.com\/profile.php?id=61559278119680\" \/>\n<meta property=\"article:published_time\" content=\"2024-08-13T13:33:49+00:00\" \/>\n<meta property=\"og:image\" content=\"http:\/\/sulsc.com\/wp-content\/uploads\/2023\/09\/martelo-julgamento-justica-scaled.jpg\" \/>\n\t<meta property=\"og:image:width\" content=\"2560\" \/>\n\t<meta property=\"og:image:height\" content=\"1716\" \/>\n\t<meta property=\"og:image:type\" content=\"image\/jpeg\" \/>\n<meta name=\"author\" content=\"Reda\u00e7\u00e3o Sul SC\" \/>\n<meta name=\"twitter:card\" content=\"summary_large_image\" \/>\n<meta name=\"twitter:creator\" content=\"@https:\/\/twitter.com\/PortalSulSC\" \/>\n<meta name=\"twitter:label1\" content=\"Written by\" \/>\n\t<meta name=\"twitter:data1\" content=\"Reda\u00e7\u00e3o Sul SC\" \/>\n\t<meta name=\"twitter:label2\" content=\"Est. reading time\" \/>\n\t<meta name=\"twitter:data2\" content=\"2 minutes\" \/>\n<script type=\"application\/ld+json\" class=\"yoast-schema-graph\">{\"@context\":\"https:\/\/schema.org\",\"@graph\":[{\"@type\":\"WebPage\",\"@id\":\"https:\/\/sulsc.com\/index.php\/2024\/08\/13\/tribunal-do-juri-em-tubarao-condena-reu-que-matou-homem-a-pauladas-e-ateou-fogo-em-residencia\/\",\"url\":\"https:\/\/sulsc.com\/index.php\/2024\/08\/13\/tribunal-do-juri-em-tubarao-condena-reu-que-matou-homem-a-pauladas-e-ateou-fogo-em-residencia\/\",\"name\":\"Tribunal do J\u00fari em Tubar\u00e3o condena r\u00e9u que matou homem a pauladas e ateou fogo em resid\u00eancia -\",\"isPartOf\":{\"@id\":\"https:\/\/sulsc.com\/#website\"},\"datePublished\":\"2024-08-13T13:33:49+00:00\",\"dateModified\":\"2024-08-13T13:33:49+00:00\",\"author\":{\"@id\":\"https:\/\/sulsc.com\/#\/schema\/person\/84d2fc571684f6248ba83092f07750a3\"},\"description\":\"Executor do crime recebeu pena de 21 anos de pris\u00e3o por homic\u00eddio qualificado e inc\u00eandio a resid\u00eancia habitada\",\"breadcrumb\":{\"@id\":\"https:\/\/sulsc.com\/index.php\/2024\/08\/13\/tribunal-do-juri-em-tubarao-condena-reu-que-matou-homem-a-pauladas-e-ateou-fogo-em-residencia\/#breadcrumb\"},\"inLanguage\":\"en-US\",\"potentialAction\":[{\"@type\":\"ReadAction\",\"target\":[\"https:\/\/sulsc.com\/index.php\/2024\/08\/13\/tribunal-do-juri-em-tubarao-condena-reu-que-matou-homem-a-pauladas-e-ateou-fogo-em-residencia\/\"]}]},{\"@type\":\"BreadcrumbList\",\"@id\":\"https:\/\/sulsc.com\/index.php\/2024\/08\/13\/tribunal-do-juri-em-tubarao-condena-reu-que-matou-homem-a-pauladas-e-ateou-fogo-em-residencia\/#breadcrumb\",\"itemListElement\":[{\"@type\":\"ListItem\",\"position\":1,\"name\":\"In\u00edcio\",\"item\":\"https:\/\/sulsc.com\/\"},{\"@type\":\"ListItem\",\"position\":2,\"name\":\"Tribunal do J\u00fari em Tubar\u00e3o condena r\u00e9u que matou homem a pauladas e ateou fogo em resid\u00eancia\"}]},{\"@type\":\"WebSite\",\"@id\":\"https:\/\/sulsc.com\/#website\",\"url\":\"https:\/\/sulsc.com\/\",\"name\":\"\",\"description\":\"\",\"potentialAction\":[{\"@type\":\"SearchAction\",\"target\":{\"@type\":\"EntryPoint\",\"urlTemplate\":\"https:\/\/sulsc.com\/?s={search_term_string}\"},\"query-input\":\"required name=search_term_string\"}],\"inLanguage\":\"en-US\"},{\"@type\":\"Person\",\"@id\":\"https:\/\/sulsc.com\/#\/schema\/person\/84d2fc571684f6248ba83092f07750a3\",\"name\":\"Reda\u00e7\u00e3o Sul SC\",\"image\":{\"@type\":\"ImageObject\",\"inLanguage\":\"en-US\",\"@id\":\"https:\/\/sulsc.com\/#\/schema\/person\/image\/e08d7fe2cc4ed596372063bbe852b8d0\",\"url\":\"https:\/\/sulsc.com\/wp-content\/uploads\/2023\/09\/redacao.png\",\"contentUrl\":\"https:\/\/sulsc.com\/wp-content\/uploads\/2023\/09\/redacao.png\",\"caption\":\"Reda\u00e7\u00e3o Sul SC\"},\"description\":\"Foco em um jornalismo imparcial, voltado \u00e0 qualidade dos seus conte\u00fados e, assim, levar informa\u00e7\u00e3o de valor que agregue \u00e0 vida dos leitores. Esta \u00e9 grande miss\u00e3o do Portal de Not\u00edcias Sul SC. N\u00e3o \u00e9 quantidade que muda o mundo, sempre foi e seguir\u00e1 sendo qualidade!\",\"sameAs\":[\"https:\/\/sulsc.com\/\",\"https:\/\/www.facebook.com\/profile.php?id=61559278119680\",\"https:\/\/www.instagram.com\/sulscportal\/?hl=pt-br\",\"https:\/\/twitter.com\/https:\/\/twitter.com\/PortalSulSC\",\"https:\/\/www.youtube.com\/channel\/UCv_BE8GeySluDov2n8qhVmw\"],\"url\":\"https:\/\/sulsc.com\/index.php\/author\/redacao\/\"}]}<\/script>\n<!-- \/ Yoast SEO plugin. -->","yoast_head_json":{"title":"Tribunal do J\u00fari em Tubar\u00e3o condena r\u00e9u que matou homem a pauladas e ateou fogo em resid\u00eancia -","description":"Executor do crime recebeu pena de 21 anos de pris\u00e3o por homic\u00eddio qualificado e inc\u00eandio a resid\u00eancia habitada","robots":{"index":"index","follow":"follow","max-snippet":"max-snippet:-1","max-image-preview":"max-image-preview:large","max-video-preview":"max-video-preview:-1"},"canonical":"https:\/\/sulsc.com\/index.php\/2024\/08\/13\/tribunal-do-juri-em-tubarao-condena-reu-que-matou-homem-a-pauladas-e-ateou-fogo-em-residencia\/","og_locale":"en_US","og_type":"article","og_title":"Tribunal do J\u00fari em Tubar\u00e3o condena r\u00e9u que matou homem a pauladas e ateou fogo em resid\u00eancia -","og_description":"Executor do crime recebeu pena de 21 anos de pris\u00e3o por homic\u00eddio qualificado e inc\u00eandio a resid\u00eancia habitada","og_url":"https:\/\/sulsc.com\/index.php\/2024\/08\/13\/tribunal-do-juri-em-tubarao-condena-reu-que-matou-homem-a-pauladas-e-ateou-fogo-em-residencia\/","article_author":"https:\/\/www.facebook.com\/profile.php?id=61559278119680","article_published_time":"2024-08-13T13:33:49+00:00","og_image":[{"width":2560,"height":1716,"url":"http:\/\/sulsc.com\/wp-content\/uploads\/2023\/09\/martelo-julgamento-justica-scaled.jpg","type":"image\/jpeg"}],"author":"Reda\u00e7\u00e3o Sul SC","twitter_card":"summary_large_image","twitter_creator":"@https:\/\/twitter.com\/PortalSulSC","twitter_misc":{"Written by":"Reda\u00e7\u00e3o Sul SC","Est. reading time":"2 minutes"},"schema":{"@context":"https:\/\/schema.org","@graph":[{"@type":"WebPage","@id":"https:\/\/sulsc.com\/index.php\/2024\/08\/13\/tribunal-do-juri-em-tubarao-condena-reu-que-matou-homem-a-pauladas-e-ateou-fogo-em-residencia\/","url":"https:\/\/sulsc.com\/index.php\/2024\/08\/13\/tribunal-do-juri-em-tubarao-condena-reu-que-matou-homem-a-pauladas-e-ateou-fogo-em-residencia\/","name":"Tribunal do J\u00fari em Tubar\u00e3o condena r\u00e9u que matou homem a pauladas e ateou fogo em resid\u00eancia -","isPartOf":{"@id":"https:\/\/sulsc.com\/#website"},"datePublished":"2024-08-13T13:33:49+00:00","dateModified":"2024-08-13T13:33:49+00:00","author":{"@id":"https:\/\/sulsc.com\/#\/schema\/person\/84d2fc571684f6248ba83092f07750a3"},"description":"Executor do crime recebeu pena de 21 anos de pris\u00e3o por homic\u00eddio qualificado e inc\u00eandio a resid\u00eancia habitada","breadcrumb":{"@id":"https:\/\/sulsc.com\/index.php\/2024\/08\/13\/tribunal-do-juri-em-tubarao-condena-reu-que-matou-homem-a-pauladas-e-ateou-fogo-em-residencia\/#breadcrumb"},"inLanguage":"en-US","potentialAction":[{"@type":"ReadAction","target":["https:\/\/sulsc.com\/index.php\/2024\/08\/13\/tribunal-do-juri-em-tubarao-condena-reu-que-matou-homem-a-pauladas-e-ateou-fogo-em-residencia\/"]}]},{"@type":"BreadcrumbList","@id":"https:\/\/sulsc.com\/index.php\/2024\/08\/13\/tribunal-do-juri-em-tubarao-condena-reu-que-matou-homem-a-pauladas-e-ateou-fogo-em-residencia\/#breadcrumb","itemListElement":[{"@type":"ListItem","position":1,"name":"In\u00edcio","item":"https:\/\/sulsc.com\/"},{"@type":"ListItem","position":2,"name":"Tribunal do J\u00fari em Tubar\u00e3o condena r\u00e9u que matou homem a pauladas e ateou fogo em resid\u00eancia"}]},{"@type":"WebSite","@id":"https:\/\/sulsc.com\/#website","url":"https:\/\/sulsc.com\/","name":"","description":"","potentialAction":[{"@type":"SearchAction","target":{"@type":"EntryPoint","urlTemplate":"https:\/\/sulsc.com\/?s={search_term_string}"},"query-input":"required name=search_term_string"}],"inLanguage":"en-US"},{"@type":"Person","@id":"https:\/\/sulsc.com\/#\/schema\/person\/84d2fc571684f6248ba83092f07750a3","name":"Reda\u00e7\u00e3o Sul SC","image":{"@type":"ImageObject","inLanguage":"en-US","@id":"https:\/\/sulsc.com\/#\/schema\/person\/image\/e08d7fe2cc4ed596372063bbe852b8d0","url":"https:\/\/sulsc.com\/wp-content\/uploads\/2023\/09\/redacao.png","contentUrl":"https:\/\/sulsc.com\/wp-content\/uploads\/2023\/09\/redacao.png","caption":"Reda\u00e7\u00e3o Sul SC"},"description":"Foco em um jornalismo imparcial, voltado \u00e0 qualidade dos seus conte\u00fados e, assim, levar informa\u00e7\u00e3o de valor que agregue \u00e0 vida dos leitores. Esta \u00e9 grande miss\u00e3o do Portal de Not\u00edcias Sul SC. N\u00e3o \u00e9 quantidade que muda o mundo, sempre foi e seguir\u00e1 sendo qualidade!","sameAs":["https:\/\/sulsc.com\/","https:\/\/www.facebook.com\/profile.php?id=61559278119680","https:\/\/www.instagram.com\/sulscportal\/?hl=pt-br","https:\/\/twitter.com\/https:\/\/twitter.com\/PortalSulSC","https:\/\/www.youtube.com\/channel\/UCv_BE8GeySluDov2n8qhVmw"],"url":"https:\/\/sulsc.com\/index.php\/author\/redacao\/"}]}},"authors":[],"_links":{"self":[{"href":"https:\/\/sulsc.com\/index.php\/wp-json\/wp\/v2\/posts\/15600"}],"collection":[{"href":"https:\/\/sulsc.com\/index.php\/wp-json\/wp\/v2\/posts"}],"about":[{"href":"https:\/\/sulsc.com\/index.php\/wp-json\/wp\/v2\/types\/post"}],"author":[{"embeddable":true,"href":"https:\/\/sulsc.com\/index.php\/wp-json\/wp\/v2\/users\/3"}],"replies":[{"embeddable":true,"href":"https:\/\/sulsc.com\/index.php\/wp-json\/wp\/v2\/comments?post=15600"}],"version-history":[{"count":1,"href":"https:\/\/sulsc.com\/index.php\/wp-json\/wp\/v2\/posts\/15600\/revisions"}],"predecessor-version":[{"id":15601,"href":"https:\/\/sulsc.com\/index.php\/wp-json\/wp\/v2\/posts\/15600\/revisions\/15601"}],"wp:featuredmedia":[{"embeddable":true,"href":"https:\/\/sulsc.com\/index.php\/wp-json\/wp\/v2\/media\/1573"}],"wp:attachment":[{"href":"https:\/\/sulsc.com\/index.php\/wp-json\/wp\/v2\/media?parent=15600"}],"wp:term":[{"taxonomy":"category","embeddable":true,"href":"https:\/\/sulsc.com\/index.php\/wp-json\/wp\/v2\/categories?post=15600"},{"taxonomy":"post_tag","embeddable":true,"href":"https:\/\/sulsc.com\/index.php\/wp-json\/wp\/v2\/tags?post=15600"}],"curies":[{"name":"wp","href":"https:\/\/api.w.org\/{rel}","templated":true}]}}