{"id":1568,"date":"2023-09-28T15:20:58","date_gmt":"2023-09-28T18:20:58","guid":{"rendered":"https:\/\/sulsc.com\/?p=1568"},"modified":"2023-09-28T14:58:07","modified_gmt":"2023-09-28T17:58:07","slug":"capivari-de-baixo-recebe-o-challenge-internacional-de-basquete-3x3-a-partir-desta-sexta-feira-29","status":"publish","type":"post","link":"https:\/\/sulsc.com\/index.php\/2023\/09\/28\/capivari-de-baixo-recebe-o-challenge-internacional-de-basquete-3x3-a-partir-desta-sexta-feira-29\/","title":{"rendered":"Capivari de Baixo recebe o Challenge Internacional de Basquete 3\u00d73 a partir desta sexta-feira (29)"},"content":{"rendered":"<p>Capivari de Baixo recebe esta semana o Challenge Internacional VI de Basquete 3\u00d73, maior evento da modalidade no Brasil. A competi\u00e7\u00e3o ocorre entre os dias 29 de setembro a 1\u00ba de outubro no Parque Diamante + Energia. Esta \u00e9 a segunda vez que a disputa \u00e9 realizada no munic\u00edpio.<\/p>\n<p>Como o nome sugere, no 3\u00d73 cada equipe \u00e9 composta por tr\u00eas jogadores em quadra, mais um substituto. O jogo \u00e9 disputado em uma \u00e1rea menor (15m x 11m) que funciona como metade da quadra padr\u00e3o, com uma cesta s\u00f3, mantendo as marca\u00e7\u00f5es originais.<\/p>\n<p>O Challenge Internacional V de Basquete 3\u00d73 \u00e9 organizada pela FIBA3x3 e ANB3x3.A Prefeitura de Capivari de Baixo e o Parque Diamante + Energia apoiam o evento. A etapa tem a chancela da Federa\u00e7\u00e3o Catarinense de Basquetebol (FCB) da Confedera\u00e7\u00e3o Brasileira de Basketball (CBB).<\/p>\n<p>Para a realiza\u00e7\u00e3o do evento em Capivari de Baixo, foi montada uma quadra principal no Centro Multiuso do Parque Diamante + Energia, al\u00e9m de outras duas quadras na \u00e1rea externa, onde ocorrer\u00e3o as competi\u00e7\u00f5es paralelas.<\/p>\n<p><img fetchpriority=\"high\" decoding=\"async\" class=\"alignnone size-large wp-image-1575\" src=\"http:\/\/sulsc.com\/wp-content\/uploads\/2023\/09\/basquete-1024x585.jpg\" alt=\"\" width=\"1024\" height=\"585\" srcset=\"https:\/\/sulsc.com\/wp-content\/uploads\/2023\/09\/basquete-1024x585.jpg 1024w, https:\/\/sulsc.com\/wp-content\/uploads\/2023\/09\/basquete-300x171.jpg 300w, https:\/\/sulsc.com\/wp-content\/uploads\/2023\/09\/basquete-768x439.jpg 768w, https:\/\/sulsc.com\/wp-content\/uploads\/2023\/09\/basquete-1536x878.jpg 1536w, https:\/\/sulsc.com\/wp-content\/uploads\/2023\/09\/basquete-2048x1170.jpg 2048w\" sizes=\"(max-width: 1024px) 100vw, 1024px\" \/>A disputa contar\u00e1 com a participa\u00e7\u00e3o de oito equipes brasileiras, sendo que dois times s\u00e3o catarinenses: Academia do Esporte e Joinville. Completam a lista de brasileiros: Limeira, Rio Preto, Santos, SP Pirituba, S\u00e3o Paulo DC\/Instituto Futuros Craques e Praia Clube\/Uberl\u00e2ndia.<\/p>\n<p>A FIBA 3\u00d73 tamb\u00e9m j\u00e1 fechou a lista dos times estrangeiros. At\u00e9 o momento confirmaram presen\u00e7a as seguintes equipes internacionais: Amsterdam Hipro (Pa\u00edses Baixos), \u0160akiai Gulbel\u0117 (Litu\u00e2nia), Belgrade Partizan (S\u00e9rvia), Paris (Fran\u00e7a), NY Harlem (Estados Unidos), Utsunomiya BREX (Jap\u00e3o), Chicago (Estados unidos), Rouen (Fran\u00e7a), Akademija (Litu\u00e2nia), \u010ca\u010dak Huishan (S\u00e9rvia), Vi\u00f1a del Mar (Chile), Machala (Equador).<\/p>\n<p>Paralelamente \u00e0 disputa internacional, a ANB3x3 tamb\u00e9m realizar\u00e1 no mesmo local as disputas das categorias sub-15 masculina, sub-18 masculina e feminina, sub-23 masculina e feminina, adulto feminina, open masculina, +35 masculina e +40 masculina.<\/p>\n<p>Os dois finalistas do Challenge Internacional VI de Basquete garantem uma vaga na etapa chinesa do FIBA 3\u00d73 World Tour, em Wuxi, nos dias 4 e 5 de novembro. De acordo com o ranking de competi\u00e7\u00f5es da FIBA, etapas do World Tour e Olimp\u00edadas s\u00e3o consideradas n\u00edvel 10, enquanto o Challenge de Capivari de Baixo \u00e9 n\u00edvel 9. O Challenge ser\u00e1 o \u00fanico evento do porte no hemisf\u00e9rio sul.<\/p>\n<p>&nbsp;<\/p>\n<p>Fonte: Pref. Capivari de Baixo<\/p>\n","protected":false},"excerpt":{"rendered":"<p>Capivari de Baixo recebe esta semana o Challenge Internacional VI de Basquete 3\u00d73, maior evento da modalidade no Brasil. A competi\u00e7\u00e3o ocorre entre os dias 29 de setembro a 1\u00ba de outubro no Parque Diamante + Energia. Esta \u00e9 a segunda vez que a disputa \u00e9 realizada no munic\u00edpio. Como o nome sugere, no 3\u00d73 &hellip;<\/p>\n<p class=\"read-more\"> <a class=\"\" href=\"https:\/\/sulsc.com\/index.php\/2023\/09\/28\/capivari-de-baixo-recebe-o-challenge-internacional-de-basquete-3x3-a-partir-desta-sexta-feira-29\/\"> <span class=\"screen-reader-text\">Capivari de Baixo recebe o Challenge Internacional de Basquete 3\u00d73 a partir desta sexta-feira (29)<\/span> Read More &raquo;<\/a><\/p>\n","protected":false},"author":3,"featured_media":1569,"comment_status":"open","ping_status":"open","sticky":false,"template":"","format":"standard","meta":{"site-sidebar-layout":"default","site-content-layout":"default","ast-site-content-layout":"","site-content-style":"default","site-sidebar-style":"default","ast-global-header-display":"","ast-banner-title-visibility":"","ast-main-header-display":"","ast-hfb-above-header-display":"","ast-hfb-below-header-display":"","ast-hfb-mobile-header-display":"","site-post-title":"","ast-breadcrumbs-content":"","ast-featured-img":"","footer-sml-layout":"","theme-transparent-header-meta":"default","adv-header-id-meta":"","stick-header-meta":"","header-above-stick-meta":"","header-main-stick-meta":"","header-below-stick-meta":"","astra-migrate-meta-layouts":"","footnotes":""},"categories":[42,10],"tags":[],"yoast_head":"<!-- This site is optimized with the Yoast SEO plugin v21.4 - https:\/\/yoast.com\/wordpress\/plugins\/seo\/ -->\n<title>Capivari de Baixo recebe o Challenge Internacional de Basquete 3\u00d73 a partir desta sexta-feira (29) -<\/title>\n<meta name=\"robots\" content=\"index, follow, max-snippet:-1, max-image-preview:large, max-video-preview:-1\" \/>\n<link rel=\"canonical\" href=\"https:\/\/sulsc.com\/index.php\/2023\/09\/28\/capivari-de-baixo-recebe-o-challenge-internacional-de-basquete-3x3-a-partir-desta-sexta-feira-29\/\" \/>\n<meta property=\"og:locale\" content=\"en_US\" \/>\n<meta property=\"og:type\" content=\"article\" \/>\n<meta property=\"og:title\" content=\"Capivari de Baixo recebe o Challenge Internacional de Basquete 3\u00d73 a partir desta sexta-feira (29) -\" \/>\n<meta property=\"og:description\" content=\"Capivari de Baixo recebe esta semana o Challenge Internacional VI de Basquete 3\u00d73, maior evento da modalidade no Brasil. A competi\u00e7\u00e3o ocorre entre os dias 29 de setembro a 1\u00ba de outubro no Parque Diamante + Energia. Esta \u00e9 a segunda vez que a disputa \u00e9 realizada no munic\u00edpio. Como o nome sugere, no 3\u00d73 &hellip; Capivari de Baixo recebe o Challenge Internacional de Basquete 3\u00d73 a partir desta sexta-feira (29) Read More &raquo;\" \/>\n<meta property=\"og:url\" content=\"https:\/\/sulsc.com\/index.php\/2023\/09\/28\/capivari-de-baixo-recebe-o-challenge-internacional-de-basquete-3x3-a-partir-desta-sexta-feira-29\/\" \/>\n<meta property=\"article:author\" content=\"https:\/\/www.facebook.com\/profile.php?id=61559278119680\" \/>\n<meta property=\"article:published_time\" content=\"2023-09-28T18:20:58+00:00\" \/>\n<meta property=\"article:modified_time\" content=\"2023-09-28T17:58:07+00:00\" \/>\n<meta property=\"og:image\" content=\"https:\/\/sulsc.com\/wp-content\/uploads\/2023\/09\/Challenge-Internacional-VI-de-Basquete-3\u00d73-em-Capivari-de-Baixo-800x445-1.jpeg\" \/>\n\t<meta property=\"og:image:width\" content=\"800\" \/>\n\t<meta property=\"og:image:height\" content=\"445\" \/>\n\t<meta property=\"og:image:type\" content=\"image\/jpeg\" \/>\n<meta name=\"author\" content=\"Reda\u00e7\u00e3o Sul SC\" \/>\n<meta name=\"twitter:card\" content=\"summary_large_image\" \/>\n<meta name=\"twitter:creator\" content=\"@https:\/\/twitter.com\/PortalSulSC\" \/>\n<meta name=\"twitter:label1\" content=\"Written by\" \/>\n\t<meta name=\"twitter:data1\" content=\"Reda\u00e7\u00e3o Sul SC\" \/>\n\t<meta name=\"twitter:label2\" content=\"Est. reading time\" \/>\n\t<meta name=\"twitter:data2\" content=\"2 minutes\" \/>\n<script type=\"application\/ld+json\" class=\"yoast-schema-graph\">{\"@context\":\"https:\/\/schema.org\",\"@graph\":[{\"@type\":\"WebPage\",\"@id\":\"https:\/\/sulsc.com\/index.php\/2023\/09\/28\/capivari-de-baixo-recebe-o-challenge-internacional-de-basquete-3x3-a-partir-desta-sexta-feira-29\/\",\"url\":\"https:\/\/sulsc.com\/index.php\/2023\/09\/28\/capivari-de-baixo-recebe-o-challenge-internacional-de-basquete-3x3-a-partir-desta-sexta-feira-29\/\",\"name\":\"Capivari de Baixo recebe o Challenge Internacional de Basquete 3\u00d73 a partir desta sexta-feira (29) -\",\"isPartOf\":{\"@id\":\"https:\/\/sulsc.com\/#website\"},\"datePublished\":\"2023-09-28T18:20:58+00:00\",\"dateModified\":\"2023-09-28T17:58:07+00:00\",\"author\":{\"@id\":\"https:\/\/sulsc.com\/#\/schema\/person\/84d2fc571684f6248ba83092f07750a3\"},\"breadcrumb\":{\"@id\":\"https:\/\/sulsc.com\/index.php\/2023\/09\/28\/capivari-de-baixo-recebe-o-challenge-internacional-de-basquete-3x3-a-partir-desta-sexta-feira-29\/#breadcrumb\"},\"inLanguage\":\"en-US\",\"potentialAction\":[{\"@type\":\"ReadAction\",\"target\":[\"https:\/\/sulsc.com\/index.php\/2023\/09\/28\/capivari-de-baixo-recebe-o-challenge-internacional-de-basquete-3x3-a-partir-desta-sexta-feira-29\/\"]}]},{\"@type\":\"BreadcrumbList\",\"@id\":\"https:\/\/sulsc.com\/index.php\/2023\/09\/28\/capivari-de-baixo-recebe-o-challenge-internacional-de-basquete-3x3-a-partir-desta-sexta-feira-29\/#breadcrumb\",\"itemListElement\":[{\"@type\":\"ListItem\",\"position\":1,\"name\":\"In\u00edcio\",\"item\":\"https:\/\/sulsc.com\/\"},{\"@type\":\"ListItem\",\"position\":2,\"name\":\"Capivari de Baixo recebe o Challenge Internacional de Basquete 3\u00d73 a partir desta sexta-feira (29)\"}]},{\"@type\":\"WebSite\",\"@id\":\"https:\/\/sulsc.com\/#website\",\"url\":\"https:\/\/sulsc.com\/\",\"name\":\"\",\"description\":\"\",\"potentialAction\":[{\"@type\":\"SearchAction\",\"target\":{\"@type\":\"EntryPoint\",\"urlTemplate\":\"https:\/\/sulsc.com\/?s={search_term_string}\"},\"query-input\":\"required name=search_term_string\"}],\"inLanguage\":\"en-US\"},{\"@type\":\"Person\",\"@id\":\"https:\/\/sulsc.com\/#\/schema\/person\/84d2fc571684f6248ba83092f07750a3\",\"name\":\"Reda\u00e7\u00e3o Sul SC\",\"image\":{\"@type\":\"ImageObject\",\"inLanguage\":\"en-US\",\"@id\":\"https:\/\/sulsc.com\/#\/schema\/person\/image\/e08d7fe2cc4ed596372063bbe852b8d0\",\"url\":\"https:\/\/sulsc.com\/wp-content\/uploads\/2023\/09\/redacao.png\",\"contentUrl\":\"https:\/\/sulsc.com\/wp-content\/uploads\/2023\/09\/redacao.png\",\"caption\":\"Reda\u00e7\u00e3o Sul SC\"},\"description\":\"Foco em um jornalismo imparcial, voltado \u00e0 qualidade dos seus conte\u00fados e, assim, levar informa\u00e7\u00e3o de valor que agregue \u00e0 vida dos leitores. Esta \u00e9 grande miss\u00e3o do Portal de Not\u00edcias Sul SC. N\u00e3o \u00e9 quantidade que muda o mundo, sempre foi e seguir\u00e1 sendo qualidade!\",\"sameAs\":[\"https:\/\/sulsc.com\/\",\"https:\/\/www.facebook.com\/profile.php?id=61559278119680\",\"https:\/\/www.instagram.com\/sulscportal\/?hl=pt-br\",\"https:\/\/twitter.com\/https:\/\/twitter.com\/PortalSulSC\",\"https:\/\/www.youtube.com\/channel\/UCv_BE8GeySluDov2n8qhVmw\"],\"url\":\"https:\/\/sulsc.com\/index.php\/author\/redacao\/\"}]}<\/script>\n<!-- \/ Yoast SEO plugin. -->","yoast_head_json":{"title":"Capivari de Baixo recebe o Challenge Internacional de Basquete 3\u00d73 a partir desta sexta-feira (29) -","robots":{"index":"index","follow":"follow","max-snippet":"max-snippet:-1","max-image-preview":"max-image-preview:large","max-video-preview":"max-video-preview:-1"},"canonical":"https:\/\/sulsc.com\/index.php\/2023\/09\/28\/capivari-de-baixo-recebe-o-challenge-internacional-de-basquete-3x3-a-partir-desta-sexta-feira-29\/","og_locale":"en_US","og_type":"article","og_title":"Capivari de Baixo recebe o Challenge Internacional de Basquete 3\u00d73 a partir desta sexta-feira (29) -","og_description":"Capivari de Baixo recebe esta semana o Challenge Internacional VI de Basquete 3\u00d73, maior evento da modalidade no Brasil. A competi\u00e7\u00e3o ocorre entre os dias 29 de setembro a 1\u00ba de outubro no Parque Diamante + Energia. Esta \u00e9 a segunda vez que a disputa \u00e9 realizada no munic\u00edpio. Como o nome sugere, no 3\u00d73 &hellip; Capivari de Baixo recebe o Challenge Internacional de Basquete 3\u00d73 a partir desta sexta-feira (29) Read More &raquo;","og_url":"https:\/\/sulsc.com\/index.php\/2023\/09\/28\/capivari-de-baixo-recebe-o-challenge-internacional-de-basquete-3x3-a-partir-desta-sexta-feira-29\/","article_author":"https:\/\/www.facebook.com\/profile.php?id=61559278119680","article_published_time":"2023-09-28T18:20:58+00:00","article_modified_time":"2023-09-28T17:58:07+00:00","og_image":[{"width":800,"height":445,"url":"https:\/\/sulsc.com\/wp-content\/uploads\/2023\/09\/Challenge-Internacional-VI-de-Basquete-3\u00d73-em-Capivari-de-Baixo-800x445-1.jpeg","type":"image\/jpeg"}],"author":"Reda\u00e7\u00e3o Sul SC","twitter_card":"summary_large_image","twitter_creator":"@https:\/\/twitter.com\/PortalSulSC","twitter_misc":{"Written by":"Reda\u00e7\u00e3o Sul SC","Est. reading time":"2 minutes"},"schema":{"@context":"https:\/\/schema.org","@graph":[{"@type":"WebPage","@id":"https:\/\/sulsc.com\/index.php\/2023\/09\/28\/capivari-de-baixo-recebe-o-challenge-internacional-de-basquete-3x3-a-partir-desta-sexta-feira-29\/","url":"https:\/\/sulsc.com\/index.php\/2023\/09\/28\/capivari-de-baixo-recebe-o-challenge-internacional-de-basquete-3x3-a-partir-desta-sexta-feira-29\/","name":"Capivari de Baixo recebe o Challenge Internacional de Basquete 3\u00d73 a partir desta sexta-feira (29) -","isPartOf":{"@id":"https:\/\/sulsc.com\/#website"},"datePublished":"2023-09-28T18:20:58+00:00","dateModified":"2023-09-28T17:58:07+00:00","author":{"@id":"https:\/\/sulsc.com\/#\/schema\/person\/84d2fc571684f6248ba83092f07750a3"},"breadcrumb":{"@id":"https:\/\/sulsc.com\/index.php\/2023\/09\/28\/capivari-de-baixo-recebe-o-challenge-internacional-de-basquete-3x3-a-partir-desta-sexta-feira-29\/#breadcrumb"},"inLanguage":"en-US","potentialAction":[{"@type":"ReadAction","target":["https:\/\/sulsc.com\/index.php\/2023\/09\/28\/capivari-de-baixo-recebe-o-challenge-internacional-de-basquete-3x3-a-partir-desta-sexta-feira-29\/"]}]},{"@type":"BreadcrumbList","@id":"https:\/\/sulsc.com\/index.php\/2023\/09\/28\/capivari-de-baixo-recebe-o-challenge-internacional-de-basquete-3x3-a-partir-desta-sexta-feira-29\/#breadcrumb","itemListElement":[{"@type":"ListItem","position":1,"name":"In\u00edcio","item":"https:\/\/sulsc.com\/"},{"@type":"ListItem","position":2,"name":"Capivari de Baixo recebe o Challenge Internacional de Basquete 3\u00d73 a partir desta sexta-feira (29)"}]},{"@type":"WebSite","@id":"https:\/\/sulsc.com\/#website","url":"https:\/\/sulsc.com\/","name":"","description":"","potentialAction":[{"@type":"SearchAction","target":{"@type":"EntryPoint","urlTemplate":"https:\/\/sulsc.com\/?s={search_term_string}"},"query-input":"required name=search_term_string"}],"inLanguage":"en-US"},{"@type":"Person","@id":"https:\/\/sulsc.com\/#\/schema\/person\/84d2fc571684f6248ba83092f07750a3","name":"Reda\u00e7\u00e3o Sul SC","image":{"@type":"ImageObject","inLanguage":"en-US","@id":"https:\/\/sulsc.com\/#\/schema\/person\/image\/e08d7fe2cc4ed596372063bbe852b8d0","url":"https:\/\/sulsc.com\/wp-content\/uploads\/2023\/09\/redacao.png","contentUrl":"https:\/\/sulsc.com\/wp-content\/uploads\/2023\/09\/redacao.png","caption":"Reda\u00e7\u00e3o Sul SC"},"description":"Foco em um jornalismo imparcial, voltado \u00e0 qualidade dos seus conte\u00fados e, assim, levar informa\u00e7\u00e3o de valor que agregue \u00e0 vida dos leitores. Esta \u00e9 grande miss\u00e3o do Portal de Not\u00edcias Sul SC. N\u00e3o \u00e9 quantidade que muda o mundo, sempre foi e seguir\u00e1 sendo qualidade!","sameAs":["https:\/\/sulsc.com\/","https:\/\/www.facebook.com\/profile.php?id=61559278119680","https:\/\/www.instagram.com\/sulscportal\/?hl=pt-br","https:\/\/twitter.com\/https:\/\/twitter.com\/PortalSulSC","https:\/\/www.youtube.com\/channel\/UCv_BE8GeySluDov2n8qhVmw"],"url":"https:\/\/sulsc.com\/index.php\/author\/redacao\/"}]}},"authors":[],"_links":{"self":[{"href":"https:\/\/sulsc.com\/index.php\/wp-json\/wp\/v2\/posts\/1568"}],"collection":[{"href":"https:\/\/sulsc.com\/index.php\/wp-json\/wp\/v2\/posts"}],"about":[{"href":"https:\/\/sulsc.com\/index.php\/wp-json\/wp\/v2\/types\/post"}],"author":[{"embeddable":true,"href":"https:\/\/sulsc.com\/index.php\/wp-json\/wp\/v2\/users\/3"}],"replies":[{"embeddable":true,"href":"https:\/\/sulsc.com\/index.php\/wp-json\/wp\/v2\/comments?post=1568"}],"version-history":[{"count":3,"href":"https:\/\/sulsc.com\/index.php\/wp-json\/wp\/v2\/posts\/1568\/revisions"}],"predecessor-version":[{"id":1577,"href":"https:\/\/sulsc.com\/index.php\/wp-json\/wp\/v2\/posts\/1568\/revisions\/1577"}],"wp:featuredmedia":[{"embeddable":true,"href":"https:\/\/sulsc.com\/index.php\/wp-json\/wp\/v2\/media\/1569"}],"wp:attachment":[{"href":"https:\/\/sulsc.com\/index.php\/wp-json\/wp\/v2\/media?parent=1568"}],"wp:term":[{"taxonomy":"category","embeddable":true,"href":"https:\/\/sulsc.com\/index.php\/wp-json\/wp\/v2\/categories?post=1568"},{"taxonomy":"post_tag","embeddable":true,"href":"https:\/\/sulsc.com\/index.php\/wp-json\/wp\/v2\/tags?post=1568"}],"curies":[{"name":"wp","href":"https:\/\/api.w.org\/{rel}","templated":true}]}}