{"id":15832,"date":"2024-08-23T09:33:25","date_gmt":"2024-08-23T12:33:25","guid":{"rendered":"https:\/\/sulsc.com\/?p=15832"},"modified":"2024-08-23T09:36:37","modified_gmt":"2024-08-23T12:36:37","slug":"15832","status":"publish","type":"post","link":"https:\/\/sulsc.com\/index.php\/2024\/08\/23\/15832\/","title":{"rendered":"Balsa fica a deriva com sete pessoas a bordo na noite desta quinta-feira 22\/08"},"content":{"rendered":"<p><span style=\"vertical-align: inherit;\"><span style=\"vertical-align: inherit;\">Por volta das 22h34min, a Opera\u00e7\u00e3o do Corpo de Bombeiros de Ararangu\u00e1 recebeu uma solicita\u00e7\u00e3o para o resgate de pessoas que estavam na balsa que liga o Morro dos Conventos \u00e0 comunidade de Ilhas, ap\u00f3s um embarque que rebocava a balsa com problemas mec\u00e2nicos, ficando a balsa \u00e0 derivada.<\/span><\/span><\/p>\n<p><img fetchpriority=\"high\" decoding=\"async\" class=\"aligncenter size-full wp-image-15840\" src=\"http:\/\/sulsc.com\/wp-content\/uploads\/2024\/08\/dd836e8f-6faa-4a51-9ea5-2b7407644122.jpg\" alt=\"\" width=\"720\" height=\"1280\" srcset=\"https:\/\/sulsc.com\/wp-content\/uploads\/2024\/08\/dd836e8f-6faa-4a51-9ea5-2b7407644122.jpg 720w, https:\/\/sulsc.com\/wp-content\/uploads\/2024\/08\/dd836e8f-6faa-4a51-9ea5-2b7407644122-169x300.jpg 169w, https:\/\/sulsc.com\/wp-content\/uploads\/2024\/08\/dd836e8f-6faa-4a51-9ea5-2b7407644122-576x1024.jpg 576w\" sizes=\"(max-width: 720px) 100vw, 720px\" \/><\/p>\n<p style=\"text-align: center;\"><span style=\"vertical-align: inherit;\"><span style=\"vertical-align: inherit;\">Fotos\/Impremsa CBMSC &#8211; 4\u00aaBBM<\/span><\/span><\/p>\n<p><span style=\"vertical-align: inherit;\"><span style=\"vertical-align: inherit;\">Ap\u00f3s a chegada no local, os incidentes confirmaram a natureza da ocorr\u00eancia e, de pronto, realizaram o resgate de 7 (sete) pessoas, todas deixadas em seguran\u00e7a no atracadouro da comunidade de Morro Agudo. Em seguida, as opera\u00e7\u00f5es prestou aux\u00edlio \u00e0 prefeitura, rebocando a balsa at\u00e9 um seguro local.<\/span><\/span><\/p>\n","protected":false},"excerpt":{"rendered":"<p>Por volta das 22h34min, a Opera\u00e7\u00e3o do Corpo de Bombeiros de Ararangu\u00e1 recebeu uma solicita\u00e7\u00e3o para o resgate de pessoas que estavam na balsa que liga o Morro dos Conventos \u00e0 comunidade de Ilhas, ap\u00f3s um embarque que rebocava a balsa com problemas mec\u00e2nicos, ficando a balsa \u00e0 derivada. Fotos\/Impremsa CBMSC &#8211; 4\u00aaBBM Ap\u00f3s a &hellip;<\/p>\n<p class=\"read-more\"> <a class=\"\" href=\"https:\/\/sulsc.com\/index.php\/2024\/08\/23\/15832\/\"> <span class=\"screen-reader-text\">Balsa fica a deriva com sete pessoas a bordo na noite desta quinta-feira 22\/08<\/span> Read More &raquo;<\/a><\/p>\n","protected":false},"author":3,"featured_media":15839,"comment_status":"open","ping_status":"open","sticky":false,"template":"","format":"standard","meta":{"site-sidebar-layout":"default","site-content-layout":"","ast-site-content-layout":"default","site-content-style":"default","site-sidebar-style":"default","ast-global-header-display":"","ast-banner-title-visibility":"","ast-main-header-display":"","ast-hfb-above-header-display":"","ast-hfb-below-header-display":"","ast-hfb-mobile-header-display":"","site-post-title":"","ast-breadcrumbs-content":"","ast-featured-img":"","footer-sml-layout":"","theme-transparent-header-meta":"default","adv-header-id-meta":"","stick-header-meta":"","header-above-stick-meta":"","header-main-stick-meta":"","header-below-stick-meta":"","astra-migrate-meta-layouts":"set","footnotes":""},"categories":[24],"tags":[594],"yoast_head":"<!-- This site is optimized with the Yoast SEO plugin v21.4 - https:\/\/yoast.com\/wordpress\/plugins\/seo\/ -->\n<title>Balsa fica a deriva com sete pessoas a bordo na noite desta quinta-feira 22\/08 -<\/title>\n<meta name=\"description\" content=\"Balsa em Ararangu\u00e1 fica a deriva ap\u00f3s problemas mec\u00e2nicos com sete pessoas a bordo\" \/>\n<meta name=\"robots\" content=\"index, follow, max-snippet:-1, max-image-preview:large, max-video-preview:-1\" \/>\n<link rel=\"canonical\" href=\"https:\/\/sulsc.com\/index.php\/2024\/08\/23\/15832\/\" \/>\n<meta property=\"og:locale\" content=\"en_US\" \/>\n<meta property=\"og:type\" content=\"article\" \/>\n<meta property=\"og:title\" content=\"Balsa fica a deriva com sete pessoas a bordo na noite desta quinta-feira 22\/08 -\" \/>\n<meta property=\"og:description\" content=\"Balsa em Ararangu\u00e1 fica a deriva ap\u00f3s problemas mec\u00e2nicos com sete pessoas a bordo\" \/>\n<meta property=\"og:url\" content=\"https:\/\/sulsc.com\/index.php\/2024\/08\/23\/15832\/\" \/>\n<meta property=\"article:author\" content=\"https:\/\/www.facebook.com\/profile.php?id=61559278119680\" \/>\n<meta property=\"article:published_time\" content=\"2024-08-23T12:33:25+00:00\" \/>\n<meta property=\"article:modified_time\" content=\"2024-08-23T12:36:37+00:00\" \/>\n<meta property=\"og:image\" content=\"http:\/\/sulsc.com\/wp-content\/uploads\/2024\/08\/1b508ec5-a3bd-4dcf-a33e-be6af2072f8e-1.jpg\" \/>\n\t<meta property=\"og:image:width\" content=\"739\" \/>\n\t<meta property=\"og:image:height\" content=\"1199\" \/>\n\t<meta property=\"og:image:type\" content=\"image\/jpeg\" \/>\n<meta name=\"author\" content=\"Reda\u00e7\u00e3o Sul SC\" \/>\n<meta name=\"twitter:card\" content=\"summary_large_image\" \/>\n<meta name=\"twitter:creator\" content=\"@https:\/\/twitter.com\/PortalSulSC\" \/>\n<meta name=\"twitter:label1\" content=\"Written by\" \/>\n\t<meta name=\"twitter:data1\" content=\"Reda\u00e7\u00e3o Sul SC\" \/>\n\t<meta name=\"twitter:label2\" content=\"Est. reading time\" \/>\n\t<meta name=\"twitter:data2\" content=\"1 minute\" \/>\n<script type=\"application\/ld+json\" class=\"yoast-schema-graph\">{\"@context\":\"https:\/\/schema.org\",\"@graph\":[{\"@type\":\"WebPage\",\"@id\":\"https:\/\/sulsc.com\/index.php\/2024\/08\/23\/15832\/\",\"url\":\"https:\/\/sulsc.com\/index.php\/2024\/08\/23\/15832\/\",\"name\":\"Balsa fica a deriva com sete pessoas a bordo na noite desta quinta-feira 22\/08 -\",\"isPartOf\":{\"@id\":\"https:\/\/sulsc.com\/#website\"},\"datePublished\":\"2024-08-23T12:33:25+00:00\",\"dateModified\":\"2024-08-23T12:36:37+00:00\",\"author\":{\"@id\":\"https:\/\/sulsc.com\/#\/schema\/person\/84d2fc571684f6248ba83092f07750a3\"},\"description\":\"Balsa em Ararangu\u00e1 fica a deriva ap\u00f3s problemas mec\u00e2nicos com sete pessoas a bordo\",\"breadcrumb\":{\"@id\":\"https:\/\/sulsc.com\/index.php\/2024\/08\/23\/15832\/#breadcrumb\"},\"inLanguage\":\"en-US\",\"potentialAction\":[{\"@type\":\"ReadAction\",\"target\":[\"https:\/\/sulsc.com\/index.php\/2024\/08\/23\/15832\/\"]}]},{\"@type\":\"BreadcrumbList\",\"@id\":\"https:\/\/sulsc.com\/index.php\/2024\/08\/23\/15832\/#breadcrumb\",\"itemListElement\":[{\"@type\":\"ListItem\",\"position\":1,\"name\":\"In\u00edcio\",\"item\":\"https:\/\/sulsc.com\/\"},{\"@type\":\"ListItem\",\"position\":2,\"name\":\"Balsa fica a deriva com sete pessoas a bordo na noite desta quinta-feira 22\/08\"}]},{\"@type\":\"WebSite\",\"@id\":\"https:\/\/sulsc.com\/#website\",\"url\":\"https:\/\/sulsc.com\/\",\"name\":\"\",\"description\":\"\",\"potentialAction\":[{\"@type\":\"SearchAction\",\"target\":{\"@type\":\"EntryPoint\",\"urlTemplate\":\"https:\/\/sulsc.com\/?s={search_term_string}\"},\"query-input\":\"required name=search_term_string\"}],\"inLanguage\":\"en-US\"},{\"@type\":\"Person\",\"@id\":\"https:\/\/sulsc.com\/#\/schema\/person\/84d2fc571684f6248ba83092f07750a3\",\"name\":\"Reda\u00e7\u00e3o Sul SC\",\"image\":{\"@type\":\"ImageObject\",\"inLanguage\":\"en-US\",\"@id\":\"https:\/\/sulsc.com\/#\/schema\/person\/image\/e08d7fe2cc4ed596372063bbe852b8d0\",\"url\":\"https:\/\/sulsc.com\/wp-content\/uploads\/2023\/09\/redacao.png\",\"contentUrl\":\"https:\/\/sulsc.com\/wp-content\/uploads\/2023\/09\/redacao.png\",\"caption\":\"Reda\u00e7\u00e3o Sul SC\"},\"description\":\"Foco em um jornalismo imparcial, voltado \u00e0 qualidade dos seus conte\u00fados e, assim, levar informa\u00e7\u00e3o de valor que agregue \u00e0 vida dos leitores. Esta \u00e9 grande miss\u00e3o do Portal de Not\u00edcias Sul SC. N\u00e3o \u00e9 quantidade que muda o mundo, sempre foi e seguir\u00e1 sendo qualidade!\",\"sameAs\":[\"https:\/\/sulsc.com\/\",\"https:\/\/www.facebook.com\/profile.php?id=61559278119680\",\"https:\/\/www.instagram.com\/sulscportal\/?hl=pt-br\",\"https:\/\/twitter.com\/https:\/\/twitter.com\/PortalSulSC\",\"https:\/\/www.youtube.com\/channel\/UCv_BE8GeySluDov2n8qhVmw\"],\"url\":\"https:\/\/sulsc.com\/index.php\/author\/redacao\/\"}]}<\/script>\n<!-- \/ Yoast SEO plugin. -->","yoast_head_json":{"title":"Balsa fica a deriva com sete pessoas a bordo na noite desta quinta-feira 22\/08 -","description":"Balsa em Ararangu\u00e1 fica a deriva ap\u00f3s problemas mec\u00e2nicos com sete pessoas a bordo","robots":{"index":"index","follow":"follow","max-snippet":"max-snippet:-1","max-image-preview":"max-image-preview:large","max-video-preview":"max-video-preview:-1"},"canonical":"https:\/\/sulsc.com\/index.php\/2024\/08\/23\/15832\/","og_locale":"en_US","og_type":"article","og_title":"Balsa fica a deriva com sete pessoas a bordo na noite desta quinta-feira 22\/08 -","og_description":"Balsa em Ararangu\u00e1 fica a deriva ap\u00f3s problemas mec\u00e2nicos com sete pessoas a bordo","og_url":"https:\/\/sulsc.com\/index.php\/2024\/08\/23\/15832\/","article_author":"https:\/\/www.facebook.com\/profile.php?id=61559278119680","article_published_time":"2024-08-23T12:33:25+00:00","article_modified_time":"2024-08-23T12:36:37+00:00","og_image":[{"width":739,"height":1199,"url":"http:\/\/sulsc.com\/wp-content\/uploads\/2024\/08\/1b508ec5-a3bd-4dcf-a33e-be6af2072f8e-1.jpg","type":"image\/jpeg"}],"author":"Reda\u00e7\u00e3o Sul SC","twitter_card":"summary_large_image","twitter_creator":"@https:\/\/twitter.com\/PortalSulSC","twitter_misc":{"Written by":"Reda\u00e7\u00e3o Sul SC","Est. reading time":"1 minute"},"schema":{"@context":"https:\/\/schema.org","@graph":[{"@type":"WebPage","@id":"https:\/\/sulsc.com\/index.php\/2024\/08\/23\/15832\/","url":"https:\/\/sulsc.com\/index.php\/2024\/08\/23\/15832\/","name":"Balsa fica a deriva com sete pessoas a bordo na noite desta quinta-feira 22\/08 -","isPartOf":{"@id":"https:\/\/sulsc.com\/#website"},"datePublished":"2024-08-23T12:33:25+00:00","dateModified":"2024-08-23T12:36:37+00:00","author":{"@id":"https:\/\/sulsc.com\/#\/schema\/person\/84d2fc571684f6248ba83092f07750a3"},"description":"Balsa em Ararangu\u00e1 fica a deriva ap\u00f3s problemas mec\u00e2nicos com sete pessoas a bordo","breadcrumb":{"@id":"https:\/\/sulsc.com\/index.php\/2024\/08\/23\/15832\/#breadcrumb"},"inLanguage":"en-US","potentialAction":[{"@type":"ReadAction","target":["https:\/\/sulsc.com\/index.php\/2024\/08\/23\/15832\/"]}]},{"@type":"BreadcrumbList","@id":"https:\/\/sulsc.com\/index.php\/2024\/08\/23\/15832\/#breadcrumb","itemListElement":[{"@type":"ListItem","position":1,"name":"In\u00edcio","item":"https:\/\/sulsc.com\/"},{"@type":"ListItem","position":2,"name":"Balsa fica a deriva com sete pessoas a bordo na noite desta quinta-feira 22\/08"}]},{"@type":"WebSite","@id":"https:\/\/sulsc.com\/#website","url":"https:\/\/sulsc.com\/","name":"","description":"","potentialAction":[{"@type":"SearchAction","target":{"@type":"EntryPoint","urlTemplate":"https:\/\/sulsc.com\/?s={search_term_string}"},"query-input":"required name=search_term_string"}],"inLanguage":"en-US"},{"@type":"Person","@id":"https:\/\/sulsc.com\/#\/schema\/person\/84d2fc571684f6248ba83092f07750a3","name":"Reda\u00e7\u00e3o Sul SC","image":{"@type":"ImageObject","inLanguage":"en-US","@id":"https:\/\/sulsc.com\/#\/schema\/person\/image\/e08d7fe2cc4ed596372063bbe852b8d0","url":"https:\/\/sulsc.com\/wp-content\/uploads\/2023\/09\/redacao.png","contentUrl":"https:\/\/sulsc.com\/wp-content\/uploads\/2023\/09\/redacao.png","caption":"Reda\u00e7\u00e3o Sul SC"},"description":"Foco em um jornalismo imparcial, voltado \u00e0 qualidade dos seus conte\u00fados e, assim, levar informa\u00e7\u00e3o de valor que agregue \u00e0 vida dos leitores. Esta \u00e9 grande miss\u00e3o do Portal de Not\u00edcias Sul SC. N\u00e3o \u00e9 quantidade que muda o mundo, sempre foi e seguir\u00e1 sendo qualidade!","sameAs":["https:\/\/sulsc.com\/","https:\/\/www.facebook.com\/profile.php?id=61559278119680","https:\/\/www.instagram.com\/sulscportal\/?hl=pt-br","https:\/\/twitter.com\/https:\/\/twitter.com\/PortalSulSC","https:\/\/www.youtube.com\/channel\/UCv_BE8GeySluDov2n8qhVmw"],"url":"https:\/\/sulsc.com\/index.php\/author\/redacao\/"}]}},"authors":[],"_links":{"self":[{"href":"https:\/\/sulsc.com\/index.php\/wp-json\/wp\/v2\/posts\/15832"}],"collection":[{"href":"https:\/\/sulsc.com\/index.php\/wp-json\/wp\/v2\/posts"}],"about":[{"href":"https:\/\/sulsc.com\/index.php\/wp-json\/wp\/v2\/types\/post"}],"author":[{"embeddable":true,"href":"https:\/\/sulsc.com\/index.php\/wp-json\/wp\/v2\/users\/3"}],"replies":[{"embeddable":true,"href":"https:\/\/sulsc.com\/index.php\/wp-json\/wp\/v2\/comments?post=15832"}],"version-history":[{"count":3,"href":"https:\/\/sulsc.com\/index.php\/wp-json\/wp\/v2\/posts\/15832\/revisions"}],"predecessor-version":[{"id":15842,"href":"https:\/\/sulsc.com\/index.php\/wp-json\/wp\/v2\/posts\/15832\/revisions\/15842"}],"wp:featuredmedia":[{"embeddable":true,"href":"https:\/\/sulsc.com\/index.php\/wp-json\/wp\/v2\/media\/15839"}],"wp:attachment":[{"href":"https:\/\/sulsc.com\/index.php\/wp-json\/wp\/v2\/media?parent=15832"}],"wp:term":[{"taxonomy":"category","embeddable":true,"href":"https:\/\/sulsc.com\/index.php\/wp-json\/wp\/v2\/categories?post=15832"},{"taxonomy":"post_tag","embeddable":true,"href":"https:\/\/sulsc.com\/index.php\/wp-json\/wp\/v2\/tags?post=15832"}],"curies":[{"name":"wp","href":"https:\/\/api.w.org\/{rel}","templated":true}]}}