{"id":1591,"date":"2023-09-28T18:00:53","date_gmt":"2023-09-28T21:00:53","guid":{"rendered":"https:\/\/sulsc.com\/?p=1591"},"modified":"2023-09-28T17:30:23","modified_gmt":"2023-09-28T20:30:23","slug":"homem-que-teve-conta-em-rede-social-invadida-e-usada-para-golpes-sera-indenizado","status":"publish","type":"post","link":"https:\/\/sulsc.com\/index.php\/2023\/09\/28\/homem-que-teve-conta-em-rede-social-invadida-e-usada-para-golpes-sera-indenizado\/","title":{"rendered":"Homem que teve conta em rede social invadida e usada para golpes ser\u00e1 indenizado"},"content":{"rendered":"<p>Um homem que teve sua conta de rede social hackeada por estelionat\u00e1rios, que passaram a utiliz\u00e1-la para aplicar golpes atrav\u00e9s da comercializa\u00e7\u00e3o de produtos fict\u00edcios mediante pagamento adiantado por Pix, ser\u00e1 indenizado pela plataforma respons\u00e1vel pelos servi\u00e7os eletr\u00f4nicos. Isso porque, mesmo ap\u00f3s adotar as medidas cab\u00edveis &#8211; reconhecimento facial e links de recupera\u00e7\u00e3o -, a v\u00edtima n\u00e3o conseguiu reaver a conta tampouco desativ\u00e1-la.<\/p>\n<p>Ele buscou socorro na Justi\u00e7a e, em decis\u00e3o da comarca de Joinville, conseguiu n\u00e3o s\u00f3 a condena\u00e7\u00e3o da mantenedora de redes sociais \u00e0 exclus\u00e3o definitiva da conta como ainda ao pagamento de indeniza\u00e7\u00e3o por danos morais fixada em R$ 10 mil. Em apela\u00e7\u00e3o ao TJ, a requerida alegou que, por ser uma empresa multinacional, possui uma hierarquia nas demandas, raz\u00e3o da demora na exclus\u00e3o da conta, e afirmou ser descabido o pedido de indeniza\u00e7\u00e3o. Considerou ainda desproporcional o valor arbitrado.<\/p>\n<p><img fetchpriority=\"high\" decoding=\"async\" class=\"alignnone size-large wp-image-1592\" src=\"http:\/\/sulsc.com\/wp-content\/uploads\/2023\/09\/Cyberstorm-1-1024x450.jpg\" alt=\"\" width=\"1024\" height=\"450\" srcset=\"https:\/\/sulsc.com\/wp-content\/uploads\/2023\/09\/Cyberstorm-1-1024x450.jpg 1024w, https:\/\/sulsc.com\/wp-content\/uploads\/2023\/09\/Cyberstorm-1-300x132.jpg 300w, https:\/\/sulsc.com\/wp-content\/uploads\/2023\/09\/Cyberstorm-1-768x337.jpg 768w, https:\/\/sulsc.com\/wp-content\/uploads\/2023\/09\/Cyberstorm-1-1536x675.jpg 1536w, https:\/\/sulsc.com\/wp-content\/uploads\/2023\/09\/Cyberstorm-1.jpg 1600w\" sizes=\"(max-width: 1024px) 100vw, 1024px\" \/><\/p>\n<p>O desembargador relator da mat\u00e9ria anotou que \u201crestou comprovado que a apelante falhou na presta\u00e7\u00e3o dos servi\u00e7os oferecidos ao autor, ante a demora no bloqueio\/exclus\u00e3o da conta do apelante junto \u00e0 plataforma, ap\u00f3s o acesso indevido de seu perfil na rede social\u201d. Assim, em decis\u00e3o un\u00e2nime, foi mantida a condena\u00e7\u00e3o imposta na a\u00e7\u00e3o de origem (Apela\u00e7\u00e3o n. 5006479-92.2022.8.24.0038\/SC).<\/p>\n<p>&nbsp;<\/p>\n<p>Fonte: TJSC<\/p>\n","protected":false},"excerpt":{"rendered":"<p>Um homem que teve sua conta de rede social hackeada por estelionat\u00e1rios, que passaram a utiliz\u00e1-la para aplicar golpes atrav\u00e9s da comercializa\u00e7\u00e3o de produtos fict\u00edcios mediante pagamento adiantado por Pix, ser\u00e1 indenizado pela plataforma respons\u00e1vel pelos servi\u00e7os eletr\u00f4nicos. Isso porque, mesmo ap\u00f3s adotar as medidas cab\u00edveis &#8211; reconhecimento facial e links de recupera\u00e7\u00e3o -, a &hellip;<\/p>\n<p class=\"read-more\"> <a class=\"\" href=\"https:\/\/sulsc.com\/index.php\/2023\/09\/28\/homem-que-teve-conta-em-rede-social-invadida-e-usada-para-golpes-sera-indenizado\/\"> <span class=\"screen-reader-text\">Homem que teve conta em rede social invadida e usada para golpes ser\u00e1 indenizado<\/span> Read More &raquo;<\/a><\/p>\n","protected":false},"author":3,"featured_media":1593,"comment_status":"open","ping_status":"open","sticky":false,"template":"","format":"standard","meta":{"site-sidebar-layout":"default","site-content-layout":"default","ast-site-content-layout":"","site-content-style":"default","site-sidebar-style":"default","ast-global-header-display":"","ast-banner-title-visibility":"","ast-main-header-display":"","ast-hfb-above-header-display":"","ast-hfb-below-header-display":"","ast-hfb-mobile-header-display":"","site-post-title":"","ast-breadcrumbs-content":"","ast-featured-img":"","footer-sml-layout":"","theme-transparent-header-meta":"default","adv-header-id-meta":"","stick-header-meta":"","header-above-stick-meta":"","header-main-stick-meta":"","header-below-stick-meta":"","astra-migrate-meta-layouts":"","footnotes":""},"categories":[8],"tags":[],"yoast_head":"<!-- This site is optimized with the Yoast SEO plugin v21.4 - https:\/\/yoast.com\/wordpress\/plugins\/seo\/ -->\n<title>Homem que teve conta em rede social invadida e usada para golpes ser\u00e1 indenizado -<\/title>\n<meta name=\"robots\" content=\"index, follow, max-snippet:-1, max-image-preview:large, max-video-preview:-1\" \/>\n<link rel=\"canonical\" href=\"https:\/\/sulsc.com\/index.php\/2023\/09\/28\/homem-que-teve-conta-em-rede-social-invadida-e-usada-para-golpes-sera-indenizado\/\" \/>\n<meta property=\"og:locale\" content=\"en_US\" \/>\n<meta property=\"og:type\" content=\"article\" \/>\n<meta property=\"og:title\" content=\"Homem que teve conta em rede social invadida e usada para golpes ser\u00e1 indenizado -\" \/>\n<meta property=\"og:description\" content=\"Um homem que teve sua conta de rede social hackeada por estelionat\u00e1rios, que passaram a utiliz\u00e1-la para aplicar golpes atrav\u00e9s da comercializa\u00e7\u00e3o de produtos fict\u00edcios mediante pagamento adiantado por Pix, ser\u00e1 indenizado pela plataforma respons\u00e1vel pelos servi\u00e7os eletr\u00f4nicos. Isso porque, mesmo ap\u00f3s adotar as medidas cab\u00edveis &#8211; reconhecimento facial e links de recupera\u00e7\u00e3o -, a &hellip; Homem que teve conta em rede social invadida e usada para golpes ser\u00e1 indenizado Read More &raquo;\" \/>\n<meta property=\"og:url\" content=\"https:\/\/sulsc.com\/index.php\/2023\/09\/28\/homem-que-teve-conta-em-rede-social-invadida-e-usada-para-golpes-sera-indenizado\/\" \/>\n<meta property=\"article:author\" content=\"https:\/\/www.facebook.com\/profile.php?id=61559278119680\" \/>\n<meta property=\"article:published_time\" content=\"2023-09-28T21:00:53+00:00\" \/>\n<meta property=\"article:modified_time\" content=\"2023-09-28T20:30:23+00:00\" \/>\n<meta property=\"og:image\" content=\"https:\/\/sulsc.com\/wp-content\/uploads\/2023\/09\/golpe-rede-social.jpeg\" \/>\n\t<meta property=\"og:image:width\" content=\"555\" \/>\n\t<meta property=\"og:image:height\" content=\"370\" \/>\n\t<meta property=\"og:image:type\" content=\"image\/jpeg\" \/>\n<meta name=\"author\" content=\"Reda\u00e7\u00e3o Sul SC\" \/>\n<meta name=\"twitter:card\" content=\"summary_large_image\" \/>\n<meta name=\"twitter:creator\" content=\"@https:\/\/twitter.com\/PortalSulSC\" \/>\n<meta name=\"twitter:label1\" content=\"Written by\" \/>\n\t<meta name=\"twitter:data1\" content=\"Reda\u00e7\u00e3o Sul SC\" \/>\n\t<meta name=\"twitter:label2\" content=\"Est. reading time\" \/>\n\t<meta name=\"twitter:data2\" content=\"1 minute\" \/>\n<script type=\"application\/ld+json\" class=\"yoast-schema-graph\">{\"@context\":\"https:\/\/schema.org\",\"@graph\":[{\"@type\":\"WebPage\",\"@id\":\"https:\/\/sulsc.com\/index.php\/2023\/09\/28\/homem-que-teve-conta-em-rede-social-invadida-e-usada-para-golpes-sera-indenizado\/\",\"url\":\"https:\/\/sulsc.com\/index.php\/2023\/09\/28\/homem-que-teve-conta-em-rede-social-invadida-e-usada-para-golpes-sera-indenizado\/\",\"name\":\"Homem que teve conta em rede social invadida e usada para golpes ser\u00e1 indenizado -\",\"isPartOf\":{\"@id\":\"https:\/\/sulsc.com\/#website\"},\"datePublished\":\"2023-09-28T21:00:53+00:00\",\"dateModified\":\"2023-09-28T20:30:23+00:00\",\"author\":{\"@id\":\"https:\/\/sulsc.com\/#\/schema\/person\/84d2fc571684f6248ba83092f07750a3\"},\"breadcrumb\":{\"@id\":\"https:\/\/sulsc.com\/index.php\/2023\/09\/28\/homem-que-teve-conta-em-rede-social-invadida-e-usada-para-golpes-sera-indenizado\/#breadcrumb\"},\"inLanguage\":\"en-US\",\"potentialAction\":[{\"@type\":\"ReadAction\",\"target\":[\"https:\/\/sulsc.com\/index.php\/2023\/09\/28\/homem-que-teve-conta-em-rede-social-invadida-e-usada-para-golpes-sera-indenizado\/\"]}]},{\"@type\":\"BreadcrumbList\",\"@id\":\"https:\/\/sulsc.com\/index.php\/2023\/09\/28\/homem-que-teve-conta-em-rede-social-invadida-e-usada-para-golpes-sera-indenizado\/#breadcrumb\",\"itemListElement\":[{\"@type\":\"ListItem\",\"position\":1,\"name\":\"In\u00edcio\",\"item\":\"https:\/\/sulsc.com\/\"},{\"@type\":\"ListItem\",\"position\":2,\"name\":\"Homem que teve conta em rede social invadida e usada para golpes ser\u00e1 indenizado\"}]},{\"@type\":\"WebSite\",\"@id\":\"https:\/\/sulsc.com\/#website\",\"url\":\"https:\/\/sulsc.com\/\",\"name\":\"\",\"description\":\"\",\"potentialAction\":[{\"@type\":\"SearchAction\",\"target\":{\"@type\":\"EntryPoint\",\"urlTemplate\":\"https:\/\/sulsc.com\/?s={search_term_string}\"},\"query-input\":\"required name=search_term_string\"}],\"inLanguage\":\"en-US\"},{\"@type\":\"Person\",\"@id\":\"https:\/\/sulsc.com\/#\/schema\/person\/84d2fc571684f6248ba83092f07750a3\",\"name\":\"Reda\u00e7\u00e3o Sul SC\",\"image\":{\"@type\":\"ImageObject\",\"inLanguage\":\"en-US\",\"@id\":\"https:\/\/sulsc.com\/#\/schema\/person\/image\/e08d7fe2cc4ed596372063bbe852b8d0\",\"url\":\"https:\/\/sulsc.com\/wp-content\/uploads\/2023\/09\/redacao.png\",\"contentUrl\":\"https:\/\/sulsc.com\/wp-content\/uploads\/2023\/09\/redacao.png\",\"caption\":\"Reda\u00e7\u00e3o Sul SC\"},\"description\":\"Foco em um jornalismo imparcial, voltado \u00e0 qualidade dos seus conte\u00fados e, assim, levar informa\u00e7\u00e3o de valor que agregue \u00e0 vida dos leitores. Esta \u00e9 grande miss\u00e3o do Portal de Not\u00edcias Sul SC. N\u00e3o \u00e9 quantidade que muda o mundo, sempre foi e seguir\u00e1 sendo qualidade!\",\"sameAs\":[\"https:\/\/sulsc.com\/\",\"https:\/\/www.facebook.com\/profile.php?id=61559278119680\",\"https:\/\/www.instagram.com\/sulscportal\/?hl=pt-br\",\"https:\/\/twitter.com\/https:\/\/twitter.com\/PortalSulSC\",\"https:\/\/www.youtube.com\/channel\/UCv_BE8GeySluDov2n8qhVmw\"],\"url\":\"https:\/\/sulsc.com\/index.php\/author\/redacao\/\"}]}<\/script>\n<!-- \/ Yoast SEO plugin. -->","yoast_head_json":{"title":"Homem que teve conta em rede social invadida e usada para golpes ser\u00e1 indenizado -","robots":{"index":"index","follow":"follow","max-snippet":"max-snippet:-1","max-image-preview":"max-image-preview:large","max-video-preview":"max-video-preview:-1"},"canonical":"https:\/\/sulsc.com\/index.php\/2023\/09\/28\/homem-que-teve-conta-em-rede-social-invadida-e-usada-para-golpes-sera-indenizado\/","og_locale":"en_US","og_type":"article","og_title":"Homem que teve conta em rede social invadida e usada para golpes ser\u00e1 indenizado -","og_description":"Um homem que teve sua conta de rede social hackeada por estelionat\u00e1rios, que passaram a utiliz\u00e1-la para aplicar golpes atrav\u00e9s da comercializa\u00e7\u00e3o de produtos fict\u00edcios mediante pagamento adiantado por Pix, ser\u00e1 indenizado pela plataforma respons\u00e1vel pelos servi\u00e7os eletr\u00f4nicos. Isso porque, mesmo ap\u00f3s adotar as medidas cab\u00edveis &#8211; reconhecimento facial e links de recupera\u00e7\u00e3o -, a &hellip; Homem que teve conta em rede social invadida e usada para golpes ser\u00e1 indenizado Read More &raquo;","og_url":"https:\/\/sulsc.com\/index.php\/2023\/09\/28\/homem-que-teve-conta-em-rede-social-invadida-e-usada-para-golpes-sera-indenizado\/","article_author":"https:\/\/www.facebook.com\/profile.php?id=61559278119680","article_published_time":"2023-09-28T21:00:53+00:00","article_modified_time":"2023-09-28T20:30:23+00:00","og_image":[{"width":555,"height":370,"url":"https:\/\/sulsc.com\/wp-content\/uploads\/2023\/09\/golpe-rede-social.jpeg","type":"image\/jpeg"}],"author":"Reda\u00e7\u00e3o Sul SC","twitter_card":"summary_large_image","twitter_creator":"@https:\/\/twitter.com\/PortalSulSC","twitter_misc":{"Written by":"Reda\u00e7\u00e3o Sul SC","Est. reading time":"1 minute"},"schema":{"@context":"https:\/\/schema.org","@graph":[{"@type":"WebPage","@id":"https:\/\/sulsc.com\/index.php\/2023\/09\/28\/homem-que-teve-conta-em-rede-social-invadida-e-usada-para-golpes-sera-indenizado\/","url":"https:\/\/sulsc.com\/index.php\/2023\/09\/28\/homem-que-teve-conta-em-rede-social-invadida-e-usada-para-golpes-sera-indenizado\/","name":"Homem que teve conta em rede social invadida e usada para golpes ser\u00e1 indenizado -","isPartOf":{"@id":"https:\/\/sulsc.com\/#website"},"datePublished":"2023-09-28T21:00:53+00:00","dateModified":"2023-09-28T20:30:23+00:00","author":{"@id":"https:\/\/sulsc.com\/#\/schema\/person\/84d2fc571684f6248ba83092f07750a3"},"breadcrumb":{"@id":"https:\/\/sulsc.com\/index.php\/2023\/09\/28\/homem-que-teve-conta-em-rede-social-invadida-e-usada-para-golpes-sera-indenizado\/#breadcrumb"},"inLanguage":"en-US","potentialAction":[{"@type":"ReadAction","target":["https:\/\/sulsc.com\/index.php\/2023\/09\/28\/homem-que-teve-conta-em-rede-social-invadida-e-usada-para-golpes-sera-indenizado\/"]}]},{"@type":"BreadcrumbList","@id":"https:\/\/sulsc.com\/index.php\/2023\/09\/28\/homem-que-teve-conta-em-rede-social-invadida-e-usada-para-golpes-sera-indenizado\/#breadcrumb","itemListElement":[{"@type":"ListItem","position":1,"name":"In\u00edcio","item":"https:\/\/sulsc.com\/"},{"@type":"ListItem","position":2,"name":"Homem que teve conta em rede social invadida e usada para golpes ser\u00e1 indenizado"}]},{"@type":"WebSite","@id":"https:\/\/sulsc.com\/#website","url":"https:\/\/sulsc.com\/","name":"","description":"","potentialAction":[{"@type":"SearchAction","target":{"@type":"EntryPoint","urlTemplate":"https:\/\/sulsc.com\/?s={search_term_string}"},"query-input":"required name=search_term_string"}],"inLanguage":"en-US"},{"@type":"Person","@id":"https:\/\/sulsc.com\/#\/schema\/person\/84d2fc571684f6248ba83092f07750a3","name":"Reda\u00e7\u00e3o Sul SC","image":{"@type":"ImageObject","inLanguage":"en-US","@id":"https:\/\/sulsc.com\/#\/schema\/person\/image\/e08d7fe2cc4ed596372063bbe852b8d0","url":"https:\/\/sulsc.com\/wp-content\/uploads\/2023\/09\/redacao.png","contentUrl":"https:\/\/sulsc.com\/wp-content\/uploads\/2023\/09\/redacao.png","caption":"Reda\u00e7\u00e3o Sul SC"},"description":"Foco em um jornalismo imparcial, voltado \u00e0 qualidade dos seus conte\u00fados e, assim, levar informa\u00e7\u00e3o de valor que agregue \u00e0 vida dos leitores. Esta \u00e9 grande miss\u00e3o do Portal de Not\u00edcias Sul SC. N\u00e3o \u00e9 quantidade que muda o mundo, sempre foi e seguir\u00e1 sendo qualidade!","sameAs":["https:\/\/sulsc.com\/","https:\/\/www.facebook.com\/profile.php?id=61559278119680","https:\/\/www.instagram.com\/sulscportal\/?hl=pt-br","https:\/\/twitter.com\/https:\/\/twitter.com\/PortalSulSC","https:\/\/www.youtube.com\/channel\/UCv_BE8GeySluDov2n8qhVmw"],"url":"https:\/\/sulsc.com\/index.php\/author\/redacao\/"}]}},"authors":[],"_links":{"self":[{"href":"https:\/\/sulsc.com\/index.php\/wp-json\/wp\/v2\/posts\/1591"}],"collection":[{"href":"https:\/\/sulsc.com\/index.php\/wp-json\/wp\/v2\/posts"}],"about":[{"href":"https:\/\/sulsc.com\/index.php\/wp-json\/wp\/v2\/types\/post"}],"author":[{"embeddable":true,"href":"https:\/\/sulsc.com\/index.php\/wp-json\/wp\/v2\/users\/3"}],"replies":[{"embeddable":true,"href":"https:\/\/sulsc.com\/index.php\/wp-json\/wp\/v2\/comments?post=1591"}],"version-history":[{"count":1,"href":"https:\/\/sulsc.com\/index.php\/wp-json\/wp\/v2\/posts\/1591\/revisions"}],"predecessor-version":[{"id":1594,"href":"https:\/\/sulsc.com\/index.php\/wp-json\/wp\/v2\/posts\/1591\/revisions\/1594"}],"wp:featuredmedia":[{"embeddable":true,"href":"https:\/\/sulsc.com\/index.php\/wp-json\/wp\/v2\/media\/1593"}],"wp:attachment":[{"href":"https:\/\/sulsc.com\/index.php\/wp-json\/wp\/v2\/media?parent=1591"}],"wp:term":[{"taxonomy":"category","embeddable":true,"href":"https:\/\/sulsc.com\/index.php\/wp-json\/wp\/v2\/categories?post=1591"},{"taxonomy":"post_tag","embeddable":true,"href":"https:\/\/sulsc.com\/index.php\/wp-json\/wp\/v2\/tags?post=1591"}],"curies":[{"name":"wp","href":"https:\/\/api.w.org\/{rel}","templated":true}]}}