{"id":1595,"date":"2023-09-29T07:00:59","date_gmt":"2023-09-29T10:00:59","guid":{"rendered":"https:\/\/sulsc.com\/?p=1595"},"modified":"2023-09-29T07:16:40","modified_gmt":"2023-09-29T10:16:40","slug":"tempo-instavel-e-pancadas-de-chuva-nesta-sexta-feira-29-em-sc","status":"publish","type":"post","link":"https:\/\/sulsc.com\/index.php\/2023\/09\/29\/tempo-instavel-e-pancadas-de-chuva-nesta-sexta-feira-29-em-sc\/","title":{"rendered":"Tempo inst\u00e1vel e pancadas de chuva nesta sexta-feira (29), em SC"},"content":{"rendered":"<p>O tempo continua inst\u00e1vel e provoca pancadas de chuva pelo estado nesta sexta-feira (29) por conta das \u00e1reas de baixa press\u00e3o na atmosfera. Do Meio-Oeste ao litoral, o tempo encoberto predomina e h\u00e1 possibilidade de chuva fraca a qualquer momento. Pode ser mais persistente entre o Vale do Itaja\u00ed, Litoral e Planalto Norte.<\/p>\n<p>N\u00e3o h\u00e1 risco para ocorr\u00eancias meteorol\u00f3gicas. Os ventos sopram de nordeste pelo estado, com intensidade fraca. As temperaturas no amanhecer variam de 15\u00b0C a 18\u00b0C no litoral, Baixo e M\u00e9dio Vale do Itaja\u00ed e oscilam entre 8\u00b0C e 14\u00b0C nas demais regi\u00f5es.<\/p>\n<p>\u00c0 tarde, por conta da cobertura de nuvens, as m\u00e1ximas ficam entre 13\u00b0C e 19\u00b0C dos planaltos ao litoral. No Grande Oeste, com mais aberturas de sol, as m\u00e1ximas variam entre 23\u00b0C e 27\u00b0C. O mar fica pouco agitado em todo o litoral, com ondas de leste entre 1,5 m e 2,0 m.<\/p>\n<p>Fonte: Defesa Civil<\/p>\n","protected":false},"excerpt":{"rendered":"<p>O tempo continua inst\u00e1vel e provoca pancadas de chuva pelo estado nesta sexta-feira (29) por conta das \u00e1reas de baixa press\u00e3o na atmosfera. Do Meio-Oeste ao litoral, o tempo encoberto predomina e h\u00e1 possibilidade de chuva fraca a qualquer momento. Pode ser mais persistente entre o Vale do Itaja\u00ed, Litoral e Planalto Norte. N\u00e3o h\u00e1 &hellip;<\/p>\n<p class=\"read-more\"> <a class=\"\" href=\"https:\/\/sulsc.com\/index.php\/2023\/09\/29\/tempo-instavel-e-pancadas-de-chuva-nesta-sexta-feira-29-em-sc\/\"> <span class=\"screen-reader-text\">Tempo inst\u00e1vel e pancadas de chuva nesta sexta-feira (29), em SC<\/span> Read More &raquo;<\/a><\/p>\n","protected":false},"author":3,"featured_media":1444,"comment_status":"open","ping_status":"open","sticky":false,"template":"","format":"standard","meta":{"site-sidebar-layout":"default","site-content-layout":"default","ast-site-content-layout":"","site-content-style":"default","site-sidebar-style":"default","ast-global-header-display":"","ast-banner-title-visibility":"","ast-main-header-display":"","ast-hfb-above-header-display":"","ast-hfb-below-header-display":"","ast-hfb-mobile-header-display":"","site-post-title":"","ast-breadcrumbs-content":"","ast-featured-img":"","footer-sml-layout":"","theme-transparent-header-meta":"default","adv-header-id-meta":"","stick-header-meta":"","header-above-stick-meta":"","header-main-stick-meta":"","header-below-stick-meta":"","astra-migrate-meta-layouts":"","footnotes":""},"categories":[1,38],"tags":[],"yoast_head":"<!-- This site is optimized with the Yoast SEO plugin v21.4 - https:\/\/yoast.com\/wordpress\/plugins\/seo\/ -->\n<title>Tempo inst\u00e1vel e pancadas de chuva nesta sexta-feira (29), em SC -<\/title>\n<meta name=\"robots\" content=\"index, follow, max-snippet:-1, max-image-preview:large, max-video-preview:-1\" \/>\n<link rel=\"canonical\" href=\"https:\/\/sulsc.com\/index.php\/2023\/09\/29\/tempo-instavel-e-pancadas-de-chuva-nesta-sexta-feira-29-em-sc\/\" \/>\n<meta property=\"og:locale\" content=\"en_US\" \/>\n<meta property=\"og:type\" content=\"article\" \/>\n<meta property=\"og:title\" content=\"Tempo inst\u00e1vel e pancadas de chuva nesta sexta-feira (29), em SC -\" \/>\n<meta property=\"og:description\" content=\"O tempo continua inst\u00e1vel e provoca pancadas de chuva pelo estado nesta sexta-feira (29) por conta das \u00e1reas de baixa press\u00e3o na atmosfera. Do Meio-Oeste ao litoral, o tempo encoberto predomina e h\u00e1 possibilidade de chuva fraca a qualquer momento. Pode ser mais persistente entre o Vale do Itaja\u00ed, Litoral e Planalto Norte. N\u00e3o h\u00e1 &hellip; Tempo inst\u00e1vel e pancadas de chuva nesta sexta-feira (29), em SC Read More &raquo;\" \/>\n<meta property=\"og:url\" content=\"https:\/\/sulsc.com\/index.php\/2023\/09\/29\/tempo-instavel-e-pancadas-de-chuva-nesta-sexta-feira-29-em-sc\/\" \/>\n<meta property=\"article:author\" content=\"https:\/\/www.facebook.com\/profile.php?id=61559278119680\" \/>\n<meta property=\"article:published_time\" content=\"2023-09-29T10:00:59+00:00\" \/>\n<meta property=\"article:modified_time\" content=\"2023-09-29T10:16:40+00:00\" \/>\n<meta property=\"og:image\" content=\"https:\/\/sulsc.com\/wp-content\/uploads\/2023\/09\/nublado-scaled.jpg\" \/>\n\t<meta property=\"og:image:width\" content=\"2560\" \/>\n\t<meta property=\"og:image:height\" content=\"1707\" \/>\n\t<meta property=\"og:image:type\" content=\"image\/jpeg\" \/>\n<meta name=\"author\" content=\"Reda\u00e7\u00e3o Sul SC\" \/>\n<meta name=\"twitter:card\" content=\"summary_large_image\" \/>\n<meta name=\"twitter:creator\" content=\"@https:\/\/twitter.com\/PortalSulSC\" \/>\n<meta name=\"twitter:label1\" content=\"Written by\" \/>\n\t<meta name=\"twitter:data1\" content=\"Reda\u00e7\u00e3o Sul SC\" \/>\n\t<meta name=\"twitter:label2\" content=\"Est. reading time\" \/>\n\t<meta name=\"twitter:data2\" content=\"1 minute\" \/>\n<script type=\"application\/ld+json\" class=\"yoast-schema-graph\">{\"@context\":\"https:\/\/schema.org\",\"@graph\":[{\"@type\":\"WebPage\",\"@id\":\"https:\/\/sulsc.com\/index.php\/2023\/09\/29\/tempo-instavel-e-pancadas-de-chuva-nesta-sexta-feira-29-em-sc\/\",\"url\":\"https:\/\/sulsc.com\/index.php\/2023\/09\/29\/tempo-instavel-e-pancadas-de-chuva-nesta-sexta-feira-29-em-sc\/\",\"name\":\"Tempo inst\u00e1vel e pancadas de chuva nesta sexta-feira (29), em SC -\",\"isPartOf\":{\"@id\":\"https:\/\/sulsc.com\/#website\"},\"datePublished\":\"2023-09-29T10:00:59+00:00\",\"dateModified\":\"2023-09-29T10:16:40+00:00\",\"author\":{\"@id\":\"https:\/\/sulsc.com\/#\/schema\/person\/84d2fc571684f6248ba83092f07750a3\"},\"breadcrumb\":{\"@id\":\"https:\/\/sulsc.com\/index.php\/2023\/09\/29\/tempo-instavel-e-pancadas-de-chuva-nesta-sexta-feira-29-em-sc\/#breadcrumb\"},\"inLanguage\":\"en-US\",\"potentialAction\":[{\"@type\":\"ReadAction\",\"target\":[\"https:\/\/sulsc.com\/index.php\/2023\/09\/29\/tempo-instavel-e-pancadas-de-chuva-nesta-sexta-feira-29-em-sc\/\"]}]},{\"@type\":\"BreadcrumbList\",\"@id\":\"https:\/\/sulsc.com\/index.php\/2023\/09\/29\/tempo-instavel-e-pancadas-de-chuva-nesta-sexta-feira-29-em-sc\/#breadcrumb\",\"itemListElement\":[{\"@type\":\"ListItem\",\"position\":1,\"name\":\"In\u00edcio\",\"item\":\"https:\/\/sulsc.com\/\"},{\"@type\":\"ListItem\",\"position\":2,\"name\":\"Tempo inst\u00e1vel e pancadas de chuva nesta sexta-feira (29), em SC\"}]},{\"@type\":\"WebSite\",\"@id\":\"https:\/\/sulsc.com\/#website\",\"url\":\"https:\/\/sulsc.com\/\",\"name\":\"\",\"description\":\"\",\"potentialAction\":[{\"@type\":\"SearchAction\",\"target\":{\"@type\":\"EntryPoint\",\"urlTemplate\":\"https:\/\/sulsc.com\/?s={search_term_string}\"},\"query-input\":\"required name=search_term_string\"}],\"inLanguage\":\"en-US\"},{\"@type\":\"Person\",\"@id\":\"https:\/\/sulsc.com\/#\/schema\/person\/84d2fc571684f6248ba83092f07750a3\",\"name\":\"Reda\u00e7\u00e3o Sul SC\",\"image\":{\"@type\":\"ImageObject\",\"inLanguage\":\"en-US\",\"@id\":\"https:\/\/sulsc.com\/#\/schema\/person\/image\/e08d7fe2cc4ed596372063bbe852b8d0\",\"url\":\"https:\/\/sulsc.com\/wp-content\/uploads\/2023\/09\/redacao.png\",\"contentUrl\":\"https:\/\/sulsc.com\/wp-content\/uploads\/2023\/09\/redacao.png\",\"caption\":\"Reda\u00e7\u00e3o Sul SC\"},\"description\":\"Foco em um jornalismo imparcial, voltado \u00e0 qualidade dos seus conte\u00fados e, assim, levar informa\u00e7\u00e3o de valor que agregue \u00e0 vida dos leitores. Esta \u00e9 grande miss\u00e3o do Portal de Not\u00edcias Sul SC. N\u00e3o \u00e9 quantidade que muda o mundo, sempre foi e seguir\u00e1 sendo qualidade!\",\"sameAs\":[\"https:\/\/sulsc.com\/\",\"https:\/\/www.facebook.com\/profile.php?id=61559278119680\",\"https:\/\/www.instagram.com\/sulscportal\/?hl=pt-br\",\"https:\/\/twitter.com\/https:\/\/twitter.com\/PortalSulSC\",\"https:\/\/www.youtube.com\/channel\/UCv_BE8GeySluDov2n8qhVmw\"],\"url\":\"https:\/\/sulsc.com\/index.php\/author\/redacao\/\"}]}<\/script>\n<!-- \/ Yoast SEO plugin. -->","yoast_head_json":{"title":"Tempo inst\u00e1vel e pancadas de chuva nesta sexta-feira (29), em SC -","robots":{"index":"index","follow":"follow","max-snippet":"max-snippet:-1","max-image-preview":"max-image-preview:large","max-video-preview":"max-video-preview:-1"},"canonical":"https:\/\/sulsc.com\/index.php\/2023\/09\/29\/tempo-instavel-e-pancadas-de-chuva-nesta-sexta-feira-29-em-sc\/","og_locale":"en_US","og_type":"article","og_title":"Tempo inst\u00e1vel e pancadas de chuva nesta sexta-feira (29), em SC -","og_description":"O tempo continua inst\u00e1vel e provoca pancadas de chuva pelo estado nesta sexta-feira (29) por conta das \u00e1reas de baixa press\u00e3o na atmosfera. Do Meio-Oeste ao litoral, o tempo encoberto predomina e h\u00e1 possibilidade de chuva fraca a qualquer momento. Pode ser mais persistente entre o Vale do Itaja\u00ed, Litoral e Planalto Norte. N\u00e3o h\u00e1 &hellip; Tempo inst\u00e1vel e pancadas de chuva nesta sexta-feira (29), em SC Read More &raquo;","og_url":"https:\/\/sulsc.com\/index.php\/2023\/09\/29\/tempo-instavel-e-pancadas-de-chuva-nesta-sexta-feira-29-em-sc\/","article_author":"https:\/\/www.facebook.com\/profile.php?id=61559278119680","article_published_time":"2023-09-29T10:00:59+00:00","article_modified_time":"2023-09-29T10:16:40+00:00","og_image":[{"width":2560,"height":1707,"url":"https:\/\/sulsc.com\/wp-content\/uploads\/2023\/09\/nublado-scaled.jpg","type":"image\/jpeg"}],"author":"Reda\u00e7\u00e3o Sul SC","twitter_card":"summary_large_image","twitter_creator":"@https:\/\/twitter.com\/PortalSulSC","twitter_misc":{"Written by":"Reda\u00e7\u00e3o Sul SC","Est. reading time":"1 minute"},"schema":{"@context":"https:\/\/schema.org","@graph":[{"@type":"WebPage","@id":"https:\/\/sulsc.com\/index.php\/2023\/09\/29\/tempo-instavel-e-pancadas-de-chuva-nesta-sexta-feira-29-em-sc\/","url":"https:\/\/sulsc.com\/index.php\/2023\/09\/29\/tempo-instavel-e-pancadas-de-chuva-nesta-sexta-feira-29-em-sc\/","name":"Tempo inst\u00e1vel e pancadas de chuva nesta sexta-feira (29), em SC -","isPartOf":{"@id":"https:\/\/sulsc.com\/#website"},"datePublished":"2023-09-29T10:00:59+00:00","dateModified":"2023-09-29T10:16:40+00:00","author":{"@id":"https:\/\/sulsc.com\/#\/schema\/person\/84d2fc571684f6248ba83092f07750a3"},"breadcrumb":{"@id":"https:\/\/sulsc.com\/index.php\/2023\/09\/29\/tempo-instavel-e-pancadas-de-chuva-nesta-sexta-feira-29-em-sc\/#breadcrumb"},"inLanguage":"en-US","potentialAction":[{"@type":"ReadAction","target":["https:\/\/sulsc.com\/index.php\/2023\/09\/29\/tempo-instavel-e-pancadas-de-chuva-nesta-sexta-feira-29-em-sc\/"]}]},{"@type":"BreadcrumbList","@id":"https:\/\/sulsc.com\/index.php\/2023\/09\/29\/tempo-instavel-e-pancadas-de-chuva-nesta-sexta-feira-29-em-sc\/#breadcrumb","itemListElement":[{"@type":"ListItem","position":1,"name":"In\u00edcio","item":"https:\/\/sulsc.com\/"},{"@type":"ListItem","position":2,"name":"Tempo inst\u00e1vel e pancadas de chuva nesta sexta-feira (29), em SC"}]},{"@type":"WebSite","@id":"https:\/\/sulsc.com\/#website","url":"https:\/\/sulsc.com\/","name":"","description":"","potentialAction":[{"@type":"SearchAction","target":{"@type":"EntryPoint","urlTemplate":"https:\/\/sulsc.com\/?s={search_term_string}"},"query-input":"required name=search_term_string"}],"inLanguage":"en-US"},{"@type":"Person","@id":"https:\/\/sulsc.com\/#\/schema\/person\/84d2fc571684f6248ba83092f07750a3","name":"Reda\u00e7\u00e3o Sul SC","image":{"@type":"ImageObject","inLanguage":"en-US","@id":"https:\/\/sulsc.com\/#\/schema\/person\/image\/e08d7fe2cc4ed596372063bbe852b8d0","url":"https:\/\/sulsc.com\/wp-content\/uploads\/2023\/09\/redacao.png","contentUrl":"https:\/\/sulsc.com\/wp-content\/uploads\/2023\/09\/redacao.png","caption":"Reda\u00e7\u00e3o Sul SC"},"description":"Foco em um jornalismo imparcial, voltado \u00e0 qualidade dos seus conte\u00fados e, assim, levar informa\u00e7\u00e3o de valor que agregue \u00e0 vida dos leitores. Esta \u00e9 grande miss\u00e3o do Portal de Not\u00edcias Sul SC. N\u00e3o \u00e9 quantidade que muda o mundo, sempre foi e seguir\u00e1 sendo qualidade!","sameAs":["https:\/\/sulsc.com\/","https:\/\/www.facebook.com\/profile.php?id=61559278119680","https:\/\/www.instagram.com\/sulscportal\/?hl=pt-br","https:\/\/twitter.com\/https:\/\/twitter.com\/PortalSulSC","https:\/\/www.youtube.com\/channel\/UCv_BE8GeySluDov2n8qhVmw"],"url":"https:\/\/sulsc.com\/index.php\/author\/redacao\/"}]}},"authors":[],"_links":{"self":[{"href":"https:\/\/sulsc.com\/index.php\/wp-json\/wp\/v2\/posts\/1595"}],"collection":[{"href":"https:\/\/sulsc.com\/index.php\/wp-json\/wp\/v2\/posts"}],"about":[{"href":"https:\/\/sulsc.com\/index.php\/wp-json\/wp\/v2\/types\/post"}],"author":[{"embeddable":true,"href":"https:\/\/sulsc.com\/index.php\/wp-json\/wp\/v2\/users\/3"}],"replies":[{"embeddable":true,"href":"https:\/\/sulsc.com\/index.php\/wp-json\/wp\/v2\/comments?post=1595"}],"version-history":[{"count":1,"href":"https:\/\/sulsc.com\/index.php\/wp-json\/wp\/v2\/posts\/1595\/revisions"}],"predecessor-version":[{"id":1596,"href":"https:\/\/sulsc.com\/index.php\/wp-json\/wp\/v2\/posts\/1595\/revisions\/1596"}],"wp:featuredmedia":[{"embeddable":true,"href":"https:\/\/sulsc.com\/index.php\/wp-json\/wp\/v2\/media\/1444"}],"wp:attachment":[{"href":"https:\/\/sulsc.com\/index.php\/wp-json\/wp\/v2\/media?parent=1595"}],"wp:term":[{"taxonomy":"category","embeddable":true,"href":"https:\/\/sulsc.com\/index.php\/wp-json\/wp\/v2\/categories?post=1595"},{"taxonomy":"post_tag","embeddable":true,"href":"https:\/\/sulsc.com\/index.php\/wp-json\/wp\/v2\/tags?post=1595"}],"curies":[{"name":"wp","href":"https:\/\/api.w.org\/{rel}","templated":true}]}}