{"id":1597,"date":"2023-09-29T07:40:01","date_gmt":"2023-09-29T10:40:01","guid":{"rendered":"https:\/\/sulsc.com\/?p=1597"},"modified":"2023-09-29T07:35:14","modified_gmt":"2023-09-29T10:35:14","slug":"motorista-de-aplicativo-e-preso-suspeito-de-violentar-passageiras-em-sc","status":"publish","type":"post","link":"https:\/\/sulsc.com\/index.php\/2023\/09\/29\/motorista-de-aplicativo-e-preso-suspeito-de-violentar-passageiras-em-sc\/","title":{"rendered":"Motorista de aplicativo \u00e9 preso suspeito de violentar passageiras em SC"},"content":{"rendered":"<p>Um motorista de aplicativo foi detido pela Pol\u00edcia Civil de Santa Catarina (PCSC) sob a suspeita de ter cometido estupro contra duas passageiras em Florian\u00f3polis. O crime ocorreu no m\u00eas de julho deste ano, e a pris\u00e3o do motorista foi efetuada na \u00faltima quarta-feira (27).<\/p>\n<p>O estupro teria ocorrido na regi\u00e3o norte de Florian\u00f3polis. A informa\u00e7\u00e3o \u00e9 resultado das investiga\u00e7\u00f5es conduzidas pela Delegacia de Prote\u00e7\u00e3o \u00e0 Crian\u00e7a, Adolescente, Mulher e Idoso (DPCAMI). Segundo o relatos de testemunhas que prestaram depoimento \u00e0 pol\u00edcia, o suspeito teria levado as duas v\u00edtimas em uma corrida que teve in\u00edcio em um bar localizado na regi\u00e3o central da cidade e tinha como destino a resid\u00eancia de uma das passageiras.<\/p>\n<p><img fetchpriority=\"high\" decoding=\"async\" class=\"alignnone size-full wp-image-1176\" src=\"http:\/\/sulsc.com\/wp-content\/uploads\/2023\/09\/policia-civil.jpg\" alt=\"\" width=\"950\" height=\"633\" srcset=\"https:\/\/sulsc.com\/wp-content\/uploads\/2023\/09\/policia-civil.jpg 950w, https:\/\/sulsc.com\/wp-content\/uploads\/2023\/09\/policia-civil-300x200.jpg 300w, https:\/\/sulsc.com\/wp-content\/uploads\/2023\/09\/policia-civil-768x512.jpg 768w\" sizes=\"(max-width: 950px) 100vw, 950px\" \/><\/p>\n<p>Ao chegarem \u00e0 resid\u00eancia, alega-se que o motorista teria se aproveitado do estado de embriaguez das v\u00edtimas para cometer o estupro, uma vez que as duas mulheres n\u00e3o estavam em condi\u00e7\u00f5es de resistir. A pol\u00edcia prossegue com as investiga\u00e7\u00f5es, e o suspeito foi interrogado. Al\u00e9m disso, est\u00e1 previsto que ele seja submetido a um reconhecimento por parte das v\u00edtimas, como parte do processo de apura\u00e7\u00e3o dos fatos.<\/p>\n<p>&nbsp;<\/p>\n<p>Fonte: Hora Hiper<\/p>\n","protected":false},"excerpt":{"rendered":"<p>Um motorista de aplicativo foi detido pela Pol\u00edcia Civil de Santa Catarina (PCSC) sob a suspeita de ter cometido estupro contra duas passageiras em Florian\u00f3polis. O crime ocorreu no m\u00eas de julho deste ano, e a pris\u00e3o do motorista foi efetuada na \u00faltima quarta-feira (27). O estupro teria ocorrido na regi\u00e3o norte de Florian\u00f3polis. A &hellip;<\/p>\n<p class=\"read-more\"> <a class=\"\" href=\"https:\/\/sulsc.com\/index.php\/2023\/09\/29\/motorista-de-aplicativo-e-preso-suspeito-de-violentar-passageiras-em-sc\/\"> <span class=\"screen-reader-text\">Motorista de aplicativo \u00e9 preso suspeito de violentar passageiras em SC<\/span> Read More &raquo;<\/a><\/p>\n","protected":false},"author":3,"featured_media":1022,"comment_status":"open","ping_status":"open","sticky":false,"template":"","format":"standard","meta":{"site-sidebar-layout":"default","site-content-layout":"default","ast-site-content-layout":"","site-content-style":"default","site-sidebar-style":"default","ast-global-header-display":"","ast-banner-title-visibility":"","ast-main-header-display":"","ast-hfb-above-header-display":"","ast-hfb-below-header-display":"","ast-hfb-mobile-header-display":"","site-post-title":"","ast-breadcrumbs-content":"","ast-featured-img":"","footer-sml-layout":"","theme-transparent-header-meta":"default","adv-header-id-meta":"","stick-header-meta":"","header-above-stick-meta":"","header-main-stick-meta":"","header-below-stick-meta":"","astra-migrate-meta-layouts":"","footnotes":""},"categories":[8],"tags":[],"yoast_head":"<!-- This site is optimized with the Yoast SEO plugin v21.4 - https:\/\/yoast.com\/wordpress\/plugins\/seo\/ -->\n<title>Motorista de aplicativo \u00e9 preso suspeito de violentar passageiras em SC -<\/title>\n<meta name=\"robots\" content=\"index, follow, max-snippet:-1, max-image-preview:large, max-video-preview:-1\" \/>\n<link rel=\"canonical\" href=\"https:\/\/sulsc.com\/index.php\/2023\/09\/29\/motorista-de-aplicativo-e-preso-suspeito-de-violentar-passageiras-em-sc\/\" \/>\n<meta property=\"og:locale\" content=\"en_US\" \/>\n<meta property=\"og:type\" content=\"article\" \/>\n<meta property=\"og:title\" content=\"Motorista de aplicativo \u00e9 preso suspeito de violentar passageiras em SC -\" \/>\n<meta property=\"og:description\" content=\"Um motorista de aplicativo foi detido pela Pol\u00edcia Civil de Santa Catarina (PCSC) sob a suspeita de ter cometido estupro contra duas passageiras em Florian\u00f3polis. O crime ocorreu no m\u00eas de julho deste ano, e a pris\u00e3o do motorista foi efetuada na \u00faltima quarta-feira (27). O estupro teria ocorrido na regi\u00e3o norte de Florian\u00f3polis. A &hellip; Motorista de aplicativo \u00e9 preso suspeito de violentar passageiras em SC Read More &raquo;\" \/>\n<meta property=\"og:url\" content=\"https:\/\/sulsc.com\/index.php\/2023\/09\/29\/motorista-de-aplicativo-e-preso-suspeito-de-violentar-passageiras-em-sc\/\" \/>\n<meta property=\"article:author\" content=\"https:\/\/www.facebook.com\/profile.php?id=61559278119680\" \/>\n<meta property=\"article:published_time\" content=\"2023-09-29T10:40:01+00:00\" \/>\n<meta property=\"article:modified_time\" content=\"2023-09-29T10:35:14+00:00\" \/>\n<meta property=\"og:image\" content=\"https:\/\/sulsc.com\/wp-content\/uploads\/2023\/09\/policia-civil.jpeg\" \/>\n\t<meta property=\"og:image:width\" content=\"1280\" \/>\n\t<meta property=\"og:image:height\" content=\"960\" \/>\n\t<meta property=\"og:image:type\" content=\"image\/jpeg\" \/>\n<meta name=\"author\" content=\"Reda\u00e7\u00e3o Sul SC\" \/>\n<meta name=\"twitter:card\" content=\"summary_large_image\" \/>\n<meta name=\"twitter:creator\" content=\"@https:\/\/twitter.com\/PortalSulSC\" \/>\n<meta name=\"twitter:label1\" content=\"Written by\" \/>\n\t<meta name=\"twitter:data1\" content=\"Reda\u00e7\u00e3o Sul SC\" \/>\n\t<meta name=\"twitter:label2\" content=\"Est. reading time\" \/>\n\t<meta name=\"twitter:data2\" content=\"1 minute\" \/>\n<script type=\"application\/ld+json\" class=\"yoast-schema-graph\">{\"@context\":\"https:\/\/schema.org\",\"@graph\":[{\"@type\":\"WebPage\",\"@id\":\"https:\/\/sulsc.com\/index.php\/2023\/09\/29\/motorista-de-aplicativo-e-preso-suspeito-de-violentar-passageiras-em-sc\/\",\"url\":\"https:\/\/sulsc.com\/index.php\/2023\/09\/29\/motorista-de-aplicativo-e-preso-suspeito-de-violentar-passageiras-em-sc\/\",\"name\":\"Motorista de aplicativo \u00e9 preso suspeito de violentar passageiras em SC -\",\"isPartOf\":{\"@id\":\"https:\/\/sulsc.com\/#website\"},\"datePublished\":\"2023-09-29T10:40:01+00:00\",\"dateModified\":\"2023-09-29T10:35:14+00:00\",\"author\":{\"@id\":\"https:\/\/sulsc.com\/#\/schema\/person\/84d2fc571684f6248ba83092f07750a3\"},\"breadcrumb\":{\"@id\":\"https:\/\/sulsc.com\/index.php\/2023\/09\/29\/motorista-de-aplicativo-e-preso-suspeito-de-violentar-passageiras-em-sc\/#breadcrumb\"},\"inLanguage\":\"en-US\",\"potentialAction\":[{\"@type\":\"ReadAction\",\"target\":[\"https:\/\/sulsc.com\/index.php\/2023\/09\/29\/motorista-de-aplicativo-e-preso-suspeito-de-violentar-passageiras-em-sc\/\"]}]},{\"@type\":\"BreadcrumbList\",\"@id\":\"https:\/\/sulsc.com\/index.php\/2023\/09\/29\/motorista-de-aplicativo-e-preso-suspeito-de-violentar-passageiras-em-sc\/#breadcrumb\",\"itemListElement\":[{\"@type\":\"ListItem\",\"position\":1,\"name\":\"In\u00edcio\",\"item\":\"https:\/\/sulsc.com\/\"},{\"@type\":\"ListItem\",\"position\":2,\"name\":\"Motorista de aplicativo \u00e9 preso suspeito de violentar passageiras em SC\"}]},{\"@type\":\"WebSite\",\"@id\":\"https:\/\/sulsc.com\/#website\",\"url\":\"https:\/\/sulsc.com\/\",\"name\":\"\",\"description\":\"\",\"potentialAction\":[{\"@type\":\"SearchAction\",\"target\":{\"@type\":\"EntryPoint\",\"urlTemplate\":\"https:\/\/sulsc.com\/?s={search_term_string}\"},\"query-input\":\"required name=search_term_string\"}],\"inLanguage\":\"en-US\"},{\"@type\":\"Person\",\"@id\":\"https:\/\/sulsc.com\/#\/schema\/person\/84d2fc571684f6248ba83092f07750a3\",\"name\":\"Reda\u00e7\u00e3o Sul SC\",\"image\":{\"@type\":\"ImageObject\",\"inLanguage\":\"en-US\",\"@id\":\"https:\/\/sulsc.com\/#\/schema\/person\/image\/e08d7fe2cc4ed596372063bbe852b8d0\",\"url\":\"https:\/\/sulsc.com\/wp-content\/uploads\/2023\/09\/redacao.png\",\"contentUrl\":\"https:\/\/sulsc.com\/wp-content\/uploads\/2023\/09\/redacao.png\",\"caption\":\"Reda\u00e7\u00e3o Sul SC\"},\"description\":\"Foco em um jornalismo imparcial, voltado \u00e0 qualidade dos seus conte\u00fados e, assim, levar informa\u00e7\u00e3o de valor que agregue \u00e0 vida dos leitores. Esta \u00e9 grande miss\u00e3o do Portal de Not\u00edcias Sul SC. N\u00e3o \u00e9 quantidade que muda o mundo, sempre foi e seguir\u00e1 sendo qualidade!\",\"sameAs\":[\"https:\/\/sulsc.com\/\",\"https:\/\/www.facebook.com\/profile.php?id=61559278119680\",\"https:\/\/www.instagram.com\/sulscportal\/?hl=pt-br\",\"https:\/\/twitter.com\/https:\/\/twitter.com\/PortalSulSC\",\"https:\/\/www.youtube.com\/channel\/UCv_BE8GeySluDov2n8qhVmw\"],\"url\":\"https:\/\/sulsc.com\/index.php\/author\/redacao\/\"}]}<\/script>\n<!-- \/ Yoast SEO plugin. -->","yoast_head_json":{"title":"Motorista de aplicativo \u00e9 preso suspeito de violentar passageiras em SC -","robots":{"index":"index","follow":"follow","max-snippet":"max-snippet:-1","max-image-preview":"max-image-preview:large","max-video-preview":"max-video-preview:-1"},"canonical":"https:\/\/sulsc.com\/index.php\/2023\/09\/29\/motorista-de-aplicativo-e-preso-suspeito-de-violentar-passageiras-em-sc\/","og_locale":"en_US","og_type":"article","og_title":"Motorista de aplicativo \u00e9 preso suspeito de violentar passageiras em SC -","og_description":"Um motorista de aplicativo foi detido pela Pol\u00edcia Civil de Santa Catarina (PCSC) sob a suspeita de ter cometido estupro contra duas passageiras em Florian\u00f3polis. O crime ocorreu no m\u00eas de julho deste ano, e a pris\u00e3o do motorista foi efetuada na \u00faltima quarta-feira (27). O estupro teria ocorrido na regi\u00e3o norte de Florian\u00f3polis. A &hellip; Motorista de aplicativo \u00e9 preso suspeito de violentar passageiras em SC Read More &raquo;","og_url":"https:\/\/sulsc.com\/index.php\/2023\/09\/29\/motorista-de-aplicativo-e-preso-suspeito-de-violentar-passageiras-em-sc\/","article_author":"https:\/\/www.facebook.com\/profile.php?id=61559278119680","article_published_time":"2023-09-29T10:40:01+00:00","article_modified_time":"2023-09-29T10:35:14+00:00","og_image":[{"width":1280,"height":960,"url":"https:\/\/sulsc.com\/wp-content\/uploads\/2023\/09\/policia-civil.jpeg","type":"image\/jpeg"}],"author":"Reda\u00e7\u00e3o Sul SC","twitter_card":"summary_large_image","twitter_creator":"@https:\/\/twitter.com\/PortalSulSC","twitter_misc":{"Written by":"Reda\u00e7\u00e3o Sul SC","Est. reading time":"1 minute"},"schema":{"@context":"https:\/\/schema.org","@graph":[{"@type":"WebPage","@id":"https:\/\/sulsc.com\/index.php\/2023\/09\/29\/motorista-de-aplicativo-e-preso-suspeito-de-violentar-passageiras-em-sc\/","url":"https:\/\/sulsc.com\/index.php\/2023\/09\/29\/motorista-de-aplicativo-e-preso-suspeito-de-violentar-passageiras-em-sc\/","name":"Motorista de aplicativo \u00e9 preso suspeito de violentar passageiras em SC -","isPartOf":{"@id":"https:\/\/sulsc.com\/#website"},"datePublished":"2023-09-29T10:40:01+00:00","dateModified":"2023-09-29T10:35:14+00:00","author":{"@id":"https:\/\/sulsc.com\/#\/schema\/person\/84d2fc571684f6248ba83092f07750a3"},"breadcrumb":{"@id":"https:\/\/sulsc.com\/index.php\/2023\/09\/29\/motorista-de-aplicativo-e-preso-suspeito-de-violentar-passageiras-em-sc\/#breadcrumb"},"inLanguage":"en-US","potentialAction":[{"@type":"ReadAction","target":["https:\/\/sulsc.com\/index.php\/2023\/09\/29\/motorista-de-aplicativo-e-preso-suspeito-de-violentar-passageiras-em-sc\/"]}]},{"@type":"BreadcrumbList","@id":"https:\/\/sulsc.com\/index.php\/2023\/09\/29\/motorista-de-aplicativo-e-preso-suspeito-de-violentar-passageiras-em-sc\/#breadcrumb","itemListElement":[{"@type":"ListItem","position":1,"name":"In\u00edcio","item":"https:\/\/sulsc.com\/"},{"@type":"ListItem","position":2,"name":"Motorista de aplicativo \u00e9 preso suspeito de violentar passageiras em SC"}]},{"@type":"WebSite","@id":"https:\/\/sulsc.com\/#website","url":"https:\/\/sulsc.com\/","name":"","description":"","potentialAction":[{"@type":"SearchAction","target":{"@type":"EntryPoint","urlTemplate":"https:\/\/sulsc.com\/?s={search_term_string}"},"query-input":"required name=search_term_string"}],"inLanguage":"en-US"},{"@type":"Person","@id":"https:\/\/sulsc.com\/#\/schema\/person\/84d2fc571684f6248ba83092f07750a3","name":"Reda\u00e7\u00e3o Sul SC","image":{"@type":"ImageObject","inLanguage":"en-US","@id":"https:\/\/sulsc.com\/#\/schema\/person\/image\/e08d7fe2cc4ed596372063bbe852b8d0","url":"https:\/\/sulsc.com\/wp-content\/uploads\/2023\/09\/redacao.png","contentUrl":"https:\/\/sulsc.com\/wp-content\/uploads\/2023\/09\/redacao.png","caption":"Reda\u00e7\u00e3o Sul SC"},"description":"Foco em um jornalismo imparcial, voltado \u00e0 qualidade dos seus conte\u00fados e, assim, levar informa\u00e7\u00e3o de valor que agregue \u00e0 vida dos leitores. Esta \u00e9 grande miss\u00e3o do Portal de Not\u00edcias Sul SC. N\u00e3o \u00e9 quantidade que muda o mundo, sempre foi e seguir\u00e1 sendo qualidade!","sameAs":["https:\/\/sulsc.com\/","https:\/\/www.facebook.com\/profile.php?id=61559278119680","https:\/\/www.instagram.com\/sulscportal\/?hl=pt-br","https:\/\/twitter.com\/https:\/\/twitter.com\/PortalSulSC","https:\/\/www.youtube.com\/channel\/UCv_BE8GeySluDov2n8qhVmw"],"url":"https:\/\/sulsc.com\/index.php\/author\/redacao\/"}]}},"authors":[],"_links":{"self":[{"href":"https:\/\/sulsc.com\/index.php\/wp-json\/wp\/v2\/posts\/1597"}],"collection":[{"href":"https:\/\/sulsc.com\/index.php\/wp-json\/wp\/v2\/posts"}],"about":[{"href":"https:\/\/sulsc.com\/index.php\/wp-json\/wp\/v2\/types\/post"}],"author":[{"embeddable":true,"href":"https:\/\/sulsc.com\/index.php\/wp-json\/wp\/v2\/users\/3"}],"replies":[{"embeddable":true,"href":"https:\/\/sulsc.com\/index.php\/wp-json\/wp\/v2\/comments?post=1597"}],"version-history":[{"count":1,"href":"https:\/\/sulsc.com\/index.php\/wp-json\/wp\/v2\/posts\/1597\/revisions"}],"predecessor-version":[{"id":1598,"href":"https:\/\/sulsc.com\/index.php\/wp-json\/wp\/v2\/posts\/1597\/revisions\/1598"}],"wp:featuredmedia":[{"embeddable":true,"href":"https:\/\/sulsc.com\/index.php\/wp-json\/wp\/v2\/media\/1022"}],"wp:attachment":[{"href":"https:\/\/sulsc.com\/index.php\/wp-json\/wp\/v2\/media?parent=1597"}],"wp:term":[{"taxonomy":"category","embeddable":true,"href":"https:\/\/sulsc.com\/index.php\/wp-json\/wp\/v2\/categories?post=1597"},{"taxonomy":"post_tag","embeddable":true,"href":"https:\/\/sulsc.com\/index.php\/wp-json\/wp\/v2\/tags?post=1597"}],"curies":[{"name":"wp","href":"https:\/\/api.w.org\/{rel}","templated":true}]}}