{"id":16041,"date":"2024-09-05T22:09:40","date_gmt":"2024-09-06T01:09:40","guid":{"rendered":"https:\/\/sulsc.com\/?p=16041"},"modified":"2024-09-05T22:09:40","modified_gmt":"2024-09-06T01:09:40","slug":"viajar-e-um-dos-maiores-prazeres-da-vida-uma-experiencia-que-amplia-horizontes-e-conecta-culturas","status":"publish","type":"post","link":"https:\/\/sulsc.com\/index.php\/2024\/09\/05\/viajar-e-um-dos-maiores-prazeres-da-vida-uma-experiencia-que-amplia-horizontes-e-conecta-culturas\/","title":{"rendered":"Viajar \u00e9 um dos maiores prazeres da vida, uma experi\u00eancia que amplia horizontes e conecta culturas"},"content":{"rendered":"<p>Para pessoas com defici\u00eancia (PCD), esse sonho \u00e9 ainda mais especial, pois representa n\u00e3o apenas a explora\u00e7\u00e3o do novo, mas tamb\u00e9m a supera\u00e7\u00e3o de desafios e barreiras. Pensando nisso, existem benef\u00edcios que tornam essa jornada mais acess\u00edvel, na plataforma <a href=\"http:\/\/www.todosiguais.com.br\">www.todosiguais.com.br<\/a> voc\u00ea encontrar\u00e1 os formul\u00e1rios necess\u00e1rios para baixar gratuitamente e conhecer\u00e1 como obter os descontos oferecidos pela Medif (Medical Information Form) e pelo Fremec (Frequent Traveller Medical Card).<\/p>\n<p>Esses recursos possibilitam que PCDs possam viajar com mais conforto, seguran\u00e7a e economia, tanto em voos nacionais quanto internacionais. Pagando apenas 20% do valor do bilhete em viagens nacionais e internacionais. (Para o seu acompanhante)<\/p>\n<p><img fetchpriority=\"high\" decoding=\"async\" class=\"alignnone size-full wp-image-16044\" src=\"http:\/\/sulsc.com\/wp-content\/uploads\/2024\/09\/WhatsApp-Image-2024-09-03-at-20.12.49.jpeg\" alt=\"\" width=\"678\" height=\"452\" srcset=\"https:\/\/sulsc.com\/wp-content\/uploads\/2024\/09\/WhatsApp-Image-2024-09-03-at-20.12.49.jpeg 678w, https:\/\/sulsc.com\/wp-content\/uploads\/2024\/09\/WhatsApp-Image-2024-09-03-at-20.12.49-300x200.jpeg 300w\" sizes=\"(max-width: 678px) 100vw, 678px\" \/><\/p>\n<p>&nbsp;<\/p>\n<p><strong>O que \u00e9 o Medif?<\/strong><\/p>\n<p>O Medif \u00e9 um formul\u00e1rio m\u00e9dico utilizado pelas companhias a\u00e9reas para avaliar as necessidades especiais de um passageiro com defici\u00eancia ou condi\u00e7\u00f5es de sa\u00fade que exigem aten\u00e7\u00e3o espec\u00edfica. Ele permite que a companhia a\u00e9rea entenda a situa\u00e7\u00e3o do passageiro e forne\u00e7a os recursos necess\u00e1rios, como assist\u00eancia durante o embarque, transporte de equipamentos m\u00e9dicos, ou at\u00e9 mesmo a autoriza\u00e7\u00e3o para voar.<\/p>\n<p><img decoding=\"async\" class=\"alignnone size-full wp-image-16042\" src=\"http:\/\/sulsc.com\/wp-content\/uploads\/2024\/09\/WhatsApp-Image-2024-09-03-at-20.20.16.jpeg\" alt=\"\" width=\"1600\" height=\"1600\" srcset=\"https:\/\/sulsc.com\/wp-content\/uploads\/2024\/09\/WhatsApp-Image-2024-09-03-at-20.20.16.jpeg 1600w, https:\/\/sulsc.com\/wp-content\/uploads\/2024\/09\/WhatsApp-Image-2024-09-03-at-20.20.16-300x300.jpeg 300w, https:\/\/sulsc.com\/wp-content\/uploads\/2024\/09\/WhatsApp-Image-2024-09-03-at-20.20.16-1024x1024.jpeg 1024w, https:\/\/sulsc.com\/wp-content\/uploads\/2024\/09\/WhatsApp-Image-2024-09-03-at-20.20.16-150x150.jpeg 150w, https:\/\/sulsc.com\/wp-content\/uploads\/2024\/09\/WhatsApp-Image-2024-09-03-at-20.20.16-768x768.jpeg 768w, https:\/\/sulsc.com\/wp-content\/uploads\/2024\/09\/WhatsApp-Image-2024-09-03-at-20.20.16-1536x1536.jpeg 1536w\" sizes=\"(max-width: 1600px) 100vw, 1600px\" \/><\/p>\n<p><strong>O que \u00e9 o Fremec?<\/strong><\/p>\n<p>O Fremec, por sua vez, \u00e9 um cart\u00e3o que funciona como uma &#8220;carteira de identidade m\u00e9dica&#8221; para viajantes frequentes com condi\u00e7\u00f5es de sa\u00fade. Ao inv\u00e9s de preencher o Medif sempre que for voar, o FREMEC simplifica esse processo, armazenando todas as informa\u00e7\u00f5es m\u00e9dicas do passageiro em um \u00fanico documento, v\u00e1lido por um per\u00edodo de tempo, facilitando futuras viagens.<\/p>\n<p>Para adquirir esses benef\u00edcios agende uma consulta com seu m\u00e9dico de confian\u00e7a. Ele avaliar\u00e1 sua condi\u00e7\u00e3o e preencher\u00e1 o formul\u00e1rio dispon\u00edvel no www.todosiguais.com.br (Medif), que inclui informa\u00e7\u00f5es detalhadas sobre sua sa\u00fade e as necessidades espec\u00edficas para a viagem.<\/p>\n<p>Ap\u00f3s, entre em contato com a companhia a\u00e9rea.\u00a0Envie o Medif preenchido para a companhia a\u00e9rea com anteced\u00eancia m\u00ednima de 48 horas antes do voo. Cada empresa possui seus procedimentos, mas o envio antecipado \u00e9 essencial para garantir que tudo esteja preparado para sua viagem.<\/p>\n<p>Se voc\u00ea viaja frequentemente <a href=\"http:\/\/www.todosiguais.com.br\">fa\u00e7a o download no site<\/a> e preencha junto com seu medico. O cart\u00e3o ser\u00e1 emitido com base nas informa\u00e7\u00f5es do Medif e ter\u00e1 validade determinada pela empresa, geralmente de um a cinco anos.<\/p>\n<p><img decoding=\"async\" class=\"alignnone size-full wp-image-16043\" src=\"http:\/\/sulsc.com\/wp-content\/uploads\/2024\/09\/WhatsApp-Image-2024-09-03-at-20.12.49-1.jpeg\" alt=\"\" width=\"1600\" height=\"900\" srcset=\"https:\/\/sulsc.com\/wp-content\/uploads\/2024\/09\/WhatsApp-Image-2024-09-03-at-20.12.49-1.jpeg 1600w, https:\/\/sulsc.com\/wp-content\/uploads\/2024\/09\/WhatsApp-Image-2024-09-03-at-20.12.49-1-300x169.jpeg 300w, https:\/\/sulsc.com\/wp-content\/uploads\/2024\/09\/WhatsApp-Image-2024-09-03-at-20.12.49-1-1024x576.jpeg 1024w, https:\/\/sulsc.com\/wp-content\/uploads\/2024\/09\/WhatsApp-Image-2024-09-03-at-20.12.49-1-768x432.jpeg 768w, https:\/\/sulsc.com\/wp-content\/uploads\/2024\/09\/WhatsApp-Image-2024-09-03-at-20.12.49-1-1536x864.jpeg 1536w\" sizes=\"(max-width: 1600px) 100vw, 1600px\" \/><\/p>\n<p><strong>Aproveite os descontos e facilidades<\/strong><\/p>\n<p>Com o Medif ou Fremec, voc\u00ea ter\u00e1 direito a descontos em passagens a\u00e9reas, bagagem adicional para equipamentos m\u00e9dicos e outros servi\u00e7os especiais. As regras variam conforme a companhia a\u00e9rea e o destino, mas sempre visam facilitar e tornar mais acess\u00edvel a experi\u00eancia de viagem.<\/p>\n<p>Antecipar os preparativos da viagem garante que voc\u00ea tenha todo o suporte necess\u00e1rio durante a viagem, desde a assist\u00eancia no aeroporto at\u00e9 a acomoda\u00e7\u00e3o no destino.\u00a0Viajar \u00e9 mais do que apenas se deslocar; \u00e9 uma oportunidade de viver novas aventuras e descobrir o mundo sob novas perspectivas. E, com os benef\u00edcios do Medif e do Fremec, as pessoas com defici\u00eancia podem aproveitar essas oportunidades de maneira mais inclusiva e acess\u00edvel. Porque todos merecem explorar o mundo, sem barreiras e com toda a dignidade.<\/p>\n","protected":false},"excerpt":{"rendered":"<p>Para pessoas com defici\u00eancia (PCD), esse sonho \u00e9 ainda mais especial, pois representa n\u00e3o apenas a explora\u00e7\u00e3o do novo, mas tamb\u00e9m a supera\u00e7\u00e3o de desafios e barreiras. Pensando nisso, existem benef\u00edcios que tornam essa jornada mais acess\u00edvel, na plataforma www.todosiguais.com.br voc\u00ea encontrar\u00e1 os formul\u00e1rios necess\u00e1rios para baixar gratuitamente e conhecer\u00e1 como obter os descontos oferecidos &hellip;<\/p>\n<p class=\"read-more\"> <a class=\"\" href=\"https:\/\/sulsc.com\/index.php\/2024\/09\/05\/viajar-e-um-dos-maiores-prazeres-da-vida-uma-experiencia-que-amplia-horizontes-e-conecta-culturas\/\"> <span class=\"screen-reader-text\">Viajar \u00e9 um dos maiores prazeres da vida, uma experi\u00eancia que amplia horizontes e conecta culturas<\/span> Read More &raquo;<\/a><\/p>\n","protected":false},"author":23,"featured_media":16045,"comment_status":"open","ping_status":"open","sticky":false,"template":"","format":"standard","meta":{"site-sidebar-layout":"default","site-content-layout":"","ast-site-content-layout":"default","site-content-style":"default","site-sidebar-style":"default","ast-global-header-display":"","ast-banner-title-visibility":"","ast-main-header-display":"","ast-hfb-above-header-display":"","ast-hfb-below-header-display":"","ast-hfb-mobile-header-display":"","site-post-title":"","ast-breadcrumbs-content":"","ast-featured-img":"","footer-sml-layout":"","theme-transparent-header-meta":"default","adv-header-id-meta":"","stick-header-meta":"","header-above-stick-meta":"","header-main-stick-meta":"","header-below-stick-meta":"","astra-migrate-meta-layouts":"set","footnotes":""},"categories":[13],"tags":[63,2050,2051],"yoast_head":"<!-- This site is optimized with the Yoast SEO plugin v21.4 - https:\/\/yoast.com\/wordpress\/plugins\/seo\/ -->\n<title>Viajar \u00e9 um dos maiores prazeres da vida, uma experi\u00eancia que amplia horizontes e conecta culturas -<\/title>\n<meta name=\"robots\" content=\"index, follow, max-snippet:-1, max-image-preview:large, max-video-preview:-1\" \/>\n<link rel=\"canonical\" href=\"https:\/\/sulsc.com\/index.php\/2024\/09\/05\/viajar-e-um-dos-maiores-prazeres-da-vida-uma-experiencia-que-amplia-horizontes-e-conecta-culturas\/\" \/>\n<meta property=\"og:locale\" content=\"en_US\" \/>\n<meta property=\"og:type\" content=\"article\" \/>\n<meta property=\"og:title\" content=\"Viajar \u00e9 um dos maiores prazeres da vida, uma experi\u00eancia que amplia horizontes e conecta culturas -\" \/>\n<meta property=\"og:description\" content=\"Para pessoas com defici\u00eancia (PCD), esse sonho \u00e9 ainda mais especial, pois representa n\u00e3o apenas a explora\u00e7\u00e3o do novo, mas tamb\u00e9m a supera\u00e7\u00e3o de desafios e barreiras. Pensando nisso, existem benef\u00edcios que tornam essa jornada mais acess\u00edvel, na plataforma www.todosiguais.com.br voc\u00ea encontrar\u00e1 os formul\u00e1rios necess\u00e1rios para baixar gratuitamente e conhecer\u00e1 como obter os descontos oferecidos &hellip; Viajar \u00e9 um dos maiores prazeres da vida, uma experi\u00eancia que amplia horizontes e conecta culturas Read More &raquo;\" \/>\n<meta property=\"og:url\" content=\"https:\/\/sulsc.com\/index.php\/2024\/09\/05\/viajar-e-um-dos-maiores-prazeres-da-vida-uma-experiencia-que-amplia-horizontes-e-conecta-culturas\/\" \/>\n<meta property=\"article:published_time\" content=\"2024-09-06T01:09:40+00:00\" \/>\n<meta property=\"og:image\" content=\"http:\/\/sulsc.com\/wp-content\/uploads\/2024\/09\/Site-Col-Mauricio.jpg\" \/>\n\t<meta property=\"og:image:width\" content=\"1080\" \/>\n\t<meta property=\"og:image:height\" content=\"1080\" \/>\n\t<meta property=\"og:image:type\" content=\"image\/jpeg\" \/>\n<meta name=\"author\" content=\"Desconstru\u00e7\u00e3o das desigualdades sociais e supera\u00e7\u00e3o por Maur\u00edcio Mello\" \/>\n<meta name=\"twitter:card\" content=\"summary_large_image\" \/>\n<meta name=\"twitter:label1\" content=\"Written by\" \/>\n\t<meta name=\"twitter:data1\" content=\"Desconstru\u00e7\u00e3o das desigualdades sociais e supera\u00e7\u00e3o por Maur\u00edcio Mello\" \/>\n\t<meta name=\"twitter:label2\" content=\"Est. reading time\" \/>\n\t<meta name=\"twitter:data2\" content=\"3 minutes\" \/>\n<script type=\"application\/ld+json\" class=\"yoast-schema-graph\">{\"@context\":\"https:\/\/schema.org\",\"@graph\":[{\"@type\":\"WebPage\",\"@id\":\"https:\/\/sulsc.com\/index.php\/2024\/09\/05\/viajar-e-um-dos-maiores-prazeres-da-vida-uma-experiencia-que-amplia-horizontes-e-conecta-culturas\/\",\"url\":\"https:\/\/sulsc.com\/index.php\/2024\/09\/05\/viajar-e-um-dos-maiores-prazeres-da-vida-uma-experiencia-que-amplia-horizontes-e-conecta-culturas\/\",\"name\":\"Viajar \u00e9 um dos maiores prazeres da vida, uma experi\u00eancia que amplia horizontes e conecta culturas -\",\"isPartOf\":{\"@id\":\"https:\/\/sulsc.com\/#website\"},\"datePublished\":\"2024-09-06T01:09:40+00:00\",\"dateModified\":\"2024-09-06T01:09:40+00:00\",\"author\":{\"@id\":\"https:\/\/sulsc.com\/#\/schema\/person\/e4ee6cd969ab16c992e157849eafe97b\"},\"breadcrumb\":{\"@id\":\"https:\/\/sulsc.com\/index.php\/2024\/09\/05\/viajar-e-um-dos-maiores-prazeres-da-vida-uma-experiencia-que-amplia-horizontes-e-conecta-culturas\/#breadcrumb\"},\"inLanguage\":\"en-US\",\"potentialAction\":[{\"@type\":\"ReadAction\",\"target\":[\"https:\/\/sulsc.com\/index.php\/2024\/09\/05\/viajar-e-um-dos-maiores-prazeres-da-vida-uma-experiencia-que-amplia-horizontes-e-conecta-culturas\/\"]}]},{\"@type\":\"BreadcrumbList\",\"@id\":\"https:\/\/sulsc.com\/index.php\/2024\/09\/05\/viajar-e-um-dos-maiores-prazeres-da-vida-uma-experiencia-que-amplia-horizontes-e-conecta-culturas\/#breadcrumb\",\"itemListElement\":[{\"@type\":\"ListItem\",\"position\":1,\"name\":\"In\u00edcio\",\"item\":\"https:\/\/sulsc.com\/\"},{\"@type\":\"ListItem\",\"position\":2,\"name\":\"Viajar \u00e9 um dos maiores prazeres da vida, uma experi\u00eancia que amplia horizontes e conecta culturas\"}]},{\"@type\":\"WebSite\",\"@id\":\"https:\/\/sulsc.com\/#website\",\"url\":\"https:\/\/sulsc.com\/\",\"name\":\"\",\"description\":\"\",\"potentialAction\":[{\"@type\":\"SearchAction\",\"target\":{\"@type\":\"EntryPoint\",\"urlTemplate\":\"https:\/\/sulsc.com\/?s={search_term_string}\"},\"query-input\":\"required name=search_term_string\"}],\"inLanguage\":\"en-US\"},{\"@type\":\"Person\",\"@id\":\"https:\/\/sulsc.com\/#\/schema\/person\/e4ee6cd969ab16c992e157849eafe97b\",\"name\":\"Desconstru\u00e7\u00e3o das desigualdades sociais e supera\u00e7\u00e3o por Maur\u00edcio Mello\",\"image\":{\"@type\":\"ImageObject\",\"inLanguage\":\"en-US\",\"@id\":\"https:\/\/sulsc.com\/#\/schema\/person\/image\/9aace03e90ca35954b58163a85f8d137\",\"url\":\"https:\/\/sulsc.com\/wp-content\/uploads\/2024\/07\/colunistas.png\",\"contentUrl\":\"https:\/\/sulsc.com\/wp-content\/uploads\/2024\/07\/colunistas.png\",\"caption\":\"Desconstru\u00e7\u00e3o das desigualdades sociais e supera\u00e7\u00e3o por Maur\u00edcio Mello\"},\"url\":\"https:\/\/sulsc.com\/index.php\/author\/mauricio-mello\/\"}]}<\/script>\n<!-- \/ Yoast SEO plugin. -->","yoast_head_json":{"title":"Viajar \u00e9 um dos maiores prazeres da vida, uma experi\u00eancia que amplia horizontes e conecta culturas -","robots":{"index":"index","follow":"follow","max-snippet":"max-snippet:-1","max-image-preview":"max-image-preview:large","max-video-preview":"max-video-preview:-1"},"canonical":"https:\/\/sulsc.com\/index.php\/2024\/09\/05\/viajar-e-um-dos-maiores-prazeres-da-vida-uma-experiencia-que-amplia-horizontes-e-conecta-culturas\/","og_locale":"en_US","og_type":"article","og_title":"Viajar \u00e9 um dos maiores prazeres da vida, uma experi\u00eancia que amplia horizontes e conecta culturas -","og_description":"Para pessoas com defici\u00eancia (PCD), esse sonho \u00e9 ainda mais especial, pois representa n\u00e3o apenas a explora\u00e7\u00e3o do novo, mas tamb\u00e9m a supera\u00e7\u00e3o de desafios e barreiras. Pensando nisso, existem benef\u00edcios que tornam essa jornada mais acess\u00edvel, na plataforma www.todosiguais.com.br voc\u00ea encontrar\u00e1 os formul\u00e1rios necess\u00e1rios para baixar gratuitamente e conhecer\u00e1 como obter os descontos oferecidos &hellip; Viajar \u00e9 um dos maiores prazeres da vida, uma experi\u00eancia que amplia horizontes e conecta culturas Read More &raquo;","og_url":"https:\/\/sulsc.com\/index.php\/2024\/09\/05\/viajar-e-um-dos-maiores-prazeres-da-vida-uma-experiencia-que-amplia-horizontes-e-conecta-culturas\/","article_published_time":"2024-09-06T01:09:40+00:00","og_image":[{"width":1080,"height":1080,"url":"http:\/\/sulsc.com\/wp-content\/uploads\/2024\/09\/Site-Col-Mauricio.jpg","type":"image\/jpeg"}],"author":"Desconstru\u00e7\u00e3o das desigualdades sociais e supera\u00e7\u00e3o por Maur\u00edcio Mello","twitter_card":"summary_large_image","twitter_misc":{"Written by":"Desconstru\u00e7\u00e3o das desigualdades sociais e supera\u00e7\u00e3o por Maur\u00edcio Mello","Est. reading time":"3 minutes"},"schema":{"@context":"https:\/\/schema.org","@graph":[{"@type":"WebPage","@id":"https:\/\/sulsc.com\/index.php\/2024\/09\/05\/viajar-e-um-dos-maiores-prazeres-da-vida-uma-experiencia-que-amplia-horizontes-e-conecta-culturas\/","url":"https:\/\/sulsc.com\/index.php\/2024\/09\/05\/viajar-e-um-dos-maiores-prazeres-da-vida-uma-experiencia-que-amplia-horizontes-e-conecta-culturas\/","name":"Viajar \u00e9 um dos maiores prazeres da vida, uma experi\u00eancia que amplia horizontes e conecta culturas -","isPartOf":{"@id":"https:\/\/sulsc.com\/#website"},"datePublished":"2024-09-06T01:09:40+00:00","dateModified":"2024-09-06T01:09:40+00:00","author":{"@id":"https:\/\/sulsc.com\/#\/schema\/person\/e4ee6cd969ab16c992e157849eafe97b"},"breadcrumb":{"@id":"https:\/\/sulsc.com\/index.php\/2024\/09\/05\/viajar-e-um-dos-maiores-prazeres-da-vida-uma-experiencia-que-amplia-horizontes-e-conecta-culturas\/#breadcrumb"},"inLanguage":"en-US","potentialAction":[{"@type":"ReadAction","target":["https:\/\/sulsc.com\/index.php\/2024\/09\/05\/viajar-e-um-dos-maiores-prazeres-da-vida-uma-experiencia-que-amplia-horizontes-e-conecta-culturas\/"]}]},{"@type":"BreadcrumbList","@id":"https:\/\/sulsc.com\/index.php\/2024\/09\/05\/viajar-e-um-dos-maiores-prazeres-da-vida-uma-experiencia-que-amplia-horizontes-e-conecta-culturas\/#breadcrumb","itemListElement":[{"@type":"ListItem","position":1,"name":"In\u00edcio","item":"https:\/\/sulsc.com\/"},{"@type":"ListItem","position":2,"name":"Viajar \u00e9 um dos maiores prazeres da vida, uma experi\u00eancia que amplia horizontes e conecta culturas"}]},{"@type":"WebSite","@id":"https:\/\/sulsc.com\/#website","url":"https:\/\/sulsc.com\/","name":"","description":"","potentialAction":[{"@type":"SearchAction","target":{"@type":"EntryPoint","urlTemplate":"https:\/\/sulsc.com\/?s={search_term_string}"},"query-input":"required name=search_term_string"}],"inLanguage":"en-US"},{"@type":"Person","@id":"https:\/\/sulsc.com\/#\/schema\/person\/e4ee6cd969ab16c992e157849eafe97b","name":"Desconstru\u00e7\u00e3o das desigualdades sociais e supera\u00e7\u00e3o por Maur\u00edcio Mello","image":{"@type":"ImageObject","inLanguage":"en-US","@id":"https:\/\/sulsc.com\/#\/schema\/person\/image\/9aace03e90ca35954b58163a85f8d137","url":"https:\/\/sulsc.com\/wp-content\/uploads\/2024\/07\/colunistas.png","contentUrl":"https:\/\/sulsc.com\/wp-content\/uploads\/2024\/07\/colunistas.png","caption":"Desconstru\u00e7\u00e3o das desigualdades sociais e supera\u00e7\u00e3o por Maur\u00edcio Mello"},"url":"https:\/\/sulsc.com\/index.php\/author\/mauricio-mello\/"}]}},"authors":[],"_links":{"self":[{"href":"https:\/\/sulsc.com\/index.php\/wp-json\/wp\/v2\/posts\/16041"}],"collection":[{"href":"https:\/\/sulsc.com\/index.php\/wp-json\/wp\/v2\/posts"}],"about":[{"href":"https:\/\/sulsc.com\/index.php\/wp-json\/wp\/v2\/types\/post"}],"author":[{"embeddable":true,"href":"https:\/\/sulsc.com\/index.php\/wp-json\/wp\/v2\/users\/23"}],"replies":[{"embeddable":true,"href":"https:\/\/sulsc.com\/index.php\/wp-json\/wp\/v2\/comments?post=16041"}],"version-history":[{"count":1,"href":"https:\/\/sulsc.com\/index.php\/wp-json\/wp\/v2\/posts\/16041\/revisions"}],"predecessor-version":[{"id":16046,"href":"https:\/\/sulsc.com\/index.php\/wp-json\/wp\/v2\/posts\/16041\/revisions\/16046"}],"wp:featuredmedia":[{"embeddable":true,"href":"https:\/\/sulsc.com\/index.php\/wp-json\/wp\/v2\/media\/16045"}],"wp:attachment":[{"href":"https:\/\/sulsc.com\/index.php\/wp-json\/wp\/v2\/media?parent=16041"}],"wp:term":[{"taxonomy":"category","embeddable":true,"href":"https:\/\/sulsc.com\/index.php\/wp-json\/wp\/v2\/categories?post=16041"},{"taxonomy":"post_tag","embeddable":true,"href":"https:\/\/sulsc.com\/index.php\/wp-json\/wp\/v2\/tags?post=16041"}],"curies":[{"name":"wp","href":"https:\/\/api.w.org\/{rel}","templated":true}]}}