{"id":16220,"date":"2024-09-17T16:42:04","date_gmt":"2024-09-17T19:42:04","guid":{"rendered":"https:\/\/sulsc.com\/?p=16220"},"modified":"2024-09-17T16:42:04","modified_gmt":"2024-09-17T19:42:04","slug":"santa-catarina-esta-entre-os-17-estados-na-operacao-contra-o-desmatamento-da-mata-atlantica","status":"publish","type":"post","link":"https:\/\/sulsc.com\/index.php\/2024\/09\/17\/santa-catarina-esta-entre-os-17-estados-na-operacao-contra-o-desmatamento-da-mata-atlantica\/","title":{"rendered":"Santa Catarina est\u00e1 entre os 17 estados na Opera\u00e7\u00e3o contra o desmatamento da Mata Atl\u00e2ntica"},"content":{"rendered":"<p>Realizada anualmente, a maior a\u00e7\u00e3o de combate ao desmatamento na Mata Atl\u00e2ntica teve in\u00edcio nesta segunda-feira (16) em 17 estados. Chamada de Opera\u00e7\u00e3o Mata Atl\u00e2ntica em P\u00e9, a iniciativa \u00e9 coordenada pelo Minist\u00e9rio P\u00fablico de Minas Gerais (MPMG) e pela Associa\u00e7\u00e3o Brasileira dos Membros do Minist\u00e9rio P\u00fablico de Meio Ambiente (Abrampa).<\/p>\n<p>A opera\u00e7\u00e3o ocorre simultaneamente em todos os estados em que o bioma est\u00e1 presente: Alagoas, Bahia, Cear\u00e1, Esp\u00edrito Santo, Goi\u00e1s, Mato Grosso do Sul, Minas Gerais, Paran\u00e1, Para\u00edba, Pernambuco, Piau\u00ed, Rio de Janeiro, Rio Grande do Norte, Rio Grande do Sul, Santa Catarina, S\u00e3o Paulo e Sergipe.<\/p>\n<p>Resultado de uma a\u00e7\u00e3o conjunta entre os minist\u00e9rios p\u00fablicos estaduais e os \u00f3rg\u00e3os ambientais relacionados, a a\u00e7\u00e3o tem quatro fases. Na primeira, s\u00e3o levantadas as \u00e1reas desmatadas com base em informa\u00e7\u00f5es da Funda\u00e7\u00e3o SOS Mata Atl\u00e2ntica e do Mapbiomas Alerta. Em seguida, os propriet\u00e1rios s\u00e3o identificados pelos minist\u00e9rios p\u00fablicos, e as \u00e1reas s\u00e3o fiscalizadas pelos \u00f3rg\u00e3os p\u00fablicos e pelas pol\u00edcias ambientais. Se detectado o desmatamento, os respons\u00e1veis s\u00e3o autuados e podem responder judicialmente nas esferas c\u00edvel e criminal.<\/p>\n<p><img fetchpriority=\"high\" decoding=\"async\" class=\"aligncenter size-full wp-image-16221\" src=\"http:\/\/sulsc.com\/wp-content\/uploads\/2024\/09\/mata.webp\" alt=\"\" width=\"1170\" height=\"700\" srcset=\"https:\/\/sulsc.com\/wp-content\/uploads\/2024\/09\/mata.webp 1170w, https:\/\/sulsc.com\/wp-content\/uploads\/2024\/09\/mata-300x179.webp 300w, https:\/\/sulsc.com\/wp-content\/uploads\/2024\/09\/mata-1024x613.webp 1024w, https:\/\/sulsc.com\/wp-content\/uploads\/2024\/09\/mata-768x459.webp 768w\" sizes=\"(max-width: 1170px) 100vw, 1170px\" \/><\/p>\n<p><strong>Mata Atl\u00e2ntica<\/strong><br \/>\nDe 2022 para 2023, o desmatamento no bioma teve uma diminui\u00e7\u00e3o de 27%, passando de 20.075 hectares para 14.697. Os dados s\u00e3o do Atlas da Mata Atl\u00e2ntica, coordenado pela SOS Mata Atl\u00e2ntica e pelo Instituto Nacional de Pesquisas Espaciais (INPE), que tamb\u00e9m mostram a queda do desmatamento em 13 dos 17 estados com cobertura do bioma \u2014 Piau\u00ed, Cear\u00e1, Mato Grosso do Sul e Pernambuco foram as exce\u00e7\u00f5es. No \u00faltimo ano, tamb\u00e9m foi identificada a retirada ilegal de 17.931 hectares de vegeta\u00e7\u00e3o nativa de Mata Atl\u00e2ntica pela Opera\u00e7\u00e3o Nacional conduzida pelos minist\u00e9rios p\u00fablicos.<\/p>\n<p>Em nota, o promotor de justi\u00e7a do Minist\u00e9rio P\u00fablico do Paran\u00e1 e presidente da Abrampa, Alexandre Gaio. defendeu que a opera\u00e7\u00e3o consolidou uma cultura de fiscaliza\u00e7\u00e3o do desmatamento ilegal no bioma, por meio da utiliza\u00e7\u00e3o de intelig\u00eancia e cont\u00ednuo engajamento dos Minist\u00e9rios P\u00fablicos e \u00f3rg\u00e3os de fiscaliza\u00e7\u00e3o ambiental, &#8220;o que tamb\u00e9m tem contribu\u00eddo para a redu\u00e7\u00e3o dos \u00edndices de supress\u00e3o ilegal e enfrentamento \u00e0s mudan\u00e7as clim\u00e1ticas\u201d.<\/p>\n<p>O resultado da edi\u00e7\u00e3o da opera\u00e7\u00e3o deste ano ser\u00e1 apresentado ao final das a\u00e7\u00f5es de fiscaliza\u00e7\u00e3o, em 27 de setembro, com transmiss\u00e3o on-line e ao vivo pelo Minist\u00e9rio P\u00fablico de Minas Gerais.<\/p>\n","protected":false},"excerpt":{"rendered":"<p>Realizada anualmente, a maior a\u00e7\u00e3o de combate ao desmatamento na Mata Atl\u00e2ntica teve in\u00edcio nesta segunda-feira (16) em 17 estados. Chamada de Opera\u00e7\u00e3o Mata Atl\u00e2ntica em P\u00e9, a iniciativa \u00e9 coordenada pelo Minist\u00e9rio P\u00fablico de Minas Gerais (MPMG) e pela Associa\u00e7\u00e3o Brasileira dos Membros do Minist\u00e9rio P\u00fablico de Meio Ambiente (Abrampa). A opera\u00e7\u00e3o ocorre simultaneamente &hellip;<\/p>\n<p class=\"read-more\"> <a class=\"\" href=\"https:\/\/sulsc.com\/index.php\/2024\/09\/17\/santa-catarina-esta-entre-os-17-estados-na-operacao-contra-o-desmatamento-da-mata-atlantica\/\"> <span class=\"screen-reader-text\">Santa Catarina est\u00e1 entre os 17 estados na Opera\u00e7\u00e3o contra o desmatamento da Mata Atl\u00e2ntica<\/span> Read More &raquo;<\/a><\/p>\n","protected":false},"author":3,"featured_media":16221,"comment_status":"open","ping_status":"open","sticky":false,"template":"","format":"standard","meta":{"site-sidebar-layout":"default","site-content-layout":"","ast-site-content-layout":"default","site-content-style":"default","site-sidebar-style":"default","ast-global-header-display":"","ast-banner-title-visibility":"","ast-main-header-display":"","ast-hfb-above-header-display":"","ast-hfb-below-header-display":"","ast-hfb-mobile-header-display":"","site-post-title":"","ast-breadcrumbs-content":"","ast-featured-img":"","footer-sml-layout":"","theme-transparent-header-meta":"default","adv-header-id-meta":"","stick-header-meta":"","header-above-stick-meta":"","header-main-stick-meta":"","header-below-stick-meta":"","astra-migrate-meta-layouts":"set","footnotes":""},"categories":[17],"tags":[2099],"yoast_head":"<!-- This site is optimized with the Yoast SEO plugin v21.4 - https:\/\/yoast.com\/wordpress\/plugins\/seo\/ -->\n<title>Santa Catarina est\u00e1 entre os 17 estados na Opera\u00e7\u00e3o contra o desmatamento da Mata Atl\u00e2ntica -<\/title>\n<meta name=\"description\" content=\"De 2022 para 2023 o desmatamento no bioma teve uma diminui\u00e7\u00e3o de 27% passando de 20.075 hectares para 14.697\" \/>\n<meta name=\"robots\" content=\"index, follow, max-snippet:-1, max-image-preview:large, max-video-preview:-1\" \/>\n<link rel=\"canonical\" href=\"https:\/\/sulsc.com\/index.php\/2024\/09\/17\/santa-catarina-esta-entre-os-17-estados-na-operacao-contra-o-desmatamento-da-mata-atlantica\/\" \/>\n<meta property=\"og:locale\" content=\"en_US\" \/>\n<meta property=\"og:type\" content=\"article\" \/>\n<meta property=\"og:title\" content=\"Santa Catarina est\u00e1 entre os 17 estados na Opera\u00e7\u00e3o contra o desmatamento da Mata Atl\u00e2ntica -\" \/>\n<meta property=\"og:description\" content=\"De 2022 para 2023 o desmatamento no bioma teve uma diminui\u00e7\u00e3o de 27% passando de 20.075 hectares para 14.697\" \/>\n<meta property=\"og:url\" content=\"https:\/\/sulsc.com\/index.php\/2024\/09\/17\/santa-catarina-esta-entre-os-17-estados-na-operacao-contra-o-desmatamento-da-mata-atlantica\/\" \/>\n<meta property=\"article:author\" content=\"https:\/\/www.facebook.com\/profile.php?id=61559278119680\" \/>\n<meta property=\"article:published_time\" content=\"2024-09-17T19:42:04+00:00\" \/>\n<meta property=\"og:image\" content=\"http:\/\/sulsc.com\/wp-content\/uploads\/2024\/09\/mata.webp\" \/>\n\t<meta property=\"og:image:width\" content=\"1170\" \/>\n\t<meta property=\"og:image:height\" content=\"700\" \/>\n\t<meta property=\"og:image:type\" content=\"image\/webp\" \/>\n<meta name=\"author\" content=\"Reda\u00e7\u00e3o Sul SC\" \/>\n<meta name=\"twitter:card\" content=\"summary_large_image\" \/>\n<meta name=\"twitter:creator\" content=\"@https:\/\/twitter.com\/PortalSulSC\" \/>\n<meta name=\"twitter:label1\" content=\"Written by\" \/>\n\t<meta name=\"twitter:data1\" content=\"Reda\u00e7\u00e3o Sul SC\" \/>\n\t<meta name=\"twitter:label2\" content=\"Est. reading time\" \/>\n\t<meta name=\"twitter:data2\" content=\"2 minutes\" \/>\n<script type=\"application\/ld+json\" class=\"yoast-schema-graph\">{\"@context\":\"https:\/\/schema.org\",\"@graph\":[{\"@type\":\"WebPage\",\"@id\":\"https:\/\/sulsc.com\/index.php\/2024\/09\/17\/santa-catarina-esta-entre-os-17-estados-na-operacao-contra-o-desmatamento-da-mata-atlantica\/\",\"url\":\"https:\/\/sulsc.com\/index.php\/2024\/09\/17\/santa-catarina-esta-entre-os-17-estados-na-operacao-contra-o-desmatamento-da-mata-atlantica\/\",\"name\":\"Santa Catarina est\u00e1 entre os 17 estados na Opera\u00e7\u00e3o contra o desmatamento da Mata Atl\u00e2ntica -\",\"isPartOf\":{\"@id\":\"https:\/\/sulsc.com\/#website\"},\"datePublished\":\"2024-09-17T19:42:04+00:00\",\"dateModified\":\"2024-09-17T19:42:04+00:00\",\"author\":{\"@id\":\"https:\/\/sulsc.com\/#\/schema\/person\/84d2fc571684f6248ba83092f07750a3\"},\"description\":\"De 2022 para 2023 o desmatamento no bioma teve uma diminui\u00e7\u00e3o de 27% passando de 20.075 hectares para 14.697\",\"breadcrumb\":{\"@id\":\"https:\/\/sulsc.com\/index.php\/2024\/09\/17\/santa-catarina-esta-entre-os-17-estados-na-operacao-contra-o-desmatamento-da-mata-atlantica\/#breadcrumb\"},\"inLanguage\":\"en-US\",\"potentialAction\":[{\"@type\":\"ReadAction\",\"target\":[\"https:\/\/sulsc.com\/index.php\/2024\/09\/17\/santa-catarina-esta-entre-os-17-estados-na-operacao-contra-o-desmatamento-da-mata-atlantica\/\"]}]},{\"@type\":\"BreadcrumbList\",\"@id\":\"https:\/\/sulsc.com\/index.php\/2024\/09\/17\/santa-catarina-esta-entre-os-17-estados-na-operacao-contra-o-desmatamento-da-mata-atlantica\/#breadcrumb\",\"itemListElement\":[{\"@type\":\"ListItem\",\"position\":1,\"name\":\"In\u00edcio\",\"item\":\"https:\/\/sulsc.com\/\"},{\"@type\":\"ListItem\",\"position\":2,\"name\":\"Santa Catarina est\u00e1 entre os 17 estados na Opera\u00e7\u00e3o contra o desmatamento da Mata Atl\u00e2ntica\"}]},{\"@type\":\"WebSite\",\"@id\":\"https:\/\/sulsc.com\/#website\",\"url\":\"https:\/\/sulsc.com\/\",\"name\":\"\",\"description\":\"\",\"potentialAction\":[{\"@type\":\"SearchAction\",\"target\":{\"@type\":\"EntryPoint\",\"urlTemplate\":\"https:\/\/sulsc.com\/?s={search_term_string}\"},\"query-input\":\"required name=search_term_string\"}],\"inLanguage\":\"en-US\"},{\"@type\":\"Person\",\"@id\":\"https:\/\/sulsc.com\/#\/schema\/person\/84d2fc571684f6248ba83092f07750a3\",\"name\":\"Reda\u00e7\u00e3o Sul SC\",\"image\":{\"@type\":\"ImageObject\",\"inLanguage\":\"en-US\",\"@id\":\"https:\/\/sulsc.com\/#\/schema\/person\/image\/e08d7fe2cc4ed596372063bbe852b8d0\",\"url\":\"https:\/\/sulsc.com\/wp-content\/uploads\/2023\/09\/redacao.png\",\"contentUrl\":\"https:\/\/sulsc.com\/wp-content\/uploads\/2023\/09\/redacao.png\",\"caption\":\"Reda\u00e7\u00e3o Sul SC\"},\"description\":\"Foco em um jornalismo imparcial, voltado \u00e0 qualidade dos seus conte\u00fados e, assim, levar informa\u00e7\u00e3o de valor que agregue \u00e0 vida dos leitores. Esta \u00e9 grande miss\u00e3o do Portal de Not\u00edcias Sul SC. N\u00e3o \u00e9 quantidade que muda o mundo, sempre foi e seguir\u00e1 sendo qualidade!\",\"sameAs\":[\"https:\/\/sulsc.com\/\",\"https:\/\/www.facebook.com\/profile.php?id=61559278119680\",\"https:\/\/www.instagram.com\/sulscportal\/?hl=pt-br\",\"https:\/\/twitter.com\/https:\/\/twitter.com\/PortalSulSC\",\"https:\/\/www.youtube.com\/channel\/UCv_BE8GeySluDov2n8qhVmw\"],\"url\":\"https:\/\/sulsc.com\/index.php\/author\/redacao\/\"}]}<\/script>\n<!-- \/ Yoast SEO plugin. -->","yoast_head_json":{"title":"Santa Catarina est\u00e1 entre os 17 estados na Opera\u00e7\u00e3o contra o desmatamento da Mata Atl\u00e2ntica -","description":"De 2022 para 2023 o desmatamento no bioma teve uma diminui\u00e7\u00e3o de 27% passando de 20.075 hectares para 14.697","robots":{"index":"index","follow":"follow","max-snippet":"max-snippet:-1","max-image-preview":"max-image-preview:large","max-video-preview":"max-video-preview:-1"},"canonical":"https:\/\/sulsc.com\/index.php\/2024\/09\/17\/santa-catarina-esta-entre-os-17-estados-na-operacao-contra-o-desmatamento-da-mata-atlantica\/","og_locale":"en_US","og_type":"article","og_title":"Santa Catarina est\u00e1 entre os 17 estados na Opera\u00e7\u00e3o contra o desmatamento da Mata Atl\u00e2ntica -","og_description":"De 2022 para 2023 o desmatamento no bioma teve uma diminui\u00e7\u00e3o de 27% passando de 20.075 hectares para 14.697","og_url":"https:\/\/sulsc.com\/index.php\/2024\/09\/17\/santa-catarina-esta-entre-os-17-estados-na-operacao-contra-o-desmatamento-da-mata-atlantica\/","article_author":"https:\/\/www.facebook.com\/profile.php?id=61559278119680","article_published_time":"2024-09-17T19:42:04+00:00","og_image":[{"width":1170,"height":700,"url":"http:\/\/sulsc.com\/wp-content\/uploads\/2024\/09\/mata.webp","type":"image\/webp"}],"author":"Reda\u00e7\u00e3o Sul SC","twitter_card":"summary_large_image","twitter_creator":"@https:\/\/twitter.com\/PortalSulSC","twitter_misc":{"Written by":"Reda\u00e7\u00e3o Sul SC","Est. reading time":"2 minutes"},"schema":{"@context":"https:\/\/schema.org","@graph":[{"@type":"WebPage","@id":"https:\/\/sulsc.com\/index.php\/2024\/09\/17\/santa-catarina-esta-entre-os-17-estados-na-operacao-contra-o-desmatamento-da-mata-atlantica\/","url":"https:\/\/sulsc.com\/index.php\/2024\/09\/17\/santa-catarina-esta-entre-os-17-estados-na-operacao-contra-o-desmatamento-da-mata-atlantica\/","name":"Santa Catarina est\u00e1 entre os 17 estados na Opera\u00e7\u00e3o contra o desmatamento da Mata Atl\u00e2ntica -","isPartOf":{"@id":"https:\/\/sulsc.com\/#website"},"datePublished":"2024-09-17T19:42:04+00:00","dateModified":"2024-09-17T19:42:04+00:00","author":{"@id":"https:\/\/sulsc.com\/#\/schema\/person\/84d2fc571684f6248ba83092f07750a3"},"description":"De 2022 para 2023 o desmatamento no bioma teve uma diminui\u00e7\u00e3o de 27% passando de 20.075 hectares para 14.697","breadcrumb":{"@id":"https:\/\/sulsc.com\/index.php\/2024\/09\/17\/santa-catarina-esta-entre-os-17-estados-na-operacao-contra-o-desmatamento-da-mata-atlantica\/#breadcrumb"},"inLanguage":"en-US","potentialAction":[{"@type":"ReadAction","target":["https:\/\/sulsc.com\/index.php\/2024\/09\/17\/santa-catarina-esta-entre-os-17-estados-na-operacao-contra-o-desmatamento-da-mata-atlantica\/"]}]},{"@type":"BreadcrumbList","@id":"https:\/\/sulsc.com\/index.php\/2024\/09\/17\/santa-catarina-esta-entre-os-17-estados-na-operacao-contra-o-desmatamento-da-mata-atlantica\/#breadcrumb","itemListElement":[{"@type":"ListItem","position":1,"name":"In\u00edcio","item":"https:\/\/sulsc.com\/"},{"@type":"ListItem","position":2,"name":"Santa Catarina est\u00e1 entre os 17 estados na Opera\u00e7\u00e3o contra o desmatamento da Mata Atl\u00e2ntica"}]},{"@type":"WebSite","@id":"https:\/\/sulsc.com\/#website","url":"https:\/\/sulsc.com\/","name":"","description":"","potentialAction":[{"@type":"SearchAction","target":{"@type":"EntryPoint","urlTemplate":"https:\/\/sulsc.com\/?s={search_term_string}"},"query-input":"required name=search_term_string"}],"inLanguage":"en-US"},{"@type":"Person","@id":"https:\/\/sulsc.com\/#\/schema\/person\/84d2fc571684f6248ba83092f07750a3","name":"Reda\u00e7\u00e3o Sul SC","image":{"@type":"ImageObject","inLanguage":"en-US","@id":"https:\/\/sulsc.com\/#\/schema\/person\/image\/e08d7fe2cc4ed596372063bbe852b8d0","url":"https:\/\/sulsc.com\/wp-content\/uploads\/2023\/09\/redacao.png","contentUrl":"https:\/\/sulsc.com\/wp-content\/uploads\/2023\/09\/redacao.png","caption":"Reda\u00e7\u00e3o Sul SC"},"description":"Foco em um jornalismo imparcial, voltado \u00e0 qualidade dos seus conte\u00fados e, assim, levar informa\u00e7\u00e3o de valor que agregue \u00e0 vida dos leitores. Esta \u00e9 grande miss\u00e3o do Portal de Not\u00edcias Sul SC. N\u00e3o \u00e9 quantidade que muda o mundo, sempre foi e seguir\u00e1 sendo qualidade!","sameAs":["https:\/\/sulsc.com\/","https:\/\/www.facebook.com\/profile.php?id=61559278119680","https:\/\/www.instagram.com\/sulscportal\/?hl=pt-br","https:\/\/twitter.com\/https:\/\/twitter.com\/PortalSulSC","https:\/\/www.youtube.com\/channel\/UCv_BE8GeySluDov2n8qhVmw"],"url":"https:\/\/sulsc.com\/index.php\/author\/redacao\/"}]}},"authors":[],"_links":{"self":[{"href":"https:\/\/sulsc.com\/index.php\/wp-json\/wp\/v2\/posts\/16220"}],"collection":[{"href":"https:\/\/sulsc.com\/index.php\/wp-json\/wp\/v2\/posts"}],"about":[{"href":"https:\/\/sulsc.com\/index.php\/wp-json\/wp\/v2\/types\/post"}],"author":[{"embeddable":true,"href":"https:\/\/sulsc.com\/index.php\/wp-json\/wp\/v2\/users\/3"}],"replies":[{"embeddable":true,"href":"https:\/\/sulsc.com\/index.php\/wp-json\/wp\/v2\/comments?post=16220"}],"version-history":[{"count":1,"href":"https:\/\/sulsc.com\/index.php\/wp-json\/wp\/v2\/posts\/16220\/revisions"}],"predecessor-version":[{"id":16223,"href":"https:\/\/sulsc.com\/index.php\/wp-json\/wp\/v2\/posts\/16220\/revisions\/16223"}],"wp:featuredmedia":[{"embeddable":true,"href":"https:\/\/sulsc.com\/index.php\/wp-json\/wp\/v2\/media\/16221"}],"wp:attachment":[{"href":"https:\/\/sulsc.com\/index.php\/wp-json\/wp\/v2\/media?parent=16220"}],"wp:term":[{"taxonomy":"category","embeddable":true,"href":"https:\/\/sulsc.com\/index.php\/wp-json\/wp\/v2\/categories?post=16220"},{"taxonomy":"post_tag","embeddable":true,"href":"https:\/\/sulsc.com\/index.php\/wp-json\/wp\/v2\/tags?post=16220"}],"curies":[{"name":"wp","href":"https:\/\/api.w.org\/{rel}","templated":true}]}}