{"id":16354,"date":"2024-09-27T08:27:54","date_gmt":"2024-09-27T11:27:54","guid":{"rendered":"https:\/\/sulsc.com\/?p=16354"},"modified":"2024-09-27T08:27:54","modified_gmt":"2024-09-27T11:27:54","slug":"dia-com-temperaturas-mais-amenas-e-presenca-do-sol","status":"publish","type":"post","link":"https:\/\/sulsc.com\/index.php\/2024\/09\/27\/dia-com-temperaturas-mais-amenas-e-presenca-do-sol\/","title":{"rendered":"Dia com temperaturas mais amenas e presen\u00e7a do sol"},"content":{"rendered":"<p>O sol aparece em meio a varia\u00e7\u00e3o de nuvens nesta sexta-feira (27). As temperaturas declinam com rela\u00e7\u00e3o aos dias anteriores e as m\u00e1ximas variam entre 20 e 25\u00b0C na maioria das regi\u00f5es. Entre o Alto e M\u00e9dio Vale do Itaja\u00ed e Planalto Norte, podem chegar a valores entre 26 e 28\u00b0C durante a tarde. Ainda teremos resqu\u00edcios de influ\u00eancia da frente fria, que aos poucos se afasta do estado, dando espa\u00e7o para um sistema de alta press\u00e3o.<\/p>\n<p><img fetchpriority=\"high\" decoding=\"async\" class=\"aligncenter size-full wp-image-16355\" src=\"http:\/\/sulsc.com\/wp-content\/uploads\/2024\/09\/6-1.png\" alt=\"\" width=\"1650\" height=\"1129\" srcset=\"https:\/\/sulsc.com\/wp-content\/uploads\/2024\/09\/6-1.png 1650w, https:\/\/sulsc.com\/wp-content\/uploads\/2024\/09\/6-1-300x205.png 300w, https:\/\/sulsc.com\/wp-content\/uploads\/2024\/09\/6-1-1024x701.png 1024w, https:\/\/sulsc.com\/wp-content\/uploads\/2024\/09\/6-1-768x525.png 768w, https:\/\/sulsc.com\/wp-content\/uploads\/2024\/09\/6-1-1536x1051.png 1536w\" sizes=\"(max-width: 1650px) 100vw, 1650px\" \/><\/p>\n<p><img decoding=\"async\" class=\"aligncenter  wp-image-16356\" src=\"http:\/\/sulsc.com\/wp-content\/uploads\/2024\/09\/legendaaaaa-1536x286-1-2.png\" alt=\"\" width=\"537\" height=\"100\" srcset=\"https:\/\/sulsc.com\/wp-content\/uploads\/2024\/09\/legendaaaaa-1536x286-1-2.png 1536w, https:\/\/sulsc.com\/wp-content\/uploads\/2024\/09\/legendaaaaa-1536x286-1-2-300x56.png 300w, https:\/\/sulsc.com\/wp-content\/uploads\/2024\/09\/legendaaaaa-1536x286-1-2-1024x191.png 1024w, https:\/\/sulsc.com\/wp-content\/uploads\/2024\/09\/legendaaaaa-1536x286-1-2-768x143.png 768w\" sizes=\"(max-width: 537px) 100vw, 537px\" \/><\/p>\n<p>O vento predomina de sul com rajadas de 50 a 70km\/h no Litoral, deixando o mar agitado com ondas de sul a sudeste entre 2,0 e 2,5m e picos de at\u00e9 3,0m mais afastados da costa. O risco \u00e9 moderado para ocorr\u00eancias relacionadas ao vento e a agita\u00e7\u00e3o do mar.<\/p>\n<p>Fonte: Defesa Civil SC\/Meteorologista: Caio Guerra<\/p>\n<p>Foto\/Sulsc.com<\/p>\n","protected":false},"excerpt":{"rendered":"<p>O sol aparece em meio a varia\u00e7\u00e3o de nuvens nesta sexta-feira (27). As temperaturas declinam com rela\u00e7\u00e3o aos dias anteriores e as m\u00e1ximas variam entre 20 e 25\u00b0C na maioria das regi\u00f5es. Entre o Alto e M\u00e9dio Vale do Itaja\u00ed e Planalto Norte, podem chegar a valores entre 26 e 28\u00b0C durante a tarde. Ainda &hellip;<\/p>\n<p class=\"read-more\"> <a class=\"\" href=\"https:\/\/sulsc.com\/index.php\/2024\/09\/27\/dia-com-temperaturas-mais-amenas-e-presenca-do-sol\/\"> <span class=\"screen-reader-text\">Dia com temperaturas mais amenas e presen\u00e7a do sol<\/span> Read More &raquo;<\/a><\/p>\n","protected":false},"author":3,"featured_media":16357,"comment_status":"open","ping_status":"open","sticky":false,"template":"","format":"standard","meta":{"site-sidebar-layout":"default","site-content-layout":"","ast-site-content-layout":"default","site-content-style":"default","site-sidebar-style":"default","ast-global-header-display":"","ast-banner-title-visibility":"","ast-main-header-display":"","ast-hfb-above-header-display":"","ast-hfb-below-header-display":"","ast-hfb-mobile-header-display":"","site-post-title":"","ast-breadcrumbs-content":"","ast-featured-img":"","footer-sml-layout":"","theme-transparent-header-meta":"default","adv-header-id-meta":"","stick-header-meta":"","header-above-stick-meta":"","header-main-stick-meta":"","header-below-stick-meta":"","astra-migrate-meta-layouts":"set","footnotes":""},"categories":[38],"tags":[90],"yoast_head":"<!-- This site is optimized with the Yoast SEO plugin v21.4 - https:\/\/yoast.com\/wordpress\/plugins\/seo\/ -->\n<title>Dia com temperaturas mais amenas e presen\u00e7a do sol -<\/title>\n<meta name=\"description\" content=\"Ainda h\u00e1 condi\u00e7\u00f5es de chuvas r\u00e1pidas no amanhecer resqu\u00edcios de influ\u00eancia da frente fria que aos poucos se afasta do estado\" \/>\n<meta name=\"robots\" content=\"index, follow, max-snippet:-1, max-image-preview:large, max-video-preview:-1\" \/>\n<link rel=\"canonical\" href=\"https:\/\/sulsc.com\/index.php\/2024\/09\/27\/dia-com-temperaturas-mais-amenas-e-presenca-do-sol\/\" \/>\n<meta property=\"og:locale\" content=\"en_US\" \/>\n<meta property=\"og:type\" content=\"article\" \/>\n<meta property=\"og:title\" content=\"Dia com temperaturas mais amenas e presen\u00e7a do sol -\" \/>\n<meta property=\"og:description\" content=\"Ainda h\u00e1 condi\u00e7\u00f5es de chuvas r\u00e1pidas no amanhecer resqu\u00edcios de influ\u00eancia da frente fria que aos poucos se afasta do estado\" \/>\n<meta property=\"og:url\" content=\"https:\/\/sulsc.com\/index.php\/2024\/09\/27\/dia-com-temperaturas-mais-amenas-e-presenca-do-sol\/\" \/>\n<meta property=\"article:author\" content=\"https:\/\/www.facebook.com\/profile.php?id=61559278119680\" \/>\n<meta property=\"article:published_time\" content=\"2024-09-27T11:27:54+00:00\" \/>\n<meta property=\"og:image\" content=\"http:\/\/sulsc.com\/wp-content\/uploads\/2024\/09\/IMG_20240717_143053623-scaled.jpg\" \/>\n\t<meta property=\"og:image:width\" content=\"1151\" \/>\n\t<meta property=\"og:image:height\" content=\"2560\" \/>\n\t<meta property=\"og:image:type\" content=\"image\/jpeg\" \/>\n<meta name=\"author\" content=\"Reda\u00e7\u00e3o Sul SC\" \/>\n<meta name=\"twitter:card\" content=\"summary_large_image\" \/>\n<meta name=\"twitter:creator\" content=\"@https:\/\/twitter.com\/PortalSulSC\" \/>\n<meta name=\"twitter:label1\" content=\"Written by\" \/>\n\t<meta name=\"twitter:data1\" content=\"Reda\u00e7\u00e3o Sul SC\" \/>\n\t<meta name=\"twitter:label2\" content=\"Est. reading time\" \/>\n\t<meta name=\"twitter:data2\" content=\"1 minute\" \/>\n<script type=\"application\/ld+json\" class=\"yoast-schema-graph\">{\"@context\":\"https:\/\/schema.org\",\"@graph\":[{\"@type\":\"WebPage\",\"@id\":\"https:\/\/sulsc.com\/index.php\/2024\/09\/27\/dia-com-temperaturas-mais-amenas-e-presenca-do-sol\/\",\"url\":\"https:\/\/sulsc.com\/index.php\/2024\/09\/27\/dia-com-temperaturas-mais-amenas-e-presenca-do-sol\/\",\"name\":\"Dia com temperaturas mais amenas e presen\u00e7a do sol -\",\"isPartOf\":{\"@id\":\"https:\/\/sulsc.com\/#website\"},\"datePublished\":\"2024-09-27T11:27:54+00:00\",\"dateModified\":\"2024-09-27T11:27:54+00:00\",\"author\":{\"@id\":\"https:\/\/sulsc.com\/#\/schema\/person\/84d2fc571684f6248ba83092f07750a3\"},\"description\":\"Ainda h\u00e1 condi\u00e7\u00f5es de chuvas r\u00e1pidas no amanhecer resqu\u00edcios de influ\u00eancia da frente fria que aos poucos se afasta do estado\",\"breadcrumb\":{\"@id\":\"https:\/\/sulsc.com\/index.php\/2024\/09\/27\/dia-com-temperaturas-mais-amenas-e-presenca-do-sol\/#breadcrumb\"},\"inLanguage\":\"en-US\",\"potentialAction\":[{\"@type\":\"ReadAction\",\"target\":[\"https:\/\/sulsc.com\/index.php\/2024\/09\/27\/dia-com-temperaturas-mais-amenas-e-presenca-do-sol\/\"]}]},{\"@type\":\"BreadcrumbList\",\"@id\":\"https:\/\/sulsc.com\/index.php\/2024\/09\/27\/dia-com-temperaturas-mais-amenas-e-presenca-do-sol\/#breadcrumb\",\"itemListElement\":[{\"@type\":\"ListItem\",\"position\":1,\"name\":\"In\u00edcio\",\"item\":\"https:\/\/sulsc.com\/\"},{\"@type\":\"ListItem\",\"position\":2,\"name\":\"Dia com temperaturas mais amenas e presen\u00e7a do sol\"}]},{\"@type\":\"WebSite\",\"@id\":\"https:\/\/sulsc.com\/#website\",\"url\":\"https:\/\/sulsc.com\/\",\"name\":\"\",\"description\":\"\",\"potentialAction\":[{\"@type\":\"SearchAction\",\"target\":{\"@type\":\"EntryPoint\",\"urlTemplate\":\"https:\/\/sulsc.com\/?s={search_term_string}\"},\"query-input\":\"required name=search_term_string\"}],\"inLanguage\":\"en-US\"},{\"@type\":\"Person\",\"@id\":\"https:\/\/sulsc.com\/#\/schema\/person\/84d2fc571684f6248ba83092f07750a3\",\"name\":\"Reda\u00e7\u00e3o Sul SC\",\"image\":{\"@type\":\"ImageObject\",\"inLanguage\":\"en-US\",\"@id\":\"https:\/\/sulsc.com\/#\/schema\/person\/image\/e08d7fe2cc4ed596372063bbe852b8d0\",\"url\":\"https:\/\/sulsc.com\/wp-content\/uploads\/2023\/09\/redacao.png\",\"contentUrl\":\"https:\/\/sulsc.com\/wp-content\/uploads\/2023\/09\/redacao.png\",\"caption\":\"Reda\u00e7\u00e3o Sul SC\"},\"description\":\"Foco em um jornalismo imparcial, voltado \u00e0 qualidade dos seus conte\u00fados e, assim, levar informa\u00e7\u00e3o de valor que agregue \u00e0 vida dos leitores. Esta \u00e9 grande miss\u00e3o do Portal de Not\u00edcias Sul SC. N\u00e3o \u00e9 quantidade que muda o mundo, sempre foi e seguir\u00e1 sendo qualidade!\",\"sameAs\":[\"https:\/\/sulsc.com\/\",\"https:\/\/www.facebook.com\/profile.php?id=61559278119680\",\"https:\/\/www.instagram.com\/sulscportal\/?hl=pt-br\",\"https:\/\/twitter.com\/https:\/\/twitter.com\/PortalSulSC\",\"https:\/\/www.youtube.com\/channel\/UCv_BE8GeySluDov2n8qhVmw\"],\"url\":\"https:\/\/sulsc.com\/index.php\/author\/redacao\/\"}]}<\/script>\n<!-- \/ Yoast SEO plugin. -->","yoast_head_json":{"title":"Dia com temperaturas mais amenas e presen\u00e7a do sol -","description":"Ainda h\u00e1 condi\u00e7\u00f5es de chuvas r\u00e1pidas no amanhecer resqu\u00edcios de influ\u00eancia da frente fria que aos poucos se afasta do estado","robots":{"index":"index","follow":"follow","max-snippet":"max-snippet:-1","max-image-preview":"max-image-preview:large","max-video-preview":"max-video-preview:-1"},"canonical":"https:\/\/sulsc.com\/index.php\/2024\/09\/27\/dia-com-temperaturas-mais-amenas-e-presenca-do-sol\/","og_locale":"en_US","og_type":"article","og_title":"Dia com temperaturas mais amenas e presen\u00e7a do sol -","og_description":"Ainda h\u00e1 condi\u00e7\u00f5es de chuvas r\u00e1pidas no amanhecer resqu\u00edcios de influ\u00eancia da frente fria que aos poucos se afasta do estado","og_url":"https:\/\/sulsc.com\/index.php\/2024\/09\/27\/dia-com-temperaturas-mais-amenas-e-presenca-do-sol\/","article_author":"https:\/\/www.facebook.com\/profile.php?id=61559278119680","article_published_time":"2024-09-27T11:27:54+00:00","og_image":[{"width":1151,"height":2560,"url":"http:\/\/sulsc.com\/wp-content\/uploads\/2024\/09\/IMG_20240717_143053623-scaled.jpg","type":"image\/jpeg"}],"author":"Reda\u00e7\u00e3o Sul SC","twitter_card":"summary_large_image","twitter_creator":"@https:\/\/twitter.com\/PortalSulSC","twitter_misc":{"Written by":"Reda\u00e7\u00e3o Sul SC","Est. reading time":"1 minute"},"schema":{"@context":"https:\/\/schema.org","@graph":[{"@type":"WebPage","@id":"https:\/\/sulsc.com\/index.php\/2024\/09\/27\/dia-com-temperaturas-mais-amenas-e-presenca-do-sol\/","url":"https:\/\/sulsc.com\/index.php\/2024\/09\/27\/dia-com-temperaturas-mais-amenas-e-presenca-do-sol\/","name":"Dia com temperaturas mais amenas e presen\u00e7a do sol -","isPartOf":{"@id":"https:\/\/sulsc.com\/#website"},"datePublished":"2024-09-27T11:27:54+00:00","dateModified":"2024-09-27T11:27:54+00:00","author":{"@id":"https:\/\/sulsc.com\/#\/schema\/person\/84d2fc571684f6248ba83092f07750a3"},"description":"Ainda h\u00e1 condi\u00e7\u00f5es de chuvas r\u00e1pidas no amanhecer resqu\u00edcios de influ\u00eancia da frente fria que aos poucos se afasta do estado","breadcrumb":{"@id":"https:\/\/sulsc.com\/index.php\/2024\/09\/27\/dia-com-temperaturas-mais-amenas-e-presenca-do-sol\/#breadcrumb"},"inLanguage":"en-US","potentialAction":[{"@type":"ReadAction","target":["https:\/\/sulsc.com\/index.php\/2024\/09\/27\/dia-com-temperaturas-mais-amenas-e-presenca-do-sol\/"]}]},{"@type":"BreadcrumbList","@id":"https:\/\/sulsc.com\/index.php\/2024\/09\/27\/dia-com-temperaturas-mais-amenas-e-presenca-do-sol\/#breadcrumb","itemListElement":[{"@type":"ListItem","position":1,"name":"In\u00edcio","item":"https:\/\/sulsc.com\/"},{"@type":"ListItem","position":2,"name":"Dia com temperaturas mais amenas e presen\u00e7a do sol"}]},{"@type":"WebSite","@id":"https:\/\/sulsc.com\/#website","url":"https:\/\/sulsc.com\/","name":"","description":"","potentialAction":[{"@type":"SearchAction","target":{"@type":"EntryPoint","urlTemplate":"https:\/\/sulsc.com\/?s={search_term_string}"},"query-input":"required name=search_term_string"}],"inLanguage":"en-US"},{"@type":"Person","@id":"https:\/\/sulsc.com\/#\/schema\/person\/84d2fc571684f6248ba83092f07750a3","name":"Reda\u00e7\u00e3o Sul SC","image":{"@type":"ImageObject","inLanguage":"en-US","@id":"https:\/\/sulsc.com\/#\/schema\/person\/image\/e08d7fe2cc4ed596372063bbe852b8d0","url":"https:\/\/sulsc.com\/wp-content\/uploads\/2023\/09\/redacao.png","contentUrl":"https:\/\/sulsc.com\/wp-content\/uploads\/2023\/09\/redacao.png","caption":"Reda\u00e7\u00e3o Sul SC"},"description":"Foco em um jornalismo imparcial, voltado \u00e0 qualidade dos seus conte\u00fados e, assim, levar informa\u00e7\u00e3o de valor que agregue \u00e0 vida dos leitores. Esta \u00e9 grande miss\u00e3o do Portal de Not\u00edcias Sul SC. N\u00e3o \u00e9 quantidade que muda o mundo, sempre foi e seguir\u00e1 sendo qualidade!","sameAs":["https:\/\/sulsc.com\/","https:\/\/www.facebook.com\/profile.php?id=61559278119680","https:\/\/www.instagram.com\/sulscportal\/?hl=pt-br","https:\/\/twitter.com\/https:\/\/twitter.com\/PortalSulSC","https:\/\/www.youtube.com\/channel\/UCv_BE8GeySluDov2n8qhVmw"],"url":"https:\/\/sulsc.com\/index.php\/author\/redacao\/"}]}},"authors":[],"_links":{"self":[{"href":"https:\/\/sulsc.com\/index.php\/wp-json\/wp\/v2\/posts\/16354"}],"collection":[{"href":"https:\/\/sulsc.com\/index.php\/wp-json\/wp\/v2\/posts"}],"about":[{"href":"https:\/\/sulsc.com\/index.php\/wp-json\/wp\/v2\/types\/post"}],"author":[{"embeddable":true,"href":"https:\/\/sulsc.com\/index.php\/wp-json\/wp\/v2\/users\/3"}],"replies":[{"embeddable":true,"href":"https:\/\/sulsc.com\/index.php\/wp-json\/wp\/v2\/comments?post=16354"}],"version-history":[{"count":1,"href":"https:\/\/sulsc.com\/index.php\/wp-json\/wp\/v2\/posts\/16354\/revisions"}],"predecessor-version":[{"id":16358,"href":"https:\/\/sulsc.com\/index.php\/wp-json\/wp\/v2\/posts\/16354\/revisions\/16358"}],"wp:featuredmedia":[{"embeddable":true,"href":"https:\/\/sulsc.com\/index.php\/wp-json\/wp\/v2\/media\/16357"}],"wp:attachment":[{"href":"https:\/\/sulsc.com\/index.php\/wp-json\/wp\/v2\/media?parent=16354"}],"wp:term":[{"taxonomy":"category","embeddable":true,"href":"https:\/\/sulsc.com\/index.php\/wp-json\/wp\/v2\/categories?post=16354"},{"taxonomy":"post_tag","embeddable":true,"href":"https:\/\/sulsc.com\/index.php\/wp-json\/wp\/v2\/tags?post=16354"}],"curies":[{"name":"wp","href":"https:\/\/api.w.org\/{rel}","templated":true}]}}