{"id":1649,"date":"2023-10-02T08:00:06","date_gmt":"2023-10-02T11:00:06","guid":{"rendered":"https:\/\/sulsc.com\/?p=1649"},"modified":"2023-10-02T07:36:45","modified_gmt":"2023-10-02T10:36:45","slug":"durante-discussao-homem-e-esfaqueado-pela-esposa-em-jacinto-machado","status":"publish","type":"post","link":"https:\/\/sulsc.com\/index.php\/2023\/10\/02\/durante-discussao-homem-e-esfaqueado-pela-esposa-em-jacinto-machado\/","title":{"rendered":"Durante discuss\u00e3o, homem \u00e9 esfaqueado pela esposa em Jacinto Machado"},"content":{"rendered":"<p>Um homem foi hospitalizado ap\u00f3s ser esfaqueado na barriga pela esposa na noite desse s\u00e1bado (30). O fato ocorreu em Jacinto Machado.<\/p>\n<p>Conforme a Pol\u00edcia Militar (PM), a v\u00edtima relatou aos policiais que discutiu com sua esposa e que ela teria desferido um golpe de faca na sua barriga. Na sequencia ele fugiu para um matagal e depois se deslocou ao Hospital S\u00e3o Roque.<\/p>\n<p><img fetchpriority=\"high\" decoding=\"async\" class=\"alignnone size-full wp-image-1651\" src=\"http:\/\/sulsc.com\/wp-content\/uploads\/2023\/10\/giroflex-2.jpg\" alt=\"\" width=\"627\" height=\"393\" srcset=\"https:\/\/sulsc.com\/wp-content\/uploads\/2023\/10\/giroflex-2.jpg 627w, https:\/\/sulsc.com\/wp-content\/uploads\/2023\/10\/giroflex-2-300x188.jpg 300w\" sizes=\"(max-width: 627px) 100vw, 627px\" \/><\/p>\n<p>Os policiais se deslocaram para a resid\u00eancia do casal e conversaram com a mulher. Ela contou que os dois discutiram e iniciaram uma agress\u00e3o f\u00edsica. Contou ainda que seu marido a arrastou puxando seus cabelos e apertando seu pesco\u00e7o, com isso, ela pegou a faca para se defender.<\/p>\n<p>A mulher foi presa e conduzida \u00e0 Delegacia de Pol\u00edcia Civil.<\/p>\n<p>&nbsp;<\/p>\n<p>Fonte: Engeplus<\/p>\n","protected":false},"excerpt":{"rendered":"<p>Um homem foi hospitalizado ap\u00f3s ser esfaqueado na barriga pela esposa na noite desse s\u00e1bado (30). O fato ocorreu em Jacinto Machado. Conforme a Pol\u00edcia Militar (PM), a v\u00edtima relatou aos policiais que discutiu com sua esposa e que ela teria desferido um golpe de faca na sua barriga. Na sequencia ele fugiu para um &hellip;<\/p>\n<p class=\"read-more\"> <a class=\"\" href=\"https:\/\/sulsc.com\/index.php\/2023\/10\/02\/durante-discussao-homem-e-esfaqueado-pela-esposa-em-jacinto-machado\/\"> <span class=\"screen-reader-text\">Durante discuss\u00e3o, homem \u00e9 esfaqueado pela esposa em Jacinto Machado<\/span> Read More &raquo;<\/a><\/p>\n","protected":false},"author":3,"featured_media":1650,"comment_status":"open","ping_status":"open","sticky":false,"template":"","format":"standard","meta":{"site-sidebar-layout":"default","site-content-layout":"default","ast-site-content-layout":"","site-content-style":"default","site-sidebar-style":"default","ast-global-header-display":"","ast-banner-title-visibility":"","ast-main-header-display":"","ast-hfb-above-header-display":"","ast-hfb-below-header-display":"","ast-hfb-mobile-header-display":"","site-post-title":"","ast-breadcrumbs-content":"","ast-featured-img":"","footer-sml-layout":"","theme-transparent-header-meta":"default","adv-header-id-meta":"","stick-header-meta":"","header-above-stick-meta":"","header-main-stick-meta":"","header-below-stick-meta":"","astra-migrate-meta-layouts":"","footnotes":""},"categories":[8],"tags":[],"yoast_head":"<!-- This site is optimized with the Yoast SEO plugin v21.4 - https:\/\/yoast.com\/wordpress\/plugins\/seo\/ -->\n<title>Durante discuss\u00e3o, homem \u00e9 esfaqueado pela esposa em Jacinto Machado -<\/title>\n<meta name=\"robots\" content=\"index, follow, max-snippet:-1, max-image-preview:large, max-video-preview:-1\" \/>\n<link rel=\"canonical\" href=\"https:\/\/sulsc.com\/index.php\/2023\/10\/02\/durante-discussao-homem-e-esfaqueado-pela-esposa-em-jacinto-machado\/\" \/>\n<meta property=\"og:locale\" content=\"en_US\" \/>\n<meta property=\"og:type\" content=\"article\" \/>\n<meta property=\"og:title\" content=\"Durante discuss\u00e3o, homem \u00e9 esfaqueado pela esposa em Jacinto Machado -\" \/>\n<meta property=\"og:description\" content=\"Um homem foi hospitalizado ap\u00f3s ser esfaqueado na barriga pela esposa na noite desse s\u00e1bado (30). O fato ocorreu em Jacinto Machado. Conforme a Pol\u00edcia Militar (PM), a v\u00edtima relatou aos policiais que discutiu com sua esposa e que ela teria desferido um golpe de faca na sua barriga. Na sequencia ele fugiu para um &hellip; Durante discuss\u00e3o, homem \u00e9 esfaqueado pela esposa em Jacinto Machado Read More &raquo;\" \/>\n<meta property=\"og:url\" content=\"https:\/\/sulsc.com\/index.php\/2023\/10\/02\/durante-discussao-homem-e-esfaqueado-pela-esposa-em-jacinto-machado\/\" \/>\n<meta property=\"article:author\" content=\"https:\/\/www.facebook.com\/profile.php?id=61559278119680\" \/>\n<meta property=\"article:published_time\" content=\"2023-10-02T11:00:06+00:00\" \/>\n<meta property=\"article:modified_time\" content=\"2023-10-02T10:36:45+00:00\" \/>\n<meta property=\"og:image\" content=\"https:\/\/sulsc.com\/wp-content\/uploads\/2023\/10\/faca.jpg\" \/>\n\t<meta property=\"og:image:width\" content=\"680\" \/>\n\t<meta property=\"og:image:height\" content=\"365\" \/>\n\t<meta property=\"og:image:type\" content=\"image\/jpeg\" \/>\n<meta name=\"author\" content=\"Reda\u00e7\u00e3o Sul SC\" \/>\n<meta name=\"twitter:card\" content=\"summary_large_image\" \/>\n<meta name=\"twitter:creator\" content=\"@https:\/\/twitter.com\/PortalSulSC\" \/>\n<meta name=\"twitter:label1\" content=\"Written by\" \/>\n\t<meta name=\"twitter:data1\" content=\"Reda\u00e7\u00e3o Sul SC\" \/>\n\t<meta name=\"twitter:label2\" content=\"Est. reading time\" \/>\n\t<meta name=\"twitter:data2\" content=\"1 minute\" \/>\n<script type=\"application\/ld+json\" class=\"yoast-schema-graph\">{\"@context\":\"https:\/\/schema.org\",\"@graph\":[{\"@type\":\"WebPage\",\"@id\":\"https:\/\/sulsc.com\/index.php\/2023\/10\/02\/durante-discussao-homem-e-esfaqueado-pela-esposa-em-jacinto-machado\/\",\"url\":\"https:\/\/sulsc.com\/index.php\/2023\/10\/02\/durante-discussao-homem-e-esfaqueado-pela-esposa-em-jacinto-machado\/\",\"name\":\"Durante discuss\u00e3o, homem \u00e9 esfaqueado pela esposa em Jacinto Machado -\",\"isPartOf\":{\"@id\":\"https:\/\/sulsc.com\/#website\"},\"datePublished\":\"2023-10-02T11:00:06+00:00\",\"dateModified\":\"2023-10-02T10:36:45+00:00\",\"author\":{\"@id\":\"https:\/\/sulsc.com\/#\/schema\/person\/84d2fc571684f6248ba83092f07750a3\"},\"breadcrumb\":{\"@id\":\"https:\/\/sulsc.com\/index.php\/2023\/10\/02\/durante-discussao-homem-e-esfaqueado-pela-esposa-em-jacinto-machado\/#breadcrumb\"},\"inLanguage\":\"en-US\",\"potentialAction\":[{\"@type\":\"ReadAction\",\"target\":[\"https:\/\/sulsc.com\/index.php\/2023\/10\/02\/durante-discussao-homem-e-esfaqueado-pela-esposa-em-jacinto-machado\/\"]}]},{\"@type\":\"BreadcrumbList\",\"@id\":\"https:\/\/sulsc.com\/index.php\/2023\/10\/02\/durante-discussao-homem-e-esfaqueado-pela-esposa-em-jacinto-machado\/#breadcrumb\",\"itemListElement\":[{\"@type\":\"ListItem\",\"position\":1,\"name\":\"In\u00edcio\",\"item\":\"https:\/\/sulsc.com\/\"},{\"@type\":\"ListItem\",\"position\":2,\"name\":\"Durante discuss\u00e3o, homem \u00e9 esfaqueado pela esposa em Jacinto Machado\"}]},{\"@type\":\"WebSite\",\"@id\":\"https:\/\/sulsc.com\/#website\",\"url\":\"https:\/\/sulsc.com\/\",\"name\":\"\",\"description\":\"\",\"potentialAction\":[{\"@type\":\"SearchAction\",\"target\":{\"@type\":\"EntryPoint\",\"urlTemplate\":\"https:\/\/sulsc.com\/?s={search_term_string}\"},\"query-input\":\"required name=search_term_string\"}],\"inLanguage\":\"en-US\"},{\"@type\":\"Person\",\"@id\":\"https:\/\/sulsc.com\/#\/schema\/person\/84d2fc571684f6248ba83092f07750a3\",\"name\":\"Reda\u00e7\u00e3o Sul SC\",\"image\":{\"@type\":\"ImageObject\",\"inLanguage\":\"en-US\",\"@id\":\"https:\/\/sulsc.com\/#\/schema\/person\/image\/e08d7fe2cc4ed596372063bbe852b8d0\",\"url\":\"https:\/\/sulsc.com\/wp-content\/uploads\/2023\/09\/redacao.png\",\"contentUrl\":\"https:\/\/sulsc.com\/wp-content\/uploads\/2023\/09\/redacao.png\",\"caption\":\"Reda\u00e7\u00e3o Sul SC\"},\"description\":\"Foco em um jornalismo imparcial, voltado \u00e0 qualidade dos seus conte\u00fados e, assim, levar informa\u00e7\u00e3o de valor que agregue \u00e0 vida dos leitores. Esta \u00e9 grande miss\u00e3o do Portal de Not\u00edcias Sul SC. N\u00e3o \u00e9 quantidade que muda o mundo, sempre foi e seguir\u00e1 sendo qualidade!\",\"sameAs\":[\"https:\/\/sulsc.com\/\",\"https:\/\/www.facebook.com\/profile.php?id=61559278119680\",\"https:\/\/www.instagram.com\/sulscportal\/?hl=pt-br\",\"https:\/\/twitter.com\/https:\/\/twitter.com\/PortalSulSC\",\"https:\/\/www.youtube.com\/channel\/UCv_BE8GeySluDov2n8qhVmw\"],\"url\":\"https:\/\/sulsc.com\/index.php\/author\/redacao\/\"}]}<\/script>\n<!-- \/ Yoast SEO plugin. -->","yoast_head_json":{"title":"Durante discuss\u00e3o, homem \u00e9 esfaqueado pela esposa em Jacinto Machado -","robots":{"index":"index","follow":"follow","max-snippet":"max-snippet:-1","max-image-preview":"max-image-preview:large","max-video-preview":"max-video-preview:-1"},"canonical":"https:\/\/sulsc.com\/index.php\/2023\/10\/02\/durante-discussao-homem-e-esfaqueado-pela-esposa-em-jacinto-machado\/","og_locale":"en_US","og_type":"article","og_title":"Durante discuss\u00e3o, homem \u00e9 esfaqueado pela esposa em Jacinto Machado -","og_description":"Um homem foi hospitalizado ap\u00f3s ser esfaqueado na barriga pela esposa na noite desse s\u00e1bado (30). O fato ocorreu em Jacinto Machado. Conforme a Pol\u00edcia Militar (PM), a v\u00edtima relatou aos policiais que discutiu com sua esposa e que ela teria desferido um golpe de faca na sua barriga. Na sequencia ele fugiu para um &hellip; Durante discuss\u00e3o, homem \u00e9 esfaqueado pela esposa em Jacinto Machado Read More &raquo;","og_url":"https:\/\/sulsc.com\/index.php\/2023\/10\/02\/durante-discussao-homem-e-esfaqueado-pela-esposa-em-jacinto-machado\/","article_author":"https:\/\/www.facebook.com\/profile.php?id=61559278119680","article_published_time":"2023-10-02T11:00:06+00:00","article_modified_time":"2023-10-02T10:36:45+00:00","og_image":[{"width":680,"height":365,"url":"https:\/\/sulsc.com\/wp-content\/uploads\/2023\/10\/faca.jpg","type":"image\/jpeg"}],"author":"Reda\u00e7\u00e3o Sul SC","twitter_card":"summary_large_image","twitter_creator":"@https:\/\/twitter.com\/PortalSulSC","twitter_misc":{"Written by":"Reda\u00e7\u00e3o Sul SC","Est. reading time":"1 minute"},"schema":{"@context":"https:\/\/schema.org","@graph":[{"@type":"WebPage","@id":"https:\/\/sulsc.com\/index.php\/2023\/10\/02\/durante-discussao-homem-e-esfaqueado-pela-esposa-em-jacinto-machado\/","url":"https:\/\/sulsc.com\/index.php\/2023\/10\/02\/durante-discussao-homem-e-esfaqueado-pela-esposa-em-jacinto-machado\/","name":"Durante discuss\u00e3o, homem \u00e9 esfaqueado pela esposa em Jacinto Machado -","isPartOf":{"@id":"https:\/\/sulsc.com\/#website"},"datePublished":"2023-10-02T11:00:06+00:00","dateModified":"2023-10-02T10:36:45+00:00","author":{"@id":"https:\/\/sulsc.com\/#\/schema\/person\/84d2fc571684f6248ba83092f07750a3"},"breadcrumb":{"@id":"https:\/\/sulsc.com\/index.php\/2023\/10\/02\/durante-discussao-homem-e-esfaqueado-pela-esposa-em-jacinto-machado\/#breadcrumb"},"inLanguage":"en-US","potentialAction":[{"@type":"ReadAction","target":["https:\/\/sulsc.com\/index.php\/2023\/10\/02\/durante-discussao-homem-e-esfaqueado-pela-esposa-em-jacinto-machado\/"]}]},{"@type":"BreadcrumbList","@id":"https:\/\/sulsc.com\/index.php\/2023\/10\/02\/durante-discussao-homem-e-esfaqueado-pela-esposa-em-jacinto-machado\/#breadcrumb","itemListElement":[{"@type":"ListItem","position":1,"name":"In\u00edcio","item":"https:\/\/sulsc.com\/"},{"@type":"ListItem","position":2,"name":"Durante discuss\u00e3o, homem \u00e9 esfaqueado pela esposa em Jacinto Machado"}]},{"@type":"WebSite","@id":"https:\/\/sulsc.com\/#website","url":"https:\/\/sulsc.com\/","name":"","description":"","potentialAction":[{"@type":"SearchAction","target":{"@type":"EntryPoint","urlTemplate":"https:\/\/sulsc.com\/?s={search_term_string}"},"query-input":"required name=search_term_string"}],"inLanguage":"en-US"},{"@type":"Person","@id":"https:\/\/sulsc.com\/#\/schema\/person\/84d2fc571684f6248ba83092f07750a3","name":"Reda\u00e7\u00e3o Sul SC","image":{"@type":"ImageObject","inLanguage":"en-US","@id":"https:\/\/sulsc.com\/#\/schema\/person\/image\/e08d7fe2cc4ed596372063bbe852b8d0","url":"https:\/\/sulsc.com\/wp-content\/uploads\/2023\/09\/redacao.png","contentUrl":"https:\/\/sulsc.com\/wp-content\/uploads\/2023\/09\/redacao.png","caption":"Reda\u00e7\u00e3o Sul SC"},"description":"Foco em um jornalismo imparcial, voltado \u00e0 qualidade dos seus conte\u00fados e, assim, levar informa\u00e7\u00e3o de valor que agregue \u00e0 vida dos leitores. Esta \u00e9 grande miss\u00e3o do Portal de Not\u00edcias Sul SC. N\u00e3o \u00e9 quantidade que muda o mundo, sempre foi e seguir\u00e1 sendo qualidade!","sameAs":["https:\/\/sulsc.com\/","https:\/\/www.facebook.com\/profile.php?id=61559278119680","https:\/\/www.instagram.com\/sulscportal\/?hl=pt-br","https:\/\/twitter.com\/https:\/\/twitter.com\/PortalSulSC","https:\/\/www.youtube.com\/channel\/UCv_BE8GeySluDov2n8qhVmw"],"url":"https:\/\/sulsc.com\/index.php\/author\/redacao\/"}]}},"authors":[],"_links":{"self":[{"href":"https:\/\/sulsc.com\/index.php\/wp-json\/wp\/v2\/posts\/1649"}],"collection":[{"href":"https:\/\/sulsc.com\/index.php\/wp-json\/wp\/v2\/posts"}],"about":[{"href":"https:\/\/sulsc.com\/index.php\/wp-json\/wp\/v2\/types\/post"}],"author":[{"embeddable":true,"href":"https:\/\/sulsc.com\/index.php\/wp-json\/wp\/v2\/users\/3"}],"replies":[{"embeddable":true,"href":"https:\/\/sulsc.com\/index.php\/wp-json\/wp\/v2\/comments?post=1649"}],"version-history":[{"count":1,"href":"https:\/\/sulsc.com\/index.php\/wp-json\/wp\/v2\/posts\/1649\/revisions"}],"predecessor-version":[{"id":1655,"href":"https:\/\/sulsc.com\/index.php\/wp-json\/wp\/v2\/posts\/1649\/revisions\/1655"}],"wp:featuredmedia":[{"embeddable":true,"href":"https:\/\/sulsc.com\/index.php\/wp-json\/wp\/v2\/media\/1650"}],"wp:attachment":[{"href":"https:\/\/sulsc.com\/index.php\/wp-json\/wp\/v2\/media?parent=1649"}],"wp:term":[{"taxonomy":"category","embeddable":true,"href":"https:\/\/sulsc.com\/index.php\/wp-json\/wp\/v2\/categories?post=1649"},{"taxonomy":"post_tag","embeddable":true,"href":"https:\/\/sulsc.com\/index.php\/wp-json\/wp\/v2\/tags?post=1649"}],"curies":[{"name":"wp","href":"https:\/\/api.w.org\/{rel}","templated":true}]}}