{"id":1656,"date":"2023-10-02T08:30:39","date_gmt":"2023-10-02T11:30:39","guid":{"rendered":"https:\/\/sulsc.com\/?p=1656"},"modified":"2023-10-02T07:43:02","modified_gmt":"2023-10-02T10:43:02","slug":"homem-e-preso-apos-agredir-e-trancar-ex-companheira-em-casa","status":"publish","type":"post","link":"https:\/\/sulsc.com\/index.php\/2023\/10\/02\/homem-e-preso-apos-agredir-e-trancar-ex-companheira-em-casa\/","title":{"rendered":"Homem \u00e9 preso ap\u00f3s agredir e trancar ex-companheira em casa"},"content":{"rendered":"<p>Uma mulher viveu momentos de p\u00e2nico e medo na madrugada desta segunda-feira (2), em Sombrio. Ela teve a casa invadida pelo ex-marido, que a trancou em um quarto e a agrediu. O caso aconteceu na Estrada Geral do bairro Garuva, por volta de 1 hora.<\/p>\n<p>Conforme a Pol\u00edcia Militar (PM), quando a guarni\u00e7\u00e3o chegou no local, precisou arrombar a porta da casa. Isso porque a v\u00edtima gritava por socorro e o agressor n\u00e3o obedeceu \u00e0s ordens dos policiais.<\/p>\n<p><img fetchpriority=\"high\" decoding=\"async\" class=\"alignnone size-full wp-image-1556\" src=\"http:\/\/sulsc.com\/wp-content\/uploads\/2023\/09\/pmsc-viatura-1.jpg\" alt=\"\" width=\"640\" height=\"428\" srcset=\"https:\/\/sulsc.com\/wp-content\/uploads\/2023\/09\/pmsc-viatura-1.jpg 640w, https:\/\/sulsc.com\/wp-content\/uploads\/2023\/09\/pmsc-viatura-1-300x201.jpg 300w\" sizes=\"(max-width: 640px) 100vw, 640px\" \/><\/p>\n<p>A v\u00edtima relatou que o ex-marido estava transtornado, invadiu a casa dela, a trancou em um quarto e passou a agredi-la. A mulher conseguiu pedir ajuda para o pai, que ligou para a PM. Um boletim de ocorr\u00eancia foi confeccionado.<\/p>\n<p>O homem tentou resistir \u00e0 pris\u00e3o, mas acabou detido e encaminhado para a Delegacia de Pol\u00edcia Civil de Ararangu\u00e1.<\/p>\n<p>&nbsp;<\/p>\n<p>Fonte: Litoral Sul<\/p>\n","protected":false},"excerpt":{"rendered":"<p>Uma mulher viveu momentos de p\u00e2nico e medo na madrugada desta segunda-feira (2), em Sombrio. Ela teve a casa invadida pelo ex-marido, que a trancou em um quarto e a agrediu. O caso aconteceu na Estrada Geral do bairro Garuva, por volta de 1 hora. Conforme a Pol\u00edcia Militar (PM), quando a guarni\u00e7\u00e3o chegou no &hellip;<\/p>\n<p class=\"read-more\"> <a class=\"\" href=\"https:\/\/sulsc.com\/index.php\/2023\/10\/02\/homem-e-preso-apos-agredir-e-trancar-ex-companheira-em-casa\/\"> <span class=\"screen-reader-text\">Homem \u00e9 preso ap\u00f3s agredir e trancar ex-companheira em casa<\/span> Read More &raquo;<\/a><\/p>\n","protected":false},"author":3,"featured_media":1654,"comment_status":"open","ping_status":"open","sticky":false,"template":"","format":"standard","meta":{"site-sidebar-layout":"default","site-content-layout":"default","ast-site-content-layout":"","site-content-style":"default","site-sidebar-style":"default","ast-global-header-display":"","ast-banner-title-visibility":"","ast-main-header-display":"","ast-hfb-above-header-display":"","ast-hfb-below-header-display":"","ast-hfb-mobile-header-display":"","site-post-title":"","ast-breadcrumbs-content":"","ast-featured-img":"","footer-sml-layout":"","theme-transparent-header-meta":"default","adv-header-id-meta":"","stick-header-meta":"","header-above-stick-meta":"","header-main-stick-meta":"","header-below-stick-meta":"","astra-migrate-meta-layouts":"","footnotes":""},"categories":[24,8],"tags":[],"yoast_head":"<!-- This site is optimized with the Yoast SEO plugin v21.4 - https:\/\/yoast.com\/wordpress\/plugins\/seo\/ -->\n<title>Homem \u00e9 preso ap\u00f3s agredir e trancar ex-companheira em casa -<\/title>\n<meta name=\"robots\" content=\"index, follow, max-snippet:-1, max-image-preview:large, max-video-preview:-1\" \/>\n<link rel=\"canonical\" href=\"https:\/\/sulsc.com\/index.php\/2023\/10\/02\/homem-e-preso-apos-agredir-e-trancar-ex-companheira-em-casa\/\" \/>\n<meta property=\"og:locale\" content=\"en_US\" \/>\n<meta property=\"og:type\" content=\"article\" \/>\n<meta property=\"og:title\" content=\"Homem \u00e9 preso ap\u00f3s agredir e trancar ex-companheira em casa -\" \/>\n<meta property=\"og:description\" content=\"Uma mulher viveu momentos de p\u00e2nico e medo na madrugada desta segunda-feira (2), em Sombrio. Ela teve a casa invadida pelo ex-marido, que a trancou em um quarto e a agrediu. O caso aconteceu na Estrada Geral do bairro Garuva, por volta de 1 hora. Conforme a Pol\u00edcia Militar (PM), quando a guarni\u00e7\u00e3o chegou no &hellip; Homem \u00e9 preso ap\u00f3s agredir e trancar ex-companheira em casa Read More &raquo;\" \/>\n<meta property=\"og:url\" content=\"https:\/\/sulsc.com\/index.php\/2023\/10\/02\/homem-e-preso-apos-agredir-e-trancar-ex-companheira-em-casa\/\" \/>\n<meta property=\"article:author\" content=\"https:\/\/www.facebook.com\/profile.php?id=61559278119680\" \/>\n<meta property=\"article:published_time\" content=\"2023-10-02T11:30:39+00:00\" \/>\n<meta property=\"article:modified_time\" content=\"2023-10-02T10:43:02+00:00\" \/>\n<meta property=\"og:image\" content=\"https:\/\/sulsc.com\/wp-content\/uploads\/2023\/10\/giroflex.jpg\" \/>\n\t<meta property=\"og:image:width\" content=\"696\" \/>\n\t<meta property=\"og:image:height\" content=\"464\" \/>\n\t<meta property=\"og:image:type\" content=\"image\/jpeg\" \/>\n<meta name=\"author\" content=\"Reda\u00e7\u00e3o Sul SC\" \/>\n<meta name=\"twitter:card\" content=\"summary_large_image\" \/>\n<meta name=\"twitter:creator\" content=\"@https:\/\/twitter.com\/PortalSulSC\" \/>\n<meta name=\"twitter:label1\" content=\"Written by\" \/>\n\t<meta name=\"twitter:data1\" content=\"Reda\u00e7\u00e3o Sul SC\" \/>\n\t<meta name=\"twitter:label2\" content=\"Est. reading time\" \/>\n\t<meta name=\"twitter:data2\" content=\"1 minute\" \/>\n<script type=\"application\/ld+json\" class=\"yoast-schema-graph\">{\"@context\":\"https:\/\/schema.org\",\"@graph\":[{\"@type\":\"WebPage\",\"@id\":\"https:\/\/sulsc.com\/index.php\/2023\/10\/02\/homem-e-preso-apos-agredir-e-trancar-ex-companheira-em-casa\/\",\"url\":\"https:\/\/sulsc.com\/index.php\/2023\/10\/02\/homem-e-preso-apos-agredir-e-trancar-ex-companheira-em-casa\/\",\"name\":\"Homem \u00e9 preso ap\u00f3s agredir e trancar ex-companheira em casa -\",\"isPartOf\":{\"@id\":\"https:\/\/sulsc.com\/#website\"},\"datePublished\":\"2023-10-02T11:30:39+00:00\",\"dateModified\":\"2023-10-02T10:43:02+00:00\",\"author\":{\"@id\":\"https:\/\/sulsc.com\/#\/schema\/person\/84d2fc571684f6248ba83092f07750a3\"},\"breadcrumb\":{\"@id\":\"https:\/\/sulsc.com\/index.php\/2023\/10\/02\/homem-e-preso-apos-agredir-e-trancar-ex-companheira-em-casa\/#breadcrumb\"},\"inLanguage\":\"en-US\",\"potentialAction\":[{\"@type\":\"ReadAction\",\"target\":[\"https:\/\/sulsc.com\/index.php\/2023\/10\/02\/homem-e-preso-apos-agredir-e-trancar-ex-companheira-em-casa\/\"]}]},{\"@type\":\"BreadcrumbList\",\"@id\":\"https:\/\/sulsc.com\/index.php\/2023\/10\/02\/homem-e-preso-apos-agredir-e-trancar-ex-companheira-em-casa\/#breadcrumb\",\"itemListElement\":[{\"@type\":\"ListItem\",\"position\":1,\"name\":\"In\u00edcio\",\"item\":\"https:\/\/sulsc.com\/\"},{\"@type\":\"ListItem\",\"position\":2,\"name\":\"Homem \u00e9 preso ap\u00f3s agredir e trancar ex-companheira em casa\"}]},{\"@type\":\"WebSite\",\"@id\":\"https:\/\/sulsc.com\/#website\",\"url\":\"https:\/\/sulsc.com\/\",\"name\":\"\",\"description\":\"\",\"potentialAction\":[{\"@type\":\"SearchAction\",\"target\":{\"@type\":\"EntryPoint\",\"urlTemplate\":\"https:\/\/sulsc.com\/?s={search_term_string}\"},\"query-input\":\"required name=search_term_string\"}],\"inLanguage\":\"en-US\"},{\"@type\":\"Person\",\"@id\":\"https:\/\/sulsc.com\/#\/schema\/person\/84d2fc571684f6248ba83092f07750a3\",\"name\":\"Reda\u00e7\u00e3o Sul SC\",\"image\":{\"@type\":\"ImageObject\",\"inLanguage\":\"en-US\",\"@id\":\"https:\/\/sulsc.com\/#\/schema\/person\/image\/e08d7fe2cc4ed596372063bbe852b8d0\",\"url\":\"https:\/\/sulsc.com\/wp-content\/uploads\/2023\/09\/redacao.png\",\"contentUrl\":\"https:\/\/sulsc.com\/wp-content\/uploads\/2023\/09\/redacao.png\",\"caption\":\"Reda\u00e7\u00e3o Sul SC\"},\"description\":\"Foco em um jornalismo imparcial, voltado \u00e0 qualidade dos seus conte\u00fados e, assim, levar informa\u00e7\u00e3o de valor que agregue \u00e0 vida dos leitores. Esta \u00e9 grande miss\u00e3o do Portal de Not\u00edcias Sul SC. N\u00e3o \u00e9 quantidade que muda o mundo, sempre foi e seguir\u00e1 sendo qualidade!\",\"sameAs\":[\"https:\/\/sulsc.com\/\",\"https:\/\/www.facebook.com\/profile.php?id=61559278119680\",\"https:\/\/www.instagram.com\/sulscportal\/?hl=pt-br\",\"https:\/\/twitter.com\/https:\/\/twitter.com\/PortalSulSC\",\"https:\/\/www.youtube.com\/channel\/UCv_BE8GeySluDov2n8qhVmw\"],\"url\":\"https:\/\/sulsc.com\/index.php\/author\/redacao\/\"}]}<\/script>\n<!-- \/ Yoast SEO plugin. -->","yoast_head_json":{"title":"Homem \u00e9 preso ap\u00f3s agredir e trancar ex-companheira em casa -","robots":{"index":"index","follow":"follow","max-snippet":"max-snippet:-1","max-image-preview":"max-image-preview:large","max-video-preview":"max-video-preview:-1"},"canonical":"https:\/\/sulsc.com\/index.php\/2023\/10\/02\/homem-e-preso-apos-agredir-e-trancar-ex-companheira-em-casa\/","og_locale":"en_US","og_type":"article","og_title":"Homem \u00e9 preso ap\u00f3s agredir e trancar ex-companheira em casa -","og_description":"Uma mulher viveu momentos de p\u00e2nico e medo na madrugada desta segunda-feira (2), em Sombrio. Ela teve a casa invadida pelo ex-marido, que a trancou em um quarto e a agrediu. O caso aconteceu na Estrada Geral do bairro Garuva, por volta de 1 hora. Conforme a Pol\u00edcia Militar (PM), quando a guarni\u00e7\u00e3o chegou no &hellip; Homem \u00e9 preso ap\u00f3s agredir e trancar ex-companheira em casa Read More &raquo;","og_url":"https:\/\/sulsc.com\/index.php\/2023\/10\/02\/homem-e-preso-apos-agredir-e-trancar-ex-companheira-em-casa\/","article_author":"https:\/\/www.facebook.com\/profile.php?id=61559278119680","article_published_time":"2023-10-02T11:30:39+00:00","article_modified_time":"2023-10-02T10:43:02+00:00","og_image":[{"width":696,"height":464,"url":"https:\/\/sulsc.com\/wp-content\/uploads\/2023\/10\/giroflex.jpg","type":"image\/jpeg"}],"author":"Reda\u00e7\u00e3o Sul SC","twitter_card":"summary_large_image","twitter_creator":"@https:\/\/twitter.com\/PortalSulSC","twitter_misc":{"Written by":"Reda\u00e7\u00e3o Sul SC","Est. reading time":"1 minute"},"schema":{"@context":"https:\/\/schema.org","@graph":[{"@type":"WebPage","@id":"https:\/\/sulsc.com\/index.php\/2023\/10\/02\/homem-e-preso-apos-agredir-e-trancar-ex-companheira-em-casa\/","url":"https:\/\/sulsc.com\/index.php\/2023\/10\/02\/homem-e-preso-apos-agredir-e-trancar-ex-companheira-em-casa\/","name":"Homem \u00e9 preso ap\u00f3s agredir e trancar ex-companheira em casa -","isPartOf":{"@id":"https:\/\/sulsc.com\/#website"},"datePublished":"2023-10-02T11:30:39+00:00","dateModified":"2023-10-02T10:43:02+00:00","author":{"@id":"https:\/\/sulsc.com\/#\/schema\/person\/84d2fc571684f6248ba83092f07750a3"},"breadcrumb":{"@id":"https:\/\/sulsc.com\/index.php\/2023\/10\/02\/homem-e-preso-apos-agredir-e-trancar-ex-companheira-em-casa\/#breadcrumb"},"inLanguage":"en-US","potentialAction":[{"@type":"ReadAction","target":["https:\/\/sulsc.com\/index.php\/2023\/10\/02\/homem-e-preso-apos-agredir-e-trancar-ex-companheira-em-casa\/"]}]},{"@type":"BreadcrumbList","@id":"https:\/\/sulsc.com\/index.php\/2023\/10\/02\/homem-e-preso-apos-agredir-e-trancar-ex-companheira-em-casa\/#breadcrumb","itemListElement":[{"@type":"ListItem","position":1,"name":"In\u00edcio","item":"https:\/\/sulsc.com\/"},{"@type":"ListItem","position":2,"name":"Homem \u00e9 preso ap\u00f3s agredir e trancar ex-companheira em casa"}]},{"@type":"WebSite","@id":"https:\/\/sulsc.com\/#website","url":"https:\/\/sulsc.com\/","name":"","description":"","potentialAction":[{"@type":"SearchAction","target":{"@type":"EntryPoint","urlTemplate":"https:\/\/sulsc.com\/?s={search_term_string}"},"query-input":"required name=search_term_string"}],"inLanguage":"en-US"},{"@type":"Person","@id":"https:\/\/sulsc.com\/#\/schema\/person\/84d2fc571684f6248ba83092f07750a3","name":"Reda\u00e7\u00e3o Sul SC","image":{"@type":"ImageObject","inLanguage":"en-US","@id":"https:\/\/sulsc.com\/#\/schema\/person\/image\/e08d7fe2cc4ed596372063bbe852b8d0","url":"https:\/\/sulsc.com\/wp-content\/uploads\/2023\/09\/redacao.png","contentUrl":"https:\/\/sulsc.com\/wp-content\/uploads\/2023\/09\/redacao.png","caption":"Reda\u00e7\u00e3o Sul SC"},"description":"Foco em um jornalismo imparcial, voltado \u00e0 qualidade dos seus conte\u00fados e, assim, levar informa\u00e7\u00e3o de valor que agregue \u00e0 vida dos leitores. Esta \u00e9 grande miss\u00e3o do Portal de Not\u00edcias Sul SC. N\u00e3o \u00e9 quantidade que muda o mundo, sempre foi e seguir\u00e1 sendo qualidade!","sameAs":["https:\/\/sulsc.com\/","https:\/\/www.facebook.com\/profile.php?id=61559278119680","https:\/\/www.instagram.com\/sulscportal\/?hl=pt-br","https:\/\/twitter.com\/https:\/\/twitter.com\/PortalSulSC","https:\/\/www.youtube.com\/channel\/UCv_BE8GeySluDov2n8qhVmw"],"url":"https:\/\/sulsc.com\/index.php\/author\/redacao\/"}]}},"authors":[],"_links":{"self":[{"href":"https:\/\/sulsc.com\/index.php\/wp-json\/wp\/v2\/posts\/1656"}],"collection":[{"href":"https:\/\/sulsc.com\/index.php\/wp-json\/wp\/v2\/posts"}],"about":[{"href":"https:\/\/sulsc.com\/index.php\/wp-json\/wp\/v2\/types\/post"}],"author":[{"embeddable":true,"href":"https:\/\/sulsc.com\/index.php\/wp-json\/wp\/v2\/users\/3"}],"replies":[{"embeddable":true,"href":"https:\/\/sulsc.com\/index.php\/wp-json\/wp\/v2\/comments?post=1656"}],"version-history":[{"count":1,"href":"https:\/\/sulsc.com\/index.php\/wp-json\/wp\/v2\/posts\/1656\/revisions"}],"predecessor-version":[{"id":1659,"href":"https:\/\/sulsc.com\/index.php\/wp-json\/wp\/v2\/posts\/1656\/revisions\/1659"}],"wp:featuredmedia":[{"embeddable":true,"href":"https:\/\/sulsc.com\/index.php\/wp-json\/wp\/v2\/media\/1654"}],"wp:attachment":[{"href":"https:\/\/sulsc.com\/index.php\/wp-json\/wp\/v2\/media?parent=1656"}],"wp:term":[{"taxonomy":"category","embeddable":true,"href":"https:\/\/sulsc.com\/index.php\/wp-json\/wp\/v2\/categories?post=1656"},{"taxonomy":"post_tag","embeddable":true,"href":"https:\/\/sulsc.com\/index.php\/wp-json\/wp\/v2\/tags?post=1656"}],"curies":[{"name":"wp","href":"https:\/\/api.w.org\/{rel}","templated":true}]}}