{"id":16565,"date":"2024-10-07T06:47:34","date_gmt":"2024-10-07T09:47:34","guid":{"rendered":"https:\/\/sulsc.com\/?p=16565"},"modified":"2024-10-07T06:47:34","modified_gmt":"2024-10-07T09:47:34","slug":"semana-inicia-com-sol-e-nebulosidades-no-decorrer-do-dia","status":"publish","type":"post","link":"https:\/\/sulsc.com\/index.php\/2024\/10\/07\/semana-inicia-com-sol-e-nebulosidades-no-decorrer-do-dia\/","title":{"rendered":"Semana inicia com sol e nebulosidades no decorrer do dia"},"content":{"rendered":"<p>Tempo firme na maior parte do estado, com predom\u00ednio de sol no Oeste e maior nebulosidade e condi\u00e7\u00e3o para chuvas fracas esparsas no Litoral e Vale do Itaja\u00ed. Entretanto, ao longo do dia, a influ\u00eancia de uma \u00e1rea de baixa press\u00e3o favorece condi\u00e7\u00f5es para pancadas de chuva e temporais isolados pelo estado, especialmente nas \u00e1reas pr\u00f3ximas ao RS nesta segunda feira (07). O risco \u00e9 baixo para ocorr\u00eancias associadas a destelhamentos, danos na rede el\u00e9trica e alagamentos pontuais. As temperaturas m\u00ednimas variam de 7 a 14\u00b0C no Meio-Oeste, Planaltos e Grd. Florian\u00f3polis Serrana e de 14 a 18\u00b0C nas demais \u00e1reas.<\/p>\n<p><img fetchpriority=\"high\" decoding=\"async\" class=\"wp-image-16566 alignleft\" src=\"http:\/\/sulsc.com\/wp-content\/uploads\/2024\/10\/2.png\" alt=\"\" width=\"271\" height=\"185\" srcset=\"https:\/\/sulsc.com\/wp-content\/uploads\/2024\/10\/2.png 1642w, https:\/\/sulsc.com\/wp-content\/uploads\/2024\/10\/2-300x204.png 300w, https:\/\/sulsc.com\/wp-content\/uploads\/2024\/10\/2-1024x698.png 1024w, https:\/\/sulsc.com\/wp-content\/uploads\/2024\/10\/2-768x523.png 768w, https:\/\/sulsc.com\/wp-content\/uploads\/2024\/10\/2-1536x1047.png 1536w\" sizes=\"(max-width: 271px) 100vw, 271px\" \/><\/p>\n<p>&nbsp;<\/p>\n<p>&nbsp;<\/p>\n<p>\u00c0 tarde as m\u00e1ximas ficam entre 26 e 34\u00b0C no Grande Oeste e entre 20 e 25\u00b0C na metade leste de SC, com valores menores nas \u00e1reas de maior altitude desta por\u00e7\u00e3o do estado. Os ventos de dire\u00e7\u00e3o norte\/nordeste se intensificam entre o Grande Oeste e o sul do estado, com rajadas entre 40 e 60 km\/h, o que favorece maior agita\u00e7\u00e3o mar\u00edtima no Litoral Sul no final do dia com ondas de leste entre 1,5m e 2,0m.<\/p>\n<p><img decoding=\"async\" class=\"wp-image-16444 alignleft\" src=\"http:\/\/sulsc.com\/wp-content\/uploads\/2024\/10\/legendaaaaa-1536x286-1.png\" alt=\"\" width=\"606\" height=\"113\" srcset=\"https:\/\/sulsc.com\/wp-content\/uploads\/2024\/10\/legendaaaaa-1536x286-1.png 1536w, https:\/\/sulsc.com\/wp-content\/uploads\/2024\/10\/legendaaaaa-1536x286-1-300x56.png 300w, https:\/\/sulsc.com\/wp-content\/uploads\/2024\/10\/legendaaaaa-1536x286-1-1024x191.png 1024w, https:\/\/sulsc.com\/wp-content\/uploads\/2024\/10\/legendaaaaa-1536x286-1-768x143.png 768w\" sizes=\"(max-width: 606px) 100vw, 606px\" \/><\/p>\n<p>&nbsp;<\/p>\n<p>&nbsp;<\/p>\n<p>&nbsp;<\/p>\n<p>Fonte: Defesa Civil SC\/Meteorologista: Fernando Rafael<\/p>\n","protected":false},"excerpt":{"rendered":"<p>Tempo firme na maior parte do estado, com predom\u00ednio de sol no Oeste e maior nebulosidade e condi\u00e7\u00e3o para chuvas fracas esparsas no Litoral e Vale do Itaja\u00ed. Entretanto, ao longo do dia, a influ\u00eancia de uma \u00e1rea de baixa press\u00e3o favorece condi\u00e7\u00f5es para pancadas de chuva e temporais isolados pelo estado, especialmente nas \u00e1reas &hellip;<\/p>\n<p class=\"read-more\"> <a class=\"\" href=\"https:\/\/sulsc.com\/index.php\/2024\/10\/07\/semana-inicia-com-sol-e-nebulosidades-no-decorrer-do-dia\/\"> <span class=\"screen-reader-text\">Semana inicia com sol e nebulosidades no decorrer do dia<\/span> Read More &raquo;<\/a><\/p>\n","protected":false},"author":3,"featured_media":12676,"comment_status":"open","ping_status":"open","sticky":false,"template":"","format":"standard","meta":{"site-sidebar-layout":"default","site-content-layout":"","ast-site-content-layout":"default","site-content-style":"default","site-sidebar-style":"default","ast-global-header-display":"","ast-banner-title-visibility":"","ast-main-header-display":"","ast-hfb-above-header-display":"","ast-hfb-below-header-display":"","ast-hfb-mobile-header-display":"","site-post-title":"","ast-breadcrumbs-content":"","ast-featured-img":"","footer-sml-layout":"","theme-transparent-header-meta":"default","adv-header-id-meta":"","stick-header-meta":"","header-above-stick-meta":"","header-main-stick-meta":"","header-below-stick-meta":"","astra-migrate-meta-layouts":"set","footnotes":""},"categories":[38],"tags":[90],"yoast_head":"<!-- This site is optimized with the Yoast SEO plugin v21.4 - https:\/\/yoast.com\/wordpress\/plugins\/seo\/ -->\n<title>Semana inicia com sol e nebulosidades no decorrer do dia -<\/title>\n<meta name=\"description\" content=\"As temperaturas m\u00ednimas variam de 7 a 14\u00b0C no Meio-Oeste, Planaltos e Grande Florian\u00f3polis Serrana e de 14 a 18\u00b0C nas demais \u00e1reas\" \/>\n<meta name=\"robots\" content=\"index, follow, max-snippet:-1, max-image-preview:large, max-video-preview:-1\" \/>\n<link rel=\"canonical\" href=\"https:\/\/sulsc.com\/index.php\/2024\/10\/07\/semana-inicia-com-sol-e-nebulosidades-no-decorrer-do-dia\/\" \/>\n<meta property=\"og:locale\" content=\"en_US\" \/>\n<meta property=\"og:type\" content=\"article\" \/>\n<meta property=\"og:title\" content=\"Semana inicia com sol e nebulosidades no decorrer do dia -\" \/>\n<meta property=\"og:description\" content=\"As temperaturas m\u00ednimas variam de 7 a 14\u00b0C no Meio-Oeste, Planaltos e Grande Florian\u00f3polis Serrana e de 14 a 18\u00b0C nas demais \u00e1reas\" \/>\n<meta property=\"og:url\" content=\"https:\/\/sulsc.com\/index.php\/2024\/10\/07\/semana-inicia-com-sol-e-nebulosidades-no-decorrer-do-dia\/\" \/>\n<meta property=\"article:author\" content=\"https:\/\/www.facebook.com\/profile.php?id=61559278119680\" \/>\n<meta property=\"article:published_time\" content=\"2024-10-07T09:47:34+00:00\" \/>\n<meta property=\"og:image\" content=\"http:\/\/sulsc.com\/wp-content\/uploads\/2024\/05\/tempo-1.jpeg\" \/>\n\t<meta property=\"og:image:width\" content=\"1080\" \/>\n\t<meta property=\"og:image:height\" content=\"603\" \/>\n\t<meta property=\"og:image:type\" content=\"image\/jpeg\" \/>\n<meta name=\"author\" content=\"Reda\u00e7\u00e3o Sul SC\" \/>\n<meta name=\"twitter:card\" content=\"summary_large_image\" \/>\n<meta name=\"twitter:creator\" content=\"@https:\/\/twitter.com\/PortalSulSC\" \/>\n<meta name=\"twitter:label1\" content=\"Written by\" \/>\n\t<meta name=\"twitter:data1\" content=\"Reda\u00e7\u00e3o Sul SC\" \/>\n\t<meta name=\"twitter:label2\" content=\"Est. reading time\" \/>\n\t<meta name=\"twitter:data2\" content=\"2 minutes\" \/>\n<script type=\"application\/ld+json\" class=\"yoast-schema-graph\">{\"@context\":\"https:\/\/schema.org\",\"@graph\":[{\"@type\":\"WebPage\",\"@id\":\"https:\/\/sulsc.com\/index.php\/2024\/10\/07\/semana-inicia-com-sol-e-nebulosidades-no-decorrer-do-dia\/\",\"url\":\"https:\/\/sulsc.com\/index.php\/2024\/10\/07\/semana-inicia-com-sol-e-nebulosidades-no-decorrer-do-dia\/\",\"name\":\"Semana inicia com sol e nebulosidades no decorrer do dia -\",\"isPartOf\":{\"@id\":\"https:\/\/sulsc.com\/#website\"},\"datePublished\":\"2024-10-07T09:47:34+00:00\",\"dateModified\":\"2024-10-07T09:47:34+00:00\",\"author\":{\"@id\":\"https:\/\/sulsc.com\/#\/schema\/person\/84d2fc571684f6248ba83092f07750a3\"},\"description\":\"As temperaturas m\u00ednimas variam de 7 a 14\u00b0C no Meio-Oeste, Planaltos e Grande Florian\u00f3polis Serrana e de 14 a 18\u00b0C nas demais \u00e1reas\",\"breadcrumb\":{\"@id\":\"https:\/\/sulsc.com\/index.php\/2024\/10\/07\/semana-inicia-com-sol-e-nebulosidades-no-decorrer-do-dia\/#breadcrumb\"},\"inLanguage\":\"en-US\",\"potentialAction\":[{\"@type\":\"ReadAction\",\"target\":[\"https:\/\/sulsc.com\/index.php\/2024\/10\/07\/semana-inicia-com-sol-e-nebulosidades-no-decorrer-do-dia\/\"]}]},{\"@type\":\"BreadcrumbList\",\"@id\":\"https:\/\/sulsc.com\/index.php\/2024\/10\/07\/semana-inicia-com-sol-e-nebulosidades-no-decorrer-do-dia\/#breadcrumb\",\"itemListElement\":[{\"@type\":\"ListItem\",\"position\":1,\"name\":\"In\u00edcio\",\"item\":\"https:\/\/sulsc.com\/\"},{\"@type\":\"ListItem\",\"position\":2,\"name\":\"Semana inicia com sol e nebulosidades no decorrer do dia\"}]},{\"@type\":\"WebSite\",\"@id\":\"https:\/\/sulsc.com\/#website\",\"url\":\"https:\/\/sulsc.com\/\",\"name\":\"\",\"description\":\"\",\"potentialAction\":[{\"@type\":\"SearchAction\",\"target\":{\"@type\":\"EntryPoint\",\"urlTemplate\":\"https:\/\/sulsc.com\/?s={search_term_string}\"},\"query-input\":\"required name=search_term_string\"}],\"inLanguage\":\"en-US\"},{\"@type\":\"Person\",\"@id\":\"https:\/\/sulsc.com\/#\/schema\/person\/84d2fc571684f6248ba83092f07750a3\",\"name\":\"Reda\u00e7\u00e3o Sul SC\",\"image\":{\"@type\":\"ImageObject\",\"inLanguage\":\"en-US\",\"@id\":\"https:\/\/sulsc.com\/#\/schema\/person\/image\/e08d7fe2cc4ed596372063bbe852b8d0\",\"url\":\"https:\/\/sulsc.com\/wp-content\/uploads\/2023\/09\/redacao.png\",\"contentUrl\":\"https:\/\/sulsc.com\/wp-content\/uploads\/2023\/09\/redacao.png\",\"caption\":\"Reda\u00e7\u00e3o Sul SC\"},\"description\":\"Foco em um jornalismo imparcial, voltado \u00e0 qualidade dos seus conte\u00fados e, assim, levar informa\u00e7\u00e3o de valor que agregue \u00e0 vida dos leitores. Esta \u00e9 grande miss\u00e3o do Portal de Not\u00edcias Sul SC. N\u00e3o \u00e9 quantidade que muda o mundo, sempre foi e seguir\u00e1 sendo qualidade!\",\"sameAs\":[\"https:\/\/sulsc.com\/\",\"https:\/\/www.facebook.com\/profile.php?id=61559278119680\",\"https:\/\/www.instagram.com\/sulscportal\/?hl=pt-br\",\"https:\/\/twitter.com\/https:\/\/twitter.com\/PortalSulSC\",\"https:\/\/www.youtube.com\/channel\/UCv_BE8GeySluDov2n8qhVmw\"],\"url\":\"https:\/\/sulsc.com\/index.php\/author\/redacao\/\"}]}<\/script>\n<!-- \/ Yoast SEO plugin. -->","yoast_head_json":{"title":"Semana inicia com sol e nebulosidades no decorrer do dia -","description":"As temperaturas m\u00ednimas variam de 7 a 14\u00b0C no Meio-Oeste, Planaltos e Grande Florian\u00f3polis Serrana e de 14 a 18\u00b0C nas demais \u00e1reas","robots":{"index":"index","follow":"follow","max-snippet":"max-snippet:-1","max-image-preview":"max-image-preview:large","max-video-preview":"max-video-preview:-1"},"canonical":"https:\/\/sulsc.com\/index.php\/2024\/10\/07\/semana-inicia-com-sol-e-nebulosidades-no-decorrer-do-dia\/","og_locale":"en_US","og_type":"article","og_title":"Semana inicia com sol e nebulosidades no decorrer do dia -","og_description":"As temperaturas m\u00ednimas variam de 7 a 14\u00b0C no Meio-Oeste, Planaltos e Grande Florian\u00f3polis Serrana e de 14 a 18\u00b0C nas demais \u00e1reas","og_url":"https:\/\/sulsc.com\/index.php\/2024\/10\/07\/semana-inicia-com-sol-e-nebulosidades-no-decorrer-do-dia\/","article_author":"https:\/\/www.facebook.com\/profile.php?id=61559278119680","article_published_time":"2024-10-07T09:47:34+00:00","og_image":[{"width":1080,"height":603,"url":"http:\/\/sulsc.com\/wp-content\/uploads\/2024\/05\/tempo-1.jpeg","type":"image\/jpeg"}],"author":"Reda\u00e7\u00e3o Sul SC","twitter_card":"summary_large_image","twitter_creator":"@https:\/\/twitter.com\/PortalSulSC","twitter_misc":{"Written by":"Reda\u00e7\u00e3o Sul SC","Est. reading time":"2 minutes"},"schema":{"@context":"https:\/\/schema.org","@graph":[{"@type":"WebPage","@id":"https:\/\/sulsc.com\/index.php\/2024\/10\/07\/semana-inicia-com-sol-e-nebulosidades-no-decorrer-do-dia\/","url":"https:\/\/sulsc.com\/index.php\/2024\/10\/07\/semana-inicia-com-sol-e-nebulosidades-no-decorrer-do-dia\/","name":"Semana inicia com sol e nebulosidades no decorrer do dia -","isPartOf":{"@id":"https:\/\/sulsc.com\/#website"},"datePublished":"2024-10-07T09:47:34+00:00","dateModified":"2024-10-07T09:47:34+00:00","author":{"@id":"https:\/\/sulsc.com\/#\/schema\/person\/84d2fc571684f6248ba83092f07750a3"},"description":"As temperaturas m\u00ednimas variam de 7 a 14\u00b0C no Meio-Oeste, Planaltos e Grande Florian\u00f3polis Serrana e de 14 a 18\u00b0C nas demais \u00e1reas","breadcrumb":{"@id":"https:\/\/sulsc.com\/index.php\/2024\/10\/07\/semana-inicia-com-sol-e-nebulosidades-no-decorrer-do-dia\/#breadcrumb"},"inLanguage":"en-US","potentialAction":[{"@type":"ReadAction","target":["https:\/\/sulsc.com\/index.php\/2024\/10\/07\/semana-inicia-com-sol-e-nebulosidades-no-decorrer-do-dia\/"]}]},{"@type":"BreadcrumbList","@id":"https:\/\/sulsc.com\/index.php\/2024\/10\/07\/semana-inicia-com-sol-e-nebulosidades-no-decorrer-do-dia\/#breadcrumb","itemListElement":[{"@type":"ListItem","position":1,"name":"In\u00edcio","item":"https:\/\/sulsc.com\/"},{"@type":"ListItem","position":2,"name":"Semana inicia com sol e nebulosidades no decorrer do dia"}]},{"@type":"WebSite","@id":"https:\/\/sulsc.com\/#website","url":"https:\/\/sulsc.com\/","name":"","description":"","potentialAction":[{"@type":"SearchAction","target":{"@type":"EntryPoint","urlTemplate":"https:\/\/sulsc.com\/?s={search_term_string}"},"query-input":"required name=search_term_string"}],"inLanguage":"en-US"},{"@type":"Person","@id":"https:\/\/sulsc.com\/#\/schema\/person\/84d2fc571684f6248ba83092f07750a3","name":"Reda\u00e7\u00e3o Sul SC","image":{"@type":"ImageObject","inLanguage":"en-US","@id":"https:\/\/sulsc.com\/#\/schema\/person\/image\/e08d7fe2cc4ed596372063bbe852b8d0","url":"https:\/\/sulsc.com\/wp-content\/uploads\/2023\/09\/redacao.png","contentUrl":"https:\/\/sulsc.com\/wp-content\/uploads\/2023\/09\/redacao.png","caption":"Reda\u00e7\u00e3o Sul SC"},"description":"Foco em um jornalismo imparcial, voltado \u00e0 qualidade dos seus conte\u00fados e, assim, levar informa\u00e7\u00e3o de valor que agregue \u00e0 vida dos leitores. Esta \u00e9 grande miss\u00e3o do Portal de Not\u00edcias Sul SC. N\u00e3o \u00e9 quantidade que muda o mundo, sempre foi e seguir\u00e1 sendo qualidade!","sameAs":["https:\/\/sulsc.com\/","https:\/\/www.facebook.com\/profile.php?id=61559278119680","https:\/\/www.instagram.com\/sulscportal\/?hl=pt-br","https:\/\/twitter.com\/https:\/\/twitter.com\/PortalSulSC","https:\/\/www.youtube.com\/channel\/UCv_BE8GeySluDov2n8qhVmw"],"url":"https:\/\/sulsc.com\/index.php\/author\/redacao\/"}]}},"authors":[],"_links":{"self":[{"href":"https:\/\/sulsc.com\/index.php\/wp-json\/wp\/v2\/posts\/16565"}],"collection":[{"href":"https:\/\/sulsc.com\/index.php\/wp-json\/wp\/v2\/posts"}],"about":[{"href":"https:\/\/sulsc.com\/index.php\/wp-json\/wp\/v2\/types\/post"}],"author":[{"embeddable":true,"href":"https:\/\/sulsc.com\/index.php\/wp-json\/wp\/v2\/users\/3"}],"replies":[{"embeddable":true,"href":"https:\/\/sulsc.com\/index.php\/wp-json\/wp\/v2\/comments?post=16565"}],"version-history":[{"count":1,"href":"https:\/\/sulsc.com\/index.php\/wp-json\/wp\/v2\/posts\/16565\/revisions"}],"predecessor-version":[{"id":16567,"href":"https:\/\/sulsc.com\/index.php\/wp-json\/wp\/v2\/posts\/16565\/revisions\/16567"}],"wp:featuredmedia":[{"embeddable":true,"href":"https:\/\/sulsc.com\/index.php\/wp-json\/wp\/v2\/media\/12676"}],"wp:attachment":[{"href":"https:\/\/sulsc.com\/index.php\/wp-json\/wp\/v2\/media?parent=16565"}],"wp:term":[{"taxonomy":"category","embeddable":true,"href":"https:\/\/sulsc.com\/index.php\/wp-json\/wp\/v2\/categories?post=16565"},{"taxonomy":"post_tag","embeddable":true,"href":"https:\/\/sulsc.com\/index.php\/wp-json\/wp\/v2\/tags?post=16565"}],"curies":[{"name":"wp","href":"https:\/\/api.w.org\/{rel}","templated":true}]}}