{"id":16572,"date":"2024-10-08T08:10:09","date_gmt":"2024-10-08T11:10:09","guid":{"rendered":"https:\/\/sulsc.com\/?p=16572"},"modified":"2024-10-08T08:10:09","modified_gmt":"2024-10-08T11:10:09","slug":"terca-feira-08-com-predominio-de-chuva-com-temporais-isolados-por-todo-estado","status":"publish","type":"post","link":"https:\/\/sulsc.com\/index.php\/2024\/10\/08\/terca-feira-08-com-predominio-de-chuva-com-temporais-isolados-por-todo-estado\/","title":{"rendered":"Ter\u00e7a-feira (08) com predom\u00ednio de chuva com temporais isolados por todo estado"},"content":{"rendered":"<p><span style=\"vertical-align: inherit;\"><span style=\"vertical-align: inherit;\">a ter\u00e7a-feira (08) ser\u00e1 chuvosa, com temporais isolados em todo o estado, com destaque para as regi\u00f5es entre o Meio-Oeste, a Grande Florian\u00f3polis, o Planalto Sul e o Alto Vale do Itaja\u00ed, onde h\u00e1 condi\u00e7\u00f5es adequadas para a ocorr\u00eancia de chuvas pontualmente intensas, rajadas de vento e eventual queda de granizo ao longo do dia. O risco \u00e9 moderado de ocorr\u00eancias secund\u00e1rias relacionadas.Tudo isso acontece devido a influ\u00eancia de um sistema de baixa press\u00e3o associado ao fluxo de calor e umidade provenientes da Amaz\u00f4nia.<\/span><\/span><\/p>\n<p><span style=\"vertical-align: inherit;\"><span style=\"vertical-align: inherit;\"><img fetchpriority=\"high\" decoding=\"async\" class=\"wp-image-16573 alignleft\" src=\"http:\/\/sulsc.com\/wp-content\/uploads\/2024\/10\/3-1.png\" alt=\"\" width=\"300\" height=\"204\" srcset=\"https:\/\/sulsc.com\/wp-content\/uploads\/2024\/10\/3-1.png 1024w, https:\/\/sulsc.com\/wp-content\/uploads\/2024\/10\/3-1-300x204.png 300w, https:\/\/sulsc.com\/wp-content\/uploads\/2024\/10\/3-1-768x522.png 768w\" sizes=\"(max-width: 300px) 100vw, 300px\" \/> <\/span><\/span><\/p>\n<p>&nbsp;<\/p>\n<p><span style=\"vertical-align: inherit;\"><span style=\"vertical-align: inherit;\">O vento sopra com intensidade fraca a moderada de quadrante norte, virando de sul ao longo da tarde e da noite a partir das \u00e1reas de divisa com o RS, com rajadas de at\u00e9 55 km\/h no interior do estado entre a manh\u00e3 e \u00e0 tarde. As temperaturas m\u00e1ximas, variam entre 26 e 37\u00b0C no Grande Oeste e no Planalto Norte e marcam entre 18 e 28\u00b0C nas demais \u00e1reas. Mar pouco agitado do Litoral Sul \u00e0 Grande Florian\u00f3polis, com ondas de dire\u00e7\u00e3o leste\/sudeste, alturas entre 1,0 e 1,5m e picos de at\u00e9 2,0m em alto mar e mar calmo no Litoral Norte com ondas entre 0,5 e 1,0m e picos de at\u00e9 1,5m em alto mar.<\/span><\/span><\/p>\n<p>Fonte: Defesa Civil\/ Meteorologista: Ana Luiza Dors Wilke<\/p>\n","protected":false},"excerpt":{"rendered":"<p>a ter\u00e7a-feira (08) ser\u00e1 chuvosa, com temporais isolados em todo o estado, com destaque para as regi\u00f5es entre o Meio-Oeste, a Grande Florian\u00f3polis, o Planalto Sul e o Alto Vale do Itaja\u00ed, onde h\u00e1 condi\u00e7\u00f5es adequadas para a ocorr\u00eancia de chuvas pontualmente intensas, rajadas de vento e eventual queda de granizo ao longo do dia. &hellip;<\/p>\n<p class=\"read-more\"> <a class=\"\" href=\"https:\/\/sulsc.com\/index.php\/2024\/10\/08\/terca-feira-08-com-predominio-de-chuva-com-temporais-isolados-por-todo-estado\/\"> <span class=\"screen-reader-text\">Ter\u00e7a-feira (08) com predom\u00ednio de chuva com temporais isolados por todo estado<\/span> Read More &raquo;<\/a><\/p>\n","protected":false},"author":3,"featured_media":12162,"comment_status":"open","ping_status":"open","sticky":false,"template":"","format":"standard","meta":{"site-sidebar-layout":"default","site-content-layout":"","ast-site-content-layout":"default","site-content-style":"default","site-sidebar-style":"default","ast-global-header-display":"","ast-banner-title-visibility":"","ast-main-header-display":"","ast-hfb-above-header-display":"","ast-hfb-below-header-display":"","ast-hfb-mobile-header-display":"","site-post-title":"","ast-breadcrumbs-content":"","ast-featured-img":"","footer-sml-layout":"","theme-transparent-header-meta":"default","adv-header-id-meta":"","stick-header-meta":"","header-above-stick-meta":"","header-main-stick-meta":"","header-below-stick-meta":"","astra-migrate-meta-layouts":"set","footnotes":""},"categories":[38],"tags":[90],"yoast_head":"<!-- This site is optimized with the Yoast SEO plugin v21.4 - https:\/\/yoast.com\/wordpress\/plugins\/seo\/ -->\n<title>Ter\u00e7a-feira (08) com predom\u00ednio de chuva com temporais isolados por todo estado -<\/title>\n<meta name=\"description\" content=\"As temperaturas m\u00e1ximas variam entre 26 e 37\u00b0C no Grande Oeste e no Planalto Norte e marcam entre 18 e 28\u00b0C nas demais \u00e1reas\" \/>\n<meta name=\"robots\" content=\"index, follow, max-snippet:-1, max-image-preview:large, max-video-preview:-1\" \/>\n<link rel=\"canonical\" href=\"https:\/\/sulsc.com\/index.php\/2024\/10\/08\/terca-feira-08-com-predominio-de-chuva-com-temporais-isolados-por-todo-estado\/\" \/>\n<meta property=\"og:locale\" content=\"en_US\" \/>\n<meta property=\"og:type\" content=\"article\" \/>\n<meta property=\"og:title\" content=\"Ter\u00e7a-feira (08) com predom\u00ednio de chuva com temporais isolados por todo estado -\" \/>\n<meta property=\"og:description\" content=\"As temperaturas m\u00e1ximas variam entre 26 e 37\u00b0C no Grande Oeste e no Planalto Norte e marcam entre 18 e 28\u00b0C nas demais \u00e1reas\" \/>\n<meta property=\"og:url\" content=\"https:\/\/sulsc.com\/index.php\/2024\/10\/08\/terca-feira-08-com-predominio-de-chuva-com-temporais-isolados-por-todo-estado\/\" \/>\n<meta property=\"article:author\" content=\"https:\/\/www.facebook.com\/profile.php?id=61559278119680\" \/>\n<meta property=\"article:published_time\" content=\"2024-10-08T11:10:09+00:00\" \/>\n<meta property=\"og:image\" content=\"http:\/\/sulsc.com\/wp-content\/uploads\/2024\/05\/mau-tempo.jpeg\" \/>\n\t<meta property=\"og:image:width\" content=\"243\" \/>\n\t<meta property=\"og:image:height\" content=\"208\" \/>\n\t<meta property=\"og:image:type\" content=\"image\/jpeg\" \/>\n<meta name=\"author\" content=\"Reda\u00e7\u00e3o Sul SC\" \/>\n<meta name=\"twitter:card\" content=\"summary_large_image\" \/>\n<meta name=\"twitter:creator\" content=\"@https:\/\/twitter.com\/PortalSulSC\" \/>\n<meta name=\"twitter:label1\" content=\"Written by\" \/>\n\t<meta name=\"twitter:data1\" content=\"Reda\u00e7\u00e3o Sul SC\" \/>\n\t<meta name=\"twitter:label2\" content=\"Est. reading time\" \/>\n\t<meta name=\"twitter:data2\" content=\"2 minutes\" \/>\n<script type=\"application\/ld+json\" class=\"yoast-schema-graph\">{\"@context\":\"https:\/\/schema.org\",\"@graph\":[{\"@type\":\"WebPage\",\"@id\":\"https:\/\/sulsc.com\/index.php\/2024\/10\/08\/terca-feira-08-com-predominio-de-chuva-com-temporais-isolados-por-todo-estado\/\",\"url\":\"https:\/\/sulsc.com\/index.php\/2024\/10\/08\/terca-feira-08-com-predominio-de-chuva-com-temporais-isolados-por-todo-estado\/\",\"name\":\"Ter\u00e7a-feira (08) com predom\u00ednio de chuva com temporais isolados por todo estado -\",\"isPartOf\":{\"@id\":\"https:\/\/sulsc.com\/#website\"},\"datePublished\":\"2024-10-08T11:10:09+00:00\",\"dateModified\":\"2024-10-08T11:10:09+00:00\",\"author\":{\"@id\":\"https:\/\/sulsc.com\/#\/schema\/person\/84d2fc571684f6248ba83092f07750a3\"},\"description\":\"As temperaturas m\u00e1ximas variam entre 26 e 37\u00b0C no Grande Oeste e no Planalto Norte e marcam entre 18 e 28\u00b0C nas demais \u00e1reas\",\"breadcrumb\":{\"@id\":\"https:\/\/sulsc.com\/index.php\/2024\/10\/08\/terca-feira-08-com-predominio-de-chuva-com-temporais-isolados-por-todo-estado\/#breadcrumb\"},\"inLanguage\":\"en-US\",\"potentialAction\":[{\"@type\":\"ReadAction\",\"target\":[\"https:\/\/sulsc.com\/index.php\/2024\/10\/08\/terca-feira-08-com-predominio-de-chuva-com-temporais-isolados-por-todo-estado\/\"]}]},{\"@type\":\"BreadcrumbList\",\"@id\":\"https:\/\/sulsc.com\/index.php\/2024\/10\/08\/terca-feira-08-com-predominio-de-chuva-com-temporais-isolados-por-todo-estado\/#breadcrumb\",\"itemListElement\":[{\"@type\":\"ListItem\",\"position\":1,\"name\":\"In\u00edcio\",\"item\":\"https:\/\/sulsc.com\/\"},{\"@type\":\"ListItem\",\"position\":2,\"name\":\"Ter\u00e7a-feira (08) com predom\u00ednio de chuva com temporais isolados por todo estado\"}]},{\"@type\":\"WebSite\",\"@id\":\"https:\/\/sulsc.com\/#website\",\"url\":\"https:\/\/sulsc.com\/\",\"name\":\"\",\"description\":\"\",\"potentialAction\":[{\"@type\":\"SearchAction\",\"target\":{\"@type\":\"EntryPoint\",\"urlTemplate\":\"https:\/\/sulsc.com\/?s={search_term_string}\"},\"query-input\":\"required name=search_term_string\"}],\"inLanguage\":\"en-US\"},{\"@type\":\"Person\",\"@id\":\"https:\/\/sulsc.com\/#\/schema\/person\/84d2fc571684f6248ba83092f07750a3\",\"name\":\"Reda\u00e7\u00e3o Sul SC\",\"image\":{\"@type\":\"ImageObject\",\"inLanguage\":\"en-US\",\"@id\":\"https:\/\/sulsc.com\/#\/schema\/person\/image\/e08d7fe2cc4ed596372063bbe852b8d0\",\"url\":\"https:\/\/sulsc.com\/wp-content\/uploads\/2023\/09\/redacao.png\",\"contentUrl\":\"https:\/\/sulsc.com\/wp-content\/uploads\/2023\/09\/redacao.png\",\"caption\":\"Reda\u00e7\u00e3o Sul SC\"},\"description\":\"Foco em um jornalismo imparcial, voltado \u00e0 qualidade dos seus conte\u00fados e, assim, levar informa\u00e7\u00e3o de valor que agregue \u00e0 vida dos leitores. Esta \u00e9 grande miss\u00e3o do Portal de Not\u00edcias Sul SC. N\u00e3o \u00e9 quantidade que muda o mundo, sempre foi e seguir\u00e1 sendo qualidade!\",\"sameAs\":[\"https:\/\/sulsc.com\/\",\"https:\/\/www.facebook.com\/profile.php?id=61559278119680\",\"https:\/\/www.instagram.com\/sulscportal\/?hl=pt-br\",\"https:\/\/twitter.com\/https:\/\/twitter.com\/PortalSulSC\",\"https:\/\/www.youtube.com\/channel\/UCv_BE8GeySluDov2n8qhVmw\"],\"url\":\"https:\/\/sulsc.com\/index.php\/author\/redacao\/\"}]}<\/script>\n<!-- \/ Yoast SEO plugin. -->","yoast_head_json":{"title":"Ter\u00e7a-feira (08) com predom\u00ednio de chuva com temporais isolados por todo estado -","description":"As temperaturas m\u00e1ximas variam entre 26 e 37\u00b0C no Grande Oeste e no Planalto Norte e marcam entre 18 e 28\u00b0C nas demais \u00e1reas","robots":{"index":"index","follow":"follow","max-snippet":"max-snippet:-1","max-image-preview":"max-image-preview:large","max-video-preview":"max-video-preview:-1"},"canonical":"https:\/\/sulsc.com\/index.php\/2024\/10\/08\/terca-feira-08-com-predominio-de-chuva-com-temporais-isolados-por-todo-estado\/","og_locale":"en_US","og_type":"article","og_title":"Ter\u00e7a-feira (08) com predom\u00ednio de chuva com temporais isolados por todo estado -","og_description":"As temperaturas m\u00e1ximas variam entre 26 e 37\u00b0C no Grande Oeste e no Planalto Norte e marcam entre 18 e 28\u00b0C nas demais \u00e1reas","og_url":"https:\/\/sulsc.com\/index.php\/2024\/10\/08\/terca-feira-08-com-predominio-de-chuva-com-temporais-isolados-por-todo-estado\/","article_author":"https:\/\/www.facebook.com\/profile.php?id=61559278119680","article_published_time":"2024-10-08T11:10:09+00:00","og_image":[{"width":243,"height":208,"url":"http:\/\/sulsc.com\/wp-content\/uploads\/2024\/05\/mau-tempo.jpeg","type":"image\/jpeg"}],"author":"Reda\u00e7\u00e3o Sul SC","twitter_card":"summary_large_image","twitter_creator":"@https:\/\/twitter.com\/PortalSulSC","twitter_misc":{"Written by":"Reda\u00e7\u00e3o Sul SC","Est. reading time":"2 minutes"},"schema":{"@context":"https:\/\/schema.org","@graph":[{"@type":"WebPage","@id":"https:\/\/sulsc.com\/index.php\/2024\/10\/08\/terca-feira-08-com-predominio-de-chuva-com-temporais-isolados-por-todo-estado\/","url":"https:\/\/sulsc.com\/index.php\/2024\/10\/08\/terca-feira-08-com-predominio-de-chuva-com-temporais-isolados-por-todo-estado\/","name":"Ter\u00e7a-feira (08) com predom\u00ednio de chuva com temporais isolados por todo estado -","isPartOf":{"@id":"https:\/\/sulsc.com\/#website"},"datePublished":"2024-10-08T11:10:09+00:00","dateModified":"2024-10-08T11:10:09+00:00","author":{"@id":"https:\/\/sulsc.com\/#\/schema\/person\/84d2fc571684f6248ba83092f07750a3"},"description":"As temperaturas m\u00e1ximas variam entre 26 e 37\u00b0C no Grande Oeste e no Planalto Norte e marcam entre 18 e 28\u00b0C nas demais \u00e1reas","breadcrumb":{"@id":"https:\/\/sulsc.com\/index.php\/2024\/10\/08\/terca-feira-08-com-predominio-de-chuva-com-temporais-isolados-por-todo-estado\/#breadcrumb"},"inLanguage":"en-US","potentialAction":[{"@type":"ReadAction","target":["https:\/\/sulsc.com\/index.php\/2024\/10\/08\/terca-feira-08-com-predominio-de-chuva-com-temporais-isolados-por-todo-estado\/"]}]},{"@type":"BreadcrumbList","@id":"https:\/\/sulsc.com\/index.php\/2024\/10\/08\/terca-feira-08-com-predominio-de-chuva-com-temporais-isolados-por-todo-estado\/#breadcrumb","itemListElement":[{"@type":"ListItem","position":1,"name":"In\u00edcio","item":"https:\/\/sulsc.com\/"},{"@type":"ListItem","position":2,"name":"Ter\u00e7a-feira (08) com predom\u00ednio de chuva com temporais isolados por todo estado"}]},{"@type":"WebSite","@id":"https:\/\/sulsc.com\/#website","url":"https:\/\/sulsc.com\/","name":"","description":"","potentialAction":[{"@type":"SearchAction","target":{"@type":"EntryPoint","urlTemplate":"https:\/\/sulsc.com\/?s={search_term_string}"},"query-input":"required name=search_term_string"}],"inLanguage":"en-US"},{"@type":"Person","@id":"https:\/\/sulsc.com\/#\/schema\/person\/84d2fc571684f6248ba83092f07750a3","name":"Reda\u00e7\u00e3o Sul SC","image":{"@type":"ImageObject","inLanguage":"en-US","@id":"https:\/\/sulsc.com\/#\/schema\/person\/image\/e08d7fe2cc4ed596372063bbe852b8d0","url":"https:\/\/sulsc.com\/wp-content\/uploads\/2023\/09\/redacao.png","contentUrl":"https:\/\/sulsc.com\/wp-content\/uploads\/2023\/09\/redacao.png","caption":"Reda\u00e7\u00e3o Sul SC"},"description":"Foco em um jornalismo imparcial, voltado \u00e0 qualidade dos seus conte\u00fados e, assim, levar informa\u00e7\u00e3o de valor que agregue \u00e0 vida dos leitores. Esta \u00e9 grande miss\u00e3o do Portal de Not\u00edcias Sul SC. N\u00e3o \u00e9 quantidade que muda o mundo, sempre foi e seguir\u00e1 sendo qualidade!","sameAs":["https:\/\/sulsc.com\/","https:\/\/www.facebook.com\/profile.php?id=61559278119680","https:\/\/www.instagram.com\/sulscportal\/?hl=pt-br","https:\/\/twitter.com\/https:\/\/twitter.com\/PortalSulSC","https:\/\/www.youtube.com\/channel\/UCv_BE8GeySluDov2n8qhVmw"],"url":"https:\/\/sulsc.com\/index.php\/author\/redacao\/"}]}},"authors":[],"_links":{"self":[{"href":"https:\/\/sulsc.com\/index.php\/wp-json\/wp\/v2\/posts\/16572"}],"collection":[{"href":"https:\/\/sulsc.com\/index.php\/wp-json\/wp\/v2\/posts"}],"about":[{"href":"https:\/\/sulsc.com\/index.php\/wp-json\/wp\/v2\/types\/post"}],"author":[{"embeddable":true,"href":"https:\/\/sulsc.com\/index.php\/wp-json\/wp\/v2\/users\/3"}],"replies":[{"embeddable":true,"href":"https:\/\/sulsc.com\/index.php\/wp-json\/wp\/v2\/comments?post=16572"}],"version-history":[{"count":1,"href":"https:\/\/sulsc.com\/index.php\/wp-json\/wp\/v2\/posts\/16572\/revisions"}],"predecessor-version":[{"id":16574,"href":"https:\/\/sulsc.com\/index.php\/wp-json\/wp\/v2\/posts\/16572\/revisions\/16574"}],"wp:featuredmedia":[{"embeddable":true,"href":"https:\/\/sulsc.com\/index.php\/wp-json\/wp\/v2\/media\/12162"}],"wp:attachment":[{"href":"https:\/\/sulsc.com\/index.php\/wp-json\/wp\/v2\/media?parent=16572"}],"wp:term":[{"taxonomy":"category","embeddable":true,"href":"https:\/\/sulsc.com\/index.php\/wp-json\/wp\/v2\/categories?post=16572"},{"taxonomy":"post_tag","embeddable":true,"href":"https:\/\/sulsc.com\/index.php\/wp-json\/wp\/v2\/tags?post=16572"}],"curies":[{"name":"wp","href":"https:\/\/api.w.org\/{rel}","templated":true}]}}