{"id":16637,"date":"2024-10-10T08:22:20","date_gmt":"2024-10-10T11:22:20","guid":{"rendered":"https:\/\/sulsc.com\/?p=16637"},"modified":"2024-10-10T08:22:20","modified_gmt":"2024-10-10T11:22:20","slug":"condicao-de-chuva-e-mar-agitado-persiste-nesta-quinta-feira-10","status":"publish","type":"post","link":"https:\/\/sulsc.com\/index.php\/2024\/10\/10\/condicao-de-chuva-e-mar-agitado-persiste-nesta-quinta-feira-10\/","title":{"rendered":"Condi\u00e7\u00e3o de chuva e mar agitado persiste nesta quinta-feira (10)"},"content":{"rendered":"<p>O tempo continua inst\u00e1vel em todo o estado nesta quinta-feira (10), O risco se mant\u00e9m alto a muito alto para ocorr\u00eancias associadas \u00e0 chuva persistente e ao temporais no Vale do Itaja\u00ed, Planalto Sul e no litoral de SC, e moderado a alto nas demais \u00e1reas.<\/p>\n<p><img fetchpriority=\"high\" decoding=\"async\" class=\"wp-image-16638 alignleft\" src=\"http:\/\/sulsc.com\/wp-content\/uploads\/2024\/10\/5-1.png\" alt=\"\" width=\"287\" height=\"196\" srcset=\"https:\/\/sulsc.com\/wp-content\/uploads\/2024\/10\/5-1.png 1024w, https:\/\/sulsc.com\/wp-content\/uploads\/2024\/10\/5-1-300x205.png 300w, https:\/\/sulsc.com\/wp-content\/uploads\/2024\/10\/5-1-768x524.png 768w\" sizes=\"(max-width: 287px) 100vw, 287px\" \/><\/p>\n<p>Nas regi\u00f5es do centro e leste de Santa Catarina, principalmente nas \u00e1reas litor\u00e2neas, segue a condi\u00e7\u00e3o para chuva persistente devido a circula\u00e7\u00e3o mar\u00edtima e no Grande Oeste h\u00e1 condi\u00e7\u00f5es favor\u00e1veis para a forma\u00e7\u00e3o de temporais entre a tarde e a noite, que intensificam \u00e0 noite.<\/p>\n<p style=\"text-align: left;\">\n<p><img decoding=\"async\" class=\"wp-image-16609 aligncenter\" src=\"http:\/\/sulsc.com\/wp-content\/uploads\/2024\/10\/legendaaaaa-1536x286-1-1.png\" alt=\"\" width=\"569\" height=\"106\" srcset=\"https:\/\/sulsc.com\/wp-content\/uploads\/2024\/10\/legendaaaaa-1536x286-1-1.png 1536w, https:\/\/sulsc.com\/wp-content\/uploads\/2024\/10\/legendaaaaa-1536x286-1-1-300x56.png 300w, https:\/\/sulsc.com\/wp-content\/uploads\/2024\/10\/legendaaaaa-1536x286-1-1-1024x191.png 1024w, https:\/\/sulsc.com\/wp-content\/uploads\/2024\/10\/legendaaaaa-1536x286-1-1-768x143.png 768w\" sizes=\"(max-width: 569px) 100vw, 569px\" \/><\/p>\n<p>Os ventos seguem soprando de leste\/nordeste com intensidade moderada a forte em todas as regi\u00f5es. As temperaturas variam entre 9 e 25\u00b0C no estado. A agita\u00e7\u00e3o mar\u00edtima aumenta, deixando o mar agitado em toda a costa catarinense, com ondas entre 2,0 e 2,5m e picos de at\u00e9 3,0m em alto mar, trazendo risco moderado para atividades de pesca e navega\u00e7\u00e3o.<\/p>\n<p>Fonte: Defesa Civil SC\/ Meteorologista: Ana Luiza Dors Wilke<\/p>\n","protected":false},"excerpt":{"rendered":"<p>O tempo continua inst\u00e1vel em todo o estado nesta quinta-feira (10), O risco se mant\u00e9m alto a muito alto para ocorr\u00eancias associadas \u00e0 chuva persistente e ao temporais no Vale do Itaja\u00ed, Planalto Sul e no litoral de SC, e moderado a alto nas demais \u00e1reas. Nas regi\u00f5es do centro e leste de Santa Catarina, &hellip;<\/p>\n<p class=\"read-more\"> <a class=\"\" href=\"https:\/\/sulsc.com\/index.php\/2024\/10\/10\/condicao-de-chuva-e-mar-agitado-persiste-nesta-quinta-feira-10\/\"> <span class=\"screen-reader-text\">Condi\u00e7\u00e3o de chuva e mar agitado persiste nesta quinta-feira (10)<\/span> Read More &raquo;<\/a><\/p>\n","protected":false},"author":3,"featured_media":16430,"comment_status":"open","ping_status":"open","sticky":false,"template":"","format":"standard","meta":{"site-sidebar-layout":"default","site-content-layout":"","ast-site-content-layout":"default","site-content-style":"default","site-sidebar-style":"default","ast-global-header-display":"","ast-banner-title-visibility":"","ast-main-header-display":"","ast-hfb-above-header-display":"","ast-hfb-below-header-display":"","ast-hfb-mobile-header-display":"","site-post-title":"","ast-breadcrumbs-content":"","ast-featured-img":"","footer-sml-layout":"","theme-transparent-header-meta":"default","adv-header-id-meta":"","stick-header-meta":"","header-above-stick-meta":"","header-main-stick-meta":"","header-below-stick-meta":"","astra-migrate-meta-layouts":"set","footnotes":""},"categories":[38],"tags":[90],"yoast_head":"<!-- This site is optimized with the Yoast SEO plugin v21.4 - https:\/\/yoast.com\/wordpress\/plugins\/seo\/ -->\n<title>Condi\u00e7\u00e3o de chuva e mar agitado persiste nesta quinta-feira (10) -<\/title>\n<meta name=\"description\" content=\"As temperaturas variam entre 9 e 25\u00b0C no estado e os ventos seguem soprando de leste nordeste com intensidade moderada a forte\" \/>\n<meta name=\"robots\" content=\"index, follow, max-snippet:-1, max-image-preview:large, max-video-preview:-1\" \/>\n<link rel=\"canonical\" href=\"https:\/\/sulsc.com\/index.php\/2024\/10\/10\/condicao-de-chuva-e-mar-agitado-persiste-nesta-quinta-feira-10\/\" \/>\n<meta property=\"og:locale\" content=\"en_US\" \/>\n<meta property=\"og:type\" content=\"article\" \/>\n<meta property=\"og:title\" content=\"Condi\u00e7\u00e3o de chuva e mar agitado persiste nesta quinta-feira (10) -\" \/>\n<meta property=\"og:description\" content=\"As temperaturas variam entre 9 e 25\u00b0C no estado e os ventos seguem soprando de leste nordeste com intensidade moderada a forte\" \/>\n<meta property=\"og:url\" content=\"https:\/\/sulsc.com\/index.php\/2024\/10\/10\/condicao-de-chuva-e-mar-agitado-persiste-nesta-quinta-feira-10\/\" \/>\n<meta property=\"article:author\" content=\"https:\/\/www.facebook.com\/profile.php?id=61559278119680\" \/>\n<meta property=\"article:published_time\" content=\"2024-10-10T11:22:20+00:00\" \/>\n<meta property=\"og:image\" content=\"http:\/\/sulsc.com\/wp-content\/uploads\/2024\/10\/temporal.jpg\" \/>\n\t<meta property=\"og:image:width\" content=\"1920\" \/>\n\t<meta property=\"og:image:height\" content=\"866\" \/>\n\t<meta property=\"og:image:type\" content=\"image\/jpeg\" \/>\n<meta name=\"author\" content=\"Reda\u00e7\u00e3o Sul SC\" \/>\n<meta name=\"twitter:card\" content=\"summary_large_image\" \/>\n<meta name=\"twitter:creator\" content=\"@https:\/\/twitter.com\/PortalSulSC\" \/>\n<meta name=\"twitter:label1\" content=\"Written by\" \/>\n\t<meta name=\"twitter:data1\" content=\"Reda\u00e7\u00e3o Sul SC\" \/>\n\t<meta name=\"twitter:label2\" content=\"Est. reading time\" \/>\n\t<meta name=\"twitter:data2\" content=\"2 minutes\" \/>\n<script type=\"application\/ld+json\" class=\"yoast-schema-graph\">{\"@context\":\"https:\/\/schema.org\",\"@graph\":[{\"@type\":\"WebPage\",\"@id\":\"https:\/\/sulsc.com\/index.php\/2024\/10\/10\/condicao-de-chuva-e-mar-agitado-persiste-nesta-quinta-feira-10\/\",\"url\":\"https:\/\/sulsc.com\/index.php\/2024\/10\/10\/condicao-de-chuva-e-mar-agitado-persiste-nesta-quinta-feira-10\/\",\"name\":\"Condi\u00e7\u00e3o de chuva e mar agitado persiste nesta quinta-feira (10) -\",\"isPartOf\":{\"@id\":\"https:\/\/sulsc.com\/#website\"},\"datePublished\":\"2024-10-10T11:22:20+00:00\",\"dateModified\":\"2024-10-10T11:22:20+00:00\",\"author\":{\"@id\":\"https:\/\/sulsc.com\/#\/schema\/person\/84d2fc571684f6248ba83092f07750a3\"},\"description\":\"As temperaturas variam entre 9 e 25\u00b0C no estado e os ventos seguem soprando de leste nordeste com intensidade moderada a forte\",\"breadcrumb\":{\"@id\":\"https:\/\/sulsc.com\/index.php\/2024\/10\/10\/condicao-de-chuva-e-mar-agitado-persiste-nesta-quinta-feira-10\/#breadcrumb\"},\"inLanguage\":\"en-US\",\"potentialAction\":[{\"@type\":\"ReadAction\",\"target\":[\"https:\/\/sulsc.com\/index.php\/2024\/10\/10\/condicao-de-chuva-e-mar-agitado-persiste-nesta-quinta-feira-10\/\"]}]},{\"@type\":\"BreadcrumbList\",\"@id\":\"https:\/\/sulsc.com\/index.php\/2024\/10\/10\/condicao-de-chuva-e-mar-agitado-persiste-nesta-quinta-feira-10\/#breadcrumb\",\"itemListElement\":[{\"@type\":\"ListItem\",\"position\":1,\"name\":\"In\u00edcio\",\"item\":\"https:\/\/sulsc.com\/\"},{\"@type\":\"ListItem\",\"position\":2,\"name\":\"Condi\u00e7\u00e3o de chuva e mar agitado persiste nesta quinta-feira (10)\"}]},{\"@type\":\"WebSite\",\"@id\":\"https:\/\/sulsc.com\/#website\",\"url\":\"https:\/\/sulsc.com\/\",\"name\":\"\",\"description\":\"\",\"potentialAction\":[{\"@type\":\"SearchAction\",\"target\":{\"@type\":\"EntryPoint\",\"urlTemplate\":\"https:\/\/sulsc.com\/?s={search_term_string}\"},\"query-input\":\"required name=search_term_string\"}],\"inLanguage\":\"en-US\"},{\"@type\":\"Person\",\"@id\":\"https:\/\/sulsc.com\/#\/schema\/person\/84d2fc571684f6248ba83092f07750a3\",\"name\":\"Reda\u00e7\u00e3o Sul SC\",\"image\":{\"@type\":\"ImageObject\",\"inLanguage\":\"en-US\",\"@id\":\"https:\/\/sulsc.com\/#\/schema\/person\/image\/e08d7fe2cc4ed596372063bbe852b8d0\",\"url\":\"https:\/\/sulsc.com\/wp-content\/uploads\/2023\/09\/redacao.png\",\"contentUrl\":\"https:\/\/sulsc.com\/wp-content\/uploads\/2023\/09\/redacao.png\",\"caption\":\"Reda\u00e7\u00e3o Sul SC\"},\"description\":\"Foco em um jornalismo imparcial, voltado \u00e0 qualidade dos seus conte\u00fados e, assim, levar informa\u00e7\u00e3o de valor que agregue \u00e0 vida dos leitores. Esta \u00e9 grande miss\u00e3o do Portal de Not\u00edcias Sul SC. N\u00e3o \u00e9 quantidade que muda o mundo, sempre foi e seguir\u00e1 sendo qualidade!\",\"sameAs\":[\"https:\/\/sulsc.com\/\",\"https:\/\/www.facebook.com\/profile.php?id=61559278119680\",\"https:\/\/www.instagram.com\/sulscportal\/?hl=pt-br\",\"https:\/\/twitter.com\/https:\/\/twitter.com\/PortalSulSC\",\"https:\/\/www.youtube.com\/channel\/UCv_BE8GeySluDov2n8qhVmw\"],\"url\":\"https:\/\/sulsc.com\/index.php\/author\/redacao\/\"}]}<\/script>\n<!-- \/ Yoast SEO plugin. -->","yoast_head_json":{"title":"Condi\u00e7\u00e3o de chuva e mar agitado persiste nesta quinta-feira (10) -","description":"As temperaturas variam entre 9 e 25\u00b0C no estado e os ventos seguem soprando de leste nordeste com intensidade moderada a forte","robots":{"index":"index","follow":"follow","max-snippet":"max-snippet:-1","max-image-preview":"max-image-preview:large","max-video-preview":"max-video-preview:-1"},"canonical":"https:\/\/sulsc.com\/index.php\/2024\/10\/10\/condicao-de-chuva-e-mar-agitado-persiste-nesta-quinta-feira-10\/","og_locale":"en_US","og_type":"article","og_title":"Condi\u00e7\u00e3o de chuva e mar agitado persiste nesta quinta-feira (10) -","og_description":"As temperaturas variam entre 9 e 25\u00b0C no estado e os ventos seguem soprando de leste nordeste com intensidade moderada a forte","og_url":"https:\/\/sulsc.com\/index.php\/2024\/10\/10\/condicao-de-chuva-e-mar-agitado-persiste-nesta-quinta-feira-10\/","article_author":"https:\/\/www.facebook.com\/profile.php?id=61559278119680","article_published_time":"2024-10-10T11:22:20+00:00","og_image":[{"width":1920,"height":866,"url":"http:\/\/sulsc.com\/wp-content\/uploads\/2024\/10\/temporal.jpg","type":"image\/jpeg"}],"author":"Reda\u00e7\u00e3o Sul SC","twitter_card":"summary_large_image","twitter_creator":"@https:\/\/twitter.com\/PortalSulSC","twitter_misc":{"Written by":"Reda\u00e7\u00e3o Sul SC","Est. reading time":"2 minutes"},"schema":{"@context":"https:\/\/schema.org","@graph":[{"@type":"WebPage","@id":"https:\/\/sulsc.com\/index.php\/2024\/10\/10\/condicao-de-chuva-e-mar-agitado-persiste-nesta-quinta-feira-10\/","url":"https:\/\/sulsc.com\/index.php\/2024\/10\/10\/condicao-de-chuva-e-mar-agitado-persiste-nesta-quinta-feira-10\/","name":"Condi\u00e7\u00e3o de chuva e mar agitado persiste nesta quinta-feira (10) -","isPartOf":{"@id":"https:\/\/sulsc.com\/#website"},"datePublished":"2024-10-10T11:22:20+00:00","dateModified":"2024-10-10T11:22:20+00:00","author":{"@id":"https:\/\/sulsc.com\/#\/schema\/person\/84d2fc571684f6248ba83092f07750a3"},"description":"As temperaturas variam entre 9 e 25\u00b0C no estado e os ventos seguem soprando de leste nordeste com intensidade moderada a forte","breadcrumb":{"@id":"https:\/\/sulsc.com\/index.php\/2024\/10\/10\/condicao-de-chuva-e-mar-agitado-persiste-nesta-quinta-feira-10\/#breadcrumb"},"inLanguage":"en-US","potentialAction":[{"@type":"ReadAction","target":["https:\/\/sulsc.com\/index.php\/2024\/10\/10\/condicao-de-chuva-e-mar-agitado-persiste-nesta-quinta-feira-10\/"]}]},{"@type":"BreadcrumbList","@id":"https:\/\/sulsc.com\/index.php\/2024\/10\/10\/condicao-de-chuva-e-mar-agitado-persiste-nesta-quinta-feira-10\/#breadcrumb","itemListElement":[{"@type":"ListItem","position":1,"name":"In\u00edcio","item":"https:\/\/sulsc.com\/"},{"@type":"ListItem","position":2,"name":"Condi\u00e7\u00e3o de chuva e mar agitado persiste nesta quinta-feira (10)"}]},{"@type":"WebSite","@id":"https:\/\/sulsc.com\/#website","url":"https:\/\/sulsc.com\/","name":"","description":"","potentialAction":[{"@type":"SearchAction","target":{"@type":"EntryPoint","urlTemplate":"https:\/\/sulsc.com\/?s={search_term_string}"},"query-input":"required name=search_term_string"}],"inLanguage":"en-US"},{"@type":"Person","@id":"https:\/\/sulsc.com\/#\/schema\/person\/84d2fc571684f6248ba83092f07750a3","name":"Reda\u00e7\u00e3o Sul SC","image":{"@type":"ImageObject","inLanguage":"en-US","@id":"https:\/\/sulsc.com\/#\/schema\/person\/image\/e08d7fe2cc4ed596372063bbe852b8d0","url":"https:\/\/sulsc.com\/wp-content\/uploads\/2023\/09\/redacao.png","contentUrl":"https:\/\/sulsc.com\/wp-content\/uploads\/2023\/09\/redacao.png","caption":"Reda\u00e7\u00e3o Sul SC"},"description":"Foco em um jornalismo imparcial, voltado \u00e0 qualidade dos seus conte\u00fados e, assim, levar informa\u00e7\u00e3o de valor que agregue \u00e0 vida dos leitores. Esta \u00e9 grande miss\u00e3o do Portal de Not\u00edcias Sul SC. N\u00e3o \u00e9 quantidade que muda o mundo, sempre foi e seguir\u00e1 sendo qualidade!","sameAs":["https:\/\/sulsc.com\/","https:\/\/www.facebook.com\/profile.php?id=61559278119680","https:\/\/www.instagram.com\/sulscportal\/?hl=pt-br","https:\/\/twitter.com\/https:\/\/twitter.com\/PortalSulSC","https:\/\/www.youtube.com\/channel\/UCv_BE8GeySluDov2n8qhVmw"],"url":"https:\/\/sulsc.com\/index.php\/author\/redacao\/"}]}},"authors":[],"_links":{"self":[{"href":"https:\/\/sulsc.com\/index.php\/wp-json\/wp\/v2\/posts\/16637"}],"collection":[{"href":"https:\/\/sulsc.com\/index.php\/wp-json\/wp\/v2\/posts"}],"about":[{"href":"https:\/\/sulsc.com\/index.php\/wp-json\/wp\/v2\/types\/post"}],"author":[{"embeddable":true,"href":"https:\/\/sulsc.com\/index.php\/wp-json\/wp\/v2\/users\/3"}],"replies":[{"embeddable":true,"href":"https:\/\/sulsc.com\/index.php\/wp-json\/wp\/v2\/comments?post=16637"}],"version-history":[{"count":1,"href":"https:\/\/sulsc.com\/index.php\/wp-json\/wp\/v2\/posts\/16637\/revisions"}],"predecessor-version":[{"id":16639,"href":"https:\/\/sulsc.com\/index.php\/wp-json\/wp\/v2\/posts\/16637\/revisions\/16639"}],"wp:featuredmedia":[{"embeddable":true,"href":"https:\/\/sulsc.com\/index.php\/wp-json\/wp\/v2\/media\/16430"}],"wp:attachment":[{"href":"https:\/\/sulsc.com\/index.php\/wp-json\/wp\/v2\/media?parent=16637"}],"wp:term":[{"taxonomy":"category","embeddable":true,"href":"https:\/\/sulsc.com\/index.php\/wp-json\/wp\/v2\/categories?post=16637"},{"taxonomy":"post_tag","embeddable":true,"href":"https:\/\/sulsc.com\/index.php\/wp-json\/wp\/v2\/tags?post=16637"}],"curies":[{"name":"wp","href":"https:\/\/api.w.org\/{rel}","templated":true}]}}