{"id":16668,"date":"2024-10-11T09:11:55","date_gmt":"2024-10-11T12:11:55","guid":{"rendered":"https:\/\/sulsc.com\/?p=16668"},"modified":"2024-10-11T09:11:55","modified_gmt":"2024-10-11T12:11:55","slug":"sexta-feira-11-com-tempo-instavel-e-formacao-de-novos-temporais","status":"publish","type":"post","link":"https:\/\/sulsc.com\/index.php\/2024\/10\/11\/sexta-feira-11-com-tempo-instavel-e-formacao-de-novos-temporais\/","title":{"rendered":"Sexta-feira (11) com tempo inst\u00e1vel e forma\u00e7\u00e3o de novos temporais"},"content":{"rendered":"<p><span style=\"vertical-align: inherit;\"><span style=\"vertical-align: inherit;\">H\u00e1 sexta-feira (11) come\u00e7a com uma baixa press\u00e3o que posteriormente dar\u00e1 origem a um ciclone pr\u00f3ximo \u00e0 costa e associado a ele, a forma\u00e7\u00e3o de uma frente fria, intensifica a chuva no estado come\u00e7ando pelas \u00e1reas do Grande Oeste, com o sistema se deslocando em dire\u00e7\u00e3o \u00e0s demais regi\u00f5es ao longo do dia e fornece condi\u00e7\u00f5es para novos temporais acompanhados de chuva intensa e volumosa, com acumulados bastante expressivos, permanecendo o risco moderado a alto para ocorr\u00eancias associadas a alagamentos e enxurradas, destelhamentos e deslizamentos.<\/span><\/span><\/p>\n<p><span style=\"vertical-align: inherit;\"><span style=\"vertical-align: inherit;\"><img fetchpriority=\"high\" decoding=\"async\" class=\"wp-image-16669 alignleft\" src=\"http:\/\/sulsc.com\/wp-content\/uploads\/2024\/10\/6-1.png\" alt=\"\" width=\"309\" height=\"209\" srcset=\"https:\/\/sulsc.com\/wp-content\/uploads\/2024\/10\/6-1.png 1479w, https:\/\/sulsc.com\/wp-content\/uploads\/2024\/10\/6-1-300x203.png 300w, https:\/\/sulsc.com\/wp-content\/uploads\/2024\/10\/6-1-1024x692.png 1024w, https:\/\/sulsc.com\/wp-content\/uploads\/2024\/10\/6-1-768x519.png 768w\" sizes=\"(max-width: 309px) 100vw, 309px\" \/> <\/span><\/span><\/p>\n<p>&nbsp;<\/p>\n<p>&nbsp;<\/p>\n<p><span style=\"vertical-align: inherit;\"><span style=\"vertical-align: inherit;\">Os ventos do quadrante norte\/nordeste seguem persistentes, com intensidade moderada em v\u00e1rias regi\u00f5es com rajadas entre 60 e 75 km\/h com valores pontualmente maiores. As temperaturas marcam entre 13 e 25\u00b0C na maior parte do estado. O mar segue agitado em toda a costa, com ondas entre 2,5 e 3,0m e picos de at\u00e9 3,5m em alto mar, mantendo o risco moderado para ocorr\u00eancias relacionadas \u00e0 ocorr\u00eancia mar\u00edtima.<\/span><\/span><\/p>\n<p><img decoding=\"async\" class=\"wp-image-16670 alignleft\" src=\"http:\/\/sulsc.com\/wp-content\/uploads\/2024\/10\/legendaaaaa-1536x286-1-2.png\" alt=\"\" width=\"617\" height=\"115\" srcset=\"https:\/\/sulsc.com\/wp-content\/uploads\/2024\/10\/legendaaaaa-1536x286-1-2.png 1536w, https:\/\/sulsc.com\/wp-content\/uploads\/2024\/10\/legendaaaaa-1536x286-1-2-300x56.png 300w, https:\/\/sulsc.com\/wp-content\/uploads\/2024\/10\/legendaaaaa-1536x286-1-2-1024x191.png 1024w, https:\/\/sulsc.com\/wp-content\/uploads\/2024\/10\/legendaaaaa-1536x286-1-2-768x143.png 768w\" sizes=\"(max-width: 617px) 100vw, 617px\" \/><\/p>\n<p>&nbsp;<\/p>\n<p>&nbsp;<\/p>\n<p>&nbsp;<\/p>\n<p>J\u00e1 no O s\u00e1bado (12), inicia com varia\u00e7\u00e3o de nuvens e chuva fraca ao longo do dia, o afastamento do Ciclone Extratropical para alto mar, a nebulosidade e a condi\u00e7\u00e3o para chuva diminui especialmente entre o Vale do Itaja\u00ed e Litoral Norte. As temperaturas m\u00ednimas ocorrer\u00e3o no final do dia, com marcas entre 7\u00b0C e 17\u00b0C pelo estado. As temperaturas m\u00e1ximas v\u00e3o oscilar entre 20\u00b0C e 28\u00b0C com os maiores valores entre o Vale do Itaja\u00ed e Litoral Norte. O mar segue agitado com ondas de sul\/sudeste com alturas entre 2,0 e 2,5m, oferecendo risco baixo a moderado para ocorr\u00eancias relacionadas \u00e0 agita\u00e7\u00e3o mar\u00edtima.<\/p>\n<p><span style=\"vertical-align: inherit;\"><span style=\"vertical-align: inherit;\">Fonte: Defesa Civil SC\/Meteorologista: Fernando Rafael\u00a0<\/span><\/span><\/p>\n","protected":false},"excerpt":{"rendered":"<p>H\u00e1 sexta-feira (11) come\u00e7a com uma baixa press\u00e3o que posteriormente dar\u00e1 origem a um ciclone pr\u00f3ximo \u00e0 costa e associado a ele, a forma\u00e7\u00e3o de uma frente fria, intensifica a chuva no estado come\u00e7ando pelas \u00e1reas do Grande Oeste, com o sistema se deslocando em dire\u00e7\u00e3o \u00e0s demais regi\u00f5es ao longo do dia e fornece &hellip;<\/p>\n<p class=\"read-more\"> <a class=\"\" href=\"https:\/\/sulsc.com\/index.php\/2024\/10\/11\/sexta-feira-11-com-tempo-instavel-e-formacao-de-novos-temporais\/\"> <span class=\"screen-reader-text\">Sexta-feira (11) com tempo inst\u00e1vel e forma\u00e7\u00e3o de novos temporais<\/span> Read More &raquo;<\/a><\/p>\n","protected":false},"author":3,"featured_media":13306,"comment_status":"open","ping_status":"open","sticky":false,"template":"","format":"standard","meta":{"site-sidebar-layout":"default","site-content-layout":"","ast-site-content-layout":"default","site-content-style":"default","site-sidebar-style":"default","ast-global-header-display":"","ast-banner-title-visibility":"","ast-main-header-display":"","ast-hfb-above-header-display":"","ast-hfb-below-header-display":"","ast-hfb-mobile-header-display":"","site-post-title":"","ast-breadcrumbs-content":"","ast-featured-img":"","footer-sml-layout":"","theme-transparent-header-meta":"default","adv-header-id-meta":"","stick-header-meta":"","header-above-stick-meta":"","header-main-stick-meta":"","header-below-stick-meta":"","astra-migrate-meta-layouts":"set","footnotes":""},"categories":[38],"tags":[90],"yoast_head":"<!-- This site is optimized with the Yoast SEO plugin v21.4 - https:\/\/yoast.com\/wordpress\/plugins\/seo\/ -->\n<title>Sexta-feira (11) com tempo inst\u00e1vel e forma\u00e7\u00e3o de novos temporais -<\/title>\n<meta name=\"description\" content=\"As temperaturas marcam entre 13 e 25\u00b0C na maior parte do estado o mar segue agitado em toda a costa com ondas entre 2,5 e 3,0m\" \/>\n<meta name=\"robots\" content=\"index, follow, max-snippet:-1, max-image-preview:large, max-video-preview:-1\" \/>\n<link rel=\"canonical\" href=\"https:\/\/sulsc.com\/index.php\/2024\/10\/11\/sexta-feira-11-com-tempo-instavel-e-formacao-de-novos-temporais\/\" \/>\n<meta property=\"og:locale\" content=\"en_US\" \/>\n<meta property=\"og:type\" content=\"article\" \/>\n<meta property=\"og:title\" content=\"Sexta-feira (11) com tempo inst\u00e1vel e forma\u00e7\u00e3o de novos temporais -\" \/>\n<meta property=\"og:description\" content=\"As temperaturas marcam entre 13 e 25\u00b0C na maior parte do estado o mar segue agitado em toda a costa com ondas entre 2,5 e 3,0m\" \/>\n<meta property=\"og:url\" content=\"https:\/\/sulsc.com\/index.php\/2024\/10\/11\/sexta-feira-11-com-tempo-instavel-e-formacao-de-novos-temporais\/\" \/>\n<meta property=\"article:author\" content=\"https:\/\/www.facebook.com\/profile.php?id=61559278119680\" \/>\n<meta property=\"article:published_time\" content=\"2024-10-11T12:11:55+00:00\" \/>\n<meta property=\"og:image\" content=\"http:\/\/sulsc.com\/wp-content\/uploads\/2024\/06\/tempo.jpg\" \/>\n\t<meta property=\"og:image:width\" content=\"1500\" \/>\n\t<meta property=\"og:image:height\" content=\"1000\" \/>\n\t<meta property=\"og:image:type\" content=\"image\/jpeg\" \/>\n<meta name=\"author\" content=\"Reda\u00e7\u00e3o Sul SC\" \/>\n<meta name=\"twitter:card\" content=\"summary_large_image\" \/>\n<meta name=\"twitter:creator\" content=\"@https:\/\/twitter.com\/PortalSulSC\" \/>\n<meta name=\"twitter:label1\" content=\"Written by\" \/>\n\t<meta name=\"twitter:data1\" content=\"Reda\u00e7\u00e3o Sul SC\" \/>\n\t<meta name=\"twitter:label2\" content=\"Est. reading time\" \/>\n\t<meta name=\"twitter:data2\" content=\"2 minutes\" \/>\n<script type=\"application\/ld+json\" class=\"yoast-schema-graph\">{\"@context\":\"https:\/\/schema.org\",\"@graph\":[{\"@type\":\"WebPage\",\"@id\":\"https:\/\/sulsc.com\/index.php\/2024\/10\/11\/sexta-feira-11-com-tempo-instavel-e-formacao-de-novos-temporais\/\",\"url\":\"https:\/\/sulsc.com\/index.php\/2024\/10\/11\/sexta-feira-11-com-tempo-instavel-e-formacao-de-novos-temporais\/\",\"name\":\"Sexta-feira (11) com tempo inst\u00e1vel e forma\u00e7\u00e3o de novos temporais -\",\"isPartOf\":{\"@id\":\"https:\/\/sulsc.com\/#website\"},\"datePublished\":\"2024-10-11T12:11:55+00:00\",\"dateModified\":\"2024-10-11T12:11:55+00:00\",\"author\":{\"@id\":\"https:\/\/sulsc.com\/#\/schema\/person\/84d2fc571684f6248ba83092f07750a3\"},\"description\":\"As temperaturas marcam entre 13 e 25\u00b0C na maior parte do estado o mar segue agitado em toda a costa com ondas entre 2,5 e 3,0m\",\"breadcrumb\":{\"@id\":\"https:\/\/sulsc.com\/index.php\/2024\/10\/11\/sexta-feira-11-com-tempo-instavel-e-formacao-de-novos-temporais\/#breadcrumb\"},\"inLanguage\":\"en-US\",\"potentialAction\":[{\"@type\":\"ReadAction\",\"target\":[\"https:\/\/sulsc.com\/index.php\/2024\/10\/11\/sexta-feira-11-com-tempo-instavel-e-formacao-de-novos-temporais\/\"]}]},{\"@type\":\"BreadcrumbList\",\"@id\":\"https:\/\/sulsc.com\/index.php\/2024\/10\/11\/sexta-feira-11-com-tempo-instavel-e-formacao-de-novos-temporais\/#breadcrumb\",\"itemListElement\":[{\"@type\":\"ListItem\",\"position\":1,\"name\":\"In\u00edcio\",\"item\":\"https:\/\/sulsc.com\/\"},{\"@type\":\"ListItem\",\"position\":2,\"name\":\"Sexta-feira (11) com tempo inst\u00e1vel e forma\u00e7\u00e3o de novos temporais\"}]},{\"@type\":\"WebSite\",\"@id\":\"https:\/\/sulsc.com\/#website\",\"url\":\"https:\/\/sulsc.com\/\",\"name\":\"\",\"description\":\"\",\"potentialAction\":[{\"@type\":\"SearchAction\",\"target\":{\"@type\":\"EntryPoint\",\"urlTemplate\":\"https:\/\/sulsc.com\/?s={search_term_string}\"},\"query-input\":\"required name=search_term_string\"}],\"inLanguage\":\"en-US\"},{\"@type\":\"Person\",\"@id\":\"https:\/\/sulsc.com\/#\/schema\/person\/84d2fc571684f6248ba83092f07750a3\",\"name\":\"Reda\u00e7\u00e3o Sul SC\",\"image\":{\"@type\":\"ImageObject\",\"inLanguage\":\"en-US\",\"@id\":\"https:\/\/sulsc.com\/#\/schema\/person\/image\/e08d7fe2cc4ed596372063bbe852b8d0\",\"url\":\"https:\/\/sulsc.com\/wp-content\/uploads\/2023\/09\/redacao.png\",\"contentUrl\":\"https:\/\/sulsc.com\/wp-content\/uploads\/2023\/09\/redacao.png\",\"caption\":\"Reda\u00e7\u00e3o Sul SC\"},\"description\":\"Foco em um jornalismo imparcial, voltado \u00e0 qualidade dos seus conte\u00fados e, assim, levar informa\u00e7\u00e3o de valor que agregue \u00e0 vida dos leitores. Esta \u00e9 grande miss\u00e3o do Portal de Not\u00edcias Sul SC. N\u00e3o \u00e9 quantidade que muda o mundo, sempre foi e seguir\u00e1 sendo qualidade!\",\"sameAs\":[\"https:\/\/sulsc.com\/\",\"https:\/\/www.facebook.com\/profile.php?id=61559278119680\",\"https:\/\/www.instagram.com\/sulscportal\/?hl=pt-br\",\"https:\/\/twitter.com\/https:\/\/twitter.com\/PortalSulSC\",\"https:\/\/www.youtube.com\/channel\/UCv_BE8GeySluDov2n8qhVmw\"],\"url\":\"https:\/\/sulsc.com\/index.php\/author\/redacao\/\"}]}<\/script>\n<!-- \/ Yoast SEO plugin. -->","yoast_head_json":{"title":"Sexta-feira (11) com tempo inst\u00e1vel e forma\u00e7\u00e3o de novos temporais -","description":"As temperaturas marcam entre 13 e 25\u00b0C na maior parte do estado o mar segue agitado em toda a costa com ondas entre 2,5 e 3,0m","robots":{"index":"index","follow":"follow","max-snippet":"max-snippet:-1","max-image-preview":"max-image-preview:large","max-video-preview":"max-video-preview:-1"},"canonical":"https:\/\/sulsc.com\/index.php\/2024\/10\/11\/sexta-feira-11-com-tempo-instavel-e-formacao-de-novos-temporais\/","og_locale":"en_US","og_type":"article","og_title":"Sexta-feira (11) com tempo inst\u00e1vel e forma\u00e7\u00e3o de novos temporais -","og_description":"As temperaturas marcam entre 13 e 25\u00b0C na maior parte do estado o mar segue agitado em toda a costa com ondas entre 2,5 e 3,0m","og_url":"https:\/\/sulsc.com\/index.php\/2024\/10\/11\/sexta-feira-11-com-tempo-instavel-e-formacao-de-novos-temporais\/","article_author":"https:\/\/www.facebook.com\/profile.php?id=61559278119680","article_published_time":"2024-10-11T12:11:55+00:00","og_image":[{"width":1500,"height":1000,"url":"http:\/\/sulsc.com\/wp-content\/uploads\/2024\/06\/tempo.jpg","type":"image\/jpeg"}],"author":"Reda\u00e7\u00e3o Sul SC","twitter_card":"summary_large_image","twitter_creator":"@https:\/\/twitter.com\/PortalSulSC","twitter_misc":{"Written by":"Reda\u00e7\u00e3o Sul SC","Est. reading time":"2 minutes"},"schema":{"@context":"https:\/\/schema.org","@graph":[{"@type":"WebPage","@id":"https:\/\/sulsc.com\/index.php\/2024\/10\/11\/sexta-feira-11-com-tempo-instavel-e-formacao-de-novos-temporais\/","url":"https:\/\/sulsc.com\/index.php\/2024\/10\/11\/sexta-feira-11-com-tempo-instavel-e-formacao-de-novos-temporais\/","name":"Sexta-feira (11) com tempo inst\u00e1vel e forma\u00e7\u00e3o de novos temporais -","isPartOf":{"@id":"https:\/\/sulsc.com\/#website"},"datePublished":"2024-10-11T12:11:55+00:00","dateModified":"2024-10-11T12:11:55+00:00","author":{"@id":"https:\/\/sulsc.com\/#\/schema\/person\/84d2fc571684f6248ba83092f07750a3"},"description":"As temperaturas marcam entre 13 e 25\u00b0C na maior parte do estado o mar segue agitado em toda a costa com ondas entre 2,5 e 3,0m","breadcrumb":{"@id":"https:\/\/sulsc.com\/index.php\/2024\/10\/11\/sexta-feira-11-com-tempo-instavel-e-formacao-de-novos-temporais\/#breadcrumb"},"inLanguage":"en-US","potentialAction":[{"@type":"ReadAction","target":["https:\/\/sulsc.com\/index.php\/2024\/10\/11\/sexta-feira-11-com-tempo-instavel-e-formacao-de-novos-temporais\/"]}]},{"@type":"BreadcrumbList","@id":"https:\/\/sulsc.com\/index.php\/2024\/10\/11\/sexta-feira-11-com-tempo-instavel-e-formacao-de-novos-temporais\/#breadcrumb","itemListElement":[{"@type":"ListItem","position":1,"name":"In\u00edcio","item":"https:\/\/sulsc.com\/"},{"@type":"ListItem","position":2,"name":"Sexta-feira (11) com tempo inst\u00e1vel e forma\u00e7\u00e3o de novos temporais"}]},{"@type":"WebSite","@id":"https:\/\/sulsc.com\/#website","url":"https:\/\/sulsc.com\/","name":"","description":"","potentialAction":[{"@type":"SearchAction","target":{"@type":"EntryPoint","urlTemplate":"https:\/\/sulsc.com\/?s={search_term_string}"},"query-input":"required name=search_term_string"}],"inLanguage":"en-US"},{"@type":"Person","@id":"https:\/\/sulsc.com\/#\/schema\/person\/84d2fc571684f6248ba83092f07750a3","name":"Reda\u00e7\u00e3o Sul SC","image":{"@type":"ImageObject","inLanguage":"en-US","@id":"https:\/\/sulsc.com\/#\/schema\/person\/image\/e08d7fe2cc4ed596372063bbe852b8d0","url":"https:\/\/sulsc.com\/wp-content\/uploads\/2023\/09\/redacao.png","contentUrl":"https:\/\/sulsc.com\/wp-content\/uploads\/2023\/09\/redacao.png","caption":"Reda\u00e7\u00e3o Sul SC"},"description":"Foco em um jornalismo imparcial, voltado \u00e0 qualidade dos seus conte\u00fados e, assim, levar informa\u00e7\u00e3o de valor que agregue \u00e0 vida dos leitores. Esta \u00e9 grande miss\u00e3o do Portal de Not\u00edcias Sul SC. N\u00e3o \u00e9 quantidade que muda o mundo, sempre foi e seguir\u00e1 sendo qualidade!","sameAs":["https:\/\/sulsc.com\/","https:\/\/www.facebook.com\/profile.php?id=61559278119680","https:\/\/www.instagram.com\/sulscportal\/?hl=pt-br","https:\/\/twitter.com\/https:\/\/twitter.com\/PortalSulSC","https:\/\/www.youtube.com\/channel\/UCv_BE8GeySluDov2n8qhVmw"],"url":"https:\/\/sulsc.com\/index.php\/author\/redacao\/"}]}},"authors":[],"_links":{"self":[{"href":"https:\/\/sulsc.com\/index.php\/wp-json\/wp\/v2\/posts\/16668"}],"collection":[{"href":"https:\/\/sulsc.com\/index.php\/wp-json\/wp\/v2\/posts"}],"about":[{"href":"https:\/\/sulsc.com\/index.php\/wp-json\/wp\/v2\/types\/post"}],"author":[{"embeddable":true,"href":"https:\/\/sulsc.com\/index.php\/wp-json\/wp\/v2\/users\/3"}],"replies":[{"embeddable":true,"href":"https:\/\/sulsc.com\/index.php\/wp-json\/wp\/v2\/comments?post=16668"}],"version-history":[{"count":1,"href":"https:\/\/sulsc.com\/index.php\/wp-json\/wp\/v2\/posts\/16668\/revisions"}],"predecessor-version":[{"id":16671,"href":"https:\/\/sulsc.com\/index.php\/wp-json\/wp\/v2\/posts\/16668\/revisions\/16671"}],"wp:featuredmedia":[{"embeddable":true,"href":"https:\/\/sulsc.com\/index.php\/wp-json\/wp\/v2\/media\/13306"}],"wp:attachment":[{"href":"https:\/\/sulsc.com\/index.php\/wp-json\/wp\/v2\/media?parent=16668"}],"wp:term":[{"taxonomy":"category","embeddable":true,"href":"https:\/\/sulsc.com\/index.php\/wp-json\/wp\/v2\/categories?post=16668"},{"taxonomy":"post_tag","embeddable":true,"href":"https:\/\/sulsc.com\/index.php\/wp-json\/wp\/v2\/tags?post=16668"}],"curies":[{"name":"wp","href":"https:\/\/api.w.org\/{rel}","templated":true}]}}