{"id":1671,"date":"2023-10-02T11:30:36","date_gmt":"2023-10-02T14:30:36","guid":{"rendered":"https:\/\/sulsc.com\/?p=1671"},"modified":"2023-10-02T11:35:00","modified_gmt":"2023-10-02T14:35:00","slug":"conselheiros-tutelares-sao-eleitos-em-criciuma-conheca-os-nomes","status":"publish","type":"post","link":"https:\/\/sulsc.com\/index.php\/2023\/10\/02\/conselheiros-tutelares-sao-eleitos-em-criciuma-conheca-os-nomes\/","title":{"rendered":"Conselheiros tutelares s\u00e3o eleitos em Crici\u00fama, conhe\u00e7a os nomes"},"content":{"rendered":"<p>Eleitores dos munic\u00edpios do Sul de Santa Catarina foram \u00e0s urnas, neste domingo (1), para a escolha dos Conselheiros Tutelares. A elei\u00e7\u00e3o ocorreu das 8 \u00e0s 17 horas.\u00a0Os conselhos tutelares, que existem h\u00e1 mais de tr\u00eas d\u00e9cadas e foram criados com base na Lei Federal n\u00ba 8.069\/1990, o Estatuto da Crian\u00e7a e do Adolescente (ECA).<\/p>\n<p>A fun\u00e7\u00e3o dos conselheiros \u00e9 garantir o cumprimento dos direitos dos cidad\u00e3os com menos de 18 anos.\u00a0Cada Conselho Tutelar \u00e9 formado por cinco membros escolhidos pela popula\u00e7\u00e3o local, que atuam de forma colegiada, conforme as atribui\u00e7\u00f5es estabelecidas, principalmente, no Artigo 136 do ECA.<\/p>\n<p><img fetchpriority=\"high\" decoding=\"async\" class=\"alignnone size-full wp-image-1672\" src=\"http:\/\/sulsc.com\/wp-content\/uploads\/2023\/10\/eleicao.jpg\" alt=\"\" width=\"800\" height=\"600\" srcset=\"https:\/\/sulsc.com\/wp-content\/uploads\/2023\/10\/eleicao.jpg 800w, https:\/\/sulsc.com\/wp-content\/uploads\/2023\/10\/eleicao-300x225.jpg 300w, https:\/\/sulsc.com\/wp-content\/uploads\/2023\/10\/eleicao-768x576.jpg 768w\" sizes=\"(max-width: 800px) 100vw, 800px\" \/><\/p>\n<p><strong>Abaixo os conselheiros eleitos em Crici\u00fama e os respectivos votos:<\/strong><\/p>\n<p>Valdiza Andrade Gloria 939 votos<br \/>\nJanaina Torquato Ortolan 554 votos<br \/>\nSilvia Albino Cust\u00f3dio 534 votos<br \/>\nMorgana Bartochaki Machado 514 votos<br \/>\nAnt\u00f4nio S\u00e9rgio Fernandes 454 votos<br \/>\nVanderleia Alexandre 408 votos<br \/>\nFabiana Bertier 390 votos<br \/>\nMaria Rosimeri Monteiro 362 votos<br \/>\nM\u00e1rcio Marcos da Silva 304 votos<br \/>\nRenata Costa 278 votos<\/p>\n<p>Os suplentes:<\/p>\n<p>Andreia Teixeira Machado 274 votos<br \/>\nRicardo de Oliveira Marcolino 257 votos<br \/>\nPaulo Roberto Marcilio 241 votos<br \/>\nSonia de Souza 155 votos<br \/>\nMarta Remor 112 votos<br \/>\nLuana de Souza Dias 105 votos<\/p>\n<p>&nbsp;<\/p>\n<p>Fonte: Engeplus<\/p>\n","protected":false},"excerpt":{"rendered":"<p>Eleitores dos munic\u00edpios do Sul de Santa Catarina foram \u00e0s urnas, neste domingo (1), para a escolha dos Conselheiros Tutelares. A elei\u00e7\u00e3o ocorreu das 8 \u00e0s 17 horas.\u00a0Os conselhos tutelares, que existem h\u00e1 mais de tr\u00eas d\u00e9cadas e foram criados com base na Lei Federal n\u00ba 8.069\/1990, o Estatuto da Crian\u00e7a e do Adolescente (ECA). &hellip;<\/p>\n<p class=\"read-more\"> <a class=\"\" href=\"https:\/\/sulsc.com\/index.php\/2023\/10\/02\/conselheiros-tutelares-sao-eleitos-em-criciuma-conheca-os-nomes\/\"> <span class=\"screen-reader-text\">Conselheiros tutelares s\u00e3o eleitos em Crici\u00fama, conhe\u00e7a os nomes<\/span> Read More &raquo;<\/a><\/p>\n","protected":false},"author":3,"featured_media":1669,"comment_status":"open","ping_status":"open","sticky":false,"template":"","format":"standard","meta":{"site-sidebar-layout":"default","site-content-layout":"default","ast-site-content-layout":"","site-content-style":"default","site-sidebar-style":"default","ast-global-header-display":"","ast-banner-title-visibility":"","ast-main-header-display":"","ast-hfb-above-header-display":"","ast-hfb-below-header-display":"","ast-hfb-mobile-header-display":"","site-post-title":"","ast-breadcrumbs-content":"","ast-featured-img":"","footer-sml-layout":"","theme-transparent-header-meta":"default","adv-header-id-meta":"","stick-header-meta":"","header-above-stick-meta":"","header-main-stick-meta":"","header-below-stick-meta":"","astra-migrate-meta-layouts":"","footnotes":""},"categories":[23,1],"tags":[],"yoast_head":"<!-- This site is optimized with the Yoast SEO plugin v21.4 - https:\/\/yoast.com\/wordpress\/plugins\/seo\/ -->\n<title>Conselheiros tutelares s\u00e3o eleitos em Crici\u00fama, conhe\u00e7a os nomes -<\/title>\n<meta name=\"robots\" content=\"index, follow, max-snippet:-1, max-image-preview:large, max-video-preview:-1\" \/>\n<link rel=\"canonical\" href=\"https:\/\/sulsc.com\/index.php\/2023\/10\/02\/conselheiros-tutelares-sao-eleitos-em-criciuma-conheca-os-nomes\/\" \/>\n<meta property=\"og:locale\" content=\"en_US\" \/>\n<meta property=\"og:type\" content=\"article\" \/>\n<meta property=\"og:title\" content=\"Conselheiros tutelares s\u00e3o eleitos em Crici\u00fama, conhe\u00e7a os nomes -\" \/>\n<meta property=\"og:description\" content=\"Eleitores dos munic\u00edpios do Sul de Santa Catarina foram \u00e0s urnas, neste domingo (1), para a escolha dos Conselheiros Tutelares. A elei\u00e7\u00e3o ocorreu das 8 \u00e0s 17 horas.\u00a0Os conselhos tutelares, que existem h\u00e1 mais de tr\u00eas d\u00e9cadas e foram criados com base na Lei Federal n\u00ba 8.069\/1990, o Estatuto da Crian\u00e7a e do Adolescente (ECA). &hellip; Conselheiros tutelares s\u00e3o eleitos em Crici\u00fama, conhe\u00e7a os nomes Read More &raquo;\" \/>\n<meta property=\"og:url\" content=\"https:\/\/sulsc.com\/index.php\/2023\/10\/02\/conselheiros-tutelares-sao-eleitos-em-criciuma-conheca-os-nomes\/\" \/>\n<meta property=\"article:author\" content=\"https:\/\/www.facebook.com\/profile.php?id=61559278119680\" \/>\n<meta property=\"article:published_time\" content=\"2023-10-02T14:30:36+00:00\" \/>\n<meta property=\"article:modified_time\" content=\"2023-10-02T14:35:00+00:00\" \/>\n<meta property=\"og:image\" content=\"https:\/\/sulsc.com\/wp-content\/uploads\/2023\/10\/pessoa-colocando-seu-voto-em-uma-caixa.jpeg\" \/>\n\t<meta property=\"og:image:width\" content=\"1600\" \/>\n\t<meta property=\"og:image:height\" content=\"1067\" \/>\n\t<meta property=\"og:image:type\" content=\"image\/jpeg\" \/>\n<meta name=\"author\" content=\"Reda\u00e7\u00e3o Sul SC\" \/>\n<meta name=\"twitter:card\" content=\"summary_large_image\" \/>\n<meta name=\"twitter:creator\" content=\"@https:\/\/twitter.com\/PortalSulSC\" \/>\n<meta name=\"twitter:label1\" content=\"Written by\" \/>\n\t<meta name=\"twitter:data1\" content=\"Reda\u00e7\u00e3o Sul SC\" \/>\n\t<meta name=\"twitter:label2\" content=\"Est. reading time\" \/>\n\t<meta name=\"twitter:data2\" content=\"1 minute\" \/>\n<script type=\"application\/ld+json\" class=\"yoast-schema-graph\">{\"@context\":\"https:\/\/schema.org\",\"@graph\":[{\"@type\":\"WebPage\",\"@id\":\"https:\/\/sulsc.com\/index.php\/2023\/10\/02\/conselheiros-tutelares-sao-eleitos-em-criciuma-conheca-os-nomes\/\",\"url\":\"https:\/\/sulsc.com\/index.php\/2023\/10\/02\/conselheiros-tutelares-sao-eleitos-em-criciuma-conheca-os-nomes\/\",\"name\":\"Conselheiros tutelares s\u00e3o eleitos em Crici\u00fama, conhe\u00e7a os nomes -\",\"isPartOf\":{\"@id\":\"https:\/\/sulsc.com\/#website\"},\"datePublished\":\"2023-10-02T14:30:36+00:00\",\"dateModified\":\"2023-10-02T14:35:00+00:00\",\"author\":{\"@id\":\"https:\/\/sulsc.com\/#\/schema\/person\/84d2fc571684f6248ba83092f07750a3\"},\"breadcrumb\":{\"@id\":\"https:\/\/sulsc.com\/index.php\/2023\/10\/02\/conselheiros-tutelares-sao-eleitos-em-criciuma-conheca-os-nomes\/#breadcrumb\"},\"inLanguage\":\"en-US\",\"potentialAction\":[{\"@type\":\"ReadAction\",\"target\":[\"https:\/\/sulsc.com\/index.php\/2023\/10\/02\/conselheiros-tutelares-sao-eleitos-em-criciuma-conheca-os-nomes\/\"]}]},{\"@type\":\"BreadcrumbList\",\"@id\":\"https:\/\/sulsc.com\/index.php\/2023\/10\/02\/conselheiros-tutelares-sao-eleitos-em-criciuma-conheca-os-nomes\/#breadcrumb\",\"itemListElement\":[{\"@type\":\"ListItem\",\"position\":1,\"name\":\"In\u00edcio\",\"item\":\"https:\/\/sulsc.com\/\"},{\"@type\":\"ListItem\",\"position\":2,\"name\":\"Conselheiros tutelares s\u00e3o eleitos em Crici\u00fama, conhe\u00e7a os nomes\"}]},{\"@type\":\"WebSite\",\"@id\":\"https:\/\/sulsc.com\/#website\",\"url\":\"https:\/\/sulsc.com\/\",\"name\":\"\",\"description\":\"\",\"potentialAction\":[{\"@type\":\"SearchAction\",\"target\":{\"@type\":\"EntryPoint\",\"urlTemplate\":\"https:\/\/sulsc.com\/?s={search_term_string}\"},\"query-input\":\"required name=search_term_string\"}],\"inLanguage\":\"en-US\"},{\"@type\":\"Person\",\"@id\":\"https:\/\/sulsc.com\/#\/schema\/person\/84d2fc571684f6248ba83092f07750a3\",\"name\":\"Reda\u00e7\u00e3o Sul SC\",\"image\":{\"@type\":\"ImageObject\",\"inLanguage\":\"en-US\",\"@id\":\"https:\/\/sulsc.com\/#\/schema\/person\/image\/e08d7fe2cc4ed596372063bbe852b8d0\",\"url\":\"https:\/\/sulsc.com\/wp-content\/uploads\/2023\/09\/redacao.png\",\"contentUrl\":\"https:\/\/sulsc.com\/wp-content\/uploads\/2023\/09\/redacao.png\",\"caption\":\"Reda\u00e7\u00e3o Sul SC\"},\"description\":\"Foco em um jornalismo imparcial, voltado \u00e0 qualidade dos seus conte\u00fados e, assim, levar informa\u00e7\u00e3o de valor que agregue \u00e0 vida dos leitores. Esta \u00e9 grande miss\u00e3o do Portal de Not\u00edcias Sul SC. N\u00e3o \u00e9 quantidade que muda o mundo, sempre foi e seguir\u00e1 sendo qualidade!\",\"sameAs\":[\"https:\/\/sulsc.com\/\",\"https:\/\/www.facebook.com\/profile.php?id=61559278119680\",\"https:\/\/www.instagram.com\/sulscportal\/?hl=pt-br\",\"https:\/\/twitter.com\/https:\/\/twitter.com\/PortalSulSC\",\"https:\/\/www.youtube.com\/channel\/UCv_BE8GeySluDov2n8qhVmw\"],\"url\":\"https:\/\/sulsc.com\/index.php\/author\/redacao\/\"}]}<\/script>\n<!-- \/ Yoast SEO plugin. -->","yoast_head_json":{"title":"Conselheiros tutelares s\u00e3o eleitos em Crici\u00fama, conhe\u00e7a os nomes -","robots":{"index":"index","follow":"follow","max-snippet":"max-snippet:-1","max-image-preview":"max-image-preview:large","max-video-preview":"max-video-preview:-1"},"canonical":"https:\/\/sulsc.com\/index.php\/2023\/10\/02\/conselheiros-tutelares-sao-eleitos-em-criciuma-conheca-os-nomes\/","og_locale":"en_US","og_type":"article","og_title":"Conselheiros tutelares s\u00e3o eleitos em Crici\u00fama, conhe\u00e7a os nomes -","og_description":"Eleitores dos munic\u00edpios do Sul de Santa Catarina foram \u00e0s urnas, neste domingo (1), para a escolha dos Conselheiros Tutelares. A elei\u00e7\u00e3o ocorreu das 8 \u00e0s 17 horas.\u00a0Os conselhos tutelares, que existem h\u00e1 mais de tr\u00eas d\u00e9cadas e foram criados com base na Lei Federal n\u00ba 8.069\/1990, o Estatuto da Crian\u00e7a e do Adolescente (ECA). &hellip; Conselheiros tutelares s\u00e3o eleitos em Crici\u00fama, conhe\u00e7a os nomes Read More &raquo;","og_url":"https:\/\/sulsc.com\/index.php\/2023\/10\/02\/conselheiros-tutelares-sao-eleitos-em-criciuma-conheca-os-nomes\/","article_author":"https:\/\/www.facebook.com\/profile.php?id=61559278119680","article_published_time":"2023-10-02T14:30:36+00:00","article_modified_time":"2023-10-02T14:35:00+00:00","og_image":[{"width":1600,"height":1067,"url":"https:\/\/sulsc.com\/wp-content\/uploads\/2023\/10\/pessoa-colocando-seu-voto-em-uma-caixa.jpeg","type":"image\/jpeg"}],"author":"Reda\u00e7\u00e3o Sul SC","twitter_card":"summary_large_image","twitter_creator":"@https:\/\/twitter.com\/PortalSulSC","twitter_misc":{"Written by":"Reda\u00e7\u00e3o Sul SC","Est. reading time":"1 minute"},"schema":{"@context":"https:\/\/schema.org","@graph":[{"@type":"WebPage","@id":"https:\/\/sulsc.com\/index.php\/2023\/10\/02\/conselheiros-tutelares-sao-eleitos-em-criciuma-conheca-os-nomes\/","url":"https:\/\/sulsc.com\/index.php\/2023\/10\/02\/conselheiros-tutelares-sao-eleitos-em-criciuma-conheca-os-nomes\/","name":"Conselheiros tutelares s\u00e3o eleitos em Crici\u00fama, conhe\u00e7a os nomes -","isPartOf":{"@id":"https:\/\/sulsc.com\/#website"},"datePublished":"2023-10-02T14:30:36+00:00","dateModified":"2023-10-02T14:35:00+00:00","author":{"@id":"https:\/\/sulsc.com\/#\/schema\/person\/84d2fc571684f6248ba83092f07750a3"},"breadcrumb":{"@id":"https:\/\/sulsc.com\/index.php\/2023\/10\/02\/conselheiros-tutelares-sao-eleitos-em-criciuma-conheca-os-nomes\/#breadcrumb"},"inLanguage":"en-US","potentialAction":[{"@type":"ReadAction","target":["https:\/\/sulsc.com\/index.php\/2023\/10\/02\/conselheiros-tutelares-sao-eleitos-em-criciuma-conheca-os-nomes\/"]}]},{"@type":"BreadcrumbList","@id":"https:\/\/sulsc.com\/index.php\/2023\/10\/02\/conselheiros-tutelares-sao-eleitos-em-criciuma-conheca-os-nomes\/#breadcrumb","itemListElement":[{"@type":"ListItem","position":1,"name":"In\u00edcio","item":"https:\/\/sulsc.com\/"},{"@type":"ListItem","position":2,"name":"Conselheiros tutelares s\u00e3o eleitos em Crici\u00fama, conhe\u00e7a os nomes"}]},{"@type":"WebSite","@id":"https:\/\/sulsc.com\/#website","url":"https:\/\/sulsc.com\/","name":"","description":"","potentialAction":[{"@type":"SearchAction","target":{"@type":"EntryPoint","urlTemplate":"https:\/\/sulsc.com\/?s={search_term_string}"},"query-input":"required name=search_term_string"}],"inLanguage":"en-US"},{"@type":"Person","@id":"https:\/\/sulsc.com\/#\/schema\/person\/84d2fc571684f6248ba83092f07750a3","name":"Reda\u00e7\u00e3o Sul SC","image":{"@type":"ImageObject","inLanguage":"en-US","@id":"https:\/\/sulsc.com\/#\/schema\/person\/image\/e08d7fe2cc4ed596372063bbe852b8d0","url":"https:\/\/sulsc.com\/wp-content\/uploads\/2023\/09\/redacao.png","contentUrl":"https:\/\/sulsc.com\/wp-content\/uploads\/2023\/09\/redacao.png","caption":"Reda\u00e7\u00e3o Sul SC"},"description":"Foco em um jornalismo imparcial, voltado \u00e0 qualidade dos seus conte\u00fados e, assim, levar informa\u00e7\u00e3o de valor que agregue \u00e0 vida dos leitores. Esta \u00e9 grande miss\u00e3o do Portal de Not\u00edcias Sul SC. N\u00e3o \u00e9 quantidade que muda o mundo, sempre foi e seguir\u00e1 sendo qualidade!","sameAs":["https:\/\/sulsc.com\/","https:\/\/www.facebook.com\/profile.php?id=61559278119680","https:\/\/www.instagram.com\/sulscportal\/?hl=pt-br","https:\/\/twitter.com\/https:\/\/twitter.com\/PortalSulSC","https:\/\/www.youtube.com\/channel\/UCv_BE8GeySluDov2n8qhVmw"],"url":"https:\/\/sulsc.com\/index.php\/author\/redacao\/"}]}},"authors":[],"_links":{"self":[{"href":"https:\/\/sulsc.com\/index.php\/wp-json\/wp\/v2\/posts\/1671"}],"collection":[{"href":"https:\/\/sulsc.com\/index.php\/wp-json\/wp\/v2\/posts"}],"about":[{"href":"https:\/\/sulsc.com\/index.php\/wp-json\/wp\/v2\/types\/post"}],"author":[{"embeddable":true,"href":"https:\/\/sulsc.com\/index.php\/wp-json\/wp\/v2\/users\/3"}],"replies":[{"embeddable":true,"href":"https:\/\/sulsc.com\/index.php\/wp-json\/wp\/v2\/comments?post=1671"}],"version-history":[{"count":1,"href":"https:\/\/sulsc.com\/index.php\/wp-json\/wp\/v2\/posts\/1671\/revisions"}],"predecessor-version":[{"id":1673,"href":"https:\/\/sulsc.com\/index.php\/wp-json\/wp\/v2\/posts\/1671\/revisions\/1673"}],"wp:featuredmedia":[{"embeddable":true,"href":"https:\/\/sulsc.com\/index.php\/wp-json\/wp\/v2\/media\/1669"}],"wp:attachment":[{"href":"https:\/\/sulsc.com\/index.php\/wp-json\/wp\/v2\/media?parent=1671"}],"wp:term":[{"taxonomy":"category","embeddable":true,"href":"https:\/\/sulsc.com\/index.php\/wp-json\/wp\/v2\/categories?post=1671"},{"taxonomy":"post_tag","embeddable":true,"href":"https:\/\/sulsc.com\/index.php\/wp-json\/wp\/v2\/tags?post=1671"}],"curies":[{"name":"wp","href":"https:\/\/api.w.org\/{rel}","templated":true}]}}