{"id":16845,"date":"2024-10-28T07:59:02","date_gmt":"2024-10-28T10:59:02","guid":{"rendered":"https:\/\/sulsc.com\/?p=16845"},"modified":"2024-10-28T08:06:38","modified_gmt":"2024-10-28T11:06:38","slug":"sol-entre-nuvens-e-temperaturas-em-elevacao-na-parte-da-tarde-nesta-segunda-feira-28","status":"publish","type":"post","link":"https:\/\/sulsc.com\/index.php\/2024\/10\/28\/sol-entre-nuvens-e-temperaturas-em-elevacao-na-parte-da-tarde-nesta-segunda-feira-28\/","title":{"rendered":"Sol entre nuvens e temperaturas em eleva\u00e7\u00e3o na parte da tarde nesta segunda-feira (28)"},"content":{"rendered":"<p><span style=\"vertical-align: inherit;\"><span style=\"vertical-align: inherit;\">A segunda-feira (28) ter\u00e1 predom\u00ednio de sol e varia\u00e7\u00e3o de nuvens na maioria das regi\u00f5es. Entretanto, a influ\u00eancia de uma \u00e1rea de baixa press\u00e3o favorecendo uma ocorr\u00eancia de temporais muito isoladas durante a tarde entre o Grande Oeste e o Planalto Norte com risco baixo para ocorr\u00eancias associadas. Na Serra, Vale do Itaja\u00ed, Gr. Florian\u00f3polis e Litoral Norte, apresentam maior quantidade de nuvens e condi\u00e7\u00f5es para chuviscos no in\u00edcio e final do dia.<\/span><\/span><\/p>\n<p><img fetchpriority=\"high\" decoding=\"async\" class=\"aligncenter size-full wp-image-16846\" src=\"http:\/\/sulsc.com\/wp-content\/uploads\/2024\/10\/2-2.png\" alt=\"\" width=\"1473\" height=\"998\" srcset=\"https:\/\/sulsc.com\/wp-content\/uploads\/2024\/10\/2-2.png 1473w, https:\/\/sulsc.com\/wp-content\/uploads\/2024\/10\/2-2-300x203.png 300w, https:\/\/sulsc.com\/wp-content\/uploads\/2024\/10\/2-2-1024x694.png 1024w, https:\/\/sulsc.com\/wp-content\/uploads\/2024\/10\/2-2-768x520.png 768w\" sizes=\"(max-width: 1473px) 100vw, 1473px\" \/><\/p>\n<p><img decoding=\"async\" class=\"aligncenter wp-image-16742\" src=\"http:\/\/sulsc.com\/wp-content\/uploads\/2024\/10\/legendaaaaa-1536x286-1-4.png\" alt=\"\" width=\"638\" height=\"119\" srcset=\"https:\/\/sulsc.com\/wp-content\/uploads\/2024\/10\/legendaaaaa-1536x286-1-4.png 1536w, https:\/\/sulsc.com\/wp-content\/uploads\/2024\/10\/legendaaaaa-1536x286-1-4-300x56.png 300w, https:\/\/sulsc.com\/wp-content\/uploads\/2024\/10\/legendaaaaa-1536x286-1-4-1024x191.png 1024w, https:\/\/sulsc.com\/wp-content\/uploads\/2024\/10\/legendaaaaa-1536x286-1-4-768x143.png 768w\" sizes=\"(max-width: 638px) 100vw, 638px\" \/><\/p>\n<p><span style=\"vertical-align: inherit;\"><span style=\"vertical-align: inherit;\">No amanhecer, as temperaturas variam entre 6\u00b0C e 17\u00b0C pelo estado. Durante a tarde, elas apresentam eleva\u00e7\u00f5es com marcas entre 27\u00b0C e 32\u00b0C no Oeste e Extremo Oeste e de 23\u00b0C a 29\u00b0C nas demais regi\u00f5es com marcas menores nas \u00e1reas serranas. Os ventos s\u00e3o predominantemente predominantes de nordeste com rajadas de at\u00e9 60 km\/h no Litoral Sul, o que deixa o mar mais agitado nesta regi\u00e3o com ondas de sul entre 1,5 e 2,5m, oferecendo risco baixo a moderado para ocorr\u00eancias associadas \u00e0 toxicidade mar\u00edtima.<\/span><\/span><\/p>\n<p><span style=\"vertical-align: inherit;\"><span style=\"vertical-align: inherit;\">Fonte: Defesa Civil SC\/Meteorologista: Fernando Rafael<\/span><\/span><\/p>\n<p>&nbsp;<\/p>\n","protected":false},"excerpt":{"rendered":"<p>A segunda-feira (28) ter\u00e1 predom\u00ednio de sol e varia\u00e7\u00e3o de nuvens na maioria das regi\u00f5es. Entretanto, a influ\u00eancia de uma \u00e1rea de baixa press\u00e3o favorecendo uma ocorr\u00eancia de temporais muito isoladas durante a tarde entre o Grande Oeste e o Planalto Norte com risco baixo para ocorr\u00eancias associadas. Na Serra, Vale do Itaja\u00ed, Gr. Florian\u00f3polis &hellip;<\/p>\n<p class=\"read-more\"> <a class=\"\" href=\"https:\/\/sulsc.com\/index.php\/2024\/10\/28\/sol-entre-nuvens-e-temperaturas-em-elevacao-na-parte-da-tarde-nesta-segunda-feira-28\/\"> <span class=\"screen-reader-text\">Sol entre nuvens e temperaturas em eleva\u00e7\u00e3o na parte da tarde nesta segunda-feira (28)<\/span> Read More &raquo;<\/a><\/p>\n","protected":false},"author":3,"featured_media":16849,"comment_status":"open","ping_status":"open","sticky":false,"template":"","format":"standard","meta":{"site-sidebar-layout":"default","site-content-layout":"","ast-site-content-layout":"default","site-content-style":"default","site-sidebar-style":"default","ast-global-header-display":"","ast-banner-title-visibility":"","ast-main-header-display":"","ast-hfb-above-header-display":"","ast-hfb-below-header-display":"","ast-hfb-mobile-header-display":"","site-post-title":"","ast-breadcrumbs-content":"","ast-featured-img":"","footer-sml-layout":"","theme-transparent-header-meta":"default","adv-header-id-meta":"","stick-header-meta":"","header-above-stick-meta":"","header-main-stick-meta":"","header-below-stick-meta":"","astra-migrate-meta-layouts":"set","footnotes":""},"categories":[38],"tags":[90],"yoast_head":"<!-- This site is optimized with the Yoast SEO plugin v21.4 - https:\/\/yoast.com\/wordpress\/plugins\/seo\/ -->\n<title>Sol entre nuvens e temperaturas em eleva\u00e7\u00e3o na parte da tarde nesta segunda-feira (28) -<\/title>\n<meta name=\"description\" content=\"Os ventos estar\u00e3o predominantes de nordeste com rajadas de at\u00e9 60 km h no Litoral Sul o que deixa o mar mais agitado nesta regi\u00e3o\" \/>\n<meta name=\"robots\" content=\"index, follow, max-snippet:-1, max-image-preview:large, max-video-preview:-1\" \/>\n<link rel=\"canonical\" href=\"https:\/\/sulsc.com\/index.php\/2024\/10\/28\/sol-entre-nuvens-e-temperaturas-em-elevacao-na-parte-da-tarde-nesta-segunda-feira-28\/\" \/>\n<meta property=\"og:locale\" content=\"en_US\" \/>\n<meta property=\"og:type\" content=\"article\" \/>\n<meta property=\"og:title\" content=\"Sol entre nuvens e temperaturas em eleva\u00e7\u00e3o na parte da tarde nesta segunda-feira (28) -\" \/>\n<meta property=\"og:description\" content=\"Os ventos estar\u00e3o predominantes de nordeste com rajadas de at\u00e9 60 km h no Litoral Sul o que deixa o mar mais agitado nesta regi\u00e3o\" \/>\n<meta property=\"og:url\" content=\"https:\/\/sulsc.com\/index.php\/2024\/10\/28\/sol-entre-nuvens-e-temperaturas-em-elevacao-na-parte-da-tarde-nesta-segunda-feira-28\/\" \/>\n<meta property=\"article:author\" content=\"https:\/\/www.facebook.com\/profile.php?id=61559278119680\" \/>\n<meta property=\"article:published_time\" content=\"2024-10-28T10:59:02+00:00\" \/>\n<meta property=\"article:modified_time\" content=\"2024-10-28T11:06:38+00:00\" \/>\n<meta property=\"og:image\" content=\"http:\/\/sulsc.com\/wp-content\/uploads\/2024\/10\/Tempo-2-scaled.jpg\" \/>\n\t<meta property=\"og:image:width\" content=\"1151\" \/>\n\t<meta property=\"og:image:height\" content=\"2560\" \/>\n\t<meta property=\"og:image:type\" content=\"image\/jpeg\" \/>\n<meta name=\"author\" content=\"Reda\u00e7\u00e3o Sul SC\" \/>\n<meta name=\"twitter:card\" content=\"summary_large_image\" \/>\n<meta name=\"twitter:creator\" content=\"@https:\/\/twitter.com\/PortalSulSC\" \/>\n<meta name=\"twitter:label1\" content=\"Written by\" \/>\n\t<meta name=\"twitter:data1\" content=\"Reda\u00e7\u00e3o Sul SC\" \/>\n\t<meta name=\"twitter:label2\" content=\"Est. reading time\" \/>\n\t<meta name=\"twitter:data2\" content=\"2 minutes\" \/>\n<script type=\"application\/ld+json\" class=\"yoast-schema-graph\">{\"@context\":\"https:\/\/schema.org\",\"@graph\":[{\"@type\":\"WebPage\",\"@id\":\"https:\/\/sulsc.com\/index.php\/2024\/10\/28\/sol-entre-nuvens-e-temperaturas-em-elevacao-na-parte-da-tarde-nesta-segunda-feira-28\/\",\"url\":\"https:\/\/sulsc.com\/index.php\/2024\/10\/28\/sol-entre-nuvens-e-temperaturas-em-elevacao-na-parte-da-tarde-nesta-segunda-feira-28\/\",\"name\":\"Sol entre nuvens e temperaturas em eleva\u00e7\u00e3o na parte da tarde nesta segunda-feira (28) -\",\"isPartOf\":{\"@id\":\"https:\/\/sulsc.com\/#website\"},\"datePublished\":\"2024-10-28T10:59:02+00:00\",\"dateModified\":\"2024-10-28T11:06:38+00:00\",\"author\":{\"@id\":\"https:\/\/sulsc.com\/#\/schema\/person\/84d2fc571684f6248ba83092f07750a3\"},\"description\":\"Os ventos estar\u00e3o predominantes de nordeste com rajadas de at\u00e9 60 km h no Litoral Sul o que deixa o mar mais agitado nesta regi\u00e3o\",\"breadcrumb\":{\"@id\":\"https:\/\/sulsc.com\/index.php\/2024\/10\/28\/sol-entre-nuvens-e-temperaturas-em-elevacao-na-parte-da-tarde-nesta-segunda-feira-28\/#breadcrumb\"},\"inLanguage\":\"en-US\",\"potentialAction\":[{\"@type\":\"ReadAction\",\"target\":[\"https:\/\/sulsc.com\/index.php\/2024\/10\/28\/sol-entre-nuvens-e-temperaturas-em-elevacao-na-parte-da-tarde-nesta-segunda-feira-28\/\"]}]},{\"@type\":\"BreadcrumbList\",\"@id\":\"https:\/\/sulsc.com\/index.php\/2024\/10\/28\/sol-entre-nuvens-e-temperaturas-em-elevacao-na-parte-da-tarde-nesta-segunda-feira-28\/#breadcrumb\",\"itemListElement\":[{\"@type\":\"ListItem\",\"position\":1,\"name\":\"In\u00edcio\",\"item\":\"https:\/\/sulsc.com\/\"},{\"@type\":\"ListItem\",\"position\":2,\"name\":\"Sol entre nuvens e temperaturas em eleva\u00e7\u00e3o na parte da tarde nesta segunda-feira (28)\"}]},{\"@type\":\"WebSite\",\"@id\":\"https:\/\/sulsc.com\/#website\",\"url\":\"https:\/\/sulsc.com\/\",\"name\":\"\",\"description\":\"\",\"potentialAction\":[{\"@type\":\"SearchAction\",\"target\":{\"@type\":\"EntryPoint\",\"urlTemplate\":\"https:\/\/sulsc.com\/?s={search_term_string}\"},\"query-input\":\"required name=search_term_string\"}],\"inLanguage\":\"en-US\"},{\"@type\":\"Person\",\"@id\":\"https:\/\/sulsc.com\/#\/schema\/person\/84d2fc571684f6248ba83092f07750a3\",\"name\":\"Reda\u00e7\u00e3o Sul SC\",\"image\":{\"@type\":\"ImageObject\",\"inLanguage\":\"en-US\",\"@id\":\"https:\/\/sulsc.com\/#\/schema\/person\/image\/e08d7fe2cc4ed596372063bbe852b8d0\",\"url\":\"https:\/\/sulsc.com\/wp-content\/uploads\/2023\/09\/redacao.png\",\"contentUrl\":\"https:\/\/sulsc.com\/wp-content\/uploads\/2023\/09\/redacao.png\",\"caption\":\"Reda\u00e7\u00e3o Sul SC\"},\"description\":\"Foco em um jornalismo imparcial, voltado \u00e0 qualidade dos seus conte\u00fados e, assim, levar informa\u00e7\u00e3o de valor que agregue \u00e0 vida dos leitores. Esta \u00e9 grande miss\u00e3o do Portal de Not\u00edcias Sul SC. N\u00e3o \u00e9 quantidade que muda o mundo, sempre foi e seguir\u00e1 sendo qualidade!\",\"sameAs\":[\"https:\/\/sulsc.com\/\",\"https:\/\/www.facebook.com\/profile.php?id=61559278119680\",\"https:\/\/www.instagram.com\/sulscportal\/?hl=pt-br\",\"https:\/\/twitter.com\/https:\/\/twitter.com\/PortalSulSC\",\"https:\/\/www.youtube.com\/channel\/UCv_BE8GeySluDov2n8qhVmw\"],\"url\":\"https:\/\/sulsc.com\/index.php\/author\/redacao\/\"}]}<\/script>\n<!-- \/ Yoast SEO plugin. -->","yoast_head_json":{"title":"Sol entre nuvens e temperaturas em eleva\u00e7\u00e3o na parte da tarde nesta segunda-feira (28) -","description":"Os ventos estar\u00e3o predominantes de nordeste com rajadas de at\u00e9 60 km h no Litoral Sul o que deixa o mar mais agitado nesta regi\u00e3o","robots":{"index":"index","follow":"follow","max-snippet":"max-snippet:-1","max-image-preview":"max-image-preview:large","max-video-preview":"max-video-preview:-1"},"canonical":"https:\/\/sulsc.com\/index.php\/2024\/10\/28\/sol-entre-nuvens-e-temperaturas-em-elevacao-na-parte-da-tarde-nesta-segunda-feira-28\/","og_locale":"en_US","og_type":"article","og_title":"Sol entre nuvens e temperaturas em eleva\u00e7\u00e3o na parte da tarde nesta segunda-feira (28) -","og_description":"Os ventos estar\u00e3o predominantes de nordeste com rajadas de at\u00e9 60 km h no Litoral Sul o que deixa o mar mais agitado nesta regi\u00e3o","og_url":"https:\/\/sulsc.com\/index.php\/2024\/10\/28\/sol-entre-nuvens-e-temperaturas-em-elevacao-na-parte-da-tarde-nesta-segunda-feira-28\/","article_author":"https:\/\/www.facebook.com\/profile.php?id=61559278119680","article_published_time":"2024-10-28T10:59:02+00:00","article_modified_time":"2024-10-28T11:06:38+00:00","og_image":[{"width":1151,"height":2560,"url":"http:\/\/sulsc.com\/wp-content\/uploads\/2024\/10\/Tempo-2-scaled.jpg","type":"image\/jpeg"}],"author":"Reda\u00e7\u00e3o Sul SC","twitter_card":"summary_large_image","twitter_creator":"@https:\/\/twitter.com\/PortalSulSC","twitter_misc":{"Written by":"Reda\u00e7\u00e3o Sul SC","Est. reading time":"2 minutes"},"schema":{"@context":"https:\/\/schema.org","@graph":[{"@type":"WebPage","@id":"https:\/\/sulsc.com\/index.php\/2024\/10\/28\/sol-entre-nuvens-e-temperaturas-em-elevacao-na-parte-da-tarde-nesta-segunda-feira-28\/","url":"https:\/\/sulsc.com\/index.php\/2024\/10\/28\/sol-entre-nuvens-e-temperaturas-em-elevacao-na-parte-da-tarde-nesta-segunda-feira-28\/","name":"Sol entre nuvens e temperaturas em eleva\u00e7\u00e3o na parte da tarde nesta segunda-feira (28) -","isPartOf":{"@id":"https:\/\/sulsc.com\/#website"},"datePublished":"2024-10-28T10:59:02+00:00","dateModified":"2024-10-28T11:06:38+00:00","author":{"@id":"https:\/\/sulsc.com\/#\/schema\/person\/84d2fc571684f6248ba83092f07750a3"},"description":"Os ventos estar\u00e3o predominantes de nordeste com rajadas de at\u00e9 60 km h no Litoral Sul o que deixa o mar mais agitado nesta regi\u00e3o","breadcrumb":{"@id":"https:\/\/sulsc.com\/index.php\/2024\/10\/28\/sol-entre-nuvens-e-temperaturas-em-elevacao-na-parte-da-tarde-nesta-segunda-feira-28\/#breadcrumb"},"inLanguage":"en-US","potentialAction":[{"@type":"ReadAction","target":["https:\/\/sulsc.com\/index.php\/2024\/10\/28\/sol-entre-nuvens-e-temperaturas-em-elevacao-na-parte-da-tarde-nesta-segunda-feira-28\/"]}]},{"@type":"BreadcrumbList","@id":"https:\/\/sulsc.com\/index.php\/2024\/10\/28\/sol-entre-nuvens-e-temperaturas-em-elevacao-na-parte-da-tarde-nesta-segunda-feira-28\/#breadcrumb","itemListElement":[{"@type":"ListItem","position":1,"name":"In\u00edcio","item":"https:\/\/sulsc.com\/"},{"@type":"ListItem","position":2,"name":"Sol entre nuvens e temperaturas em eleva\u00e7\u00e3o na parte da tarde nesta segunda-feira (28)"}]},{"@type":"WebSite","@id":"https:\/\/sulsc.com\/#website","url":"https:\/\/sulsc.com\/","name":"","description":"","potentialAction":[{"@type":"SearchAction","target":{"@type":"EntryPoint","urlTemplate":"https:\/\/sulsc.com\/?s={search_term_string}"},"query-input":"required name=search_term_string"}],"inLanguage":"en-US"},{"@type":"Person","@id":"https:\/\/sulsc.com\/#\/schema\/person\/84d2fc571684f6248ba83092f07750a3","name":"Reda\u00e7\u00e3o Sul SC","image":{"@type":"ImageObject","inLanguage":"en-US","@id":"https:\/\/sulsc.com\/#\/schema\/person\/image\/e08d7fe2cc4ed596372063bbe852b8d0","url":"https:\/\/sulsc.com\/wp-content\/uploads\/2023\/09\/redacao.png","contentUrl":"https:\/\/sulsc.com\/wp-content\/uploads\/2023\/09\/redacao.png","caption":"Reda\u00e7\u00e3o Sul SC"},"description":"Foco em um jornalismo imparcial, voltado \u00e0 qualidade dos seus conte\u00fados e, assim, levar informa\u00e7\u00e3o de valor que agregue \u00e0 vida dos leitores. Esta \u00e9 grande miss\u00e3o do Portal de Not\u00edcias Sul SC. N\u00e3o \u00e9 quantidade que muda o mundo, sempre foi e seguir\u00e1 sendo qualidade!","sameAs":["https:\/\/sulsc.com\/","https:\/\/www.facebook.com\/profile.php?id=61559278119680","https:\/\/www.instagram.com\/sulscportal\/?hl=pt-br","https:\/\/twitter.com\/https:\/\/twitter.com\/PortalSulSC","https:\/\/www.youtube.com\/channel\/UCv_BE8GeySluDov2n8qhVmw"],"url":"https:\/\/sulsc.com\/index.php\/author\/redacao\/"}]}},"authors":[],"_links":{"self":[{"href":"https:\/\/sulsc.com\/index.php\/wp-json\/wp\/v2\/posts\/16845"}],"collection":[{"href":"https:\/\/sulsc.com\/index.php\/wp-json\/wp\/v2\/posts"}],"about":[{"href":"https:\/\/sulsc.com\/index.php\/wp-json\/wp\/v2\/types\/post"}],"author":[{"embeddable":true,"href":"https:\/\/sulsc.com\/index.php\/wp-json\/wp\/v2\/users\/3"}],"replies":[{"embeddable":true,"href":"https:\/\/sulsc.com\/index.php\/wp-json\/wp\/v2\/comments?post=16845"}],"version-history":[{"count":3,"href":"https:\/\/sulsc.com\/index.php\/wp-json\/wp\/v2\/posts\/16845\/revisions"}],"predecessor-version":[{"id":16850,"href":"https:\/\/sulsc.com\/index.php\/wp-json\/wp\/v2\/posts\/16845\/revisions\/16850"}],"wp:featuredmedia":[{"embeddable":true,"href":"https:\/\/sulsc.com\/index.php\/wp-json\/wp\/v2\/media\/16849"}],"wp:attachment":[{"href":"https:\/\/sulsc.com\/index.php\/wp-json\/wp\/v2\/media?parent=16845"}],"wp:term":[{"taxonomy":"category","embeddable":true,"href":"https:\/\/sulsc.com\/index.php\/wp-json\/wp\/v2\/categories?post=16845"},{"taxonomy":"post_tag","embeddable":true,"href":"https:\/\/sulsc.com\/index.php\/wp-json\/wp\/v2\/tags?post=16845"}],"curies":[{"name":"wp","href":"https:\/\/api.w.org\/{rel}","templated":true}]}}