{"id":1686,"date":"2023-10-02T15:40:24","date_gmt":"2023-10-02T18:40:24","guid":{"rendered":"https:\/\/sulsc.com\/?p=1686"},"modified":"2023-10-02T12:43:03","modified_gmt":"2023-10-02T15:43:03","slug":"prefeitura-de-criciuma-desenvolve-informativo-digital-com-principais-pontos-turisticos","status":"publish","type":"post","link":"https:\/\/sulsc.com\/index.php\/2023\/10\/02\/prefeitura-de-criciuma-desenvolve-informativo-digital-com-principais-pontos-turisticos\/","title":{"rendered":"Prefeitura de Crici\u00fama desenvolve informativo digital com principais pontos tur\u00edsticos"},"content":{"rendered":"<p>Inspirada em grandes portais tur\u00edsticos, a Administra\u00e7\u00e3o Municipal, por meio da Diretoria de Tecnologia e Informa\u00e7\u00e3o (DTI), desenvolveu o site Viva Crici\u00fama, com informa\u00e7\u00f5es sobre os equipamentos tur\u00edsticos da cidade. A apresenta\u00e7\u00e3o da plataforma ser\u00e1 nesta segunda-feira (2), \u00e0s 19h, durante o lan\u00e7amento do Programa Acelera Crici\u00fama, que acontecer\u00e1 no Centro Multiuso da Afasc, anexo ao Parque das Na\u00e7\u00f5es, no bairro Pr\u00f3spera.<\/p>\n<p>\u201c\u00c9 hora de acelerar, tamb\u00e9m, no turismo. Crici\u00fama contou com importantes atividades econ\u00f4micas que promoveram o desenvolvimento da regi\u00e3o. Atualmente, novos setores ganharam destaque, pois temos um com\u00e9rcio pujante, que cresce a cada dia. Agora, somos a cidade do turismo. A infraestrutura da cidade est\u00e1 moldando o futuro e consolidando Crici\u00fama como destino tur\u00edstico\u201d, ressalta o prefeito de Crici\u00fama, Cl\u00e9sio Salvaro.<\/p>\n<p>O site servir\u00e1 como guia de viagem, com informa\u00e7\u00f5es completas sobre pontos tur\u00edsticos, hist\u00f3ria da cidade, eventos, atra\u00e7\u00f5es art\u00edsticas, restaurantes e hospedagens. Navegando pelo portal, projetado para todos os tipos de dispositivos, \u00e9 poss\u00edvel conhecer a cidade por meio de v\u00eddeos informativos e vis\u00f5es 360\u00b0. O site possui, ainda, uma aba para explorar o antes e depois do munic\u00edpio de Crici\u00fama, por meio de um mapa interativo, que compara a atual infraestrutura com a de 50 anos atr\u00e1s.<\/p>\n<p>\u201cNossa cidade \u00e9 conhecida por suas heran\u00e7as culturais e festivais vibrantes. A gastronomia tamb\u00e9m celebra um \u00f3timo momento, com grande diversidade de sabores e tradi\u00e7\u00f5es. O site \u00e9 uma ferramenta que facilitar\u00e1 a vida tanto dos visitantes, que passam pela cidade para aproveitar as atra\u00e7\u00f5es, quanto dos moradores, que vivem Crici\u00fama todos os dias\u201d, afirma o presidente da Funda\u00e7\u00e3o Cultural de Crici\u00fama (FCC), Joster Favero.<\/p>\n<figure id=\"attachment_1688\" aria-describedby=\"caption-attachment-1688\" style=\"width: 768px\" class=\"wp-caption alignnone\"><img fetchpriority=\"high\" decoding=\"async\" class=\"size-full wp-image-1688\" src=\"http:\/\/sulsc.com\/wp-content\/uploads\/2023\/10\/Viva-Criciuma-Prefeitura-desenvolve-site-informativo-com-principais-pontos-turisticas-da-cidade-Foto-de-Arquivo-Decom-1-768x512-1.webp\" alt=\"\" width=\"768\" height=\"512\" srcset=\"https:\/\/sulsc.com\/wp-content\/uploads\/2023\/10\/Viva-Criciuma-Prefeitura-desenvolve-site-informativo-com-principais-pontos-turisticas-da-cidade-Foto-de-Arquivo-Decom-1-768x512-1.webp 768w, https:\/\/sulsc.com\/wp-content\/uploads\/2023\/10\/Viva-Criciuma-Prefeitura-desenvolve-site-informativo-com-principais-pontos-turisticas-da-cidade-Foto-de-Arquivo-Decom-1-768x512-1-300x200.webp 300w\" sizes=\"(max-width: 768px) 100vw, 768px\" \/><figcaption id=\"caption-attachment-1688\" class=\"wp-caption-text\">Foto: Arquivo\/Decom<\/figcaption><\/figure>\n<p>Segundo o secret\u00e1rio-geral da prefeitura e coordenador do Programa Acelera Crici\u00fama, Arleu da Silveira, um dos compromissos da Administra\u00e7\u00e3o Municipal \u00e9 promover o acesso ao lazer e implementar novos pontos tur\u00edsticos em Crici\u00fama. Pensando nisso, o governo municipal construir\u00e1 um Parque Ecol\u00f3gico no Morro Cechinel, ao lado do Mirante Realdo Santos Guglielmi. O ambiente ser\u00e1 dedicado \u00e0 aprecia\u00e7\u00e3o da natureza, com um ecossistema sustent\u00e1vel e repleto de esp\u00e9cies nativas da regi\u00e3o carbon\u00edfera.<\/p>\n<p>\u201cCrici\u00fama tem grande potencial tur\u00edstico, com estruturas que oferecem qualidade de vida aos moradores e encantam os visitantes. Tudo isso estar\u00e1 dispon\u00edvel no nosso site, para que todos possam descobrir tudo o que a cidade tem de melhor para oferecer. Mas, os investimentos n\u00e3o param por a\u00ed. Temos grandes projetos, como o da Pra\u00e7a da Santa B\u00e1rbara e Abelle Colle, que ser\u00e3o transformadas, para dar vida nova \u00e0s comunidades\u201d, explica Silveira.<\/p>\n<p>Pensando, ainda, em sustentabilidade, a prefeitura tem implantado nova ilumina\u00e7\u00e3o de LED nos principais pontos tur\u00edsticos e nas principais \u00e1reas de conviv\u00eancia de Crici\u00fama. Recentemente, o Parque das Na\u00e7\u00f5es e a Pra\u00e7a Nereu Ramos receberam novas l\u00e2mpadas, que consomem menos energia e tornam os ambientes mais seguros.<\/p>\n<p>&nbsp;<\/p>\n<p><strong>Mirante Realdo Santos Guglielmi<\/strong><\/p>\n<p>O Mirante Realdo Santos Guglielmi, localizado no Morro Cechinel, ao lado do Parque Astron\u00f4mico Municipal Albert Einstein E=mc\u00b2, est\u00e1 em fase de constru\u00e7\u00e3o e ser\u00e1 inaugurado no dia 4 de novembro, durante as comemora\u00e7\u00f5es alusivas aos 98 anos de emancipa\u00e7\u00e3o pol\u00edtico-administrativa de Crici\u00fama. A estrutura permite uma vis\u00e3o 360\u00ba do munic\u00edpio de Crici\u00fama, da Serra e do mar. O investimento para a execu\u00e7\u00e3o da obra \u00e9 de R$ 4,2 milh\u00f5es, sendo R$ 2,2 milh\u00f5es provenientes de recursos do Governo Federal, por meio do Minist\u00e9rio do Turismo (MTur).<\/p>\n<p>&nbsp;<\/p>\n<p><strong>Giro Henrique Lodetti<\/strong><\/p>\n<p>O Giro Henrique Lodetti, a Rua Coberta, ser\u00e1 a mistura de tradi\u00e7\u00e3o e moderniza\u00e7\u00e3o na regi\u00e3o central. Localizado em um dos pontos mais tradicionais do com\u00e9rcio de Crici\u00fama, a nova rua Henrique Lodetti abrigar\u00e1 atividades gastron\u00f4micas, al\u00e9m de valorizar os estabelecimentos da rua e das proximidades. O investimento para a implanta\u00e7\u00e3o da obra \u00e9 de mais de R$ 4,3 milh\u00f5es, provenientes de recursos pr\u00f3prios da prefeitura.<\/p>\n<p>&nbsp;<\/p>\n<p><strong>Pra\u00e7a do Congresso<\/strong><\/p>\n<p>A Pra\u00e7a do Congresso, no Centro, est\u00e1 sendo totalmente revitalizada. A obra contempla a substitui\u00e7\u00e3o do petit-pav\u00e9 por paver das cal\u00e7adas externas e meios-fios, cercamento total da pra\u00e7a, pavimenta\u00e7\u00e3o de todos os caminhos com paver, a reconstru\u00e7\u00e3o de todas as escadarias de acesso da pra\u00e7a (com guarda-corpo, corrim\u00e3o e rampas de acessibilidade), cercamento e revitaliza\u00e7\u00e3o da ilha do lago, implanta\u00e7\u00e3o do espa\u00e7o pet e de um coreto e deck de madeira, revitaliza\u00e7\u00e3o do parque infantil e da academia, drenagem e ilumina\u00e7\u00e3o. O investimento \u00e9 de R$ 2,3 milh\u00f5es, sendo R$ 1,5 milh\u00e3o provenientes do Fundo de Desenvolvimento Municipal (Fundem).<\/p>\n<p>&nbsp;<\/p>\n<p><strong>Parque da Santa Luzia<\/strong><\/p>\n<p>O Parque Municipal Santa Luzia, que est\u00e1 em fase de constru\u00e7\u00e3o em Crici\u00fama, ser\u00e1 mais um espa\u00e7o voltado ao lazer, sa\u00fade, bem-estar e seguran\u00e7a da popula\u00e7\u00e3o. Com 32.638,00 m\u00b2, o local ter\u00e1 dois ambientes: um social, voltado para a conviv\u00eancia e intera\u00e7\u00e3o, e um esportivo, em \u00e1rea mais alta, para a realiza\u00e7\u00e3o de atividades f\u00edsicas. O investimento \u00e9 de R$ 12,7 milh\u00f5es, oriundos de recursos do Financiamento \u00e0 Infraestrutura e ao Saneamento (Finisa).<\/p>\n<p>&nbsp;<\/p>\n<p>Fonte: Pref. Crici\u00fama<\/p>\n","protected":false},"excerpt":{"rendered":"<p>Inspirada em grandes portais tur\u00edsticos, a Administra\u00e7\u00e3o Municipal, por meio da Diretoria de Tecnologia e Informa\u00e7\u00e3o (DTI), desenvolveu o site Viva Crici\u00fama, com informa\u00e7\u00f5es sobre os equipamentos tur\u00edsticos da cidade. A apresenta\u00e7\u00e3o da plataforma ser\u00e1 nesta segunda-feira (2), \u00e0s 19h, durante o lan\u00e7amento do Programa Acelera Crici\u00fama, que acontecer\u00e1 no Centro Multiuso da Afasc, anexo &hellip;<\/p>\n<p class=\"read-more\"> <a class=\"\" href=\"https:\/\/sulsc.com\/index.php\/2023\/10\/02\/prefeitura-de-criciuma-desenvolve-informativo-digital-com-principais-pontos-turisticos\/\"> <span class=\"screen-reader-text\">Prefeitura de Crici\u00fama desenvolve informativo digital com principais pontos tur\u00edsticos<\/span> Read More &raquo;<\/a><\/p>\n","protected":false},"author":3,"featured_media":1687,"comment_status":"open","ping_status":"open","sticky":false,"template":"","format":"standard","meta":{"site-sidebar-layout":"default","site-content-layout":"default","ast-site-content-layout":"","site-content-style":"default","site-sidebar-style":"default","ast-global-header-display":"","ast-banner-title-visibility":"","ast-main-header-display":"","ast-hfb-above-header-display":"","ast-hfb-below-header-display":"","ast-hfb-mobile-header-display":"","site-post-title":"","ast-breadcrumbs-content":"","ast-featured-img":"","footer-sml-layout":"","theme-transparent-header-meta":"default","adv-header-id-meta":"","stick-header-meta":"","header-above-stick-meta":"","header-main-stick-meta":"","header-below-stick-meta":"","astra-migrate-meta-layouts":"","footnotes":""},"categories":[23,1],"tags":[],"yoast_head":"<!-- This site is optimized with the Yoast SEO plugin v21.4 - https:\/\/yoast.com\/wordpress\/plugins\/seo\/ -->\n<title>Prefeitura de Crici\u00fama desenvolve informativo digital com principais pontos tur\u00edsticos -<\/title>\n<meta name=\"robots\" content=\"index, follow, max-snippet:-1, max-image-preview:large, max-video-preview:-1\" \/>\n<link rel=\"canonical\" href=\"https:\/\/sulsc.com\/index.php\/2023\/10\/02\/prefeitura-de-criciuma-desenvolve-informativo-digital-com-principais-pontos-turisticos\/\" \/>\n<meta property=\"og:locale\" content=\"en_US\" \/>\n<meta property=\"og:type\" content=\"article\" \/>\n<meta property=\"og:title\" content=\"Prefeitura de Crici\u00fama desenvolve informativo digital com principais pontos tur\u00edsticos -\" \/>\n<meta property=\"og:description\" content=\"Inspirada em grandes portais tur\u00edsticos, a Administra\u00e7\u00e3o Municipal, por meio da Diretoria de Tecnologia e Informa\u00e7\u00e3o (DTI), desenvolveu o site Viva Crici\u00fama, com informa\u00e7\u00f5es sobre os equipamentos tur\u00edsticos da cidade. A apresenta\u00e7\u00e3o da plataforma ser\u00e1 nesta segunda-feira (2), \u00e0s 19h, durante o lan\u00e7amento do Programa Acelera Crici\u00fama, que acontecer\u00e1 no Centro Multiuso da Afasc, anexo &hellip; Prefeitura de Crici\u00fama desenvolve informativo digital com principais pontos tur\u00edsticos Read More &raquo;\" \/>\n<meta property=\"og:url\" content=\"https:\/\/sulsc.com\/index.php\/2023\/10\/02\/prefeitura-de-criciuma-desenvolve-informativo-digital-com-principais-pontos-turisticos\/\" \/>\n<meta property=\"article:author\" content=\"https:\/\/www.facebook.com\/profile.php?id=61559278119680\" \/>\n<meta property=\"article:published_time\" content=\"2023-10-02T18:40:24+00:00\" \/>\n<meta property=\"article:modified_time\" content=\"2023-10-02T15:43:03+00:00\" \/>\n<meta property=\"og:image\" content=\"https:\/\/sulsc.com\/wp-content\/uploads\/2023\/10\/Prefeitura-desenvolve-informativo-digital-com-principais-pontos-turisticos-de-Criciuma.jpeg\" \/>\n\t<meta property=\"og:image:width\" content=\"1600\" \/>\n\t<meta property=\"og:image:height\" content=\"1077\" \/>\n\t<meta property=\"og:image:type\" content=\"image\/jpeg\" \/>\n<meta name=\"author\" content=\"Reda\u00e7\u00e3o Sul SC\" \/>\n<meta name=\"twitter:card\" content=\"summary_large_image\" \/>\n<meta name=\"twitter:creator\" content=\"@https:\/\/twitter.com\/PortalSulSC\" \/>\n<meta name=\"twitter:label1\" content=\"Written by\" \/>\n\t<meta name=\"twitter:data1\" content=\"Reda\u00e7\u00e3o Sul SC\" \/>\n\t<meta name=\"twitter:label2\" content=\"Est. reading time\" \/>\n\t<meta name=\"twitter:data2\" content=\"5 minutes\" \/>\n<script type=\"application\/ld+json\" class=\"yoast-schema-graph\">{\"@context\":\"https:\/\/schema.org\",\"@graph\":[{\"@type\":\"WebPage\",\"@id\":\"https:\/\/sulsc.com\/index.php\/2023\/10\/02\/prefeitura-de-criciuma-desenvolve-informativo-digital-com-principais-pontos-turisticos\/\",\"url\":\"https:\/\/sulsc.com\/index.php\/2023\/10\/02\/prefeitura-de-criciuma-desenvolve-informativo-digital-com-principais-pontos-turisticos\/\",\"name\":\"Prefeitura de Crici\u00fama desenvolve informativo digital com principais pontos tur\u00edsticos -\",\"isPartOf\":{\"@id\":\"https:\/\/sulsc.com\/#website\"},\"datePublished\":\"2023-10-02T18:40:24+00:00\",\"dateModified\":\"2023-10-02T15:43:03+00:00\",\"author\":{\"@id\":\"https:\/\/sulsc.com\/#\/schema\/person\/84d2fc571684f6248ba83092f07750a3\"},\"breadcrumb\":{\"@id\":\"https:\/\/sulsc.com\/index.php\/2023\/10\/02\/prefeitura-de-criciuma-desenvolve-informativo-digital-com-principais-pontos-turisticos\/#breadcrumb\"},\"inLanguage\":\"en-US\",\"potentialAction\":[{\"@type\":\"ReadAction\",\"target\":[\"https:\/\/sulsc.com\/index.php\/2023\/10\/02\/prefeitura-de-criciuma-desenvolve-informativo-digital-com-principais-pontos-turisticos\/\"]}]},{\"@type\":\"BreadcrumbList\",\"@id\":\"https:\/\/sulsc.com\/index.php\/2023\/10\/02\/prefeitura-de-criciuma-desenvolve-informativo-digital-com-principais-pontos-turisticos\/#breadcrumb\",\"itemListElement\":[{\"@type\":\"ListItem\",\"position\":1,\"name\":\"In\u00edcio\",\"item\":\"https:\/\/sulsc.com\/\"},{\"@type\":\"ListItem\",\"position\":2,\"name\":\"Prefeitura de Crici\u00fama desenvolve informativo digital com principais pontos tur\u00edsticos\"}]},{\"@type\":\"WebSite\",\"@id\":\"https:\/\/sulsc.com\/#website\",\"url\":\"https:\/\/sulsc.com\/\",\"name\":\"\",\"description\":\"\",\"potentialAction\":[{\"@type\":\"SearchAction\",\"target\":{\"@type\":\"EntryPoint\",\"urlTemplate\":\"https:\/\/sulsc.com\/?s={search_term_string}\"},\"query-input\":\"required name=search_term_string\"}],\"inLanguage\":\"en-US\"},{\"@type\":\"Person\",\"@id\":\"https:\/\/sulsc.com\/#\/schema\/person\/84d2fc571684f6248ba83092f07750a3\",\"name\":\"Reda\u00e7\u00e3o Sul SC\",\"image\":{\"@type\":\"ImageObject\",\"inLanguage\":\"en-US\",\"@id\":\"https:\/\/sulsc.com\/#\/schema\/person\/image\/e08d7fe2cc4ed596372063bbe852b8d0\",\"url\":\"https:\/\/sulsc.com\/wp-content\/uploads\/2023\/09\/redacao.png\",\"contentUrl\":\"https:\/\/sulsc.com\/wp-content\/uploads\/2023\/09\/redacao.png\",\"caption\":\"Reda\u00e7\u00e3o Sul SC\"},\"description\":\"Foco em um jornalismo imparcial, voltado \u00e0 qualidade dos seus conte\u00fados e, assim, levar informa\u00e7\u00e3o de valor que agregue \u00e0 vida dos leitores. Esta \u00e9 grande miss\u00e3o do Portal de Not\u00edcias Sul SC. N\u00e3o \u00e9 quantidade que muda o mundo, sempre foi e seguir\u00e1 sendo qualidade!\",\"sameAs\":[\"https:\/\/sulsc.com\/\",\"https:\/\/www.facebook.com\/profile.php?id=61559278119680\",\"https:\/\/www.instagram.com\/sulscportal\/?hl=pt-br\",\"https:\/\/twitter.com\/https:\/\/twitter.com\/PortalSulSC\",\"https:\/\/www.youtube.com\/channel\/UCv_BE8GeySluDov2n8qhVmw\"],\"url\":\"https:\/\/sulsc.com\/index.php\/author\/redacao\/\"}]}<\/script>\n<!-- \/ Yoast SEO plugin. -->","yoast_head_json":{"title":"Prefeitura de Crici\u00fama desenvolve informativo digital com principais pontos tur\u00edsticos -","robots":{"index":"index","follow":"follow","max-snippet":"max-snippet:-1","max-image-preview":"max-image-preview:large","max-video-preview":"max-video-preview:-1"},"canonical":"https:\/\/sulsc.com\/index.php\/2023\/10\/02\/prefeitura-de-criciuma-desenvolve-informativo-digital-com-principais-pontos-turisticos\/","og_locale":"en_US","og_type":"article","og_title":"Prefeitura de Crici\u00fama desenvolve informativo digital com principais pontos tur\u00edsticos -","og_description":"Inspirada em grandes portais tur\u00edsticos, a Administra\u00e7\u00e3o Municipal, por meio da Diretoria de Tecnologia e Informa\u00e7\u00e3o (DTI), desenvolveu o site Viva Crici\u00fama, com informa\u00e7\u00f5es sobre os equipamentos tur\u00edsticos da cidade. A apresenta\u00e7\u00e3o da plataforma ser\u00e1 nesta segunda-feira (2), \u00e0s 19h, durante o lan\u00e7amento do Programa Acelera Crici\u00fama, que acontecer\u00e1 no Centro Multiuso da Afasc, anexo &hellip; Prefeitura de Crici\u00fama desenvolve informativo digital com principais pontos tur\u00edsticos Read More &raquo;","og_url":"https:\/\/sulsc.com\/index.php\/2023\/10\/02\/prefeitura-de-criciuma-desenvolve-informativo-digital-com-principais-pontos-turisticos\/","article_author":"https:\/\/www.facebook.com\/profile.php?id=61559278119680","article_published_time":"2023-10-02T18:40:24+00:00","article_modified_time":"2023-10-02T15:43:03+00:00","og_image":[{"width":1600,"height":1077,"url":"https:\/\/sulsc.com\/wp-content\/uploads\/2023\/10\/Prefeitura-desenvolve-informativo-digital-com-principais-pontos-turisticos-de-Criciuma.jpeg","type":"image\/jpeg"}],"author":"Reda\u00e7\u00e3o Sul SC","twitter_card":"summary_large_image","twitter_creator":"@https:\/\/twitter.com\/PortalSulSC","twitter_misc":{"Written by":"Reda\u00e7\u00e3o Sul SC","Est. reading time":"5 minutes"},"schema":{"@context":"https:\/\/schema.org","@graph":[{"@type":"WebPage","@id":"https:\/\/sulsc.com\/index.php\/2023\/10\/02\/prefeitura-de-criciuma-desenvolve-informativo-digital-com-principais-pontos-turisticos\/","url":"https:\/\/sulsc.com\/index.php\/2023\/10\/02\/prefeitura-de-criciuma-desenvolve-informativo-digital-com-principais-pontos-turisticos\/","name":"Prefeitura de Crici\u00fama desenvolve informativo digital com principais pontos tur\u00edsticos -","isPartOf":{"@id":"https:\/\/sulsc.com\/#website"},"datePublished":"2023-10-02T18:40:24+00:00","dateModified":"2023-10-02T15:43:03+00:00","author":{"@id":"https:\/\/sulsc.com\/#\/schema\/person\/84d2fc571684f6248ba83092f07750a3"},"breadcrumb":{"@id":"https:\/\/sulsc.com\/index.php\/2023\/10\/02\/prefeitura-de-criciuma-desenvolve-informativo-digital-com-principais-pontos-turisticos\/#breadcrumb"},"inLanguage":"en-US","potentialAction":[{"@type":"ReadAction","target":["https:\/\/sulsc.com\/index.php\/2023\/10\/02\/prefeitura-de-criciuma-desenvolve-informativo-digital-com-principais-pontos-turisticos\/"]}]},{"@type":"BreadcrumbList","@id":"https:\/\/sulsc.com\/index.php\/2023\/10\/02\/prefeitura-de-criciuma-desenvolve-informativo-digital-com-principais-pontos-turisticos\/#breadcrumb","itemListElement":[{"@type":"ListItem","position":1,"name":"In\u00edcio","item":"https:\/\/sulsc.com\/"},{"@type":"ListItem","position":2,"name":"Prefeitura de Crici\u00fama desenvolve informativo digital com principais pontos tur\u00edsticos"}]},{"@type":"WebSite","@id":"https:\/\/sulsc.com\/#website","url":"https:\/\/sulsc.com\/","name":"","description":"","potentialAction":[{"@type":"SearchAction","target":{"@type":"EntryPoint","urlTemplate":"https:\/\/sulsc.com\/?s={search_term_string}"},"query-input":"required name=search_term_string"}],"inLanguage":"en-US"},{"@type":"Person","@id":"https:\/\/sulsc.com\/#\/schema\/person\/84d2fc571684f6248ba83092f07750a3","name":"Reda\u00e7\u00e3o Sul SC","image":{"@type":"ImageObject","inLanguage":"en-US","@id":"https:\/\/sulsc.com\/#\/schema\/person\/image\/e08d7fe2cc4ed596372063bbe852b8d0","url":"https:\/\/sulsc.com\/wp-content\/uploads\/2023\/09\/redacao.png","contentUrl":"https:\/\/sulsc.com\/wp-content\/uploads\/2023\/09\/redacao.png","caption":"Reda\u00e7\u00e3o Sul SC"},"description":"Foco em um jornalismo imparcial, voltado \u00e0 qualidade dos seus conte\u00fados e, assim, levar informa\u00e7\u00e3o de valor que agregue \u00e0 vida dos leitores. Esta \u00e9 grande miss\u00e3o do Portal de Not\u00edcias Sul SC. N\u00e3o \u00e9 quantidade que muda o mundo, sempre foi e seguir\u00e1 sendo qualidade!","sameAs":["https:\/\/sulsc.com\/","https:\/\/www.facebook.com\/profile.php?id=61559278119680","https:\/\/www.instagram.com\/sulscportal\/?hl=pt-br","https:\/\/twitter.com\/https:\/\/twitter.com\/PortalSulSC","https:\/\/www.youtube.com\/channel\/UCv_BE8GeySluDov2n8qhVmw"],"url":"https:\/\/sulsc.com\/index.php\/author\/redacao\/"}]}},"authors":[],"_links":{"self":[{"href":"https:\/\/sulsc.com\/index.php\/wp-json\/wp\/v2\/posts\/1686"}],"collection":[{"href":"https:\/\/sulsc.com\/index.php\/wp-json\/wp\/v2\/posts"}],"about":[{"href":"https:\/\/sulsc.com\/index.php\/wp-json\/wp\/v2\/types\/post"}],"author":[{"embeddable":true,"href":"https:\/\/sulsc.com\/index.php\/wp-json\/wp\/v2\/users\/3"}],"replies":[{"embeddable":true,"href":"https:\/\/sulsc.com\/index.php\/wp-json\/wp\/v2\/comments?post=1686"}],"version-history":[{"count":1,"href":"https:\/\/sulsc.com\/index.php\/wp-json\/wp\/v2\/posts\/1686\/revisions"}],"predecessor-version":[{"id":1689,"href":"https:\/\/sulsc.com\/index.php\/wp-json\/wp\/v2\/posts\/1686\/revisions\/1689"}],"wp:featuredmedia":[{"embeddable":true,"href":"https:\/\/sulsc.com\/index.php\/wp-json\/wp\/v2\/media\/1687"}],"wp:attachment":[{"href":"https:\/\/sulsc.com\/index.php\/wp-json\/wp\/v2\/media?parent=1686"}],"wp:term":[{"taxonomy":"category","embeddable":true,"href":"https:\/\/sulsc.com\/index.php\/wp-json\/wp\/v2\/categories?post=1686"},{"taxonomy":"post_tag","embeddable":true,"href":"https:\/\/sulsc.com\/index.php\/wp-json\/wp\/v2\/tags?post=1686"}],"curies":[{"name":"wp","href":"https:\/\/api.w.org\/{rel}","templated":true}]}}