{"id":16870,"date":"2024-10-29T08:10:44","date_gmt":"2024-10-29T11:10:44","guid":{"rendered":"https:\/\/sulsc.com\/?p=16870"},"modified":"2024-10-29T08:10:44","modified_gmt":"2024-10-29T11:10:44","slug":"terca-feira-29-com-tempo-firme-e-28oc-de-maxima-na-regiao-sul","status":"publish","type":"post","link":"https:\/\/sulsc.com\/index.php\/2024\/10\/29\/terca-feira-29-com-tempo-firme-e-28oc-de-maxima-na-regiao-sul\/","title":{"rendered":"Ter\u00e7a-feira (29) com tempo firme e 28\u00baC de m\u00e1xima na regi\u00e3o sul"},"content":{"rendered":"<p>Tempo mais \u00famido em SC nesta ter\u00e7a-feira (29). No Litoral, a circula\u00e7\u00e3o mar\u00edtima mant\u00e9m a presen\u00e7a e varia\u00e7\u00e3o de nuvens, bem como a condi\u00e7\u00e3o para chuva fraca e isolada por alguns momentos, sobretudo nos extremos do dia. \u00c0 tarde a instabilidade \u00e9 intensificada pelo calor e a forma\u00e7\u00e3o de um sistema de baixa press\u00e3o em v\u00e1rios n\u00edveis da atmosfera, o que favorece tamb\u00e9m a ocorr\u00eancia de pancadas de chuva e trovoadas na maioria das regi\u00f5es. Ainda assim, o risco \u00e9 baixo para ocorr\u00eancias associadas \u00e0s trovoadas.<\/p>\n<p><img fetchpriority=\"high\" decoding=\"async\" class=\"aligncenter size-full wp-image-16871\" src=\"http:\/\/sulsc.com\/wp-content\/uploads\/2024\/10\/3-4.png\" alt=\"\" width=\"1024\" height=\"696\" srcset=\"https:\/\/sulsc.com\/wp-content\/uploads\/2024\/10\/3-4.png 1024w, https:\/\/sulsc.com\/wp-content\/uploads\/2024\/10\/3-4-300x204.png 300w, https:\/\/sulsc.com\/wp-content\/uploads\/2024\/10\/3-4-768x522.png 768w\" sizes=\"(max-width: 1024px) 100vw, 1024px\" \/><\/p>\n<p><img decoding=\"async\" class=\"aligncenter  wp-image-16742\" src=\"http:\/\/sulsc.com\/wp-content\/uploads\/2024\/10\/legendaaaaa-1536x286-1-4.png\" alt=\"\" width=\"687\" height=\"128\" srcset=\"https:\/\/sulsc.com\/wp-content\/uploads\/2024\/10\/legendaaaaa-1536x286-1-4.png 1536w, https:\/\/sulsc.com\/wp-content\/uploads\/2024\/10\/legendaaaaa-1536x286-1-4-300x56.png 300w, https:\/\/sulsc.com\/wp-content\/uploads\/2024\/10\/legendaaaaa-1536x286-1-4-1024x191.png 1024w, https:\/\/sulsc.com\/wp-content\/uploads\/2024\/10\/legendaaaaa-1536x286-1-4-768x143.png 768w\" sizes=\"(max-width: 687px) 100vw, 687px\" \/><\/p>\n<p>As temperaturas \u00e0 tarde variam de 27\u00b0C a 33\u00b0C no Grande Oeste e de 23\u00b0C a 28\u00b0C nas demais regi\u00f5es. O vento predomina de nordeste no Litoral e vira para sul no restante do estado, ambos com intensidade fraca a moderada e com rajadas de at\u00e9 50 km\/h no Litoral Sul. Mar pouco agitado em todo Litoral.<\/p>\n<p>Fonte: Defesa Civil SC\/ Meteorologista: Francine Sacco<\/p>\n","protected":false},"excerpt":{"rendered":"<p>Tempo mais \u00famido em SC nesta ter\u00e7a-feira (29). No Litoral, a circula\u00e7\u00e3o mar\u00edtima mant\u00e9m a presen\u00e7a e varia\u00e7\u00e3o de nuvens, bem como a condi\u00e7\u00e3o para chuva fraca e isolada por alguns momentos, sobretudo nos extremos do dia. \u00c0 tarde a instabilidade \u00e9 intensificada pelo calor e a forma\u00e7\u00e3o de um sistema de baixa press\u00e3o em &hellip;<\/p>\n<p class=\"read-more\"> <a class=\"\" href=\"https:\/\/sulsc.com\/index.php\/2024\/10\/29\/terca-feira-29-com-tempo-firme-e-28oc-de-maxima-na-regiao-sul\/\"> <span class=\"screen-reader-text\">Ter\u00e7a-feira (29) com tempo firme e 28\u00baC de m\u00e1xima na regi\u00e3o sul<\/span> Read More &raquo;<\/a><\/p>\n","protected":false},"author":3,"featured_media":16872,"comment_status":"open","ping_status":"open","sticky":false,"template":"","format":"standard","meta":{"site-sidebar-layout":"default","site-content-layout":"","ast-site-content-layout":"default","site-content-style":"default","site-sidebar-style":"default","ast-global-header-display":"","ast-banner-title-visibility":"","ast-main-header-display":"","ast-hfb-above-header-display":"","ast-hfb-below-header-display":"","ast-hfb-mobile-header-display":"","site-post-title":"","ast-breadcrumbs-content":"","ast-featured-img":"","footer-sml-layout":"","theme-transparent-header-meta":"default","adv-header-id-meta":"","stick-header-meta":"","header-above-stick-meta":"","header-main-stick-meta":"","header-below-stick-meta":"","astra-migrate-meta-layouts":"set","footnotes":""},"categories":[38],"tags":[1013],"yoast_head":"<!-- This site is optimized with the Yoast SEO plugin v21.4 - https:\/\/yoast.com\/wordpress\/plugins\/seo\/ -->\n<title>Ter\u00e7a-feira (29) com tempo firme e 28\u00baC de m\u00e1xima na regi\u00e3o sul -<\/title>\n<meta name=\"description\" content=\"As temperaturas \u00e0 tarde variam de 27\u00b0C a 33\u00b0C no Grande Oeste e de 23\u00b0C a 28\u00b0C nas demais regi\u00f5es e o mar pouco agitado em todo Litoral\" \/>\n<meta name=\"robots\" content=\"index, follow, max-snippet:-1, max-image-preview:large, max-video-preview:-1\" \/>\n<link rel=\"canonical\" href=\"https:\/\/sulsc.com\/index.php\/2024\/10\/29\/terca-feira-29-com-tempo-firme-e-28oc-de-maxima-na-regiao-sul\/\" \/>\n<meta property=\"og:locale\" content=\"en_US\" \/>\n<meta property=\"og:type\" content=\"article\" \/>\n<meta property=\"og:title\" content=\"Ter\u00e7a-feira (29) com tempo firme e 28\u00baC de m\u00e1xima na regi\u00e3o sul -\" \/>\n<meta property=\"og:description\" content=\"As temperaturas \u00e0 tarde variam de 27\u00b0C a 33\u00b0C no Grande Oeste e de 23\u00b0C a 28\u00b0C nas demais regi\u00f5es e o mar pouco agitado em todo Litoral\" \/>\n<meta property=\"og:url\" content=\"https:\/\/sulsc.com\/index.php\/2024\/10\/29\/terca-feira-29-com-tempo-firme-e-28oc-de-maxima-na-regiao-sul\/\" \/>\n<meta property=\"article:author\" content=\"https:\/\/www.facebook.com\/profile.php?id=61559278119680\" \/>\n<meta property=\"article:published_time\" content=\"2024-10-29T11:10:44+00:00\" \/>\n<meta property=\"og:image\" content=\"http:\/\/sulsc.com\/wp-content\/uploads\/2024\/10\/IMG_20241028_143305098-scaled.jpg\" \/>\n\t<meta property=\"og:image:width\" content=\"2560\" \/>\n\t<meta property=\"og:image:height\" content=\"1151\" \/>\n\t<meta property=\"og:image:type\" content=\"image\/jpeg\" \/>\n<meta name=\"author\" content=\"Reda\u00e7\u00e3o Sul SC\" \/>\n<meta name=\"twitter:card\" content=\"summary_large_image\" \/>\n<meta name=\"twitter:creator\" content=\"@https:\/\/twitter.com\/PortalSulSC\" \/>\n<meta name=\"twitter:label1\" content=\"Written by\" \/>\n\t<meta name=\"twitter:data1\" content=\"Reda\u00e7\u00e3o Sul SC\" \/>\n\t<meta name=\"twitter:label2\" content=\"Est. reading time\" \/>\n\t<meta name=\"twitter:data2\" content=\"2 minutes\" \/>\n<script type=\"application\/ld+json\" class=\"yoast-schema-graph\">{\"@context\":\"https:\/\/schema.org\",\"@graph\":[{\"@type\":\"WebPage\",\"@id\":\"https:\/\/sulsc.com\/index.php\/2024\/10\/29\/terca-feira-29-com-tempo-firme-e-28oc-de-maxima-na-regiao-sul\/\",\"url\":\"https:\/\/sulsc.com\/index.php\/2024\/10\/29\/terca-feira-29-com-tempo-firme-e-28oc-de-maxima-na-regiao-sul\/\",\"name\":\"Ter\u00e7a-feira (29) com tempo firme e 28\u00baC de m\u00e1xima na regi\u00e3o sul -\",\"isPartOf\":{\"@id\":\"https:\/\/sulsc.com\/#website\"},\"datePublished\":\"2024-10-29T11:10:44+00:00\",\"dateModified\":\"2024-10-29T11:10:44+00:00\",\"author\":{\"@id\":\"https:\/\/sulsc.com\/#\/schema\/person\/84d2fc571684f6248ba83092f07750a3\"},\"description\":\"As temperaturas \u00e0 tarde variam de 27\u00b0C a 33\u00b0C no Grande Oeste e de 23\u00b0C a 28\u00b0C nas demais regi\u00f5es e o mar pouco agitado em todo Litoral\",\"breadcrumb\":{\"@id\":\"https:\/\/sulsc.com\/index.php\/2024\/10\/29\/terca-feira-29-com-tempo-firme-e-28oc-de-maxima-na-regiao-sul\/#breadcrumb\"},\"inLanguage\":\"en-US\",\"potentialAction\":[{\"@type\":\"ReadAction\",\"target\":[\"https:\/\/sulsc.com\/index.php\/2024\/10\/29\/terca-feira-29-com-tempo-firme-e-28oc-de-maxima-na-regiao-sul\/\"]}]},{\"@type\":\"BreadcrumbList\",\"@id\":\"https:\/\/sulsc.com\/index.php\/2024\/10\/29\/terca-feira-29-com-tempo-firme-e-28oc-de-maxima-na-regiao-sul\/#breadcrumb\",\"itemListElement\":[{\"@type\":\"ListItem\",\"position\":1,\"name\":\"In\u00edcio\",\"item\":\"https:\/\/sulsc.com\/\"},{\"@type\":\"ListItem\",\"position\":2,\"name\":\"Ter\u00e7a-feira (29) com tempo firme e 28\u00baC de m\u00e1xima na regi\u00e3o sul\"}]},{\"@type\":\"WebSite\",\"@id\":\"https:\/\/sulsc.com\/#website\",\"url\":\"https:\/\/sulsc.com\/\",\"name\":\"\",\"description\":\"\",\"potentialAction\":[{\"@type\":\"SearchAction\",\"target\":{\"@type\":\"EntryPoint\",\"urlTemplate\":\"https:\/\/sulsc.com\/?s={search_term_string}\"},\"query-input\":\"required name=search_term_string\"}],\"inLanguage\":\"en-US\"},{\"@type\":\"Person\",\"@id\":\"https:\/\/sulsc.com\/#\/schema\/person\/84d2fc571684f6248ba83092f07750a3\",\"name\":\"Reda\u00e7\u00e3o Sul SC\",\"image\":{\"@type\":\"ImageObject\",\"inLanguage\":\"en-US\",\"@id\":\"https:\/\/sulsc.com\/#\/schema\/person\/image\/e08d7fe2cc4ed596372063bbe852b8d0\",\"url\":\"https:\/\/sulsc.com\/wp-content\/uploads\/2023\/09\/redacao.png\",\"contentUrl\":\"https:\/\/sulsc.com\/wp-content\/uploads\/2023\/09\/redacao.png\",\"caption\":\"Reda\u00e7\u00e3o Sul SC\"},\"description\":\"Foco em um jornalismo imparcial, voltado \u00e0 qualidade dos seus conte\u00fados e, assim, levar informa\u00e7\u00e3o de valor que agregue \u00e0 vida dos leitores. Esta \u00e9 grande miss\u00e3o do Portal de Not\u00edcias Sul SC. N\u00e3o \u00e9 quantidade que muda o mundo, sempre foi e seguir\u00e1 sendo qualidade!\",\"sameAs\":[\"https:\/\/sulsc.com\/\",\"https:\/\/www.facebook.com\/profile.php?id=61559278119680\",\"https:\/\/www.instagram.com\/sulscportal\/?hl=pt-br\",\"https:\/\/twitter.com\/https:\/\/twitter.com\/PortalSulSC\",\"https:\/\/www.youtube.com\/channel\/UCv_BE8GeySluDov2n8qhVmw\"],\"url\":\"https:\/\/sulsc.com\/index.php\/author\/redacao\/\"}]}<\/script>\n<!-- \/ Yoast SEO plugin. -->","yoast_head_json":{"title":"Ter\u00e7a-feira (29) com tempo firme e 28\u00baC de m\u00e1xima na regi\u00e3o sul -","description":"As temperaturas \u00e0 tarde variam de 27\u00b0C a 33\u00b0C no Grande Oeste e de 23\u00b0C a 28\u00b0C nas demais regi\u00f5es e o mar pouco agitado em todo Litoral","robots":{"index":"index","follow":"follow","max-snippet":"max-snippet:-1","max-image-preview":"max-image-preview:large","max-video-preview":"max-video-preview:-1"},"canonical":"https:\/\/sulsc.com\/index.php\/2024\/10\/29\/terca-feira-29-com-tempo-firme-e-28oc-de-maxima-na-regiao-sul\/","og_locale":"en_US","og_type":"article","og_title":"Ter\u00e7a-feira (29) com tempo firme e 28\u00baC de m\u00e1xima na regi\u00e3o sul -","og_description":"As temperaturas \u00e0 tarde variam de 27\u00b0C a 33\u00b0C no Grande Oeste e de 23\u00b0C a 28\u00b0C nas demais regi\u00f5es e o mar pouco agitado em todo Litoral","og_url":"https:\/\/sulsc.com\/index.php\/2024\/10\/29\/terca-feira-29-com-tempo-firme-e-28oc-de-maxima-na-regiao-sul\/","article_author":"https:\/\/www.facebook.com\/profile.php?id=61559278119680","article_published_time":"2024-10-29T11:10:44+00:00","og_image":[{"width":2560,"height":1151,"url":"http:\/\/sulsc.com\/wp-content\/uploads\/2024\/10\/IMG_20241028_143305098-scaled.jpg","type":"image\/jpeg"}],"author":"Reda\u00e7\u00e3o Sul SC","twitter_card":"summary_large_image","twitter_creator":"@https:\/\/twitter.com\/PortalSulSC","twitter_misc":{"Written by":"Reda\u00e7\u00e3o Sul SC","Est. reading time":"2 minutes"},"schema":{"@context":"https:\/\/schema.org","@graph":[{"@type":"WebPage","@id":"https:\/\/sulsc.com\/index.php\/2024\/10\/29\/terca-feira-29-com-tempo-firme-e-28oc-de-maxima-na-regiao-sul\/","url":"https:\/\/sulsc.com\/index.php\/2024\/10\/29\/terca-feira-29-com-tempo-firme-e-28oc-de-maxima-na-regiao-sul\/","name":"Ter\u00e7a-feira (29) com tempo firme e 28\u00baC de m\u00e1xima na regi\u00e3o sul -","isPartOf":{"@id":"https:\/\/sulsc.com\/#website"},"datePublished":"2024-10-29T11:10:44+00:00","dateModified":"2024-10-29T11:10:44+00:00","author":{"@id":"https:\/\/sulsc.com\/#\/schema\/person\/84d2fc571684f6248ba83092f07750a3"},"description":"As temperaturas \u00e0 tarde variam de 27\u00b0C a 33\u00b0C no Grande Oeste e de 23\u00b0C a 28\u00b0C nas demais regi\u00f5es e o mar pouco agitado em todo Litoral","breadcrumb":{"@id":"https:\/\/sulsc.com\/index.php\/2024\/10\/29\/terca-feira-29-com-tempo-firme-e-28oc-de-maxima-na-regiao-sul\/#breadcrumb"},"inLanguage":"en-US","potentialAction":[{"@type":"ReadAction","target":["https:\/\/sulsc.com\/index.php\/2024\/10\/29\/terca-feira-29-com-tempo-firme-e-28oc-de-maxima-na-regiao-sul\/"]}]},{"@type":"BreadcrumbList","@id":"https:\/\/sulsc.com\/index.php\/2024\/10\/29\/terca-feira-29-com-tempo-firme-e-28oc-de-maxima-na-regiao-sul\/#breadcrumb","itemListElement":[{"@type":"ListItem","position":1,"name":"In\u00edcio","item":"https:\/\/sulsc.com\/"},{"@type":"ListItem","position":2,"name":"Ter\u00e7a-feira (29) com tempo firme e 28\u00baC de m\u00e1xima na regi\u00e3o sul"}]},{"@type":"WebSite","@id":"https:\/\/sulsc.com\/#website","url":"https:\/\/sulsc.com\/","name":"","description":"","potentialAction":[{"@type":"SearchAction","target":{"@type":"EntryPoint","urlTemplate":"https:\/\/sulsc.com\/?s={search_term_string}"},"query-input":"required name=search_term_string"}],"inLanguage":"en-US"},{"@type":"Person","@id":"https:\/\/sulsc.com\/#\/schema\/person\/84d2fc571684f6248ba83092f07750a3","name":"Reda\u00e7\u00e3o Sul SC","image":{"@type":"ImageObject","inLanguage":"en-US","@id":"https:\/\/sulsc.com\/#\/schema\/person\/image\/e08d7fe2cc4ed596372063bbe852b8d0","url":"https:\/\/sulsc.com\/wp-content\/uploads\/2023\/09\/redacao.png","contentUrl":"https:\/\/sulsc.com\/wp-content\/uploads\/2023\/09\/redacao.png","caption":"Reda\u00e7\u00e3o Sul SC"},"description":"Foco em um jornalismo imparcial, voltado \u00e0 qualidade dos seus conte\u00fados e, assim, levar informa\u00e7\u00e3o de valor que agregue \u00e0 vida dos leitores. Esta \u00e9 grande miss\u00e3o do Portal de Not\u00edcias Sul SC. N\u00e3o \u00e9 quantidade que muda o mundo, sempre foi e seguir\u00e1 sendo qualidade!","sameAs":["https:\/\/sulsc.com\/","https:\/\/www.facebook.com\/profile.php?id=61559278119680","https:\/\/www.instagram.com\/sulscportal\/?hl=pt-br","https:\/\/twitter.com\/https:\/\/twitter.com\/PortalSulSC","https:\/\/www.youtube.com\/channel\/UCv_BE8GeySluDov2n8qhVmw"],"url":"https:\/\/sulsc.com\/index.php\/author\/redacao\/"}]}},"authors":[],"_links":{"self":[{"href":"https:\/\/sulsc.com\/index.php\/wp-json\/wp\/v2\/posts\/16870"}],"collection":[{"href":"https:\/\/sulsc.com\/index.php\/wp-json\/wp\/v2\/posts"}],"about":[{"href":"https:\/\/sulsc.com\/index.php\/wp-json\/wp\/v2\/types\/post"}],"author":[{"embeddable":true,"href":"https:\/\/sulsc.com\/index.php\/wp-json\/wp\/v2\/users\/3"}],"replies":[{"embeddable":true,"href":"https:\/\/sulsc.com\/index.php\/wp-json\/wp\/v2\/comments?post=16870"}],"version-history":[{"count":1,"href":"https:\/\/sulsc.com\/index.php\/wp-json\/wp\/v2\/posts\/16870\/revisions"}],"predecessor-version":[{"id":16873,"href":"https:\/\/sulsc.com\/index.php\/wp-json\/wp\/v2\/posts\/16870\/revisions\/16873"}],"wp:featuredmedia":[{"embeddable":true,"href":"https:\/\/sulsc.com\/index.php\/wp-json\/wp\/v2\/media\/16872"}],"wp:attachment":[{"href":"https:\/\/sulsc.com\/index.php\/wp-json\/wp\/v2\/media?parent=16870"}],"wp:term":[{"taxonomy":"category","embeddable":true,"href":"https:\/\/sulsc.com\/index.php\/wp-json\/wp\/v2\/categories?post=16870"},{"taxonomy":"post_tag","embeddable":true,"href":"https:\/\/sulsc.com\/index.php\/wp-json\/wp\/v2\/tags?post=16870"}],"curies":[{"name":"wp","href":"https:\/\/api.w.org\/{rel}","templated":true}]}}