{"id":17091,"date":"2024-11-08T08:18:38","date_gmt":"2024-11-08T11:18:38","guid":{"rendered":"https:\/\/sulsc.com\/?p=17091"},"modified":"2024-11-08T08:18:38","modified_gmt":"2024-11-08T11:18:38","slug":"chuvas-e-ventos-fortes-derrubam-parte-de-arvore-em-cima-de-veiculo-e-rede-eletrica","status":"publish","type":"post","link":"https:\/\/sulsc.com\/index.php\/2024\/11\/08\/chuvas-e-ventos-fortes-derrubam-parte-de-arvore-em-cima-de-veiculo-e-rede-eletrica\/","title":{"rendered":"Chuvas e ventos fortes derrubam parte de arvore em cima de veiculo e rede el\u00e9trica"},"content":{"rendered":"<p>Na noite desta quinta-feira (07), por volta das 23h40min, a guarni\u00e7\u00e3o do Corpo de Bombeiros de Ararangu\u00e1 atendeu a uma ocorr\u00eancia na Rua Amaro Jos\u00e9 Pereira, n\u00ba 1369, no bairro Coloninha. Devido \u00e0s chuvas e aos fortes ventos que atingiram toda a regi\u00e3o sul na noite passada, parte de uma \u00e1rvore caiu sobre um ve\u00edculo, quebrando um padr\u00e3o de energia que ficou atravessado na via, impossibilitando o tr\u00e2nsito.<\/p>\n<p><img fetchpriority=\"high\" decoding=\"async\" class=\"aligncenter size-full wp-image-17094\" src=\"http:\/\/sulsc.com\/wp-content\/uploads\/2024\/11\/f23c11c8-13c9-433d-a692-bc579372eeac.jpg\" alt=\"\" width=\"1280\" height=\"576\" srcset=\"https:\/\/sulsc.com\/wp-content\/uploads\/2024\/11\/f23c11c8-13c9-433d-a692-bc579372eeac.jpg 1280w, https:\/\/sulsc.com\/wp-content\/uploads\/2024\/11\/f23c11c8-13c9-433d-a692-bc579372eeac-300x135.jpg 300w, https:\/\/sulsc.com\/wp-content\/uploads\/2024\/11\/f23c11c8-13c9-433d-a692-bc579372eeac-1024x461.jpg 1024w, https:\/\/sulsc.com\/wp-content\/uploads\/2024\/11\/f23c11c8-13c9-433d-a692-bc579372eeac-768x346.jpg 768w\" sizes=\"(max-width: 1280px) 100vw, 1280px\" \/><\/p>\n<p style=\"text-align: center;\">Fotos: Corpo de Bombeiros Ararangu\u00e1<\/p>\n<p>A equipe do Corpo de Bombeiros efetuou o trabalho de corte de todos os galhos que ca\u00edram sobre o ve\u00edculo e realizou a limpeza de toda a \u00e1rea, liberando o tr\u00e2nsito na via.<\/p>\n","protected":false},"excerpt":{"rendered":"<p>Na noite desta quinta-feira (07), por volta das 23h40min, a guarni\u00e7\u00e3o do Corpo de Bombeiros de Ararangu\u00e1 atendeu a uma ocorr\u00eancia na Rua Amaro Jos\u00e9 Pereira, n\u00ba 1369, no bairro Coloninha. Devido \u00e0s chuvas e aos fortes ventos que atingiram toda a regi\u00e3o sul na noite passada, parte de uma \u00e1rvore caiu sobre um ve\u00edculo, &hellip;<\/p>\n<p class=\"read-more\"> <a class=\"\" href=\"https:\/\/sulsc.com\/index.php\/2024\/11\/08\/chuvas-e-ventos-fortes-derrubam-parte-de-arvore-em-cima-de-veiculo-e-rede-eletrica\/\"> <span class=\"screen-reader-text\">Chuvas e ventos fortes derrubam parte de arvore em cima de veiculo e rede el\u00e9trica<\/span> Read More &raquo;<\/a><\/p>\n","protected":false},"author":3,"featured_media":17096,"comment_status":"open","ping_status":"open","sticky":false,"template":"","format":"standard","meta":{"site-sidebar-layout":"default","site-content-layout":"","ast-site-content-layout":"default","site-content-style":"default","site-sidebar-style":"default","ast-global-header-display":"","ast-banner-title-visibility":"","ast-main-header-display":"","ast-hfb-above-header-display":"","ast-hfb-below-header-display":"","ast-hfb-mobile-header-display":"","site-post-title":"","ast-breadcrumbs-content":"","ast-featured-img":"","footer-sml-layout":"","theme-transparent-header-meta":"default","adv-header-id-meta":"","stick-header-meta":"","header-above-stick-meta":"","header-main-stick-meta":"","header-below-stick-meta":"","astra-migrate-meta-layouts":"set","footnotes":""},"categories":[24],"tags":[278],"yoast_head":"<!-- This site is optimized with the Yoast SEO plugin v21.4 - https:\/\/yoast.com\/wordpress\/plugins\/seo\/ -->\n<title>Chuvas e ventos fortes derrubam parte de arvore em cima de veiculo e rede el\u00e9trica -<\/title>\n<meta name=\"description\" content=\"Devido \u00e0s chuvas e aos fortes ventos que atingiram toda a regi\u00e3o sul na noite passada parte de arvore cai sobre veiculo e rede el\u00e9trica\" \/>\n<meta name=\"robots\" content=\"index, follow, max-snippet:-1, max-image-preview:large, max-video-preview:-1\" \/>\n<link rel=\"canonical\" href=\"https:\/\/sulsc.com\/index.php\/2024\/11\/08\/chuvas-e-ventos-fortes-derrubam-parte-de-arvore-em-cima-de-veiculo-e-rede-eletrica\/\" \/>\n<meta property=\"og:locale\" content=\"en_US\" \/>\n<meta property=\"og:type\" content=\"article\" \/>\n<meta property=\"og:title\" content=\"Chuvas e ventos fortes derrubam parte de arvore em cima de veiculo e rede el\u00e9trica -\" \/>\n<meta property=\"og:description\" content=\"Devido \u00e0s chuvas e aos fortes ventos que atingiram toda a regi\u00e3o sul na noite passada parte de arvore cai sobre veiculo e rede el\u00e9trica\" \/>\n<meta property=\"og:url\" content=\"https:\/\/sulsc.com\/index.php\/2024\/11\/08\/chuvas-e-ventos-fortes-derrubam-parte-de-arvore-em-cima-de-veiculo-e-rede-eletrica\/\" \/>\n<meta property=\"article:author\" content=\"https:\/\/www.facebook.com\/profile.php?id=61559278119680\" \/>\n<meta property=\"article:published_time\" content=\"2024-11-08T11:18:38+00:00\" \/>\n<meta property=\"og:image\" content=\"http:\/\/sulsc.com\/wp-content\/uploads\/2024\/11\/vento.jpg\" \/>\n\t<meta property=\"og:image:width\" content=\"1280\" \/>\n\t<meta property=\"og:image:height\" content=\"576\" \/>\n\t<meta property=\"og:image:type\" content=\"image\/jpeg\" \/>\n<meta name=\"author\" content=\"Reda\u00e7\u00e3o Sul SC\" \/>\n<meta name=\"twitter:card\" content=\"summary_large_image\" \/>\n<meta name=\"twitter:creator\" content=\"@https:\/\/twitter.com\/PortalSulSC\" \/>\n<meta name=\"twitter:label1\" content=\"Written by\" \/>\n\t<meta name=\"twitter:data1\" content=\"Reda\u00e7\u00e3o Sul SC\" \/>\n\t<meta name=\"twitter:label2\" content=\"Est. reading time\" \/>\n\t<meta name=\"twitter:data2\" content=\"1 minute\" \/>\n<script type=\"application\/ld+json\" class=\"yoast-schema-graph\">{\"@context\":\"https:\/\/schema.org\",\"@graph\":[{\"@type\":\"WebPage\",\"@id\":\"https:\/\/sulsc.com\/index.php\/2024\/11\/08\/chuvas-e-ventos-fortes-derrubam-parte-de-arvore-em-cima-de-veiculo-e-rede-eletrica\/\",\"url\":\"https:\/\/sulsc.com\/index.php\/2024\/11\/08\/chuvas-e-ventos-fortes-derrubam-parte-de-arvore-em-cima-de-veiculo-e-rede-eletrica\/\",\"name\":\"Chuvas e ventos fortes derrubam parte de arvore em cima de veiculo e rede el\u00e9trica -\",\"isPartOf\":{\"@id\":\"https:\/\/sulsc.com\/#website\"},\"datePublished\":\"2024-11-08T11:18:38+00:00\",\"dateModified\":\"2024-11-08T11:18:38+00:00\",\"author\":{\"@id\":\"https:\/\/sulsc.com\/#\/schema\/person\/84d2fc571684f6248ba83092f07750a3\"},\"description\":\"Devido \u00e0s chuvas e aos fortes ventos que atingiram toda a regi\u00e3o sul na noite passada parte de arvore cai sobre veiculo e rede el\u00e9trica\",\"breadcrumb\":{\"@id\":\"https:\/\/sulsc.com\/index.php\/2024\/11\/08\/chuvas-e-ventos-fortes-derrubam-parte-de-arvore-em-cima-de-veiculo-e-rede-eletrica\/#breadcrumb\"},\"inLanguage\":\"en-US\",\"potentialAction\":[{\"@type\":\"ReadAction\",\"target\":[\"https:\/\/sulsc.com\/index.php\/2024\/11\/08\/chuvas-e-ventos-fortes-derrubam-parte-de-arvore-em-cima-de-veiculo-e-rede-eletrica\/\"]}]},{\"@type\":\"BreadcrumbList\",\"@id\":\"https:\/\/sulsc.com\/index.php\/2024\/11\/08\/chuvas-e-ventos-fortes-derrubam-parte-de-arvore-em-cima-de-veiculo-e-rede-eletrica\/#breadcrumb\",\"itemListElement\":[{\"@type\":\"ListItem\",\"position\":1,\"name\":\"In\u00edcio\",\"item\":\"https:\/\/sulsc.com\/\"},{\"@type\":\"ListItem\",\"position\":2,\"name\":\"Chuvas e ventos fortes derrubam parte de arvore em cima de veiculo e rede el\u00e9trica\"}]},{\"@type\":\"WebSite\",\"@id\":\"https:\/\/sulsc.com\/#website\",\"url\":\"https:\/\/sulsc.com\/\",\"name\":\"\",\"description\":\"\",\"potentialAction\":[{\"@type\":\"SearchAction\",\"target\":{\"@type\":\"EntryPoint\",\"urlTemplate\":\"https:\/\/sulsc.com\/?s={search_term_string}\"},\"query-input\":\"required name=search_term_string\"}],\"inLanguage\":\"en-US\"},{\"@type\":\"Person\",\"@id\":\"https:\/\/sulsc.com\/#\/schema\/person\/84d2fc571684f6248ba83092f07750a3\",\"name\":\"Reda\u00e7\u00e3o Sul SC\",\"image\":{\"@type\":\"ImageObject\",\"inLanguage\":\"en-US\",\"@id\":\"https:\/\/sulsc.com\/#\/schema\/person\/image\/e08d7fe2cc4ed596372063bbe852b8d0\",\"url\":\"https:\/\/sulsc.com\/wp-content\/uploads\/2023\/09\/redacao.png\",\"contentUrl\":\"https:\/\/sulsc.com\/wp-content\/uploads\/2023\/09\/redacao.png\",\"caption\":\"Reda\u00e7\u00e3o Sul SC\"},\"description\":\"Foco em um jornalismo imparcial, voltado \u00e0 qualidade dos seus conte\u00fados e, assim, levar informa\u00e7\u00e3o de valor que agregue \u00e0 vida dos leitores. Esta \u00e9 grande miss\u00e3o do Portal de Not\u00edcias Sul SC. N\u00e3o \u00e9 quantidade que muda o mundo, sempre foi e seguir\u00e1 sendo qualidade!\",\"sameAs\":[\"https:\/\/sulsc.com\/\",\"https:\/\/www.facebook.com\/profile.php?id=61559278119680\",\"https:\/\/www.instagram.com\/sulscportal\/?hl=pt-br\",\"https:\/\/twitter.com\/https:\/\/twitter.com\/PortalSulSC\",\"https:\/\/www.youtube.com\/channel\/UCv_BE8GeySluDov2n8qhVmw\"],\"url\":\"https:\/\/sulsc.com\/index.php\/author\/redacao\/\"}]}<\/script>\n<!-- \/ Yoast SEO plugin. -->","yoast_head_json":{"title":"Chuvas e ventos fortes derrubam parte de arvore em cima de veiculo e rede el\u00e9trica -","description":"Devido \u00e0s chuvas e aos fortes ventos que atingiram toda a regi\u00e3o sul na noite passada parte de arvore cai sobre veiculo e rede el\u00e9trica","robots":{"index":"index","follow":"follow","max-snippet":"max-snippet:-1","max-image-preview":"max-image-preview:large","max-video-preview":"max-video-preview:-1"},"canonical":"https:\/\/sulsc.com\/index.php\/2024\/11\/08\/chuvas-e-ventos-fortes-derrubam-parte-de-arvore-em-cima-de-veiculo-e-rede-eletrica\/","og_locale":"en_US","og_type":"article","og_title":"Chuvas e ventos fortes derrubam parte de arvore em cima de veiculo e rede el\u00e9trica -","og_description":"Devido \u00e0s chuvas e aos fortes ventos que atingiram toda a regi\u00e3o sul na noite passada parte de arvore cai sobre veiculo e rede el\u00e9trica","og_url":"https:\/\/sulsc.com\/index.php\/2024\/11\/08\/chuvas-e-ventos-fortes-derrubam-parte-de-arvore-em-cima-de-veiculo-e-rede-eletrica\/","article_author":"https:\/\/www.facebook.com\/profile.php?id=61559278119680","article_published_time":"2024-11-08T11:18:38+00:00","og_image":[{"width":1280,"height":576,"url":"http:\/\/sulsc.com\/wp-content\/uploads\/2024\/11\/vento.jpg","type":"image\/jpeg"}],"author":"Reda\u00e7\u00e3o Sul SC","twitter_card":"summary_large_image","twitter_creator":"@https:\/\/twitter.com\/PortalSulSC","twitter_misc":{"Written by":"Reda\u00e7\u00e3o Sul SC","Est. reading time":"1 minute"},"schema":{"@context":"https:\/\/schema.org","@graph":[{"@type":"WebPage","@id":"https:\/\/sulsc.com\/index.php\/2024\/11\/08\/chuvas-e-ventos-fortes-derrubam-parte-de-arvore-em-cima-de-veiculo-e-rede-eletrica\/","url":"https:\/\/sulsc.com\/index.php\/2024\/11\/08\/chuvas-e-ventos-fortes-derrubam-parte-de-arvore-em-cima-de-veiculo-e-rede-eletrica\/","name":"Chuvas e ventos fortes derrubam parte de arvore em cima de veiculo e rede el\u00e9trica -","isPartOf":{"@id":"https:\/\/sulsc.com\/#website"},"datePublished":"2024-11-08T11:18:38+00:00","dateModified":"2024-11-08T11:18:38+00:00","author":{"@id":"https:\/\/sulsc.com\/#\/schema\/person\/84d2fc571684f6248ba83092f07750a3"},"description":"Devido \u00e0s chuvas e aos fortes ventos que atingiram toda a regi\u00e3o sul na noite passada parte de arvore cai sobre veiculo e rede el\u00e9trica","breadcrumb":{"@id":"https:\/\/sulsc.com\/index.php\/2024\/11\/08\/chuvas-e-ventos-fortes-derrubam-parte-de-arvore-em-cima-de-veiculo-e-rede-eletrica\/#breadcrumb"},"inLanguage":"en-US","potentialAction":[{"@type":"ReadAction","target":["https:\/\/sulsc.com\/index.php\/2024\/11\/08\/chuvas-e-ventos-fortes-derrubam-parte-de-arvore-em-cima-de-veiculo-e-rede-eletrica\/"]}]},{"@type":"BreadcrumbList","@id":"https:\/\/sulsc.com\/index.php\/2024\/11\/08\/chuvas-e-ventos-fortes-derrubam-parte-de-arvore-em-cima-de-veiculo-e-rede-eletrica\/#breadcrumb","itemListElement":[{"@type":"ListItem","position":1,"name":"In\u00edcio","item":"https:\/\/sulsc.com\/"},{"@type":"ListItem","position":2,"name":"Chuvas e ventos fortes derrubam parte de arvore em cima de veiculo e rede el\u00e9trica"}]},{"@type":"WebSite","@id":"https:\/\/sulsc.com\/#website","url":"https:\/\/sulsc.com\/","name":"","description":"","potentialAction":[{"@type":"SearchAction","target":{"@type":"EntryPoint","urlTemplate":"https:\/\/sulsc.com\/?s={search_term_string}"},"query-input":"required name=search_term_string"}],"inLanguage":"en-US"},{"@type":"Person","@id":"https:\/\/sulsc.com\/#\/schema\/person\/84d2fc571684f6248ba83092f07750a3","name":"Reda\u00e7\u00e3o Sul SC","image":{"@type":"ImageObject","inLanguage":"en-US","@id":"https:\/\/sulsc.com\/#\/schema\/person\/image\/e08d7fe2cc4ed596372063bbe852b8d0","url":"https:\/\/sulsc.com\/wp-content\/uploads\/2023\/09\/redacao.png","contentUrl":"https:\/\/sulsc.com\/wp-content\/uploads\/2023\/09\/redacao.png","caption":"Reda\u00e7\u00e3o Sul SC"},"description":"Foco em um jornalismo imparcial, voltado \u00e0 qualidade dos seus conte\u00fados e, assim, levar informa\u00e7\u00e3o de valor que agregue \u00e0 vida dos leitores. Esta \u00e9 grande miss\u00e3o do Portal de Not\u00edcias Sul SC. N\u00e3o \u00e9 quantidade que muda o mundo, sempre foi e seguir\u00e1 sendo qualidade!","sameAs":["https:\/\/sulsc.com\/","https:\/\/www.facebook.com\/profile.php?id=61559278119680","https:\/\/www.instagram.com\/sulscportal\/?hl=pt-br","https:\/\/twitter.com\/https:\/\/twitter.com\/PortalSulSC","https:\/\/www.youtube.com\/channel\/UCv_BE8GeySluDov2n8qhVmw"],"url":"https:\/\/sulsc.com\/index.php\/author\/redacao\/"}]}},"authors":[],"_links":{"self":[{"href":"https:\/\/sulsc.com\/index.php\/wp-json\/wp\/v2\/posts\/17091"}],"collection":[{"href":"https:\/\/sulsc.com\/index.php\/wp-json\/wp\/v2\/posts"}],"about":[{"href":"https:\/\/sulsc.com\/index.php\/wp-json\/wp\/v2\/types\/post"}],"author":[{"embeddable":true,"href":"https:\/\/sulsc.com\/index.php\/wp-json\/wp\/v2\/users\/3"}],"replies":[{"embeddable":true,"href":"https:\/\/sulsc.com\/index.php\/wp-json\/wp\/v2\/comments?post=17091"}],"version-history":[{"count":1,"href":"https:\/\/sulsc.com\/index.php\/wp-json\/wp\/v2\/posts\/17091\/revisions"}],"predecessor-version":[{"id":17097,"href":"https:\/\/sulsc.com\/index.php\/wp-json\/wp\/v2\/posts\/17091\/revisions\/17097"}],"wp:featuredmedia":[{"embeddable":true,"href":"https:\/\/sulsc.com\/index.php\/wp-json\/wp\/v2\/media\/17096"}],"wp:attachment":[{"href":"https:\/\/sulsc.com\/index.php\/wp-json\/wp\/v2\/media?parent=17091"}],"wp:term":[{"taxonomy":"category","embeddable":true,"href":"https:\/\/sulsc.com\/index.php\/wp-json\/wp\/v2\/categories?post=17091"},{"taxonomy":"post_tag","embeddable":true,"href":"https:\/\/sulsc.com\/index.php\/wp-json\/wp\/v2\/tags?post=17091"}],"curies":[{"name":"wp","href":"https:\/\/api.w.org\/{rel}","templated":true}]}}