{"id":17132,"date":"2024-11-10T09:51:36","date_gmt":"2024-11-10T12:51:36","guid":{"rendered":"https:\/\/sulsc.com\/?p=17132"},"modified":"2024-11-10T09:51:36","modified_gmt":"2024-11-10T12:51:36","slug":"tempo-firme-e-ensolarado-neste-domingo-10","status":"publish","type":"post","link":"https:\/\/sulsc.com\/index.php\/2024\/11\/10\/tempo-firme-e-ensolarado-neste-domingo-10\/","title":{"rendered":"Tempo firme e ensolarado neste domingo (10)"},"content":{"rendered":"<p>Domingo (10), com predom\u00ednio de tempo firme com sol em praticamente todas as regi\u00f5es. Ainda espera-se maior nebulosidade no Vale do Itaja\u00ed e no litoral, inclusive com possibilidade de chuva fraca nos extremos do dia, devido a circula\u00e7\u00e3o mar\u00edtima. N\u00e3o descarta-se a ocorr\u00eancia de neblinas\/nevoeiros durante a madrugada em pontos da Serra e do Meio-Oeste. Os ventos variam de quadrante norte no decorrer do dia, com fraca intensidade. N\u00e3o h\u00e1 risco para ocorr\u00eancias meteorol\u00f3gicas.<\/p>\n<p><img fetchpriority=\"high\" decoding=\"async\" class=\"aligncenter size-full wp-image-17133\" src=\"http:\/\/sulsc.com\/wp-content\/uploads\/2024\/11\/domingo.png\" alt=\"\" width=\"1024\" height=\"701\" srcset=\"https:\/\/sulsc.com\/wp-content\/uploads\/2024\/11\/domingo.png 1024w, https:\/\/sulsc.com\/wp-content\/uploads\/2024\/11\/domingo-300x205.png 300w, https:\/\/sulsc.com\/wp-content\/uploads\/2024\/11\/domingo-768x526.png 768w\" sizes=\"(max-width: 1024px) 100vw, 1024px\" \/><\/p>\n<p><img decoding=\"async\" class=\"aligncenter  wp-image-17095\" src=\"http:\/\/sulsc.com\/wp-content\/uploads\/2024\/11\/Tempo-1.png\" alt=\"\" width=\"697\" height=\"129\" srcset=\"https:\/\/sulsc.com\/wp-content\/uploads\/2024\/11\/Tempo-1.png 1024w, https:\/\/sulsc.com\/wp-content\/uploads\/2024\/11\/Tempo-1-300x55.png 300w, https:\/\/sulsc.com\/wp-content\/uploads\/2024\/11\/Tempo-1-768x142.png 768w\" sizes=\"(max-width: 697px) 100vw, 697px\" \/><\/p>\n<p>No amanhecer, as temperaturas variam entre 8\u00b0C e 11\u00b0C no Planalto Sul e nas \u00e1reas de Serra e de 11\u00b0C a 18\u00b0C nas demais regi\u00f5es. Durante \u00e0 tarde, faz calor no Oeste, onde os term\u00f4metros podem chegar aos 33\u00b0C. Nas demais regi\u00f5es, faz entre 22\u00b0C e 29\u00b0C com valores ligeiramente menores nas \u00e1reas serranas.<\/p>\n","protected":false},"excerpt":{"rendered":"<p>Domingo (10), com predom\u00ednio de tempo firme com sol em praticamente todas as regi\u00f5es. Ainda espera-se maior nebulosidade no Vale do Itaja\u00ed e no litoral, inclusive com possibilidade de chuva fraca nos extremos do dia, devido a circula\u00e7\u00e3o mar\u00edtima. N\u00e3o descarta-se a ocorr\u00eancia de neblinas\/nevoeiros durante a madrugada em pontos da Serra e do Meio-Oeste. &hellip;<\/p>\n<p class=\"read-more\"> <a class=\"\" href=\"https:\/\/sulsc.com\/index.php\/2024\/11\/10\/tempo-firme-e-ensolarado-neste-domingo-10\/\"> <span class=\"screen-reader-text\">Tempo firme e ensolarado neste domingo (10)<\/span> Read More &raquo;<\/a><\/p>\n","protected":false},"author":3,"featured_media":17134,"comment_status":"open","ping_status":"open","sticky":false,"template":"","format":"standard","meta":{"site-sidebar-layout":"default","site-content-layout":"","ast-site-content-layout":"default","site-content-style":"default","site-sidebar-style":"default","ast-global-header-display":"","ast-banner-title-visibility":"","ast-main-header-display":"","ast-hfb-above-header-display":"","ast-hfb-below-header-display":"","ast-hfb-mobile-header-display":"","site-post-title":"","ast-breadcrumbs-content":"","ast-featured-img":"","footer-sml-layout":"","theme-transparent-header-meta":"default","adv-header-id-meta":"","stick-header-meta":"","header-above-stick-meta":"","header-main-stick-meta":"","header-below-stick-meta":"","astra-migrate-meta-layouts":"set","footnotes":""},"categories":[38],"tags":[90],"yoast_head":"<!-- This site is optimized with the Yoast SEO plugin v21.4 - https:\/\/yoast.com\/wordpress\/plugins\/seo\/ -->\n<title>Tempo firme e ensolarado neste domingo (10) -<\/title>\n<meta name=\"description\" content=\"Temperaturas variam entre 8\u00b0C e 11\u00b0C no Planalto Sul e nas \u00e1reas de Serra e de 11\u00b0C a 18\u00b0C nas demais regi\u00f5es regi\u00f5es, faz entre 22\u00b0C e 29\u00b0\" \/>\n<meta name=\"robots\" content=\"index, follow, max-snippet:-1, max-image-preview:large, max-video-preview:-1\" \/>\n<link rel=\"canonical\" href=\"https:\/\/sulsc.com\/index.php\/2024\/11\/10\/tempo-firme-e-ensolarado-neste-domingo-10\/\" \/>\n<meta property=\"og:locale\" content=\"en_US\" \/>\n<meta property=\"og:type\" content=\"article\" \/>\n<meta property=\"og:title\" content=\"Tempo firme e ensolarado neste domingo (10) -\" \/>\n<meta property=\"og:description\" content=\"Temperaturas variam entre 8\u00b0C e 11\u00b0C no Planalto Sul e nas \u00e1reas de Serra e de 11\u00b0C a 18\u00b0C nas demais regi\u00f5es regi\u00f5es, faz entre 22\u00b0C e 29\u00b0\" \/>\n<meta property=\"og:url\" content=\"https:\/\/sulsc.com\/index.php\/2024\/11\/10\/tempo-firme-e-ensolarado-neste-domingo-10\/\" \/>\n<meta property=\"article:author\" content=\"https:\/\/www.facebook.com\/profile.php?id=61559278119680\" \/>\n<meta property=\"article:published_time\" content=\"2024-11-10T12:51:36+00:00\" \/>\n<meta property=\"og:image\" content=\"http:\/\/sulsc.com\/wp-content\/uploads\/2024\/11\/previsao.jpg\" \/>\n\t<meta property=\"og:image:width\" content=\"1600\" \/>\n\t<meta property=\"og:image:height\" content=\"719\" \/>\n\t<meta property=\"og:image:type\" content=\"image\/jpeg\" \/>\n<meta name=\"author\" content=\"Reda\u00e7\u00e3o Sul SC\" \/>\n<meta name=\"twitter:card\" content=\"summary_large_image\" \/>\n<meta name=\"twitter:creator\" content=\"@https:\/\/twitter.com\/PortalSulSC\" \/>\n<meta name=\"twitter:label1\" content=\"Written by\" \/>\n\t<meta name=\"twitter:data1\" content=\"Reda\u00e7\u00e3o Sul SC\" \/>\n\t<meta name=\"twitter:label2\" content=\"Est. reading time\" \/>\n\t<meta name=\"twitter:data2\" content=\"1 minute\" \/>\n<script type=\"application\/ld+json\" class=\"yoast-schema-graph\">{\"@context\":\"https:\/\/schema.org\",\"@graph\":[{\"@type\":\"WebPage\",\"@id\":\"https:\/\/sulsc.com\/index.php\/2024\/11\/10\/tempo-firme-e-ensolarado-neste-domingo-10\/\",\"url\":\"https:\/\/sulsc.com\/index.php\/2024\/11\/10\/tempo-firme-e-ensolarado-neste-domingo-10\/\",\"name\":\"Tempo firme e ensolarado neste domingo (10) -\",\"isPartOf\":{\"@id\":\"https:\/\/sulsc.com\/#website\"},\"datePublished\":\"2024-11-10T12:51:36+00:00\",\"dateModified\":\"2024-11-10T12:51:36+00:00\",\"author\":{\"@id\":\"https:\/\/sulsc.com\/#\/schema\/person\/84d2fc571684f6248ba83092f07750a3\"},\"description\":\"Temperaturas variam entre 8\u00b0C e 11\u00b0C no Planalto Sul e nas \u00e1reas de Serra e de 11\u00b0C a 18\u00b0C nas demais regi\u00f5es regi\u00f5es, faz entre 22\u00b0C e 29\u00b0\",\"breadcrumb\":{\"@id\":\"https:\/\/sulsc.com\/index.php\/2024\/11\/10\/tempo-firme-e-ensolarado-neste-domingo-10\/#breadcrumb\"},\"inLanguage\":\"en-US\",\"potentialAction\":[{\"@type\":\"ReadAction\",\"target\":[\"https:\/\/sulsc.com\/index.php\/2024\/11\/10\/tempo-firme-e-ensolarado-neste-domingo-10\/\"]}]},{\"@type\":\"BreadcrumbList\",\"@id\":\"https:\/\/sulsc.com\/index.php\/2024\/11\/10\/tempo-firme-e-ensolarado-neste-domingo-10\/#breadcrumb\",\"itemListElement\":[{\"@type\":\"ListItem\",\"position\":1,\"name\":\"In\u00edcio\",\"item\":\"https:\/\/sulsc.com\/\"},{\"@type\":\"ListItem\",\"position\":2,\"name\":\"Tempo firme e ensolarado neste domingo (10)\"}]},{\"@type\":\"WebSite\",\"@id\":\"https:\/\/sulsc.com\/#website\",\"url\":\"https:\/\/sulsc.com\/\",\"name\":\"\",\"description\":\"\",\"potentialAction\":[{\"@type\":\"SearchAction\",\"target\":{\"@type\":\"EntryPoint\",\"urlTemplate\":\"https:\/\/sulsc.com\/?s={search_term_string}\"},\"query-input\":\"required name=search_term_string\"}],\"inLanguage\":\"en-US\"},{\"@type\":\"Person\",\"@id\":\"https:\/\/sulsc.com\/#\/schema\/person\/84d2fc571684f6248ba83092f07750a3\",\"name\":\"Reda\u00e7\u00e3o Sul SC\",\"image\":{\"@type\":\"ImageObject\",\"inLanguage\":\"en-US\",\"@id\":\"https:\/\/sulsc.com\/#\/schema\/person\/image\/e08d7fe2cc4ed596372063bbe852b8d0\",\"url\":\"https:\/\/sulsc.com\/wp-content\/uploads\/2023\/09\/redacao.png\",\"contentUrl\":\"https:\/\/sulsc.com\/wp-content\/uploads\/2023\/09\/redacao.png\",\"caption\":\"Reda\u00e7\u00e3o Sul SC\"},\"description\":\"Foco em um jornalismo imparcial, voltado \u00e0 qualidade dos seus conte\u00fados e, assim, levar informa\u00e7\u00e3o de valor que agregue \u00e0 vida dos leitores. Esta \u00e9 grande miss\u00e3o do Portal de Not\u00edcias Sul SC. N\u00e3o \u00e9 quantidade que muda o mundo, sempre foi e seguir\u00e1 sendo qualidade!\",\"sameAs\":[\"https:\/\/sulsc.com\/\",\"https:\/\/www.facebook.com\/profile.php?id=61559278119680\",\"https:\/\/www.instagram.com\/sulscportal\/?hl=pt-br\",\"https:\/\/twitter.com\/https:\/\/twitter.com\/PortalSulSC\",\"https:\/\/www.youtube.com\/channel\/UCv_BE8GeySluDov2n8qhVmw\"],\"url\":\"https:\/\/sulsc.com\/index.php\/author\/redacao\/\"}]}<\/script>\n<!-- \/ Yoast SEO plugin. -->","yoast_head_json":{"title":"Tempo firme e ensolarado neste domingo (10) -","description":"Temperaturas variam entre 8\u00b0C e 11\u00b0C no Planalto Sul e nas \u00e1reas de Serra e de 11\u00b0C a 18\u00b0C nas demais regi\u00f5es regi\u00f5es, faz entre 22\u00b0C e 29\u00b0","robots":{"index":"index","follow":"follow","max-snippet":"max-snippet:-1","max-image-preview":"max-image-preview:large","max-video-preview":"max-video-preview:-1"},"canonical":"https:\/\/sulsc.com\/index.php\/2024\/11\/10\/tempo-firme-e-ensolarado-neste-domingo-10\/","og_locale":"en_US","og_type":"article","og_title":"Tempo firme e ensolarado neste domingo (10) -","og_description":"Temperaturas variam entre 8\u00b0C e 11\u00b0C no Planalto Sul e nas \u00e1reas de Serra e de 11\u00b0C a 18\u00b0C nas demais regi\u00f5es regi\u00f5es, faz entre 22\u00b0C e 29\u00b0","og_url":"https:\/\/sulsc.com\/index.php\/2024\/11\/10\/tempo-firme-e-ensolarado-neste-domingo-10\/","article_author":"https:\/\/www.facebook.com\/profile.php?id=61559278119680","article_published_time":"2024-11-10T12:51:36+00:00","og_image":[{"width":1600,"height":719,"url":"http:\/\/sulsc.com\/wp-content\/uploads\/2024\/11\/previsao.jpg","type":"image\/jpeg"}],"author":"Reda\u00e7\u00e3o Sul SC","twitter_card":"summary_large_image","twitter_creator":"@https:\/\/twitter.com\/PortalSulSC","twitter_misc":{"Written by":"Reda\u00e7\u00e3o Sul SC","Est. reading time":"1 minute"},"schema":{"@context":"https:\/\/schema.org","@graph":[{"@type":"WebPage","@id":"https:\/\/sulsc.com\/index.php\/2024\/11\/10\/tempo-firme-e-ensolarado-neste-domingo-10\/","url":"https:\/\/sulsc.com\/index.php\/2024\/11\/10\/tempo-firme-e-ensolarado-neste-domingo-10\/","name":"Tempo firme e ensolarado neste domingo (10) -","isPartOf":{"@id":"https:\/\/sulsc.com\/#website"},"datePublished":"2024-11-10T12:51:36+00:00","dateModified":"2024-11-10T12:51:36+00:00","author":{"@id":"https:\/\/sulsc.com\/#\/schema\/person\/84d2fc571684f6248ba83092f07750a3"},"description":"Temperaturas variam entre 8\u00b0C e 11\u00b0C no Planalto Sul e nas \u00e1reas de Serra e de 11\u00b0C a 18\u00b0C nas demais regi\u00f5es regi\u00f5es, faz entre 22\u00b0C e 29\u00b0","breadcrumb":{"@id":"https:\/\/sulsc.com\/index.php\/2024\/11\/10\/tempo-firme-e-ensolarado-neste-domingo-10\/#breadcrumb"},"inLanguage":"en-US","potentialAction":[{"@type":"ReadAction","target":["https:\/\/sulsc.com\/index.php\/2024\/11\/10\/tempo-firme-e-ensolarado-neste-domingo-10\/"]}]},{"@type":"BreadcrumbList","@id":"https:\/\/sulsc.com\/index.php\/2024\/11\/10\/tempo-firme-e-ensolarado-neste-domingo-10\/#breadcrumb","itemListElement":[{"@type":"ListItem","position":1,"name":"In\u00edcio","item":"https:\/\/sulsc.com\/"},{"@type":"ListItem","position":2,"name":"Tempo firme e ensolarado neste domingo (10)"}]},{"@type":"WebSite","@id":"https:\/\/sulsc.com\/#website","url":"https:\/\/sulsc.com\/","name":"","description":"","potentialAction":[{"@type":"SearchAction","target":{"@type":"EntryPoint","urlTemplate":"https:\/\/sulsc.com\/?s={search_term_string}"},"query-input":"required name=search_term_string"}],"inLanguage":"en-US"},{"@type":"Person","@id":"https:\/\/sulsc.com\/#\/schema\/person\/84d2fc571684f6248ba83092f07750a3","name":"Reda\u00e7\u00e3o Sul SC","image":{"@type":"ImageObject","inLanguage":"en-US","@id":"https:\/\/sulsc.com\/#\/schema\/person\/image\/e08d7fe2cc4ed596372063bbe852b8d0","url":"https:\/\/sulsc.com\/wp-content\/uploads\/2023\/09\/redacao.png","contentUrl":"https:\/\/sulsc.com\/wp-content\/uploads\/2023\/09\/redacao.png","caption":"Reda\u00e7\u00e3o Sul SC"},"description":"Foco em um jornalismo imparcial, voltado \u00e0 qualidade dos seus conte\u00fados e, assim, levar informa\u00e7\u00e3o de valor que agregue \u00e0 vida dos leitores. Esta \u00e9 grande miss\u00e3o do Portal de Not\u00edcias Sul SC. N\u00e3o \u00e9 quantidade que muda o mundo, sempre foi e seguir\u00e1 sendo qualidade!","sameAs":["https:\/\/sulsc.com\/","https:\/\/www.facebook.com\/profile.php?id=61559278119680","https:\/\/www.instagram.com\/sulscportal\/?hl=pt-br","https:\/\/twitter.com\/https:\/\/twitter.com\/PortalSulSC","https:\/\/www.youtube.com\/channel\/UCv_BE8GeySluDov2n8qhVmw"],"url":"https:\/\/sulsc.com\/index.php\/author\/redacao\/"}]}},"authors":[],"_links":{"self":[{"href":"https:\/\/sulsc.com\/index.php\/wp-json\/wp\/v2\/posts\/17132"}],"collection":[{"href":"https:\/\/sulsc.com\/index.php\/wp-json\/wp\/v2\/posts"}],"about":[{"href":"https:\/\/sulsc.com\/index.php\/wp-json\/wp\/v2\/types\/post"}],"author":[{"embeddable":true,"href":"https:\/\/sulsc.com\/index.php\/wp-json\/wp\/v2\/users\/3"}],"replies":[{"embeddable":true,"href":"https:\/\/sulsc.com\/index.php\/wp-json\/wp\/v2\/comments?post=17132"}],"version-history":[{"count":1,"href":"https:\/\/sulsc.com\/index.php\/wp-json\/wp\/v2\/posts\/17132\/revisions"}],"predecessor-version":[{"id":17135,"href":"https:\/\/sulsc.com\/index.php\/wp-json\/wp\/v2\/posts\/17132\/revisions\/17135"}],"wp:featuredmedia":[{"embeddable":true,"href":"https:\/\/sulsc.com\/index.php\/wp-json\/wp\/v2\/media\/17134"}],"wp:attachment":[{"href":"https:\/\/sulsc.com\/index.php\/wp-json\/wp\/v2\/media?parent=17132"}],"wp:term":[{"taxonomy":"category","embeddable":true,"href":"https:\/\/sulsc.com\/index.php\/wp-json\/wp\/v2\/categories?post=17132"},{"taxonomy":"post_tag","embeddable":true,"href":"https:\/\/sulsc.com\/index.php\/wp-json\/wp\/v2\/tags?post=17132"}],"curies":[{"name":"wp","href":"https:\/\/api.w.org\/{rel}","templated":true}]}}