{"id":17267,"date":"2024-11-13T15:47:23","date_gmt":"2024-11-13T18:47:23","guid":{"rendered":"https:\/\/sulsc.com\/?p=17267"},"modified":"2024-11-13T15:47:23","modified_gmt":"2024-11-13T18:47:23","slug":"sao-joaquim-registrou-geada-no-amanhecer-desta-quarta-feira-13","status":"publish","type":"post","link":"https:\/\/sulsc.com\/index.php\/2024\/11\/13\/sao-joaquim-registrou-geada-no-amanhecer-desta-quarta-feira-13\/","title":{"rendered":"S\u00e3o Joaquim registrou geada no amanhecer desta quarta-feira (13)"},"content":{"rendered":"<p>Em um evento clim\u00e1tico inesperado para esta \u00e9poca do ano, o Vale do Caminhos da Neve, situado a apenas 3 km do centro de S\u00e3o Joaquim, registrou geada na manh\u00e3 desta quarta-feira,13 de novembro. O fen\u00f4meno cobriu a paisagem com uma fina camada de gelo que transformou a paisagem em plena primavera. De acordo com a Epagri Ciram, a temperatura m\u00ednima no local foi de 1,97\u00b0C, enquanto, em baixadas pr\u00f3ximas ao centro da cidade, a esta\u00e7\u00e3o do INMET chegou a registrar -0,3\u00b0C.<\/p>\n<p>Apesar do frio e do gelo, a geada foi localizada e pontual, sem causar grandes impactos na agricultura da regi\u00e3o. A primavera j\u00e1 se encontra em pleno curso, e a maioria das culturas agr\u00edcolas como a ma\u00e7\u00e3 e a uva j\u00e1 est\u00e3o em fase de crescimento, mas as baixas temperaturas n\u00e3o foram intensas o suficiente para gerar danos significativos.<\/p>\n","protected":false},"excerpt":{"rendered":"<p>Em um evento clim\u00e1tico inesperado para esta \u00e9poca do ano, o Vale do Caminhos da Neve, situado a apenas 3 km do centro de S\u00e3o Joaquim, registrou geada na manh\u00e3 desta quarta-feira,13 de novembro. O fen\u00f4meno cobriu a paisagem com uma fina camada de gelo que transformou a paisagem em plena primavera. De acordo com &hellip;<\/p>\n<p class=\"read-more\"> <a class=\"\" href=\"https:\/\/sulsc.com\/index.php\/2024\/11\/13\/sao-joaquim-registrou-geada-no-amanhecer-desta-quarta-feira-13\/\"> <span class=\"screen-reader-text\">S\u00e3o Joaquim registrou geada no amanhecer desta quarta-feira (13)<\/span> Read More &raquo;<\/a><\/p>\n","protected":false},"author":3,"featured_media":17268,"comment_status":"open","ping_status":"open","sticky":false,"template":"","format":"standard","meta":{"site-sidebar-layout":"default","site-content-layout":"","ast-site-content-layout":"default","site-content-style":"default","site-sidebar-style":"default","ast-global-header-display":"","ast-banner-title-visibility":"","ast-main-header-display":"","ast-hfb-above-header-display":"","ast-hfb-below-header-display":"","ast-hfb-mobile-header-display":"","site-post-title":"","ast-breadcrumbs-content":"","ast-featured-img":"","footer-sml-layout":"","theme-transparent-header-meta":"default","adv-header-id-meta":"","stick-header-meta":"","header-above-stick-meta":"","header-main-stick-meta":"","header-below-stick-meta":"","astra-migrate-meta-layouts":"set","footnotes":""},"categories":[38],"tags":[],"yoast_head":"<!-- This site is optimized with the Yoast SEO plugin v21.4 - https:\/\/yoast.com\/wordpress\/plugins\/seo\/ -->\n<title>S\u00e3o Joaquim registrou geada no amanhecer desta quarta-feira (13) -<\/title>\n<meta name=\"robots\" content=\"index, follow, max-snippet:-1, max-image-preview:large, max-video-preview:-1\" \/>\n<link rel=\"canonical\" href=\"https:\/\/sulsc.com\/index.php\/2024\/11\/13\/sao-joaquim-registrou-geada-no-amanhecer-desta-quarta-feira-13\/\" \/>\n<meta property=\"og:locale\" content=\"en_US\" \/>\n<meta property=\"og:type\" content=\"article\" \/>\n<meta property=\"og:title\" content=\"S\u00e3o Joaquim registrou geada no amanhecer desta quarta-feira (13) -\" \/>\n<meta property=\"og:description\" content=\"Em um evento clim\u00e1tico inesperado para esta \u00e9poca do ano, o Vale do Caminhos da Neve, situado a apenas 3 km do centro de S\u00e3o Joaquim, registrou geada na manh\u00e3 desta quarta-feira,13 de novembro. O fen\u00f4meno cobriu a paisagem com uma fina camada de gelo que transformou a paisagem em plena primavera. De acordo com &hellip; S\u00e3o Joaquim registrou geada no amanhecer desta quarta-feira (13) Read More &raquo;\" \/>\n<meta property=\"og:url\" content=\"https:\/\/sulsc.com\/index.php\/2024\/11\/13\/sao-joaquim-registrou-geada-no-amanhecer-desta-quarta-feira-13\/\" \/>\n<meta property=\"article:author\" content=\"https:\/\/www.facebook.com\/profile.php?id=61559278119680\" \/>\n<meta property=\"article:published_time\" content=\"2024-11-13T18:47:23+00:00\" \/>\n<meta property=\"og:image\" content=\"http:\/\/sulsc.com\/wp-content\/uploads\/2024\/11\/WhatsApp-Image-2024-11-13-at-09.20.40-scaled.jpeg\" \/>\n\t<meta property=\"og:image:width\" content=\"2560\" \/>\n\t<meta property=\"og:image:height\" content=\"1441\" \/>\n\t<meta property=\"og:image:type\" content=\"image\/jpeg\" \/>\n<meta name=\"author\" content=\"Reda\u00e7\u00e3o Sul SC\" \/>\n<meta name=\"twitter:card\" content=\"summary_large_image\" \/>\n<meta name=\"twitter:creator\" content=\"@https:\/\/twitter.com\/PortalSulSC\" \/>\n<meta name=\"twitter:label1\" content=\"Written by\" \/>\n\t<meta name=\"twitter:data1\" content=\"Reda\u00e7\u00e3o Sul SC\" \/>\n\t<meta name=\"twitter:label2\" content=\"Est. reading time\" \/>\n\t<meta name=\"twitter:data2\" content=\"1 minute\" \/>\n<script type=\"application\/ld+json\" class=\"yoast-schema-graph\">{\"@context\":\"https:\/\/schema.org\",\"@graph\":[{\"@type\":\"WebPage\",\"@id\":\"https:\/\/sulsc.com\/index.php\/2024\/11\/13\/sao-joaquim-registrou-geada-no-amanhecer-desta-quarta-feira-13\/\",\"url\":\"https:\/\/sulsc.com\/index.php\/2024\/11\/13\/sao-joaquim-registrou-geada-no-amanhecer-desta-quarta-feira-13\/\",\"name\":\"S\u00e3o Joaquim registrou geada no amanhecer desta quarta-feira (13) -\",\"isPartOf\":{\"@id\":\"https:\/\/sulsc.com\/#website\"},\"datePublished\":\"2024-11-13T18:47:23+00:00\",\"dateModified\":\"2024-11-13T18:47:23+00:00\",\"author\":{\"@id\":\"https:\/\/sulsc.com\/#\/schema\/person\/84d2fc571684f6248ba83092f07750a3\"},\"breadcrumb\":{\"@id\":\"https:\/\/sulsc.com\/index.php\/2024\/11\/13\/sao-joaquim-registrou-geada-no-amanhecer-desta-quarta-feira-13\/#breadcrumb\"},\"inLanguage\":\"en-US\",\"potentialAction\":[{\"@type\":\"ReadAction\",\"target\":[\"https:\/\/sulsc.com\/index.php\/2024\/11\/13\/sao-joaquim-registrou-geada-no-amanhecer-desta-quarta-feira-13\/\"]}]},{\"@type\":\"BreadcrumbList\",\"@id\":\"https:\/\/sulsc.com\/index.php\/2024\/11\/13\/sao-joaquim-registrou-geada-no-amanhecer-desta-quarta-feira-13\/#breadcrumb\",\"itemListElement\":[{\"@type\":\"ListItem\",\"position\":1,\"name\":\"In\u00edcio\",\"item\":\"https:\/\/sulsc.com\/\"},{\"@type\":\"ListItem\",\"position\":2,\"name\":\"S\u00e3o Joaquim registrou geada no amanhecer desta quarta-feira (13)\"}]},{\"@type\":\"WebSite\",\"@id\":\"https:\/\/sulsc.com\/#website\",\"url\":\"https:\/\/sulsc.com\/\",\"name\":\"\",\"description\":\"\",\"potentialAction\":[{\"@type\":\"SearchAction\",\"target\":{\"@type\":\"EntryPoint\",\"urlTemplate\":\"https:\/\/sulsc.com\/?s={search_term_string}\"},\"query-input\":\"required name=search_term_string\"}],\"inLanguage\":\"en-US\"},{\"@type\":\"Person\",\"@id\":\"https:\/\/sulsc.com\/#\/schema\/person\/84d2fc571684f6248ba83092f07750a3\",\"name\":\"Reda\u00e7\u00e3o Sul SC\",\"image\":{\"@type\":\"ImageObject\",\"inLanguage\":\"en-US\",\"@id\":\"https:\/\/sulsc.com\/#\/schema\/person\/image\/e08d7fe2cc4ed596372063bbe852b8d0\",\"url\":\"https:\/\/sulsc.com\/wp-content\/uploads\/2023\/09\/redacao.png\",\"contentUrl\":\"https:\/\/sulsc.com\/wp-content\/uploads\/2023\/09\/redacao.png\",\"caption\":\"Reda\u00e7\u00e3o Sul SC\"},\"description\":\"Foco em um jornalismo imparcial, voltado \u00e0 qualidade dos seus conte\u00fados e, assim, levar informa\u00e7\u00e3o de valor que agregue \u00e0 vida dos leitores. Esta \u00e9 grande miss\u00e3o do Portal de Not\u00edcias Sul SC. N\u00e3o \u00e9 quantidade que muda o mundo, sempre foi e seguir\u00e1 sendo qualidade!\",\"sameAs\":[\"https:\/\/sulsc.com\/\",\"https:\/\/www.facebook.com\/profile.php?id=61559278119680\",\"https:\/\/www.instagram.com\/sulscportal\/?hl=pt-br\",\"https:\/\/twitter.com\/https:\/\/twitter.com\/PortalSulSC\",\"https:\/\/www.youtube.com\/channel\/UCv_BE8GeySluDov2n8qhVmw\"],\"url\":\"https:\/\/sulsc.com\/index.php\/author\/redacao\/\"}]}<\/script>\n<!-- \/ Yoast SEO plugin. -->","yoast_head_json":{"title":"S\u00e3o Joaquim registrou geada no amanhecer desta quarta-feira (13) -","robots":{"index":"index","follow":"follow","max-snippet":"max-snippet:-1","max-image-preview":"max-image-preview:large","max-video-preview":"max-video-preview:-1"},"canonical":"https:\/\/sulsc.com\/index.php\/2024\/11\/13\/sao-joaquim-registrou-geada-no-amanhecer-desta-quarta-feira-13\/","og_locale":"en_US","og_type":"article","og_title":"S\u00e3o Joaquim registrou geada no amanhecer desta quarta-feira (13) -","og_description":"Em um evento clim\u00e1tico inesperado para esta \u00e9poca do ano, o Vale do Caminhos da Neve, situado a apenas 3 km do centro de S\u00e3o Joaquim, registrou geada na manh\u00e3 desta quarta-feira,13 de novembro. O fen\u00f4meno cobriu a paisagem com uma fina camada de gelo que transformou a paisagem em plena primavera. De acordo com &hellip; S\u00e3o Joaquim registrou geada no amanhecer desta quarta-feira (13) Read More &raquo;","og_url":"https:\/\/sulsc.com\/index.php\/2024\/11\/13\/sao-joaquim-registrou-geada-no-amanhecer-desta-quarta-feira-13\/","article_author":"https:\/\/www.facebook.com\/profile.php?id=61559278119680","article_published_time":"2024-11-13T18:47:23+00:00","og_image":[{"width":2560,"height":1441,"url":"http:\/\/sulsc.com\/wp-content\/uploads\/2024\/11\/WhatsApp-Image-2024-11-13-at-09.20.40-scaled.jpeg","type":"image\/jpeg"}],"author":"Reda\u00e7\u00e3o Sul SC","twitter_card":"summary_large_image","twitter_creator":"@https:\/\/twitter.com\/PortalSulSC","twitter_misc":{"Written by":"Reda\u00e7\u00e3o Sul SC","Est. reading time":"1 minute"},"schema":{"@context":"https:\/\/schema.org","@graph":[{"@type":"WebPage","@id":"https:\/\/sulsc.com\/index.php\/2024\/11\/13\/sao-joaquim-registrou-geada-no-amanhecer-desta-quarta-feira-13\/","url":"https:\/\/sulsc.com\/index.php\/2024\/11\/13\/sao-joaquim-registrou-geada-no-amanhecer-desta-quarta-feira-13\/","name":"S\u00e3o Joaquim registrou geada no amanhecer desta quarta-feira (13) -","isPartOf":{"@id":"https:\/\/sulsc.com\/#website"},"datePublished":"2024-11-13T18:47:23+00:00","dateModified":"2024-11-13T18:47:23+00:00","author":{"@id":"https:\/\/sulsc.com\/#\/schema\/person\/84d2fc571684f6248ba83092f07750a3"},"breadcrumb":{"@id":"https:\/\/sulsc.com\/index.php\/2024\/11\/13\/sao-joaquim-registrou-geada-no-amanhecer-desta-quarta-feira-13\/#breadcrumb"},"inLanguage":"en-US","potentialAction":[{"@type":"ReadAction","target":["https:\/\/sulsc.com\/index.php\/2024\/11\/13\/sao-joaquim-registrou-geada-no-amanhecer-desta-quarta-feira-13\/"]}]},{"@type":"BreadcrumbList","@id":"https:\/\/sulsc.com\/index.php\/2024\/11\/13\/sao-joaquim-registrou-geada-no-amanhecer-desta-quarta-feira-13\/#breadcrumb","itemListElement":[{"@type":"ListItem","position":1,"name":"In\u00edcio","item":"https:\/\/sulsc.com\/"},{"@type":"ListItem","position":2,"name":"S\u00e3o Joaquim registrou geada no amanhecer desta quarta-feira (13)"}]},{"@type":"WebSite","@id":"https:\/\/sulsc.com\/#website","url":"https:\/\/sulsc.com\/","name":"","description":"","potentialAction":[{"@type":"SearchAction","target":{"@type":"EntryPoint","urlTemplate":"https:\/\/sulsc.com\/?s={search_term_string}"},"query-input":"required name=search_term_string"}],"inLanguage":"en-US"},{"@type":"Person","@id":"https:\/\/sulsc.com\/#\/schema\/person\/84d2fc571684f6248ba83092f07750a3","name":"Reda\u00e7\u00e3o Sul SC","image":{"@type":"ImageObject","inLanguage":"en-US","@id":"https:\/\/sulsc.com\/#\/schema\/person\/image\/e08d7fe2cc4ed596372063bbe852b8d0","url":"https:\/\/sulsc.com\/wp-content\/uploads\/2023\/09\/redacao.png","contentUrl":"https:\/\/sulsc.com\/wp-content\/uploads\/2023\/09\/redacao.png","caption":"Reda\u00e7\u00e3o Sul SC"},"description":"Foco em um jornalismo imparcial, voltado \u00e0 qualidade dos seus conte\u00fados e, assim, levar informa\u00e7\u00e3o de valor que agregue \u00e0 vida dos leitores. Esta \u00e9 grande miss\u00e3o do Portal de Not\u00edcias Sul SC. N\u00e3o \u00e9 quantidade que muda o mundo, sempre foi e seguir\u00e1 sendo qualidade!","sameAs":["https:\/\/sulsc.com\/","https:\/\/www.facebook.com\/profile.php?id=61559278119680","https:\/\/www.instagram.com\/sulscportal\/?hl=pt-br","https:\/\/twitter.com\/https:\/\/twitter.com\/PortalSulSC","https:\/\/www.youtube.com\/channel\/UCv_BE8GeySluDov2n8qhVmw"],"url":"https:\/\/sulsc.com\/index.php\/author\/redacao\/"}]}},"authors":[],"_links":{"self":[{"href":"https:\/\/sulsc.com\/index.php\/wp-json\/wp\/v2\/posts\/17267"}],"collection":[{"href":"https:\/\/sulsc.com\/index.php\/wp-json\/wp\/v2\/posts"}],"about":[{"href":"https:\/\/sulsc.com\/index.php\/wp-json\/wp\/v2\/types\/post"}],"author":[{"embeddable":true,"href":"https:\/\/sulsc.com\/index.php\/wp-json\/wp\/v2\/users\/3"}],"replies":[{"embeddable":true,"href":"https:\/\/sulsc.com\/index.php\/wp-json\/wp\/v2\/comments?post=17267"}],"version-history":[{"count":1,"href":"https:\/\/sulsc.com\/index.php\/wp-json\/wp\/v2\/posts\/17267\/revisions"}],"predecessor-version":[{"id":17269,"href":"https:\/\/sulsc.com\/index.php\/wp-json\/wp\/v2\/posts\/17267\/revisions\/17269"}],"wp:featuredmedia":[{"embeddable":true,"href":"https:\/\/sulsc.com\/index.php\/wp-json\/wp\/v2\/media\/17268"}],"wp:attachment":[{"href":"https:\/\/sulsc.com\/index.php\/wp-json\/wp\/v2\/media?parent=17267"}],"wp:term":[{"taxonomy":"category","embeddable":true,"href":"https:\/\/sulsc.com\/index.php\/wp-json\/wp\/v2\/categories?post=17267"},{"taxonomy":"post_tag","embeddable":true,"href":"https:\/\/sulsc.com\/index.php\/wp-json\/wp\/v2\/tags?post=17267"}],"curies":[{"name":"wp","href":"https:\/\/api.w.org\/{rel}","templated":true}]}}