{"id":1730,"date":"2023-10-03T09:40:31","date_gmt":"2023-10-03T12:40:31","guid":{"rendered":"https:\/\/sulsc.com\/?p=1730"},"modified":"2023-10-03T08:44:45","modified_gmt":"2023-10-03T11:44:45","slug":"estao-abertas-as-inscricoes-para-o-curso-de-guarda-vidas-civil-no-extremo-sul-de-sc","status":"publish","type":"post","link":"https:\/\/sulsc.com\/index.php\/2023\/10\/03\/estao-abertas-as-inscricoes-para-o-curso-de-guarda-vidas-civil-no-extremo-sul-de-sc\/","title":{"rendered":"Est\u00e3o abertas as inscri\u00e7\u00f5es para o curso de Guarda-Vidas Civil no Extremo Sul de SC"},"content":{"rendered":"<p>As inscri\u00e7\u00f5es para o curso de Guarda-Vidas Civil do Corpo de Bombeiros Militar de Santa Catarina est\u00e3o abertas oficialmente para quem deseja atuar no Extremo Sul. No 4\u00ba Batalh\u00e3o de Bombeiros Militar s\u00e3o cerca de 200 vagas divididas em cinco praias. Os interessados devem fazer o cadastro de maneira on-line at\u00e9 o dia 11 de outubro.<\/p>\n<p>Para participar do curso, os candidatos devem preencher alguns requisitos estabelecidos, tais como idade m\u00ednima de 18 anos, condi\u00e7\u00e3o f\u00edsica adequada e aus\u00eancia de antecedentes criminais, entre outros crit\u00e9rios mencionados no edital. As inscri\u00e7\u00f5es seguem at\u00e9 \u00e0s 18 horas do dia 11 de outubro, pelo site oficial do CBMSC. Cada praia possui um edital, por isso, \u00e9 importante que o candidato fique atento a praia em que deseja atuar.<\/p>\n<p>\u201cO servi\u00e7o de salvamento aqu\u00e1tico \u00e9 vital para a seguran\u00e7a aqu\u00e1tica da popula\u00e7\u00e3o, sendo imprescind\u00edvel a atua\u00e7\u00e3o dos Gurda Vidas. Durante o curso ser\u00e3o realizadas diversas atividades te\u00f3ricas e pr\u00e1ticas, habilitando o candidato \u00e0s atividades de preven\u00e7\u00e3o e socorro dos afogamentos dentre outras a\u00e7\u00f5es\u201d, explica o subcomandante do 4\u00ba BBM, major Renan Fernandes.<\/p>\n<p>S\u00e3o cerca de 80 quil\u00f4metros de orla Catarinense no Extremo Sul, sendo de responsabilidade do 4\u00ba BBM as praias de Balne\u00e1rio Rinc\u00e3o, Balne\u00e1rio Arroio do Silva, Morro dos Conventos, Balne\u00e1rio Gaivota e Passo de Torres. A expectativa \u00e9 de que a temporada de ver\u00e3o inicie na segunda quinzena do m\u00eas de novembro, dependendo das condi\u00e7\u00f5es clim\u00e1ticas.<\/p>\n<p>&nbsp;<\/p>\n<p>Fonte: Engeplus<\/p>\n","protected":false},"excerpt":{"rendered":"<p>As inscri\u00e7\u00f5es para o curso de Guarda-Vidas Civil do Corpo de Bombeiros Militar de Santa Catarina est\u00e3o abertas oficialmente para quem deseja atuar no Extremo Sul. No 4\u00ba Batalh\u00e3o de Bombeiros Militar s\u00e3o cerca de 200 vagas divididas em cinco praias. Os interessados devem fazer o cadastro de maneira on-line at\u00e9 o dia 11 de &hellip;<\/p>\n<p class=\"read-more\"> <a class=\"\" href=\"https:\/\/sulsc.com\/index.php\/2023\/10\/03\/estao-abertas-as-inscricoes-para-o-curso-de-guarda-vidas-civil-no-extremo-sul-de-sc\/\"> <span class=\"screen-reader-text\">Est\u00e3o abertas as inscri\u00e7\u00f5es para o curso de Guarda-Vidas Civil no Extremo Sul de SC<\/span> Read More &raquo;<\/a><\/p>\n","protected":false},"author":3,"featured_media":1731,"comment_status":"open","ping_status":"open","sticky":false,"template":"","format":"standard","meta":{"site-sidebar-layout":"default","site-content-layout":"default","ast-site-content-layout":"","site-content-style":"default","site-sidebar-style":"default","ast-global-header-display":"","ast-banner-title-visibility":"","ast-main-header-display":"","ast-hfb-above-header-display":"","ast-hfb-below-header-display":"","ast-hfb-mobile-header-display":"","site-post-title":"","ast-breadcrumbs-content":"","ast-featured-img":"","footer-sml-layout":"","theme-transparent-header-meta":"default","adv-header-id-meta":"","stick-header-meta":"","header-above-stick-meta":"","header-main-stick-meta":"","header-below-stick-meta":"","astra-migrate-meta-layouts":"","footnotes":""},"categories":[24,23],"tags":[],"yoast_head":"<!-- This site is optimized with the Yoast SEO plugin v21.4 - https:\/\/yoast.com\/wordpress\/plugins\/seo\/ -->\n<title>Est\u00e3o abertas as inscri\u00e7\u00f5es para o curso de Guarda-Vidas Civil no Extremo Sul de SC -<\/title>\n<meta name=\"robots\" content=\"index, follow, max-snippet:-1, max-image-preview:large, max-video-preview:-1\" \/>\n<link rel=\"canonical\" href=\"https:\/\/sulsc.com\/index.php\/2023\/10\/03\/estao-abertas-as-inscricoes-para-o-curso-de-guarda-vidas-civil-no-extremo-sul-de-sc\/\" \/>\n<meta property=\"og:locale\" content=\"en_US\" \/>\n<meta property=\"og:type\" content=\"article\" \/>\n<meta property=\"og:title\" content=\"Est\u00e3o abertas as inscri\u00e7\u00f5es para o curso de Guarda-Vidas Civil no Extremo Sul de SC -\" \/>\n<meta property=\"og:description\" content=\"As inscri\u00e7\u00f5es para o curso de Guarda-Vidas Civil do Corpo de Bombeiros Militar de Santa Catarina est\u00e3o abertas oficialmente para quem deseja atuar no Extremo Sul. No 4\u00ba Batalh\u00e3o de Bombeiros Militar s\u00e3o cerca de 200 vagas divididas em cinco praias. Os interessados devem fazer o cadastro de maneira on-line at\u00e9 o dia 11 de &hellip; Est\u00e3o abertas as inscri\u00e7\u00f5es para o curso de Guarda-Vidas Civil no Extremo Sul de SC Read More &raquo;\" \/>\n<meta property=\"og:url\" content=\"https:\/\/sulsc.com\/index.php\/2023\/10\/03\/estao-abertas-as-inscricoes-para-o-curso-de-guarda-vidas-civil-no-extremo-sul-de-sc\/\" \/>\n<meta property=\"article:author\" content=\"https:\/\/www.facebook.com\/profile.php?id=61559278119680\" \/>\n<meta property=\"article:published_time\" content=\"2023-10-03T12:40:31+00:00\" \/>\n<meta property=\"article:modified_time\" content=\"2023-10-03T11:44:45+00:00\" \/>\n<meta property=\"og:image\" content=\"https:\/\/sulsc.com\/wp-content\/uploads\/2023\/10\/estao-abertas-as-inscricoes-para-o-curso-de-guarda-vidas-civil-no-extremo-sul-de-santa-catarina.jpg\" \/>\n\t<meta property=\"og:image:width\" content=\"730\" \/>\n\t<meta property=\"og:image:height\" content=\"425\" \/>\n\t<meta property=\"og:image:type\" content=\"image\/jpeg\" \/>\n<meta name=\"author\" content=\"Reda\u00e7\u00e3o Sul SC\" \/>\n<meta name=\"twitter:card\" content=\"summary_large_image\" \/>\n<meta name=\"twitter:creator\" content=\"@https:\/\/twitter.com\/PortalSulSC\" \/>\n<meta name=\"twitter:label1\" content=\"Written by\" \/>\n\t<meta name=\"twitter:data1\" content=\"Reda\u00e7\u00e3o Sul SC\" \/>\n\t<meta name=\"twitter:label2\" content=\"Est. reading time\" \/>\n\t<meta name=\"twitter:data2\" content=\"1 minute\" \/>\n<script type=\"application\/ld+json\" class=\"yoast-schema-graph\">{\"@context\":\"https:\/\/schema.org\",\"@graph\":[{\"@type\":\"WebPage\",\"@id\":\"https:\/\/sulsc.com\/index.php\/2023\/10\/03\/estao-abertas-as-inscricoes-para-o-curso-de-guarda-vidas-civil-no-extremo-sul-de-sc\/\",\"url\":\"https:\/\/sulsc.com\/index.php\/2023\/10\/03\/estao-abertas-as-inscricoes-para-o-curso-de-guarda-vidas-civil-no-extremo-sul-de-sc\/\",\"name\":\"Est\u00e3o abertas as inscri\u00e7\u00f5es para o curso de Guarda-Vidas Civil no Extremo Sul de SC -\",\"isPartOf\":{\"@id\":\"https:\/\/sulsc.com\/#website\"},\"datePublished\":\"2023-10-03T12:40:31+00:00\",\"dateModified\":\"2023-10-03T11:44:45+00:00\",\"author\":{\"@id\":\"https:\/\/sulsc.com\/#\/schema\/person\/84d2fc571684f6248ba83092f07750a3\"},\"breadcrumb\":{\"@id\":\"https:\/\/sulsc.com\/index.php\/2023\/10\/03\/estao-abertas-as-inscricoes-para-o-curso-de-guarda-vidas-civil-no-extremo-sul-de-sc\/#breadcrumb\"},\"inLanguage\":\"en-US\",\"potentialAction\":[{\"@type\":\"ReadAction\",\"target\":[\"https:\/\/sulsc.com\/index.php\/2023\/10\/03\/estao-abertas-as-inscricoes-para-o-curso-de-guarda-vidas-civil-no-extremo-sul-de-sc\/\"]}]},{\"@type\":\"BreadcrumbList\",\"@id\":\"https:\/\/sulsc.com\/index.php\/2023\/10\/03\/estao-abertas-as-inscricoes-para-o-curso-de-guarda-vidas-civil-no-extremo-sul-de-sc\/#breadcrumb\",\"itemListElement\":[{\"@type\":\"ListItem\",\"position\":1,\"name\":\"In\u00edcio\",\"item\":\"https:\/\/sulsc.com\/\"},{\"@type\":\"ListItem\",\"position\":2,\"name\":\"Est\u00e3o abertas as inscri\u00e7\u00f5es para o curso de Guarda-Vidas Civil no Extremo Sul de SC\"}]},{\"@type\":\"WebSite\",\"@id\":\"https:\/\/sulsc.com\/#website\",\"url\":\"https:\/\/sulsc.com\/\",\"name\":\"\",\"description\":\"\",\"potentialAction\":[{\"@type\":\"SearchAction\",\"target\":{\"@type\":\"EntryPoint\",\"urlTemplate\":\"https:\/\/sulsc.com\/?s={search_term_string}\"},\"query-input\":\"required name=search_term_string\"}],\"inLanguage\":\"en-US\"},{\"@type\":\"Person\",\"@id\":\"https:\/\/sulsc.com\/#\/schema\/person\/84d2fc571684f6248ba83092f07750a3\",\"name\":\"Reda\u00e7\u00e3o Sul SC\",\"image\":{\"@type\":\"ImageObject\",\"inLanguage\":\"en-US\",\"@id\":\"https:\/\/sulsc.com\/#\/schema\/person\/image\/e08d7fe2cc4ed596372063bbe852b8d0\",\"url\":\"https:\/\/sulsc.com\/wp-content\/uploads\/2023\/09\/redacao.png\",\"contentUrl\":\"https:\/\/sulsc.com\/wp-content\/uploads\/2023\/09\/redacao.png\",\"caption\":\"Reda\u00e7\u00e3o Sul SC\"},\"description\":\"Foco em um jornalismo imparcial, voltado \u00e0 qualidade dos seus conte\u00fados e, assim, levar informa\u00e7\u00e3o de valor que agregue \u00e0 vida dos leitores. Esta \u00e9 grande miss\u00e3o do Portal de Not\u00edcias Sul SC. N\u00e3o \u00e9 quantidade que muda o mundo, sempre foi e seguir\u00e1 sendo qualidade!\",\"sameAs\":[\"https:\/\/sulsc.com\/\",\"https:\/\/www.facebook.com\/profile.php?id=61559278119680\",\"https:\/\/www.instagram.com\/sulscportal\/?hl=pt-br\",\"https:\/\/twitter.com\/https:\/\/twitter.com\/PortalSulSC\",\"https:\/\/www.youtube.com\/channel\/UCv_BE8GeySluDov2n8qhVmw\"],\"url\":\"https:\/\/sulsc.com\/index.php\/author\/redacao\/\"}]}<\/script>\n<!-- \/ Yoast SEO plugin. -->","yoast_head_json":{"title":"Est\u00e3o abertas as inscri\u00e7\u00f5es para o curso de Guarda-Vidas Civil no Extremo Sul de SC -","robots":{"index":"index","follow":"follow","max-snippet":"max-snippet:-1","max-image-preview":"max-image-preview:large","max-video-preview":"max-video-preview:-1"},"canonical":"https:\/\/sulsc.com\/index.php\/2023\/10\/03\/estao-abertas-as-inscricoes-para-o-curso-de-guarda-vidas-civil-no-extremo-sul-de-sc\/","og_locale":"en_US","og_type":"article","og_title":"Est\u00e3o abertas as inscri\u00e7\u00f5es para o curso de Guarda-Vidas Civil no Extremo Sul de SC -","og_description":"As inscri\u00e7\u00f5es para o curso de Guarda-Vidas Civil do Corpo de Bombeiros Militar de Santa Catarina est\u00e3o abertas oficialmente para quem deseja atuar no Extremo Sul. No 4\u00ba Batalh\u00e3o de Bombeiros Militar s\u00e3o cerca de 200 vagas divididas em cinco praias. Os interessados devem fazer o cadastro de maneira on-line at\u00e9 o dia 11 de &hellip; Est\u00e3o abertas as inscri\u00e7\u00f5es para o curso de Guarda-Vidas Civil no Extremo Sul de SC Read More &raquo;","og_url":"https:\/\/sulsc.com\/index.php\/2023\/10\/03\/estao-abertas-as-inscricoes-para-o-curso-de-guarda-vidas-civil-no-extremo-sul-de-sc\/","article_author":"https:\/\/www.facebook.com\/profile.php?id=61559278119680","article_published_time":"2023-10-03T12:40:31+00:00","article_modified_time":"2023-10-03T11:44:45+00:00","og_image":[{"width":730,"height":425,"url":"https:\/\/sulsc.com\/wp-content\/uploads\/2023\/10\/estao-abertas-as-inscricoes-para-o-curso-de-guarda-vidas-civil-no-extremo-sul-de-santa-catarina.jpg","type":"image\/jpeg"}],"author":"Reda\u00e7\u00e3o Sul SC","twitter_card":"summary_large_image","twitter_creator":"@https:\/\/twitter.com\/PortalSulSC","twitter_misc":{"Written by":"Reda\u00e7\u00e3o Sul SC","Est. reading time":"1 minute"},"schema":{"@context":"https:\/\/schema.org","@graph":[{"@type":"WebPage","@id":"https:\/\/sulsc.com\/index.php\/2023\/10\/03\/estao-abertas-as-inscricoes-para-o-curso-de-guarda-vidas-civil-no-extremo-sul-de-sc\/","url":"https:\/\/sulsc.com\/index.php\/2023\/10\/03\/estao-abertas-as-inscricoes-para-o-curso-de-guarda-vidas-civil-no-extremo-sul-de-sc\/","name":"Est\u00e3o abertas as inscri\u00e7\u00f5es para o curso de Guarda-Vidas Civil no Extremo Sul de SC -","isPartOf":{"@id":"https:\/\/sulsc.com\/#website"},"datePublished":"2023-10-03T12:40:31+00:00","dateModified":"2023-10-03T11:44:45+00:00","author":{"@id":"https:\/\/sulsc.com\/#\/schema\/person\/84d2fc571684f6248ba83092f07750a3"},"breadcrumb":{"@id":"https:\/\/sulsc.com\/index.php\/2023\/10\/03\/estao-abertas-as-inscricoes-para-o-curso-de-guarda-vidas-civil-no-extremo-sul-de-sc\/#breadcrumb"},"inLanguage":"en-US","potentialAction":[{"@type":"ReadAction","target":["https:\/\/sulsc.com\/index.php\/2023\/10\/03\/estao-abertas-as-inscricoes-para-o-curso-de-guarda-vidas-civil-no-extremo-sul-de-sc\/"]}]},{"@type":"BreadcrumbList","@id":"https:\/\/sulsc.com\/index.php\/2023\/10\/03\/estao-abertas-as-inscricoes-para-o-curso-de-guarda-vidas-civil-no-extremo-sul-de-sc\/#breadcrumb","itemListElement":[{"@type":"ListItem","position":1,"name":"In\u00edcio","item":"https:\/\/sulsc.com\/"},{"@type":"ListItem","position":2,"name":"Est\u00e3o abertas as inscri\u00e7\u00f5es para o curso de Guarda-Vidas Civil no Extremo Sul de SC"}]},{"@type":"WebSite","@id":"https:\/\/sulsc.com\/#website","url":"https:\/\/sulsc.com\/","name":"","description":"","potentialAction":[{"@type":"SearchAction","target":{"@type":"EntryPoint","urlTemplate":"https:\/\/sulsc.com\/?s={search_term_string}"},"query-input":"required name=search_term_string"}],"inLanguage":"en-US"},{"@type":"Person","@id":"https:\/\/sulsc.com\/#\/schema\/person\/84d2fc571684f6248ba83092f07750a3","name":"Reda\u00e7\u00e3o Sul SC","image":{"@type":"ImageObject","inLanguage":"en-US","@id":"https:\/\/sulsc.com\/#\/schema\/person\/image\/e08d7fe2cc4ed596372063bbe852b8d0","url":"https:\/\/sulsc.com\/wp-content\/uploads\/2023\/09\/redacao.png","contentUrl":"https:\/\/sulsc.com\/wp-content\/uploads\/2023\/09\/redacao.png","caption":"Reda\u00e7\u00e3o Sul SC"},"description":"Foco em um jornalismo imparcial, voltado \u00e0 qualidade dos seus conte\u00fados e, assim, levar informa\u00e7\u00e3o de valor que agregue \u00e0 vida dos leitores. Esta \u00e9 grande miss\u00e3o do Portal de Not\u00edcias Sul SC. N\u00e3o \u00e9 quantidade que muda o mundo, sempre foi e seguir\u00e1 sendo qualidade!","sameAs":["https:\/\/sulsc.com\/","https:\/\/www.facebook.com\/profile.php?id=61559278119680","https:\/\/www.instagram.com\/sulscportal\/?hl=pt-br","https:\/\/twitter.com\/https:\/\/twitter.com\/PortalSulSC","https:\/\/www.youtube.com\/channel\/UCv_BE8GeySluDov2n8qhVmw"],"url":"https:\/\/sulsc.com\/index.php\/author\/redacao\/"}]}},"authors":[],"_links":{"self":[{"href":"https:\/\/sulsc.com\/index.php\/wp-json\/wp\/v2\/posts\/1730"}],"collection":[{"href":"https:\/\/sulsc.com\/index.php\/wp-json\/wp\/v2\/posts"}],"about":[{"href":"https:\/\/sulsc.com\/index.php\/wp-json\/wp\/v2\/types\/post"}],"author":[{"embeddable":true,"href":"https:\/\/sulsc.com\/index.php\/wp-json\/wp\/v2\/users\/3"}],"replies":[{"embeddable":true,"href":"https:\/\/sulsc.com\/index.php\/wp-json\/wp\/v2\/comments?post=1730"}],"version-history":[{"count":1,"href":"https:\/\/sulsc.com\/index.php\/wp-json\/wp\/v2\/posts\/1730\/revisions"}],"predecessor-version":[{"id":1732,"href":"https:\/\/sulsc.com\/index.php\/wp-json\/wp\/v2\/posts\/1730\/revisions\/1732"}],"wp:featuredmedia":[{"embeddable":true,"href":"https:\/\/sulsc.com\/index.php\/wp-json\/wp\/v2\/media\/1731"}],"wp:attachment":[{"href":"https:\/\/sulsc.com\/index.php\/wp-json\/wp\/v2\/media?parent=1730"}],"wp:term":[{"taxonomy":"category","embeddable":true,"href":"https:\/\/sulsc.com\/index.php\/wp-json\/wp\/v2\/categories?post=1730"},{"taxonomy":"post_tag","embeddable":true,"href":"https:\/\/sulsc.com\/index.php\/wp-json\/wp\/v2\/tags?post=1730"}],"curies":[{"name":"wp","href":"https:\/\/api.w.org\/{rel}","templated":true}]}}