{"id":17434,"date":"2024-11-18T07:59:54","date_gmt":"2024-11-18T10:59:54","guid":{"rendered":"https:\/\/sulsc.com\/?p=17434"},"modified":"2024-11-18T07:59:54","modified_gmt":"2024-11-18T10:59:54","slug":"segunda-feira-18-com-tempo-firme-mas-com-nebulosidade-na-parte-da-tarde","status":"publish","type":"post","link":"https:\/\/sulsc.com\/index.php\/2024\/11\/18\/segunda-feira-18-com-tempo-firme-mas-com-nebulosidade-na-parte-da-tarde\/","title":{"rendered":"Segunda-feira (18) com tempo firme mas com nebulosidade na parte da tarde"},"content":{"rendered":"<p>Nesta segunda-feira (18), o dia se inicia com varia\u00e7\u00e3o de nebulosidade e tempo firme em todo o estado. Nas primeiras horas da manh\u00e3, h\u00e1 condi\u00e7\u00f5es para forma\u00e7\u00e3o de nevoeiros\/neblinas entre o Meio Oeste e o Litoral. As temperaturas se aproximam dos 30\u00b0C em todas as regi\u00f5es catarinenses no per\u00edodo da tarde.<\/p>\n<p><img fetchpriority=\"high\" decoding=\"async\" class=\"aligncenter size-full wp-image-17435\" src=\"http:\/\/sulsc.com\/wp-content\/uploads\/2024\/11\/2-2.png\" alt=\"\" width=\"1311\" height=\"895\" srcset=\"https:\/\/sulsc.com\/wp-content\/uploads\/2024\/11\/2-2.png 1311w, https:\/\/sulsc.com\/wp-content\/uploads\/2024\/11\/2-2-300x205.png 300w, https:\/\/sulsc.com\/wp-content\/uploads\/2024\/11\/2-2-1024x699.png 1024w, https:\/\/sulsc.com\/wp-content\/uploads\/2024\/11\/2-2-768x524.png 768w\" sizes=\"(max-width: 1311px) 100vw, 1311px\" \/><\/p>\n<p><img decoding=\"async\" class=\"aligncenter  wp-image-17436\" src=\"http:\/\/sulsc.com\/wp-content\/uploads\/2024\/11\/Tempo-2.png\" alt=\"\" width=\"638\" height=\"118\" srcset=\"https:\/\/sulsc.com\/wp-content\/uploads\/2024\/11\/Tempo-2.png 1024w, https:\/\/sulsc.com\/wp-content\/uploads\/2024\/11\/Tempo-2-300x55.png 300w, https:\/\/sulsc.com\/wp-content\/uploads\/2024\/11\/Tempo-2-768x142.png 768w\" sizes=\"(max-width: 638px) 100vw, 638px\" \/><\/p>\n<p>A partir da tarde, a aproxima\u00e7\u00e3o de uma frente fria, somada a disponibilidade de calor e umidade, favorecem a condi\u00e7\u00e3o para temporais isolados em praticamente todas as regi\u00f5es. No Grande Oeste, nos Planaltos, Alto Vale do Itaja\u00ed e no Litoral Sul, o risco \u00e9 moderado para ocorr\u00eancias associadas a destelhamentos, danos na rede el\u00e9trica, alagamentos e enxurradas. Nas demais \u00e1reas, o risco \u00e9 baixo para ocorr\u00eancias associadas aos temporais.<\/p>\n<p>Fonte: Defesa Civil SC\/Meteorologista: J\u00e9ssica Silva<\/p>\n","protected":false},"excerpt":{"rendered":"<p>Nesta segunda-feira (18), o dia se inicia com varia\u00e7\u00e3o de nebulosidade e tempo firme em todo o estado. Nas primeiras horas da manh\u00e3, h\u00e1 condi\u00e7\u00f5es para forma\u00e7\u00e3o de nevoeiros\/neblinas entre o Meio Oeste e o Litoral. As temperaturas se aproximam dos 30\u00b0C em todas as regi\u00f5es catarinenses no per\u00edodo da tarde. A partir da tarde, &hellip;<\/p>\n<p class=\"read-more\"> <a class=\"\" href=\"https:\/\/sulsc.com\/index.php\/2024\/11\/18\/segunda-feira-18-com-tempo-firme-mas-com-nebulosidade-na-parte-da-tarde\/\"> <span class=\"screen-reader-text\">Segunda-feira (18) com tempo firme mas com nebulosidade na parte da tarde<\/span> Read More &raquo;<\/a><\/p>\n","protected":false},"author":3,"featured_media":17437,"comment_status":"open","ping_status":"open","sticky":false,"template":"","format":"standard","meta":{"site-sidebar-layout":"default","site-content-layout":"","ast-site-content-layout":"default","site-content-style":"default","site-sidebar-style":"default","ast-global-header-display":"","ast-banner-title-visibility":"","ast-main-header-display":"","ast-hfb-above-header-display":"","ast-hfb-below-header-display":"","ast-hfb-mobile-header-display":"","site-post-title":"","ast-breadcrumbs-content":"","ast-featured-img":"","footer-sml-layout":"","theme-transparent-header-meta":"default","adv-header-id-meta":"","stick-header-meta":"","header-above-stick-meta":"","header-main-stick-meta":"","header-below-stick-meta":"","astra-migrate-meta-layouts":"set","footnotes":""},"categories":[38],"tags":[90],"yoast_head":"<!-- This site is optimized with the Yoast SEO plugin v21.4 - https:\/\/yoast.com\/wordpress\/plugins\/seo\/ -->\n<title>Segunda-feira (18) com tempo firme mas com nebulosidade na parte da tarde -<\/title>\n<meta name=\"description\" content=\"Em todas as regi\u00f5es do estado as temperaturas atingem na parte da tarde m\u00e1ximas de 30\u00b0C com temporais isolados no final do dia\" \/>\n<meta name=\"robots\" content=\"index, follow, max-snippet:-1, max-image-preview:large, max-video-preview:-1\" \/>\n<link rel=\"canonical\" href=\"https:\/\/sulsc.com\/index.php\/2024\/11\/18\/segunda-feira-18-com-tempo-firme-mas-com-nebulosidade-na-parte-da-tarde\/\" \/>\n<meta property=\"og:locale\" content=\"en_US\" \/>\n<meta property=\"og:type\" content=\"article\" \/>\n<meta property=\"og:title\" content=\"Segunda-feira (18) com tempo firme mas com nebulosidade na parte da tarde -\" \/>\n<meta property=\"og:description\" content=\"Em todas as regi\u00f5es do estado as temperaturas atingem na parte da tarde m\u00e1ximas de 30\u00b0C com temporais isolados no final do dia\" \/>\n<meta property=\"og:url\" content=\"https:\/\/sulsc.com\/index.php\/2024\/11\/18\/segunda-feira-18-com-tempo-firme-mas-com-nebulosidade-na-parte-da-tarde\/\" \/>\n<meta property=\"article:author\" content=\"https:\/\/www.facebook.com\/profile.php?id=61559278119680\" \/>\n<meta property=\"article:published_time\" content=\"2024-11-18T10:59:54+00:00\" \/>\n<meta property=\"og:image\" content=\"http:\/\/sulsc.com\/wp-content\/uploads\/2024\/11\/Previ-1.jpg\" \/>\n\t<meta property=\"og:image:width\" content=\"1600\" \/>\n\t<meta property=\"og:image:height\" content=\"719\" \/>\n\t<meta property=\"og:image:type\" content=\"image\/jpeg\" \/>\n<meta name=\"author\" content=\"Reda\u00e7\u00e3o Sul SC\" \/>\n<meta name=\"twitter:card\" content=\"summary_large_image\" \/>\n<meta name=\"twitter:creator\" content=\"@https:\/\/twitter.com\/PortalSulSC\" \/>\n<meta name=\"twitter:label1\" content=\"Written by\" \/>\n\t<meta name=\"twitter:data1\" content=\"Reda\u00e7\u00e3o Sul SC\" \/>\n\t<meta name=\"twitter:label2\" content=\"Est. reading time\" \/>\n\t<meta name=\"twitter:data2\" content=\"1 minute\" \/>\n<script type=\"application\/ld+json\" class=\"yoast-schema-graph\">{\"@context\":\"https:\/\/schema.org\",\"@graph\":[{\"@type\":\"WebPage\",\"@id\":\"https:\/\/sulsc.com\/index.php\/2024\/11\/18\/segunda-feira-18-com-tempo-firme-mas-com-nebulosidade-na-parte-da-tarde\/\",\"url\":\"https:\/\/sulsc.com\/index.php\/2024\/11\/18\/segunda-feira-18-com-tempo-firme-mas-com-nebulosidade-na-parte-da-tarde\/\",\"name\":\"Segunda-feira (18) com tempo firme mas com nebulosidade na parte da tarde -\",\"isPartOf\":{\"@id\":\"https:\/\/sulsc.com\/#website\"},\"datePublished\":\"2024-11-18T10:59:54+00:00\",\"dateModified\":\"2024-11-18T10:59:54+00:00\",\"author\":{\"@id\":\"https:\/\/sulsc.com\/#\/schema\/person\/84d2fc571684f6248ba83092f07750a3\"},\"description\":\"Em todas as regi\u00f5es do estado as temperaturas atingem na parte da tarde m\u00e1ximas de 30\u00b0C com temporais isolados no final do dia\",\"breadcrumb\":{\"@id\":\"https:\/\/sulsc.com\/index.php\/2024\/11\/18\/segunda-feira-18-com-tempo-firme-mas-com-nebulosidade-na-parte-da-tarde\/#breadcrumb\"},\"inLanguage\":\"en-US\",\"potentialAction\":[{\"@type\":\"ReadAction\",\"target\":[\"https:\/\/sulsc.com\/index.php\/2024\/11\/18\/segunda-feira-18-com-tempo-firme-mas-com-nebulosidade-na-parte-da-tarde\/\"]}]},{\"@type\":\"BreadcrumbList\",\"@id\":\"https:\/\/sulsc.com\/index.php\/2024\/11\/18\/segunda-feira-18-com-tempo-firme-mas-com-nebulosidade-na-parte-da-tarde\/#breadcrumb\",\"itemListElement\":[{\"@type\":\"ListItem\",\"position\":1,\"name\":\"In\u00edcio\",\"item\":\"https:\/\/sulsc.com\/\"},{\"@type\":\"ListItem\",\"position\":2,\"name\":\"Segunda-feira (18) com tempo firme mas com nebulosidade na parte da tarde\"}]},{\"@type\":\"WebSite\",\"@id\":\"https:\/\/sulsc.com\/#website\",\"url\":\"https:\/\/sulsc.com\/\",\"name\":\"\",\"description\":\"\",\"potentialAction\":[{\"@type\":\"SearchAction\",\"target\":{\"@type\":\"EntryPoint\",\"urlTemplate\":\"https:\/\/sulsc.com\/?s={search_term_string}\"},\"query-input\":\"required name=search_term_string\"}],\"inLanguage\":\"en-US\"},{\"@type\":\"Person\",\"@id\":\"https:\/\/sulsc.com\/#\/schema\/person\/84d2fc571684f6248ba83092f07750a3\",\"name\":\"Reda\u00e7\u00e3o Sul SC\",\"image\":{\"@type\":\"ImageObject\",\"inLanguage\":\"en-US\",\"@id\":\"https:\/\/sulsc.com\/#\/schema\/person\/image\/e08d7fe2cc4ed596372063bbe852b8d0\",\"url\":\"https:\/\/sulsc.com\/wp-content\/uploads\/2023\/09\/redacao.png\",\"contentUrl\":\"https:\/\/sulsc.com\/wp-content\/uploads\/2023\/09\/redacao.png\",\"caption\":\"Reda\u00e7\u00e3o Sul SC\"},\"description\":\"Foco em um jornalismo imparcial, voltado \u00e0 qualidade dos seus conte\u00fados e, assim, levar informa\u00e7\u00e3o de valor que agregue \u00e0 vida dos leitores. Esta \u00e9 grande miss\u00e3o do Portal de Not\u00edcias Sul SC. N\u00e3o \u00e9 quantidade que muda o mundo, sempre foi e seguir\u00e1 sendo qualidade!\",\"sameAs\":[\"https:\/\/sulsc.com\/\",\"https:\/\/www.facebook.com\/profile.php?id=61559278119680\",\"https:\/\/www.instagram.com\/sulscportal\/?hl=pt-br\",\"https:\/\/twitter.com\/https:\/\/twitter.com\/PortalSulSC\",\"https:\/\/www.youtube.com\/channel\/UCv_BE8GeySluDov2n8qhVmw\"],\"url\":\"https:\/\/sulsc.com\/index.php\/author\/redacao\/\"}]}<\/script>\n<!-- \/ Yoast SEO plugin. -->","yoast_head_json":{"title":"Segunda-feira (18) com tempo firme mas com nebulosidade na parte da tarde -","description":"Em todas as regi\u00f5es do estado as temperaturas atingem na parte da tarde m\u00e1ximas de 30\u00b0C com temporais isolados no final do dia","robots":{"index":"index","follow":"follow","max-snippet":"max-snippet:-1","max-image-preview":"max-image-preview:large","max-video-preview":"max-video-preview:-1"},"canonical":"https:\/\/sulsc.com\/index.php\/2024\/11\/18\/segunda-feira-18-com-tempo-firme-mas-com-nebulosidade-na-parte-da-tarde\/","og_locale":"en_US","og_type":"article","og_title":"Segunda-feira (18) com tempo firme mas com nebulosidade na parte da tarde -","og_description":"Em todas as regi\u00f5es do estado as temperaturas atingem na parte da tarde m\u00e1ximas de 30\u00b0C com temporais isolados no final do dia","og_url":"https:\/\/sulsc.com\/index.php\/2024\/11\/18\/segunda-feira-18-com-tempo-firme-mas-com-nebulosidade-na-parte-da-tarde\/","article_author":"https:\/\/www.facebook.com\/profile.php?id=61559278119680","article_published_time":"2024-11-18T10:59:54+00:00","og_image":[{"width":1600,"height":719,"url":"http:\/\/sulsc.com\/wp-content\/uploads\/2024\/11\/Previ-1.jpg","type":"image\/jpeg"}],"author":"Reda\u00e7\u00e3o Sul SC","twitter_card":"summary_large_image","twitter_creator":"@https:\/\/twitter.com\/PortalSulSC","twitter_misc":{"Written by":"Reda\u00e7\u00e3o Sul SC","Est. reading time":"1 minute"},"schema":{"@context":"https:\/\/schema.org","@graph":[{"@type":"WebPage","@id":"https:\/\/sulsc.com\/index.php\/2024\/11\/18\/segunda-feira-18-com-tempo-firme-mas-com-nebulosidade-na-parte-da-tarde\/","url":"https:\/\/sulsc.com\/index.php\/2024\/11\/18\/segunda-feira-18-com-tempo-firme-mas-com-nebulosidade-na-parte-da-tarde\/","name":"Segunda-feira (18) com tempo firme mas com nebulosidade na parte da tarde -","isPartOf":{"@id":"https:\/\/sulsc.com\/#website"},"datePublished":"2024-11-18T10:59:54+00:00","dateModified":"2024-11-18T10:59:54+00:00","author":{"@id":"https:\/\/sulsc.com\/#\/schema\/person\/84d2fc571684f6248ba83092f07750a3"},"description":"Em todas as regi\u00f5es do estado as temperaturas atingem na parte da tarde m\u00e1ximas de 30\u00b0C com temporais isolados no final do dia","breadcrumb":{"@id":"https:\/\/sulsc.com\/index.php\/2024\/11\/18\/segunda-feira-18-com-tempo-firme-mas-com-nebulosidade-na-parte-da-tarde\/#breadcrumb"},"inLanguage":"en-US","potentialAction":[{"@type":"ReadAction","target":["https:\/\/sulsc.com\/index.php\/2024\/11\/18\/segunda-feira-18-com-tempo-firme-mas-com-nebulosidade-na-parte-da-tarde\/"]}]},{"@type":"BreadcrumbList","@id":"https:\/\/sulsc.com\/index.php\/2024\/11\/18\/segunda-feira-18-com-tempo-firme-mas-com-nebulosidade-na-parte-da-tarde\/#breadcrumb","itemListElement":[{"@type":"ListItem","position":1,"name":"In\u00edcio","item":"https:\/\/sulsc.com\/"},{"@type":"ListItem","position":2,"name":"Segunda-feira (18) com tempo firme mas com nebulosidade na parte da tarde"}]},{"@type":"WebSite","@id":"https:\/\/sulsc.com\/#website","url":"https:\/\/sulsc.com\/","name":"","description":"","potentialAction":[{"@type":"SearchAction","target":{"@type":"EntryPoint","urlTemplate":"https:\/\/sulsc.com\/?s={search_term_string}"},"query-input":"required name=search_term_string"}],"inLanguage":"en-US"},{"@type":"Person","@id":"https:\/\/sulsc.com\/#\/schema\/person\/84d2fc571684f6248ba83092f07750a3","name":"Reda\u00e7\u00e3o Sul SC","image":{"@type":"ImageObject","inLanguage":"en-US","@id":"https:\/\/sulsc.com\/#\/schema\/person\/image\/e08d7fe2cc4ed596372063bbe852b8d0","url":"https:\/\/sulsc.com\/wp-content\/uploads\/2023\/09\/redacao.png","contentUrl":"https:\/\/sulsc.com\/wp-content\/uploads\/2023\/09\/redacao.png","caption":"Reda\u00e7\u00e3o Sul SC"},"description":"Foco em um jornalismo imparcial, voltado \u00e0 qualidade dos seus conte\u00fados e, assim, levar informa\u00e7\u00e3o de valor que agregue \u00e0 vida dos leitores. Esta \u00e9 grande miss\u00e3o do Portal de Not\u00edcias Sul SC. N\u00e3o \u00e9 quantidade que muda o mundo, sempre foi e seguir\u00e1 sendo qualidade!","sameAs":["https:\/\/sulsc.com\/","https:\/\/www.facebook.com\/profile.php?id=61559278119680","https:\/\/www.instagram.com\/sulscportal\/?hl=pt-br","https:\/\/twitter.com\/https:\/\/twitter.com\/PortalSulSC","https:\/\/www.youtube.com\/channel\/UCv_BE8GeySluDov2n8qhVmw"],"url":"https:\/\/sulsc.com\/index.php\/author\/redacao\/"}]}},"authors":[],"_links":{"self":[{"href":"https:\/\/sulsc.com\/index.php\/wp-json\/wp\/v2\/posts\/17434"}],"collection":[{"href":"https:\/\/sulsc.com\/index.php\/wp-json\/wp\/v2\/posts"}],"about":[{"href":"https:\/\/sulsc.com\/index.php\/wp-json\/wp\/v2\/types\/post"}],"author":[{"embeddable":true,"href":"https:\/\/sulsc.com\/index.php\/wp-json\/wp\/v2\/users\/3"}],"replies":[{"embeddable":true,"href":"https:\/\/sulsc.com\/index.php\/wp-json\/wp\/v2\/comments?post=17434"}],"version-history":[{"count":1,"href":"https:\/\/sulsc.com\/index.php\/wp-json\/wp\/v2\/posts\/17434\/revisions"}],"predecessor-version":[{"id":17438,"href":"https:\/\/sulsc.com\/index.php\/wp-json\/wp\/v2\/posts\/17434\/revisions\/17438"}],"wp:featuredmedia":[{"embeddable":true,"href":"https:\/\/sulsc.com\/index.php\/wp-json\/wp\/v2\/media\/17437"}],"wp:attachment":[{"href":"https:\/\/sulsc.com\/index.php\/wp-json\/wp\/v2\/media?parent=17434"}],"wp:term":[{"taxonomy":"category","embeddable":true,"href":"https:\/\/sulsc.com\/index.php\/wp-json\/wp\/v2\/categories?post=17434"},{"taxonomy":"post_tag","embeddable":true,"href":"https:\/\/sulsc.com\/index.php\/wp-json\/wp\/v2\/tags?post=17434"}],"curies":[{"name":"wp","href":"https:\/\/api.w.org\/{rel}","templated":true}]}}