{"id":17504,"date":"2024-11-19T15:22:36","date_gmt":"2024-11-19T18:22:36","guid":{"rendered":"https:\/\/sulsc.com\/?p=17504"},"modified":"2024-11-19T15:22:36","modified_gmt":"2024-11-19T18:22:36","slug":"alerta-para-mar-agitado-e-ventos-intensos-no-litoral-entre-quarta-e-sexta-feira","status":"publish","type":"post","link":"https:\/\/sulsc.com\/index.php\/2024\/11\/19\/alerta-para-mar-agitado-e-ventos-intensos-no-litoral-entre-quarta-e-sexta-feira\/","title":{"rendered":"Alerta para mar agitado e ventos intensos no litoral entre quarta e sexta-feira"},"content":{"rendered":"<p data-raofz=\"16\">Nesta quarta-feira (20)\u00a0os ventos ganham for\u00e7a no litoral de Santa Catarina, aumentando a agita\u00e7\u00e3o mar\u00edtima em toda a costa e trazendo risco de ressaca entre o Litoral Sul e a Grande Florian\u00f3polis.\u00a0O risco para ocorr\u00eancias associadas \u00e0 agita\u00e7\u00e3o mar\u00edtima e aos ventos intensos \u00e9 alto entre o Litoral Sul e a Grande Florian\u00f3polis litor\u00e2nea, e moderado no Litoral Norte.<\/p>\n<p data-raofz=\"16\">Os ventos atuam de forma persistente ao longo do per\u00edodo, soprando de sudeste e leste com velocidade m\u00e9dia entre 30 e 50 km\/h e rajadas de 50 a 75 km\/h. Entre o Litoral Sul e a regi\u00e3o de Florian\u00f3polis s\u00e3o esperadas ondas entre 2,5m e 3,0m, podendo chegar a 3,5m em alto mar<strong>.<\/strong>\u00a0No Litoral Norte as ondas variam entre 2,0m e 2,5m.<\/p>\n<p data-raofz=\"16\">Entre quinta (21)<strong> e<\/strong> sexta-feira (22), os ventos perdem intensidade no litoral, mas o mar permanece agitado em toda costa catarinense.<\/p>\n<h3 class=\"wp-block-heading\" data-raofz=\"24\"><strong>Recomenda\u00e7\u00f5es para a popula\u00e7\u00e3o:<\/strong><\/h3>\n<ul class=\"wp-block-list\">\n<li data-raofz=\"16\">Evite atividades de navega\u00e7\u00e3o, pesca, esportes mar\u00edtimos e banho de mar. Evite tamb\u00e9m caminhar ou pedalar na orla caso as ondas estejam atingindo a ciclovia.<\/li>\n<\/ul>\n<ul class=\"wp-block-list\">\n<li data-raofz=\"16\">Em caso de intensifica\u00e7\u00e3o dos ventos, busque um local abrigado, longe de \u00e1rvores, placas, postes de energia e outros objetos que possam ser arremessados.<\/li>\n<\/ul>\n","protected":false},"excerpt":{"rendered":"<p>Nesta quarta-feira (20)\u00a0os ventos ganham for\u00e7a no litoral de Santa Catarina, aumentando a agita\u00e7\u00e3o mar\u00edtima em toda a costa e trazendo risco de ressaca entre o Litoral Sul e a Grande Florian\u00f3polis.\u00a0O risco para ocorr\u00eancias associadas \u00e0 agita\u00e7\u00e3o mar\u00edtima e aos ventos intensos \u00e9 alto entre o Litoral Sul e a Grande Florian\u00f3polis litor\u00e2nea, e &hellip;<\/p>\n<p class=\"read-more\"> <a class=\"\" href=\"https:\/\/sulsc.com\/index.php\/2024\/11\/19\/alerta-para-mar-agitado-e-ventos-intensos-no-litoral-entre-quarta-e-sexta-feira\/\"> <span class=\"screen-reader-text\">Alerta para mar agitado e ventos intensos no litoral entre quarta e sexta-feira<\/span> Read More &raquo;<\/a><\/p>\n","protected":false},"author":3,"featured_media":17505,"comment_status":"open","ping_status":"open","sticky":false,"template":"","format":"standard","meta":{"site-sidebar-layout":"default","site-content-layout":"","ast-site-content-layout":"default","site-content-style":"default","site-sidebar-style":"default","ast-global-header-display":"","ast-banner-title-visibility":"","ast-main-header-display":"","ast-hfb-above-header-display":"","ast-hfb-below-header-display":"","ast-hfb-mobile-header-display":"","site-post-title":"","ast-breadcrumbs-content":"","ast-featured-img":"","footer-sml-layout":"","theme-transparent-header-meta":"default","adv-header-id-meta":"","stick-header-meta":"","header-above-stick-meta":"","header-main-stick-meta":"","header-below-stick-meta":"","astra-migrate-meta-layouts":"set","footnotes":""},"categories":[38],"tags":[],"yoast_head":"<!-- This site is optimized with the Yoast SEO plugin v21.4 - https:\/\/yoast.com\/wordpress\/plugins\/seo\/ -->\n<title>Alerta para mar agitado e ventos intensos no litoral entre quarta e sexta-feira -<\/title>\n<meta name=\"robots\" content=\"index, follow, max-snippet:-1, max-image-preview:large, max-video-preview:-1\" \/>\n<link rel=\"canonical\" href=\"https:\/\/sulsc.com\/index.php\/2024\/11\/19\/alerta-para-mar-agitado-e-ventos-intensos-no-litoral-entre-quarta-e-sexta-feira\/\" \/>\n<meta property=\"og:locale\" content=\"en_US\" \/>\n<meta property=\"og:type\" content=\"article\" \/>\n<meta property=\"og:title\" content=\"Alerta para mar agitado e ventos intensos no litoral entre quarta e sexta-feira -\" \/>\n<meta property=\"og:description\" content=\"Nesta quarta-feira (20)\u00a0os ventos ganham for\u00e7a no litoral de Santa Catarina, aumentando a agita\u00e7\u00e3o mar\u00edtima em toda a costa e trazendo risco de ressaca entre o Litoral Sul e a Grande Florian\u00f3polis.\u00a0O risco para ocorr\u00eancias associadas \u00e0 agita\u00e7\u00e3o mar\u00edtima e aos ventos intensos \u00e9 alto entre o Litoral Sul e a Grande Florian\u00f3polis litor\u00e2nea, e &hellip; Alerta para mar agitado e ventos intensos no litoral entre quarta e sexta-feira Read More &raquo;\" \/>\n<meta property=\"og:url\" content=\"https:\/\/sulsc.com\/index.php\/2024\/11\/19\/alerta-para-mar-agitado-e-ventos-intensos-no-litoral-entre-quarta-e-sexta-feira\/\" \/>\n<meta property=\"article:author\" content=\"https:\/\/www.facebook.com\/profile.php?id=61559278119680\" \/>\n<meta property=\"article:published_time\" content=\"2024-11-19T18:22:36+00:00\" \/>\n<meta property=\"og:image\" content=\"http:\/\/sulsc.com\/wp-content\/uploads\/2024\/11\/Mar-agitado.jpg\" \/>\n\t<meta property=\"og:image:width\" content=\"906\" \/>\n\t<meta property=\"og:image:height\" content=\"522\" \/>\n\t<meta property=\"og:image:type\" content=\"image\/jpeg\" \/>\n<meta name=\"author\" content=\"Reda\u00e7\u00e3o Sul SC\" \/>\n<meta name=\"twitter:card\" content=\"summary_large_image\" \/>\n<meta name=\"twitter:creator\" content=\"@https:\/\/twitter.com\/PortalSulSC\" \/>\n<meta name=\"twitter:label1\" content=\"Written by\" \/>\n\t<meta name=\"twitter:data1\" content=\"Reda\u00e7\u00e3o Sul SC\" \/>\n\t<meta name=\"twitter:label2\" content=\"Est. reading time\" \/>\n\t<meta name=\"twitter:data2\" content=\"1 minute\" \/>\n<script type=\"application\/ld+json\" class=\"yoast-schema-graph\">{\"@context\":\"https:\/\/schema.org\",\"@graph\":[{\"@type\":\"WebPage\",\"@id\":\"https:\/\/sulsc.com\/index.php\/2024\/11\/19\/alerta-para-mar-agitado-e-ventos-intensos-no-litoral-entre-quarta-e-sexta-feira\/\",\"url\":\"https:\/\/sulsc.com\/index.php\/2024\/11\/19\/alerta-para-mar-agitado-e-ventos-intensos-no-litoral-entre-quarta-e-sexta-feira\/\",\"name\":\"Alerta para mar agitado e ventos intensos no litoral entre quarta e sexta-feira -\",\"isPartOf\":{\"@id\":\"https:\/\/sulsc.com\/#website\"},\"datePublished\":\"2024-11-19T18:22:36+00:00\",\"dateModified\":\"2024-11-19T18:22:36+00:00\",\"author\":{\"@id\":\"https:\/\/sulsc.com\/#\/schema\/person\/84d2fc571684f6248ba83092f07750a3\"},\"breadcrumb\":{\"@id\":\"https:\/\/sulsc.com\/index.php\/2024\/11\/19\/alerta-para-mar-agitado-e-ventos-intensos-no-litoral-entre-quarta-e-sexta-feira\/#breadcrumb\"},\"inLanguage\":\"en-US\",\"potentialAction\":[{\"@type\":\"ReadAction\",\"target\":[\"https:\/\/sulsc.com\/index.php\/2024\/11\/19\/alerta-para-mar-agitado-e-ventos-intensos-no-litoral-entre-quarta-e-sexta-feira\/\"]}]},{\"@type\":\"BreadcrumbList\",\"@id\":\"https:\/\/sulsc.com\/index.php\/2024\/11\/19\/alerta-para-mar-agitado-e-ventos-intensos-no-litoral-entre-quarta-e-sexta-feira\/#breadcrumb\",\"itemListElement\":[{\"@type\":\"ListItem\",\"position\":1,\"name\":\"In\u00edcio\",\"item\":\"https:\/\/sulsc.com\/\"},{\"@type\":\"ListItem\",\"position\":2,\"name\":\"Alerta para mar agitado e ventos intensos no litoral entre quarta e sexta-feira\"}]},{\"@type\":\"WebSite\",\"@id\":\"https:\/\/sulsc.com\/#website\",\"url\":\"https:\/\/sulsc.com\/\",\"name\":\"\",\"description\":\"\",\"potentialAction\":[{\"@type\":\"SearchAction\",\"target\":{\"@type\":\"EntryPoint\",\"urlTemplate\":\"https:\/\/sulsc.com\/?s={search_term_string}\"},\"query-input\":\"required name=search_term_string\"}],\"inLanguage\":\"en-US\"},{\"@type\":\"Person\",\"@id\":\"https:\/\/sulsc.com\/#\/schema\/person\/84d2fc571684f6248ba83092f07750a3\",\"name\":\"Reda\u00e7\u00e3o Sul SC\",\"image\":{\"@type\":\"ImageObject\",\"inLanguage\":\"en-US\",\"@id\":\"https:\/\/sulsc.com\/#\/schema\/person\/image\/e08d7fe2cc4ed596372063bbe852b8d0\",\"url\":\"https:\/\/sulsc.com\/wp-content\/uploads\/2023\/09\/redacao.png\",\"contentUrl\":\"https:\/\/sulsc.com\/wp-content\/uploads\/2023\/09\/redacao.png\",\"caption\":\"Reda\u00e7\u00e3o Sul SC\"},\"description\":\"Foco em um jornalismo imparcial, voltado \u00e0 qualidade dos seus conte\u00fados e, assim, levar informa\u00e7\u00e3o de valor que agregue \u00e0 vida dos leitores. Esta \u00e9 grande miss\u00e3o do Portal de Not\u00edcias Sul SC. N\u00e3o \u00e9 quantidade que muda o mundo, sempre foi e seguir\u00e1 sendo qualidade!\",\"sameAs\":[\"https:\/\/sulsc.com\/\",\"https:\/\/www.facebook.com\/profile.php?id=61559278119680\",\"https:\/\/www.instagram.com\/sulscportal\/?hl=pt-br\",\"https:\/\/twitter.com\/https:\/\/twitter.com\/PortalSulSC\",\"https:\/\/www.youtube.com\/channel\/UCv_BE8GeySluDov2n8qhVmw\"],\"url\":\"https:\/\/sulsc.com\/index.php\/author\/redacao\/\"}]}<\/script>\n<!-- \/ Yoast SEO plugin. -->","yoast_head_json":{"title":"Alerta para mar agitado e ventos intensos no litoral entre quarta e sexta-feira -","robots":{"index":"index","follow":"follow","max-snippet":"max-snippet:-1","max-image-preview":"max-image-preview:large","max-video-preview":"max-video-preview:-1"},"canonical":"https:\/\/sulsc.com\/index.php\/2024\/11\/19\/alerta-para-mar-agitado-e-ventos-intensos-no-litoral-entre-quarta-e-sexta-feira\/","og_locale":"en_US","og_type":"article","og_title":"Alerta para mar agitado e ventos intensos no litoral entre quarta e sexta-feira -","og_description":"Nesta quarta-feira (20)\u00a0os ventos ganham for\u00e7a no litoral de Santa Catarina, aumentando a agita\u00e7\u00e3o mar\u00edtima em toda a costa e trazendo risco de ressaca entre o Litoral Sul e a Grande Florian\u00f3polis.\u00a0O risco para ocorr\u00eancias associadas \u00e0 agita\u00e7\u00e3o mar\u00edtima e aos ventos intensos \u00e9 alto entre o Litoral Sul e a Grande Florian\u00f3polis litor\u00e2nea, e &hellip; Alerta para mar agitado e ventos intensos no litoral entre quarta e sexta-feira Read More &raquo;","og_url":"https:\/\/sulsc.com\/index.php\/2024\/11\/19\/alerta-para-mar-agitado-e-ventos-intensos-no-litoral-entre-quarta-e-sexta-feira\/","article_author":"https:\/\/www.facebook.com\/profile.php?id=61559278119680","article_published_time":"2024-11-19T18:22:36+00:00","og_image":[{"width":906,"height":522,"url":"http:\/\/sulsc.com\/wp-content\/uploads\/2024\/11\/Mar-agitado.jpg","type":"image\/jpeg"}],"author":"Reda\u00e7\u00e3o Sul SC","twitter_card":"summary_large_image","twitter_creator":"@https:\/\/twitter.com\/PortalSulSC","twitter_misc":{"Written by":"Reda\u00e7\u00e3o Sul SC","Est. reading time":"1 minute"},"schema":{"@context":"https:\/\/schema.org","@graph":[{"@type":"WebPage","@id":"https:\/\/sulsc.com\/index.php\/2024\/11\/19\/alerta-para-mar-agitado-e-ventos-intensos-no-litoral-entre-quarta-e-sexta-feira\/","url":"https:\/\/sulsc.com\/index.php\/2024\/11\/19\/alerta-para-mar-agitado-e-ventos-intensos-no-litoral-entre-quarta-e-sexta-feira\/","name":"Alerta para mar agitado e ventos intensos no litoral entre quarta e sexta-feira -","isPartOf":{"@id":"https:\/\/sulsc.com\/#website"},"datePublished":"2024-11-19T18:22:36+00:00","dateModified":"2024-11-19T18:22:36+00:00","author":{"@id":"https:\/\/sulsc.com\/#\/schema\/person\/84d2fc571684f6248ba83092f07750a3"},"breadcrumb":{"@id":"https:\/\/sulsc.com\/index.php\/2024\/11\/19\/alerta-para-mar-agitado-e-ventos-intensos-no-litoral-entre-quarta-e-sexta-feira\/#breadcrumb"},"inLanguage":"en-US","potentialAction":[{"@type":"ReadAction","target":["https:\/\/sulsc.com\/index.php\/2024\/11\/19\/alerta-para-mar-agitado-e-ventos-intensos-no-litoral-entre-quarta-e-sexta-feira\/"]}]},{"@type":"BreadcrumbList","@id":"https:\/\/sulsc.com\/index.php\/2024\/11\/19\/alerta-para-mar-agitado-e-ventos-intensos-no-litoral-entre-quarta-e-sexta-feira\/#breadcrumb","itemListElement":[{"@type":"ListItem","position":1,"name":"In\u00edcio","item":"https:\/\/sulsc.com\/"},{"@type":"ListItem","position":2,"name":"Alerta para mar agitado e ventos intensos no litoral entre quarta e sexta-feira"}]},{"@type":"WebSite","@id":"https:\/\/sulsc.com\/#website","url":"https:\/\/sulsc.com\/","name":"","description":"","potentialAction":[{"@type":"SearchAction","target":{"@type":"EntryPoint","urlTemplate":"https:\/\/sulsc.com\/?s={search_term_string}"},"query-input":"required name=search_term_string"}],"inLanguage":"en-US"},{"@type":"Person","@id":"https:\/\/sulsc.com\/#\/schema\/person\/84d2fc571684f6248ba83092f07750a3","name":"Reda\u00e7\u00e3o Sul SC","image":{"@type":"ImageObject","inLanguage":"en-US","@id":"https:\/\/sulsc.com\/#\/schema\/person\/image\/e08d7fe2cc4ed596372063bbe852b8d0","url":"https:\/\/sulsc.com\/wp-content\/uploads\/2023\/09\/redacao.png","contentUrl":"https:\/\/sulsc.com\/wp-content\/uploads\/2023\/09\/redacao.png","caption":"Reda\u00e7\u00e3o Sul SC"},"description":"Foco em um jornalismo imparcial, voltado \u00e0 qualidade dos seus conte\u00fados e, assim, levar informa\u00e7\u00e3o de valor que agregue \u00e0 vida dos leitores. Esta \u00e9 grande miss\u00e3o do Portal de Not\u00edcias Sul SC. N\u00e3o \u00e9 quantidade que muda o mundo, sempre foi e seguir\u00e1 sendo qualidade!","sameAs":["https:\/\/sulsc.com\/","https:\/\/www.facebook.com\/profile.php?id=61559278119680","https:\/\/www.instagram.com\/sulscportal\/?hl=pt-br","https:\/\/twitter.com\/https:\/\/twitter.com\/PortalSulSC","https:\/\/www.youtube.com\/channel\/UCv_BE8GeySluDov2n8qhVmw"],"url":"https:\/\/sulsc.com\/index.php\/author\/redacao\/"}]}},"authors":[],"_links":{"self":[{"href":"https:\/\/sulsc.com\/index.php\/wp-json\/wp\/v2\/posts\/17504"}],"collection":[{"href":"https:\/\/sulsc.com\/index.php\/wp-json\/wp\/v2\/posts"}],"about":[{"href":"https:\/\/sulsc.com\/index.php\/wp-json\/wp\/v2\/types\/post"}],"author":[{"embeddable":true,"href":"https:\/\/sulsc.com\/index.php\/wp-json\/wp\/v2\/users\/3"}],"replies":[{"embeddable":true,"href":"https:\/\/sulsc.com\/index.php\/wp-json\/wp\/v2\/comments?post=17504"}],"version-history":[{"count":1,"href":"https:\/\/sulsc.com\/index.php\/wp-json\/wp\/v2\/posts\/17504\/revisions"}],"predecessor-version":[{"id":17506,"href":"https:\/\/sulsc.com\/index.php\/wp-json\/wp\/v2\/posts\/17504\/revisions\/17506"}],"wp:featuredmedia":[{"embeddable":true,"href":"https:\/\/sulsc.com\/index.php\/wp-json\/wp\/v2\/media\/17505"}],"wp:attachment":[{"href":"https:\/\/sulsc.com\/index.php\/wp-json\/wp\/v2\/media?parent=17504"}],"wp:term":[{"taxonomy":"category","embeddable":true,"href":"https:\/\/sulsc.com\/index.php\/wp-json\/wp\/v2\/categories?post=17504"},{"taxonomy":"post_tag","embeddable":true,"href":"https:\/\/sulsc.com\/index.php\/wp-json\/wp\/v2\/tags?post=17504"}],"curies":[{"name":"wp","href":"https:\/\/api.w.org\/{rel}","templated":true}]}}